{"id":458,"date":"2014-11-10T03:32:59","date_gmt":"2014-11-10T01:32:59","guid":{"rendered":"http:\/\/www.ellikki.fi\/hevoset\/?p=458"},"modified":"2016-11-03T02:55:54","modified_gmt":"2016-11-03T00:55:54","slug":"elaimia-ja-elamaa-elma-messuilla","status":"publish","type":"post","link":"https:\/\/www.ellikki.fi\/hevoset\/puffiboksi\/elaimia-ja-elamaa-elma-messuilla\/","title":{"rendered":"El\u00e4imi\u00e4 ja el\u00e4m\u00e4\u00e4 ELMA-messuilla"},"content":{"rendered":"<p>Korujen lis\u00e4ksi toinen tekij\u00e4, joka minua veti messuille, oli maaseudun el\u00e4imet. Messukeskuksen k\u00e4yt\u00e4v\u00e4ll\u00e4 tulvahti vastaan maalaisaromi. Pieni el\u00e4imenhaju tekee helsinkil\u00e4isille vain hyv\u00e4\u00e4. Ja arvaahan sen, ett\u00e4 aika menee rattoisasti kun saa rapsutella kaikkea s\u00f6p\u00f6\u00e4 ja karvaista. El\u00e4imi\u00e4 oli kahdessa kerroksessa: yl\u00e4kerrassa kilpailivat kauneudesta lemmikit ja alakerrassa oli maatilan el\u00e4imi\u00e4.<\/p>\n<div class=\"fusion-fullwidth fullwidth-box fusion-builder-row-1 hundred-percent-fullwidth non-hundred-percent-height-scrolling\" style=\"--awb-border-radius-top-left:0px;--awb-border-radius-top-right:0px;--awb-border-radius-bottom-right:0px;--awb-border-radius-bottom-left:0px;--awb-overflow:visible;--awb-flex-wrap:wrap;\" ><div class=\"fusion-builder-row fusion-row\"><div class=\"fusion-layout-column fusion_builder_column fusion-builder-column-0 fusion_builder_column_1_1 1_1 fusion-one-full fusion-column-first fusion-column-last fusion-column-no-min-height\" style=\"--awb-bg-size:cover;--awb-margin-bottom:0px;\"><div class=\"fusion-column-wrapper fusion-flex-column-wrapper-legacy\"><div id=\"attachment_460\" style=\"width: 774px\" class=\"wp-caption aligncenter\"><a href=\"http:\/\/www.ellikki.fi\/hevoset\/wp-content\/uploads\/2014\/11\/Papukaija-olalla.jpg\"><img decoding=\"async\" aria-describedby=\"caption-attachment-460\" class=\"size-full wp-image-460\" src=\"http:\/\/www.ellikki.fi\/hevoset\/wp-content\/uploads\/2014\/11\/Papukaija-olalla.jpg\" alt=\"Papukaija olalla\" width=\"764\" height=\"1000\" srcset=\"https:\/\/www.ellikki.fi\/hevoset\/wp-content\/uploads\/2014\/11\/Papukaija-olalla-200x262.jpg 200w, https:\/\/www.ellikki.fi\/hevoset\/wp-content\/uploads\/2014\/11\/Papukaija-olalla-229x300.jpg 229w, https:\/\/www.ellikki.fi\/hevoset\/wp-content\/uploads\/2014\/11\/Papukaija-olalla-400x524.jpg 400w, https:\/\/www.ellikki.fi\/hevoset\/wp-content\/uploads\/2014\/11\/Papukaija-olalla-600x785.jpg 600w, https:\/\/www.ellikki.fi\/hevoset\/wp-content\/uploads\/2014\/11\/Papukaija-olalla.jpg 764w\" sizes=\"(max-width: 764px) 100vw, 764px\" \/><\/a><p id=\"caption-attachment-460\" class=\"wp-caption-text\">Lemmikkipapukaija ei l\u00e4htenyt mihink\u00e4\u00e4n.<\/p><\/div>\n<p>Yl\u00e4kerrassa oli lemmikkien mukana esittelyss\u00e4 my\u00f6s etsij\u00e4koira, joka oli valtavan yst\u00e4v\u00e4llinen ja olisi halunnut nuolla kaikkien ohikulkijoiden naamat. Etsij\u00e4koiran ihminen jakoi suljettavia pusseja, joihin laitetaan oman lemmikin karvaa. Sitten kun lemmikki joskus katoaa, pussi kaivetaan esiin ja annetaan etsij\u00e4koiran ottaa vainu. Etsij\u00e4koira etsii nimenomaan muita el\u00e4imi\u00e4. Valitettavasti koira ei pysynyt niin paljon aloillaan, ett\u00e4 siit\u00e4 olisi kuvaa saanut.<\/p>\n<p>Lemmikkiosastolla koiraihmisten rahoista k\u00e4ytiin kiivasta kamppailua. Piti ihan etsi\u00e4, ett\u00e4 l\u00f6ysi tuliaisia kissalle. Sheban kissanruokaesittelij\u00e4 jakoi sent\u00e4\u00e4n ilmaisia herkkuja. Vasikkamoussea mirril\u00e4isemme jo sai nen\u00e4ns\u00e4 eteen, ja lautanen tyhjeni enn\u00e4tysvauhtia. Oli ilmeisesti hyv\u00e4\u00e4.<\/p>\n<div class=\"fusion-clearfix\"><\/div><\/div><\/div><div class=\"fusion-layout-column fusion_builder_column fusion-builder-column-1 fusion_builder_column_1_1 1_1 fusion-one-full fusion-column-first fusion-column-last fusion-column-no-min-height\" style=\"--awb-bg-size:cover;--awb-margin-bottom:0px;\"><div class=\"fusion-column-wrapper fusion-flex-column-wrapper-legacy\"><div id=\"attachment_461\" style=\"width: 1010px\" class=\"wp-caption aligncenter\"><a href=\"http:\/\/www.ellikki.fi\/hevoset\/wp-content\/uploads\/2014\/11\/Kaniagilitya.jpg\"><img decoding=\"async\" aria-describedby=\"caption-attachment-461\" class=\"size-full wp-image-461\" src=\"http:\/\/www.ellikki.fi\/hevoset\/wp-content\/uploads\/2014\/11\/Kaniagilitya.jpg\" alt=\"Kaniagilitya\" width=\"1000\" height=\"667\" srcset=\"https:\/\/www.ellikki.fi\/hevoset\/wp-content\/uploads\/2014\/11\/Kaniagilitya-200x133.jpg 200w, https:\/\/www.ellikki.fi\/hevoset\/wp-content\/uploads\/2014\/11\/Kaniagilitya-300x200.jpg 300w, https:\/\/www.ellikki.fi\/hevoset\/wp-content\/uploads\/2014\/11\/Kaniagilitya-400x267.jpg 400w, https:\/\/www.ellikki.fi\/hevoset\/wp-content\/uploads\/2014\/11\/Kaniagilitya-600x400.jpg 600w, https:\/\/www.ellikki.fi\/hevoset\/wp-content\/uploads\/2014\/11\/Kaniagilitya-768x512.jpg 768w, https:\/\/www.ellikki.fi\/hevoset\/wp-content\/uploads\/2014\/11\/Kaniagilitya-800x534.jpg 800w, https:\/\/www.ellikki.fi\/hevoset\/wp-content\/uploads\/2014\/11\/Kaniagilitya.jpg 1000w\" sizes=\"(max-width: 1000px) 100vw, 1000px\" \/><\/a><p id=\"caption-attachment-461\" class=\"wp-caption-text\">N\u00e4in ensi kerran el\u00e4m\u00e4ss\u00e4ni kanien estekisan.<\/p><\/div>\n<p>&nbsp;<\/p>\n<div class=\"fusion-clearfix\"><\/div><\/div><\/div><div class=\"fusion-layout-column fusion_builder_column fusion-builder-column-2 fusion_builder_column_1_1 1_1 fusion-one-full fusion-column-first fusion-column-last fusion-column-no-min-height\" style=\"--awb-bg-size:cover;--awb-margin-bottom:0px;\"><div class=\"fusion-column-wrapper fusion-flex-column-wrapper-legacy\"><div id=\"attachment_462\" style=\"width: 781px\" class=\"wp-caption aligncenter\"><a href=\"http:\/\/www.ellikki.fi\/hevoset\/wp-content\/uploads\/2014\/11\/Silkkikana.jpg\"><img decoding=\"async\" aria-describedby=\"caption-attachment-462\" class=\"size-full wp-image-462\" src=\"http:\/\/www.ellikki.fi\/hevoset\/wp-content\/uploads\/2014\/11\/Silkkikana.jpg\" alt=\"Silkkikana\" width=\"771\" height=\"1000\" srcset=\"https:\/\/www.ellikki.fi\/hevoset\/wp-content\/uploads\/2014\/11\/Silkkikana-200x259.jpg 200w, https:\/\/www.ellikki.fi\/hevoset\/wp-content\/uploads\/2014\/11\/Silkkikana-231x300.jpg 231w, https:\/\/www.ellikki.fi\/hevoset\/wp-content\/uploads\/2014\/11\/Silkkikana-400x519.jpg 400w, https:\/\/www.ellikki.fi\/hevoset\/wp-content\/uploads\/2014\/11\/Silkkikana-600x778.jpg 600w, https:\/\/www.ellikki.fi\/hevoset\/wp-content\/uploads\/2014\/11\/Silkkikana-768x996.jpg 768w, https:\/\/www.ellikki.fi\/hevoset\/wp-content\/uploads\/2014\/11\/Silkkikana.jpg 771w\" sizes=\"(max-width: 771px) 100vw, 771px\" \/><\/a><p id=\"caption-attachment-462\" class=\"wp-caption-text\">Jotkut kanat ovat enemm\u00e4n lemmikkej\u00e4 kuin toiset. Silkkikana sylitorkuilla.<\/p><\/div>\n<p>Alakerrasta l\u00f6ytyiv\u00e4t ponit, hevoset, aasit, lehm\u00e4t, alpakat, laamat, kanat, mehil\u00e4iset ja el\u00e4insuojeluasiamies Sari Salminen. H\u00e4nen teht\u00e4v\u00e4ns\u00e4 on takoa j\u00e4rke\u00e4 p\u00e4\u00e4tt\u00e4jien p\u00e4\u00e4h\u00e4n, kun he p\u00e4\u00e4tt\u00e4v\u00e4t el\u00e4inasioista, tehd\u00e4 aloitteita tarpeen vaatiessa ja kaikin puolin edist\u00e4\u00e4 el\u00e4inten hyvinvointia. H\u00e4n yritt\u00e4\u00e4 my\u00f6s <a title=\"El\u00e4insuojeluasiamiehen blogi\" href=\"http:\/\/elsuasiamies.blogspot.fi\/\" target=\"_blank\"><strong>blogin<\/strong><\/a> ja <a title=\"El\u00e4insuojeluasiamies Twitteriss\u00e4\" href=\"https:\/\/twitter.com\/Elsuasiamies\" target=\"_blank\"><strong>Twitterin<\/strong><\/a> avulla vaikuttaa yleiseen mielipiteeseen. Samalla asialla on my\u00f6s <a href=\"http:\/\/www.elaintieto.fi\/home.aspx\" target=\"_blank\"><strong>El\u00e4inten hyvinvointikeskus<\/strong><\/a>, joka julkaisi messujen aikaan lehdist\u00f6tiedotteen kiinnitt\u00e4en huomiota siihen, ett\u00e4 mahdollisuus liikkua vapaasti on el\u00e4imen hyvinvoinnille t\u00e4rke\u00e4\u00e4. \u201d\u2026esimerkiksi useat naudat ja siat viett\u00e4v\u00e4t suuren osan el\u00e4m\u00e4st\u00e4\u00e4n paikoilleen kytkettyin\u00e4, monet koirat el\u00e4v\u00e4t pihalla juoksunarussa, kaneja ja marsuja suljetaan pieniin h\u00e4kkeihin. \u201dMessut ovat hyv\u00e4 paikka muistuttaa vakavista asioista, vaikka sinne onkin tultu ensi sijassa viihtym\u00e4\u00e4n. Viihtymisen ohessa voi j\u00e4\u00e4d\u00e4 jotain mieleen.<\/p>\n<p>Tiedotteen julkaisivat my\u00f6s Helsingin seudun mehil\u00e4ishoitajat, he ovat nimitt\u00e4neet perustaneet Hunajaklubin. Hunajaklubissa tehd\u00e4\u00e4n itse mehil\u00e4isvahavoidetta, vahakynttil\u00f6it\u00e4, k\u00e4yd\u00e4\u00e4n hunajatiloilla ja kerrotaan, miten jokainen voi alkaa pit\u00e4\u00e4 pient\u00e4 citymehil\u00e4isten yhdyskuntaa. Enp\u00e4 ihmettelisi, vaikka hunajaklubissa pidett\u00e4isiin my\u00f6s hunajatastingeja.<\/p>\n<div class=\"fusion-clearfix\"><\/div><\/div><\/div><div class=\"fusion-layout-column fusion_builder_column fusion-builder-column-3 fusion_builder_column_1_1 1_1 fusion-one-full fusion-column-first fusion-column-last fusion-column-no-min-height\" style=\"--awb-bg-size:cover;--awb-margin-bottom:0px;\"><div class=\"fusion-column-wrapper fusion-flex-column-wrapper-legacy\"><div id=\"attachment_463\" style=\"width: 1010px\" class=\"wp-caption aligncenter\"><a href=\"http:\/\/www.ellikki.fi\/hevoset\/wp-content\/uploads\/2014\/11\/Shettispari.jpg\"><img decoding=\"async\" aria-describedby=\"caption-attachment-463\" class=\"wp-image-463 size-full\" src=\"http:\/\/www.ellikki.fi\/hevoset\/wp-content\/uploads\/2014\/11\/Shettispari.jpg\" alt=\"Shettispari\" width=\"1000\" height=\"693\" srcset=\"https:\/\/www.ellikki.fi\/hevoset\/wp-content\/uploads\/2014\/11\/Shettispari-200x139.jpg 200w, https:\/\/www.ellikki.fi\/hevoset\/wp-content\/uploads\/2014\/11\/Shettispari-300x208.jpg 300w, https:\/\/www.ellikki.fi\/hevoset\/wp-content\/uploads\/2014\/11\/Shettispari-400x277.jpg 400w, https:\/\/www.ellikki.fi\/hevoset\/wp-content\/uploads\/2014\/11\/Shettispari-600x416.jpg 600w, https:\/\/www.ellikki.fi\/hevoset\/wp-content\/uploads\/2014\/11\/Shettispari-768x532.jpg 768w, https:\/\/www.ellikki.fi\/hevoset\/wp-content\/uploads\/2014\/11\/Shettispari-800x554.jpg 800w, https:\/\/www.ellikki.fi\/hevoset\/wp-content\/uploads\/2014\/11\/Shettispari.jpg 1000w\" sizes=\"(max-width: 1000px) 100vw, 1000px\" \/><\/a><p id=\"caption-attachment-463\" class=\"wp-caption-text\">3 p\u00e4iv\u00e4\u00e4 edustamista on rankkaa. Jotkut el\u00e4imet olivat p\u00e4iv\u00e4n loppupuolella jo sen n\u00e4k\u00f6isi\u00e4, ett\u00e4 toivoivat ihmisten h\u00e4ipyv\u00e4n.<\/p><\/div>\n<p>&nbsp;<\/p>\n<div class=\"fusion-clearfix\"><\/div><\/div><\/div><div class=\"fusion-layout-column fusion_builder_column fusion-builder-column-4 fusion_builder_column_1_1 1_1 fusion-one-full fusion-column-first fusion-column-last fusion-column-no-min-height\" style=\"--awb-bg-size:cover;--awb-margin-bottom:0px;\"><div class=\"fusion-column-wrapper fusion-flex-column-wrapper-legacy\"><div id=\"attachment_464\" style=\"width: 1010px\" class=\"wp-caption aligncenter\"><a href=\"http:\/\/www.ellikki.fi\/hevoset\/wp-content\/uploads\/2014\/11\/Sumu-Sireeni.jpg\"><img decoding=\"async\" aria-describedby=\"caption-attachment-464\" class=\"wp-image-464 size-full\" src=\"http:\/\/www.ellikki.fi\/hevoset\/wp-content\/uploads\/2014\/11\/Sumu-Sireeni.jpg\" alt=\"Sumu Sireeni\" width=\"1000\" height=\"667\" srcset=\"https:\/\/www.ellikki.fi\/hevoset\/wp-content\/uploads\/2014\/11\/Sumu-Sireeni-200x133.jpg 200w, https:\/\/www.ellikki.fi\/hevoset\/wp-content\/uploads\/2014\/11\/Sumu-Sireeni-300x200.jpg 300w, https:\/\/www.ellikki.fi\/hevoset\/wp-content\/uploads\/2014\/11\/Sumu-Sireeni-400x267.jpg 400w, https:\/\/www.ellikki.fi\/hevoset\/wp-content\/uploads\/2014\/11\/Sumu-Sireeni-600x400.jpg 600w, https:\/\/www.ellikki.fi\/hevoset\/wp-content\/uploads\/2014\/11\/Sumu-Sireeni-768x512.jpg 768w, https:\/\/www.ellikki.fi\/hevoset\/wp-content\/uploads\/2014\/11\/Sumu-Sireeni-800x534.jpg 800w, https:\/\/www.ellikki.fi\/hevoset\/wp-content\/uploads\/2014\/11\/Sumu-Sireeni.jpg 1000w\" sizes=\"(max-width: 1000px) 100vw, 1000px\" \/><\/a><p id=\"caption-attachment-464\" class=\"wp-caption-text\">V\u00e4s\u00e4ht\u00e4neelt\u00e4 n\u00e4ytti my\u00f6s hallin kuuluisin aasi Sumu Sireeni.<\/p><\/div>\n<p>&nbsp;<\/p>\n<div class=\"fusion-clearfix\"><\/div><\/div><\/div><div class=\"fusion-layout-column fusion_builder_column fusion-builder-column-5 fusion_builder_column_1_1 1_1 fusion-one-full fusion-column-first fusion-column-last fusion-column-no-min-height\" style=\"--awb-bg-size:cover;--awb-margin-bottom:0px;\"><div class=\"fusion-column-wrapper fusion-flex-column-wrapper-legacy\"><div id=\"attachment_469\" style=\"width: 677px\" class=\"wp-caption aligncenter\"><a href=\"http:\/\/www.ellikki.fi\/hevoset\/wp-content\/uploads\/2014\/11\/HIHS-2014.jpg\"><img decoding=\"async\" aria-describedby=\"caption-attachment-469\" class=\"size-full wp-image-469\" src=\"http:\/\/www.ellikki.fi\/hevoset\/wp-content\/uploads\/2014\/11\/HIHS-2014.jpg\" alt=\"HIHS 2014\" width=\"667\" height=\"1000\" srcset=\"https:\/\/www.ellikki.fi\/hevoset\/wp-content\/uploads\/2014\/11\/HIHS-2014-200x300.jpg 200w, https:\/\/www.ellikki.fi\/hevoset\/wp-content\/uploads\/2014\/11\/HIHS-2014-400x600.jpg 400w, https:\/\/www.ellikki.fi\/hevoset\/wp-content\/uploads\/2014\/11\/HIHS-2014-600x900.jpg 600w, https:\/\/www.ellikki.fi\/hevoset\/wp-content\/uploads\/2014\/11\/HIHS-2014.jpg 667w\" sizes=\"(max-width: 667px) 100vw, 667px\" \/><\/a><p id=\"caption-attachment-469\" class=\"wp-caption-text\">T\u00e4m\u00e4 poni kertoi, miss\u00e4 oli k\u00e4ynyt.<\/p><\/div>\n<p>&nbsp;<\/p>\n<p>Jostain syyst\u00e4 laamat ja alpakat olivat virke\u00e4mpi\u00e4 kuin kavioel\u00e4imet. Minulle her\u00e4si kysymys siit\u00e4, oliko el\u00e4imill\u00e4 erityisen kivaa ja onko j\u00e4rkev\u00e4\u00e4 j\u00e4rjest\u00e4\u00e4 t\u00e4llaisia tapahtumia, joissa el\u00e4imet tuodaan keskelle kaupunkia. Joitakin el\u00e4imi\u00e4 k\u00e4vi s\u00e4\u00e4liksi, ehk\u00e4 pit\u00e4isi enemm\u00e4n katsoa, jaksaako el\u00e4in olla n\u00e4ytill\u00e4 ja tarvittaessa vaihtaa se toiseen saman lajin yksil\u00f6\u00f6n. Ne ovat niin yksil\u00f6it\u00e4, toiset nauttivat huomiosta, kuten n\u00e4ist\u00e4kin kuvista k\u00e4vi ilmi. Sorkkael\u00e4imet p\u00e4rj\u00e4siv\u00e4t parhaiten: lehmill\u00e4 oli lehm\u00e4n hermot, lampaille riitti kun ruokaa oli koko ajan riitt\u00e4v\u00e4sti, laamoilla ja alpakoilla vaikutti olevan suorastaan hauskaa.<\/p>\n<div class=\"fusion-clearfix\"><\/div><\/div><\/div><div class=\"fusion-layout-column fusion_builder_column fusion-builder-column-6 fusion_builder_column_1_1 1_1 fusion-one-full fusion-column-first fusion-column-last fusion-column-no-min-height\" style=\"--awb-bg-size:cover;--awb-margin-bottom:0px;\"><div class=\"fusion-column-wrapper fusion-flex-column-wrapper-legacy\"><div id=\"attachment_465\" style=\"width: 1010px\" class=\"wp-caption aligncenter\"><a href=\"http:\/\/www.ellikki.fi\/hevoset\/wp-content\/uploads\/2014\/11\/Laamat-kilpasilla.jpg\"><img decoding=\"async\" aria-describedby=\"caption-attachment-465\" class=\"wp-image-465 size-full\" src=\"http:\/\/www.ellikki.fi\/hevoset\/wp-content\/uploads\/2014\/11\/Laamat-kilpasilla.jpg\" alt=\"Laamat kilpasilla\" width=\"1000\" height=\"726\" srcset=\"https:\/\/www.ellikki.fi\/hevoset\/wp-content\/uploads\/2014\/11\/Laamat-kilpasilla-200x145.jpg 200w, https:\/\/www.ellikki.fi\/hevoset\/wp-content\/uploads\/2014\/11\/Laamat-kilpasilla-220x161.jpg 220w, https:\/\/www.ellikki.fi\/hevoset\/wp-content\/uploads\/2014\/11\/Laamat-kilpasilla-300x218.jpg 300w, https:\/\/www.ellikki.fi\/hevoset\/wp-content\/uploads\/2014\/11\/Laamat-kilpasilla-400x290.jpg 400w, https:\/\/www.ellikki.fi\/hevoset\/wp-content\/uploads\/2014\/11\/Laamat-kilpasilla-600x436.jpg 600w, https:\/\/www.ellikki.fi\/hevoset\/wp-content\/uploads\/2014\/11\/Laamat-kilpasilla-768x558.jpg 768w, https:\/\/www.ellikki.fi\/hevoset\/wp-content\/uploads\/2014\/11\/Laamat-kilpasilla-800x581.jpg 800w, https:\/\/www.ellikki.fi\/hevoset\/wp-content\/uploads\/2014\/11\/Laamat-kilpasilla.jpg 1000w\" sizes=\"(max-width: 1000px) 100vw, 1000px\" \/><\/a><p id=\"caption-attachment-465\" class=\"wp-caption-text\">Laamat kilpailivat taitoradalla, johon kuului matalia esteit\u00e4, autonrenkaita, keinulautaa ja muuta j\u00e4nn\u00e4\u00e4. V\u00e4h\u00e4n samanlainen rata kuin l\u00e4nnenhevosilla trail.<\/p><\/div>\n<div class=\"fusion-clearfix\"><\/div><\/div><\/div><div class=\"fusion-layout-column fusion_builder_column fusion-builder-column-7 fusion_builder_column_1_1 1_1 fusion-one-full fusion-column-first fusion-column-last fusion-column-no-min-height\" style=\"--awb-bg-size:cover;--awb-margin-bottom:0px;\"><div class=\"fusion-column-wrapper fusion-flex-column-wrapper-legacy\"><div id=\"attachment_466\" style=\"width: 1010px\" class=\"wp-caption aligncenter\"><a href=\"http:\/\/www.ellikki.fi\/hevoset\/wp-content\/uploads\/2014\/11\/Utelias-alpakka.jpg\"><img decoding=\"async\" aria-describedby=\"caption-attachment-466\" class=\"size-full wp-image-466\" src=\"http:\/\/www.ellikki.fi\/hevoset\/wp-content\/uploads\/2014\/11\/Utelias-alpakka.jpg\" alt=\"Utelias alpakka\" width=\"1000\" height=\"667\" srcset=\"https:\/\/www.ellikki.fi\/hevoset\/wp-content\/uploads\/2014\/11\/Utelias-alpakka-200x133.jpg 200w, https:\/\/www.ellikki.fi\/hevoset\/wp-content\/uploads\/2014\/11\/Utelias-alpakka-300x200.jpg 300w, https:\/\/www.ellikki.fi\/hevoset\/wp-content\/uploads\/2014\/11\/Utelias-alpakka-400x267.jpg 400w, https:\/\/www.ellikki.fi\/hevoset\/wp-content\/uploads\/2014\/11\/Utelias-alpakka-600x400.jpg 600w, https:\/\/www.ellikki.fi\/hevoset\/wp-content\/uploads\/2014\/11\/Utelias-alpakka-768x512.jpg 768w, https:\/\/www.ellikki.fi\/hevoset\/wp-content\/uploads\/2014\/11\/Utelias-alpakka-800x534.jpg 800w, https:\/\/www.ellikki.fi\/hevoset\/wp-content\/uploads\/2014\/11\/Utelias-alpakka.jpg 1000w\" sizes=\"(max-width: 1000px) 100vw, 1000px\" \/><\/a><p id=\"caption-attachment-466\" class=\"wp-caption-text\">T\u00e4m\u00e4 yksil\u00f6 suorastaan nautti huomiosta. P\u00e4\u00e4 k\u00e4\u00e4ntyi suurinta kameraa kohti erehtym\u00e4tt\u00e4.<\/p><\/div>\n<p>&nbsp;<\/p>\n<div class=\"fusion-clearfix\"><\/div><\/div><\/div><div class=\"fusion-layout-column fusion_builder_column fusion-builder-column-8 fusion_builder_column_1_1 1_1 fusion-one-full fusion-column-first fusion-column-last fusion-column-no-min-height\" style=\"--awb-bg-size:cover;--awb-margin-bottom:0px;\"><div class=\"fusion-column-wrapper fusion-flex-column-wrapper-legacy\"><div id=\"attachment_467\" style=\"width: 1010px\" class=\"wp-caption aligncenter\"><a href=\"http:\/\/www.ellikki.fi\/hevoset\/wp-content\/uploads\/2014\/11\/Suuret-alpakan-silm\u00e4t.jpg\"><img decoding=\"async\" aria-describedby=\"caption-attachment-467\" class=\"wp-image-467 size-full\" src=\"http:\/\/www.ellikki.fi\/hevoset\/wp-content\/uploads\/2014\/11\/Suuret-alpakan-silm\u00e4t.jpg\" alt=\"Suuret alpakan silm\u00e4t\" width=\"1000\" height=\"667\" srcset=\"https:\/\/www.ellikki.fi\/hevoset\/wp-content\/uploads\/2014\/11\/Suuret-alpakan-silm\u00e4t-200x133.jpg 200w, https:\/\/www.ellikki.fi\/hevoset\/wp-content\/uploads\/2014\/11\/Suuret-alpakan-silm\u00e4t-300x200.jpg 300w, https:\/\/www.ellikki.fi\/hevoset\/wp-content\/uploads\/2014\/11\/Suuret-alpakan-silm\u00e4t-400x267.jpg 400w, https:\/\/www.ellikki.fi\/hevoset\/wp-content\/uploads\/2014\/11\/Suuret-alpakan-silm\u00e4t-600x400.jpg 600w, https:\/\/www.ellikki.fi\/hevoset\/wp-content\/uploads\/2014\/11\/Suuret-alpakan-silm\u00e4t-768x512.jpg 768w, https:\/\/www.ellikki.fi\/hevoset\/wp-content\/uploads\/2014\/11\/Suuret-alpakan-silm\u00e4t-800x534.jpg 800w, https:\/\/www.ellikki.fi\/hevoset\/wp-content\/uploads\/2014\/11\/Suuret-alpakan-silm\u00e4t.jpg 1000w\" sizes=\"(max-width: 1000px) 100vw, 1000px\" \/><\/a><p id=\"caption-attachment-467\" class=\"wp-caption-text\">T\u00e4m\u00e4 on s\u00f6p\u00f6 jos mik\u00e4. Ihanat suuret silm\u00e4t!<\/p><\/div>\n<p>&nbsp;<\/p>\n<div class=\"fusion-clearfix\"><\/div><\/div><\/div><div class=\"fusion-layout-column fusion_builder_column fusion-builder-column-9 fusion_builder_column_1_1 1_1 fusion-one-full fusion-column-first fusion-column-last fusion-column-no-min-height\" style=\"--awb-bg-size:cover;--awb-margin-bottom:0px;\"><div class=\"fusion-column-wrapper fusion-flex-column-wrapper-legacy\"><div id=\"attachment_468\" style=\"width: 1010px\" class=\"wp-caption aligncenter\"><a href=\"http:\/\/www.ellikki.fi\/hevoset\/wp-content\/uploads\/2014\/11\/Lepo-vain.jpg\"><img decoding=\"async\" aria-describedby=\"caption-attachment-468\" class=\"wp-image-468 size-full\" src=\"http:\/\/www.ellikki.fi\/hevoset\/wp-content\/uploads\/2014\/11\/Lepo-vain.jpg\" alt=\"Lepo vain\" width=\"1000\" height=\"667\" srcset=\"https:\/\/www.ellikki.fi\/hevoset\/wp-content\/uploads\/2014\/11\/Lepo-vain-200x133.jpg 200w, https:\/\/www.ellikki.fi\/hevoset\/wp-content\/uploads\/2014\/11\/Lepo-vain-300x200.jpg 300w, https:\/\/www.ellikki.fi\/hevoset\/wp-content\/uploads\/2014\/11\/Lepo-vain-400x267.jpg 400w, https:\/\/www.ellikki.fi\/hevoset\/wp-content\/uploads\/2014\/11\/Lepo-vain-600x400.jpg 600w, https:\/\/www.ellikki.fi\/hevoset\/wp-content\/uploads\/2014\/11\/Lepo-vain-768x512.jpg 768w, https:\/\/www.ellikki.fi\/hevoset\/wp-content\/uploads\/2014\/11\/Lepo-vain-800x534.jpg 800w, https:\/\/www.ellikki.fi\/hevoset\/wp-content\/uploads\/2014\/11\/Lepo-vain.jpg 1000w\" sizes=\"(max-width: 1000px) 100vw, 1000px\" \/><\/a><p id=\"caption-attachment-468\" class=\"wp-caption-text\">Hetken p\u00e4\u00e4st\u00e4 alpakka otti lepoasennon.<\/p><\/div>\n<p>&nbsp;<\/p>\n<p><a href=\"http:\/\/www.ellikki.fi\/hevoset\/wp-content\/uploads\/2014\/11\/Rivi-villaa.jpg\"><img decoding=\"async\" class=\"aligncenter size-full wp-image-470\" src=\"http:\/\/www.ellikki.fi\/hevoset\/wp-content\/uploads\/2014\/11\/Rivi-villaa.jpg\" alt=\"Rivi villaa\" width=\"667\" height=\"1000\" srcset=\"https:\/\/www.ellikki.fi\/hevoset\/wp-content\/uploads\/2014\/11\/Rivi-villaa-200x300.jpg 200w, https:\/\/www.ellikki.fi\/hevoset\/wp-content\/uploads\/2014\/11\/Rivi-villaa-400x600.jpg 400w, https:\/\/www.ellikki.fi\/hevoset\/wp-content\/uploads\/2014\/11\/Rivi-villaa-600x900.jpg 600w, https:\/\/www.ellikki.fi\/hevoset\/wp-content\/uploads\/2014\/11\/Rivi-villaa.jpg 667w\" sizes=\"(max-width: 667px) 100vw, 667px\" \/><\/a><\/p>\n<p>Kuten n\u00e4ette, el\u00e4imi\u00e4 riitti ja mukavaahan niit\u00e4 oli katsella. K\u00e4yt\u00e4v\u00e4n toisella puolella pidetyist\u00e4 k\u00e4dentaito-, ruoka- ja mets\u00e4messuista l\u00f6yd\u00e4t <a href=\"http:\/\/www.ellikki.fi\/korut\/puffiboksi\/kadentaitajat-yllattivat-runsaudellaan\/\"><strong>jutun<\/strong><\/a> runsaine kuvineen korublogistani.<\/p>\n<p>&nbsp;<div class=\"fusion-clearfix\"><\/div><\/div><\/div><\/div><\/div>\n","protected":false},"excerpt":{"rendered":"<p>Korujen lis\u00e4ksi toinen tekij\u00e4, joka minua veti messuille, oli maaseudun el\u00e4imet. Messukeskuksen k\u00e4yt\u00e4v\u00e4ll\u00e4 tulvahti vastaan maalaisaromi. Pieni el\u00e4imenhaju tekee helsinkil\u00e4isille vain hyv\u00e4\u00e4. Ja arvaahan sen, ett\u00e4 aika menee rattoisasti kun saa rapsutella kaikkea s\u00f6p\u00f6\u00e4 ja  [&#8230;]<\/p>\n","protected":false},"author":1,"featured_media":459,"comment_status":"open","ping_status":"open","sticky":false,"template":"","format":"standard","meta":{"footnotes":""},"categories":[40],"tags":[99,95,98,96,28,97,100],"class_list":["post-458","post","type-post","status-publish","format-standard","has-post-thumbnail","hentry","category-puffiboksi","tag-alpakat","tag-elma-messut","tag-laamat","tag-lemmikit","tag-messukeskus","tag-ponit","tag-sumu-sireeni"],"yoast_head":"<!-- This site is optimized with the Yoast SEO plugin v27.1.1 - https:\/\/yoast.com\/product\/yoast-seo-wordpress\/ -->\n<title>El\u00e4imi\u00e4 ja el\u00e4m\u00e4\u00e4 ELMA-messuilla - Ellikki.fi<\/title>\n<meta name=\"description\" content=\"Messukeskus kuhisi el\u00e4m\u00e4\u00e4, kun ihmisten lis\u00e4ksi paikalla oli satoja el\u00e4imi\u00e4 lemmikeist\u00e4 lehmiin.\" \/>\n<meta name=\"robots\" content=\"index, follow, max-snippet:-1, max-image-preview:large, max-video-preview:-1\" \/>\n<link rel=\"canonical\" href=\"https:\/\/www.ellikki.fi\/hevoset\/puffiboksi\/elaimia-ja-elamaa-elma-messuilla\/\" \/>\n<meta property=\"og:locale\" content=\"fi_FI\" \/>\n<meta property=\"og:type\" content=\"article\" \/>\n<meta property=\"og:title\" content=\"El\u00e4imi\u00e4 ja el\u00e4m\u00e4\u00e4 ELMA-messuilla - Ellikki.fi\" \/>\n<meta property=\"og:description\" content=\"Messukeskus kuhisi el\u00e4m\u00e4\u00e4, kun ihmisten lis\u00e4ksi paikalla oli satoja el\u00e4imi\u00e4 lemmikeist\u00e4 lehmiin.\" \/>\n<meta property=\"og:url\" content=\"https:\/\/www.ellikki.fi\/hevoset\/puffiboksi\/elaimia-ja-elamaa-elma-messuilla\/\" \/>\n<meta property=\"og:site_name\" content=\"Ellikki.fi\" \/>\n<meta property=\"article:publisher\" content=\"https:\/\/www.facebook.com\/ellikki\" \/>\n<meta property=\"article:published_time\" content=\"2014-11-10T01:32:59+00:00\" \/>\n<meta property=\"article:modified_time\" content=\"2016-11-03T00:55:54+00:00\" \/>\n<meta property=\"og:image\" content=\"https:\/\/www.ellikki.fi\/hevoset\/wp-content\/uploads\/2014\/11\/Ruokatauko.jpg\" \/>\n\t<meta property=\"og:image:width\" content=\"1000\" \/>\n\t<meta property=\"og:image:height\" content=\"667\" \/>\n\t<meta property=\"og:image:type\" content=\"image\/jpeg\" \/>\n<meta name=\"author\" content=\"Ellikki\" \/>\n<meta name=\"twitter:card\" content=\"summary_large_image\" \/>\n<meta name=\"twitter:creator\" content=\"@eltalvio\" \/>\n<meta name=\"twitter:site\" content=\"@eltalvio\" \/>\n<meta name=\"twitter:label1\" content=\"Kirjoittanut\" \/>\n\t<meta name=\"twitter:data1\" content=\"Ellikki\" \/>\n\t<meta name=\"twitter:label2\" content=\"Arvioitu lukuaika\" \/>\n\t<meta name=\"twitter:data2\" content=\"6 minuuttia\" \/>\n<script type=\"application\/ld+json\" class=\"yoast-schema-graph\">{\"@context\":\"https:\/\/schema.org\",\"@graph\":[{\"@type\":\"Article\",\"@id\":\"https:\/\/www.ellikki.fi\/hevoset\/puffiboksi\/elaimia-ja-elamaa-elma-messuilla\/#article\",\"isPartOf\":{\"@id\":\"https:\/\/www.ellikki.fi\/hevoset\/puffiboksi\/elaimia-ja-elamaa-elma-messuilla\/\"},\"author\":{\"name\":\"Ellikki\",\"@id\":\"https:\/\/www.ellikki.fi\/hevoset\/#\/schema\/person\/c85dc628c38b82c3c26bb9b89a392370\"},\"headline\":\"El\u00e4imi\u00e4 ja el\u00e4m\u00e4\u00e4 ELMA-messuilla\",\"datePublished\":\"2014-11-10T01:32:59+00:00\",\"dateModified\":\"2016-11-03T00:55:54+00:00\",\"mainEntityOfPage\":{\"@id\":\"https:\/\/www.ellikki.fi\/hevoset\/puffiboksi\/elaimia-ja-elamaa-elma-messuilla\/\"},\"wordCount\":1251,\"commentCount\":2,\"image\":{\"@id\":\"https:\/\/www.ellikki.fi\/hevoset\/puffiboksi\/elaimia-ja-elamaa-elma-messuilla\/#primaryimage\"},\"thumbnailUrl\":\"https:\/\/www.ellikki.fi\/hevoset\/wp-content\/uploads\/2014\/11\/Ruokatauko.jpg\",\"keywords\":[\"alpakat\",\"ELMA-messut\",\"laamat\",\"lemmikit\",\"messukeskus\",\"ponit\",\"Sumu Sireeni\"],\"articleSection\":[\"Puffiboksi\"],\"inLanguage\":\"fi\",\"potentialAction\":[{\"@type\":\"CommentAction\",\"name\":\"Comment\",\"target\":[\"https:\/\/www.ellikki.fi\/hevoset\/puffiboksi\/elaimia-ja-elamaa-elma-messuilla\/#respond\"]}]},{\"@type\":\"WebPage\",\"@id\":\"https:\/\/www.ellikki.fi\/hevoset\/puffiboksi\/elaimia-ja-elamaa-elma-messuilla\/\",\"url\":\"https:\/\/www.ellikki.fi\/hevoset\/puffiboksi\/elaimia-ja-elamaa-elma-messuilla\/\",\"name\":\"El\u00e4imi\u00e4 ja el\u00e4m\u00e4\u00e4 ELMA-messuilla - Ellikki.fi\",\"isPartOf\":{\"@id\":\"https:\/\/www.ellikki.fi\/hevoset\/#website\"},\"primaryImageOfPage\":{\"@id\":\"https:\/\/www.ellikki.fi\/hevoset\/puffiboksi\/elaimia-ja-elamaa-elma-messuilla\/#primaryimage\"},\"image\":{\"@id\":\"https:\/\/www.ellikki.fi\/hevoset\/puffiboksi\/elaimia-ja-elamaa-elma-messuilla\/#primaryimage\"},\"thumbnailUrl\":\"https:\/\/www.ellikki.fi\/hevoset\/wp-content\/uploads\/2014\/11\/Ruokatauko.jpg\",\"datePublished\":\"2014-11-10T01:32:59+00:00\",\"dateModified\":\"2016-11-03T00:55:54+00:00\",\"author\":{\"@id\":\"https:\/\/www.ellikki.fi\/hevoset\/#\/schema\/person\/c85dc628c38b82c3c26bb9b89a392370\"},\"description\":\"Messukeskus kuhisi el\u00e4m\u00e4\u00e4, kun ihmisten lis\u00e4ksi paikalla oli satoja el\u00e4imi\u00e4 lemmikeist\u00e4 lehmiin.\",\"breadcrumb\":{\"@id\":\"https:\/\/www.ellikki.fi\/hevoset\/puffiboksi\/elaimia-ja-elamaa-elma-messuilla\/#breadcrumb\"},\"inLanguage\":\"fi\",\"potentialAction\":[{\"@type\":\"ReadAction\",\"target\":[\"https:\/\/www.ellikki.fi\/hevoset\/puffiboksi\/elaimia-ja-elamaa-elma-messuilla\/\"]}]},{\"@type\":\"ImageObject\",\"inLanguage\":\"fi\",\"@id\":\"https:\/\/www.ellikki.fi\/hevoset\/puffiboksi\/elaimia-ja-elamaa-elma-messuilla\/#primaryimage\",\"url\":\"https:\/\/www.ellikki.fi\/hevoset\/wp-content\/uploads\/2014\/11\/Ruokatauko.jpg\",\"contentUrl\":\"https:\/\/www.ellikki.fi\/hevoset\/wp-content\/uploads\/2014\/11\/Ruokatauko.jpg\",\"width\":1000,\"height\":667,\"caption\":\"Ruokatauko\"},{\"@type\":\"BreadcrumbList\",\"@id\":\"https:\/\/www.ellikki.fi\/hevoset\/puffiboksi\/elaimia-ja-elamaa-elma-messuilla\/#breadcrumb\",\"itemListElement\":[{\"@type\":\"ListItem\",\"position\":1,\"name\":\"Ellikki.fi - Utelias ratsastaja\",\"item\":\"https:\/\/www.ellikki.fi\/hevoset\/\"},{\"@type\":\"ListItem\",\"position\":2,\"name\":\"El\u00e4imi\u00e4 ja el\u00e4m\u00e4\u00e4 ELMA-messuilla\"}]},{\"@type\":\"WebSite\",\"@id\":\"https:\/\/www.ellikki.fi\/hevoset\/#website\",\"url\":\"https:\/\/www.ellikki.fi\/hevoset\/\",\"name\":\"Ellikki.fi\",\"description\":\"Utelias ratsastaja\",\"potentialAction\":[{\"@type\":\"SearchAction\",\"target\":{\"@type\":\"EntryPoint\",\"urlTemplate\":\"https:\/\/www.ellikki.fi\/hevoset\/?s={search_term_string}\"},\"query-input\":{\"@type\":\"PropertyValueSpecification\",\"valueRequired\":true,\"valueName\":\"search_term_string\"}}],\"inLanguage\":\"fi\"},{\"@type\":\"Person\",\"@id\":\"https:\/\/www.ellikki.fi\/hevoset\/#\/schema\/person\/c85dc628c38b82c3c26bb9b89a392370\",\"name\":\"Ellikki\",\"image\":{\"@type\":\"ImageObject\",\"inLanguage\":\"fi\",\"@id\":\"https:\/\/www.ellikki.fi\/hevoset\/#\/schema\/person\/image\/\",\"url\":\"https:\/\/secure.gravatar.com\/avatar\/68459a81492a7fdb3d3e31353836619029f7a695895440f957f81143855d97ee?s=96&d=mm&r=g\",\"contentUrl\":\"https:\/\/secure.gravatar.com\/avatar\/68459a81492a7fdb3d3e31353836619029f7a695895440f957f81143855d97ee?s=96&d=mm&r=g\",\"caption\":\"Ellikki\"},\"description\":\"Loputtoman utelias hevostoimittaja, tarinanmets\u00e4st\u00e4j\u00e4 ja koruharrastaja, joka edelleen ihmettelee maailmaa ja koettaa aina silloin t\u00e4ll\u00f6in tehd\u00e4 jotain ensi kertaa el\u00e4m\u00e4ss\u00e4\u00e4n.\"}]}<\/script>\n<!-- \/ Yoast SEO plugin. -->","yoast_head_json":{"title":"El\u00e4imi\u00e4 ja el\u00e4m\u00e4\u00e4 ELMA-messuilla - Ellikki.fi","description":"Messukeskus kuhisi el\u00e4m\u00e4\u00e4, kun ihmisten lis\u00e4ksi paikalla oli satoja el\u00e4imi\u00e4 lemmikeist\u00e4 lehmiin.","robots":{"index":"index","follow":"follow","max-snippet":"max-snippet:-1","max-image-preview":"max-image-preview:large","max-video-preview":"max-video-preview:-1"},"canonical":"https:\/\/www.ellikki.fi\/hevoset\/puffiboksi\/elaimia-ja-elamaa-elma-messuilla\/","og_locale":"fi_FI","og_type":"article","og_title":"El\u00e4imi\u00e4 ja el\u00e4m\u00e4\u00e4 ELMA-messuilla - Ellikki.fi","og_description":"Messukeskus kuhisi el\u00e4m\u00e4\u00e4, kun ihmisten lis\u00e4ksi paikalla oli satoja el\u00e4imi\u00e4 lemmikeist\u00e4 lehmiin.","og_url":"https:\/\/www.ellikki.fi\/hevoset\/puffiboksi\/elaimia-ja-elamaa-elma-messuilla\/","og_site_name":"Ellikki.fi","article_publisher":"https:\/\/www.facebook.com\/ellikki","article_published_time":"2014-11-10T01:32:59+00:00","article_modified_time":"2016-11-03T00:55:54+00:00","og_image":[{"width":1000,"height":667,"url":"https:\/\/www.ellikki.fi\/hevoset\/wp-content\/uploads\/2014\/11\/Ruokatauko.jpg","type":"image\/jpeg"}],"author":"Ellikki","twitter_card":"summary_large_image","twitter_creator":"@eltalvio","twitter_site":"@eltalvio","twitter_misc":{"Kirjoittanut":"Ellikki","Arvioitu lukuaika":"6 minuuttia"},"schema":{"@context":"https:\/\/schema.org","@graph":[{"@type":"Article","@id":"https:\/\/www.ellikki.fi\/hevoset\/puffiboksi\/elaimia-ja-elamaa-elma-messuilla\/#article","isPartOf":{"@id":"https:\/\/www.ellikki.fi\/hevoset\/puffiboksi\/elaimia-ja-elamaa-elma-messuilla\/"},"author":{"name":"Ellikki","@id":"https:\/\/www.ellikki.fi\/hevoset\/#\/schema\/person\/c85dc628c38b82c3c26bb9b89a392370"},"headline":"El\u00e4imi\u00e4 ja el\u00e4m\u00e4\u00e4 ELMA-messuilla","datePublished":"2014-11-10T01:32:59+00:00","dateModified":"2016-11-03T00:55:54+00:00","mainEntityOfPage":{"@id":"https:\/\/www.ellikki.fi\/hevoset\/puffiboksi\/elaimia-ja-elamaa-elma-messuilla\/"},"wordCount":1251,"commentCount":2,"image":{"@id":"https:\/\/www.ellikki.fi\/hevoset\/puffiboksi\/elaimia-ja-elamaa-elma-messuilla\/#primaryimage"},"thumbnailUrl":"https:\/\/www.ellikki.fi\/hevoset\/wp-content\/uploads\/2014\/11\/Ruokatauko.jpg","keywords":["alpakat","ELMA-messut","laamat","lemmikit","messukeskus","ponit","Sumu Sireeni"],"articleSection":["Puffiboksi"],"inLanguage":"fi","potentialAction":[{"@type":"CommentAction","name":"Comment","target":["https:\/\/www.ellikki.fi\/hevoset\/puffiboksi\/elaimia-ja-elamaa-elma-messuilla\/#respond"]}]},{"@type":"WebPage","@id":"https:\/\/www.ellikki.fi\/hevoset\/puffiboksi\/elaimia-ja-elamaa-elma-messuilla\/","url":"https:\/\/www.ellikki.fi\/hevoset\/puffiboksi\/elaimia-ja-elamaa-elma-messuilla\/","name":"El\u00e4imi\u00e4 ja el\u00e4m\u00e4\u00e4 ELMA-messuilla - Ellikki.fi","isPartOf":{"@id":"https:\/\/www.ellikki.fi\/hevoset\/#website"},"primaryImageOfPage":{"@id":"https:\/\/www.ellikki.fi\/hevoset\/puffiboksi\/elaimia-ja-elamaa-elma-messuilla\/#primaryimage"},"image":{"@id":"https:\/\/www.ellikki.fi\/hevoset\/puffiboksi\/elaimia-ja-elamaa-elma-messuilla\/#primaryimage"},"thumbnailUrl":"https:\/\/www.ellikki.fi\/hevoset\/wp-content\/uploads\/2014\/11\/Ruokatauko.jpg","datePublished":"2014-11-10T01:32:59+00:00","dateModified":"2016-11-03T00:55:54+00:00","author":{"@id":"https:\/\/www.ellikki.fi\/hevoset\/#\/schema\/person\/c85dc628c38b82c3c26bb9b89a392370"},"description":"Messukeskus kuhisi el\u00e4m\u00e4\u00e4, kun ihmisten lis\u00e4ksi paikalla oli satoja el\u00e4imi\u00e4 lemmikeist\u00e4 lehmiin.","breadcrumb":{"@id":"https:\/\/www.ellikki.fi\/hevoset\/puffiboksi\/elaimia-ja-elamaa-elma-messuilla\/#breadcrumb"},"inLanguage":"fi","potentialAction":[{"@type":"ReadAction","target":["https:\/\/www.ellikki.fi\/hevoset\/puffiboksi\/elaimia-ja-elamaa-elma-messuilla\/"]}]},{"@type":"ImageObject","inLanguage":"fi","@id":"https:\/\/www.ellikki.fi\/hevoset\/puffiboksi\/elaimia-ja-elamaa-elma-messuilla\/#primaryimage","url":"https:\/\/www.ellikki.fi\/hevoset\/wp-content\/uploads\/2014\/11\/Ruokatauko.jpg","contentUrl":"https:\/\/www.ellikki.fi\/hevoset\/wp-content\/uploads\/2014\/11\/Ruokatauko.jpg","width":1000,"height":667,"caption":"Ruokatauko"},{"@type":"BreadcrumbList","@id":"https:\/\/www.ellikki.fi\/hevoset\/puffiboksi\/elaimia-ja-elamaa-elma-messuilla\/#breadcrumb","itemListElement":[{"@type":"ListItem","position":1,"name":"Ellikki.fi - Utelias ratsastaja","item":"https:\/\/www.ellikki.fi\/hevoset\/"},{"@type":"ListItem","position":2,"name":"El\u00e4imi\u00e4 ja el\u00e4m\u00e4\u00e4 ELMA-messuilla"}]},{"@type":"WebSite","@id":"https:\/\/www.ellikki.fi\/hevoset\/#website","url":"https:\/\/www.ellikki.fi\/hevoset\/","name":"Ellikki.fi","description":"Utelias ratsastaja","potentialAction":[{"@type":"SearchAction","target":{"@type":"EntryPoint","urlTemplate":"https:\/\/www.ellikki.fi\/hevoset\/?s={search_term_string}"},"query-input":{"@type":"PropertyValueSpecification","valueRequired":true,"valueName":"search_term_string"}}],"inLanguage":"fi"},{"@type":"Person","@id":"https:\/\/www.ellikki.fi\/hevoset\/#\/schema\/person\/c85dc628c38b82c3c26bb9b89a392370","name":"Ellikki","image":{"@type":"ImageObject","inLanguage":"fi","@id":"https:\/\/www.ellikki.fi\/hevoset\/#\/schema\/person\/image\/","url":"https:\/\/secure.gravatar.com\/avatar\/68459a81492a7fdb3d3e31353836619029f7a695895440f957f81143855d97ee?s=96&d=mm&r=g","contentUrl":"https:\/\/secure.gravatar.com\/avatar\/68459a81492a7fdb3d3e31353836619029f7a695895440f957f81143855d97ee?s=96&d=mm&r=g","caption":"Ellikki"},"description":"Loputtoman utelias hevostoimittaja, tarinanmets\u00e4st\u00e4j\u00e4 ja koruharrastaja, joka edelleen ihmettelee maailmaa ja koettaa aina silloin t\u00e4ll\u00f6in tehd\u00e4 jotain ensi kertaa el\u00e4m\u00e4ss\u00e4\u00e4n."}]}},"_links":{"self":[{"href":"https:\/\/www.ellikki.fi\/hevoset\/wp-json\/wp\/v2\/posts\/458","targetHints":{"allow":["GET"]}}],"collection":[{"href":"https:\/\/www.ellikki.fi\/hevoset\/wp-json\/wp\/v2\/posts"}],"about":[{"href":"https:\/\/www.ellikki.fi\/hevoset\/wp-json\/wp\/v2\/types\/post"}],"author":[{"embeddable":true,"href":"https:\/\/www.ellikki.fi\/hevoset\/wp-json\/wp\/v2\/users\/1"}],"replies":[{"embeddable":true,"href":"https:\/\/www.ellikki.fi\/hevoset\/wp-json\/wp\/v2\/comments?post=458"}],"version-history":[{"count":0,"href":"https:\/\/www.ellikki.fi\/hevoset\/wp-json\/wp\/v2\/posts\/458\/revisions"}],"wp:featuredmedia":[{"embeddable":true,"href":"https:\/\/www.ellikki.fi\/hevoset\/wp-json\/wp\/v2\/media\/459"}],"wp:attachment":[{"href":"https:\/\/www.ellikki.fi\/hevoset\/wp-json\/wp\/v2\/media?parent=458"}],"wp:term":[{"taxonomy":"category","embeddable":true,"href":"https:\/\/www.ellikki.fi\/hevoset\/wp-json\/wp\/v2\/categories?post=458"},{"taxonomy":"post_tag","embeddable":true,"href":"https:\/\/www.ellikki.fi\/hevoset\/wp-json\/wp\/v2\/tags?post=458"}],"curies":[{"name":"wp","href":"https:\/\/api.w.org\/{rel}","templated":true}]}}