{"id":1004,"date":"2015-09-06T20:17:37","date_gmt":"2015-09-06T17:17:37","guid":{"rendered":"http:\/\/www.ellikki.fi\/korut\/?p=1004"},"modified":"2016-11-03T01:49:05","modified_gmt":"2016-11-02T23:49:05","slug":"kadentaitomessut-wanhassa-satamassa","status":"publish","type":"post","link":"https:\/\/www.ellikki.fi\/korut\/puffiboksi\/kadentaitomessut-wanhassa-satamassa\/","title":{"rendered":"K\u00e4dentaitomessut Wanhassa Satamassa"},"content":{"rendered":"<p>Olen k\u00e4ynyt useamman kerran Messukeskuksen k\u00e4dentaitomessuilla, mutta Wanhassa Satamassa j\u00e4rjestetyt Helsingin K\u00e4dentaitomessut ovat monen k\u00e4sity\u00f6l\u00e4isen mielest\u00e4 ne ainoat oikeat, joihin kannattaa menn\u00e4 esittelem\u00e4\u00e4n tuotteitaan. N\u00e4ytteilleasettajien m\u00e4\u00e4r\u00e4ss\u00e4 mitattuna Wanhan Sataman messut ovat huomattavasti suurempi tapahtuma kuin Messukeskuksen messut, sill\u00e4 n\u00e4ytteilleasettajia on yli sata. Sataman messuhalli t\u00e4yttyy pelk\u00e4st\u00e4\u00e4n k\u00e4sity\u00f6l\u00e4isist\u00e4, joukossa monta monituista korutaitajaa. Kaikki k\u00e4dentaitajat ovat kotimaisia ja tuotteet ovat ehtaa k\u00e4sity\u00f6t\u00e4.<\/p>\n<p>T\u00e4h\u00e4n asti on aina onnistunut k\u00e4ym\u00e4\u00e4n niin, ett\u00e4 vakaista suunnitelmista huolimatta nuo Helsingin K\u00e4dentaitomessut ovat j\u00e4\u00e4neet kokematta, kun jotain kiireellist\u00e4 on osunut samalle p\u00e4iv\u00e4lle. T\u00e4m\u00e4n aukon sivistyksess\u00e4ni aion korjata kahden viikon kuluttua, kun k\u00e4dentaitomessut taas j\u00e4rjestet\u00e4\u00e4n. Min\u00e4 aion olla paikalla aivan varmasti.<\/p>\n<p><a href=\"http:\/\/www.ellikki.fi\/korut\/wp-content\/uploads\/2015\/09\/Huopapompulat.jpg\"><img decoding=\"async\" class=\"aligncenter size-full wp-image-1007\" src=\"http:\/\/www.ellikki.fi\/korut\/wp-content\/uploads\/2015\/09\/Huopapompulat.jpg\" alt=\"Huopapompulat\" width=\"800\" height=\"450\" srcset=\"https:\/\/www.ellikki.fi\/korut\/wp-content\/uploads\/2015\/09\/Huopapompulat-200x113.jpg 200w, https:\/\/www.ellikki.fi\/korut\/wp-content\/uploads\/2015\/09\/Huopapompulat-300x169.jpg 300w, https:\/\/www.ellikki.fi\/korut\/wp-content\/uploads\/2015\/09\/Huopapompulat-400x225.jpg 400w, https:\/\/www.ellikki.fi\/korut\/wp-content\/uploads\/2015\/09\/Huopapompulat-600x338.jpg 600w, https:\/\/www.ellikki.fi\/korut\/wp-content\/uploads\/2015\/09\/Huopapompulat-768x432.jpg 768w, https:\/\/www.ellikki.fi\/korut\/wp-content\/uploads\/2015\/09\/Huopapompulat.jpg 800w\" sizes=\"(max-width: 800px) 100vw, 800px\" \/><\/a><\/p>\n<h3>Mit\u00e4, miss\u00e4, milloin?<\/h3>\n<p>Mit\u00e4: Helsingin K\u00e4dentaitomessut, Suomen suurimmat pelk\u00e4st\u00e4\u00e4n k\u00e4sit\u00f6ihin keskittyv\u00e4t messut<\/p>\n<p>Miss\u00e4: Katajanokalla Wanhassa Satamassa (Pikku Satamakatu 3-5, Helsinki)<\/p>\n<p>Mit\u00e4 se maksaa: P\u00e4\u00e4sylippu maksaa 10 euroa\/hl\u00f6<\/p>\n<p>Miten sinne p\u00e4\u00e4see: Wanha Satama sijaitsee Katajanokalla Helsingin keskustassa, jonne on lyhyt k\u00e4velymatka Kauppatorilta. Paikalle p\u00e4\u00e4see n\u00e4pp\u00e4r\u00e4sti my\u00f6s raitiovaunulla 4 ja 4T jotka kulkevat Munkkiniemest\u00e4 Mannerheimintien ja Aleksanterinkadun kautta 5-12 minuutin v\u00e4lein. L\u00e4hin pys\u00e4kki (Kauppiaankatu) sijaitsee aivan Wanhan Sataman vieress\u00e4. Maksullisia pys\u00e4k\u00f6intipaikkoja on Wanhan Sataman l\u00e4heisyydess\u00e4.<\/p>\n<p>Messujen nettisivut: <span style=\"color: #993366;\"><strong><a href=\"http:\/\/www.mediapromessut.fi\/messut\/kadentaitomessut\/helsingin-kadentaitomessut-19-20-9-2015\" target=\"_blank\">Helsingin K\u00e4dentaitomessut<\/a><\/strong><\/span><\/p>\n<p>Siell\u00e4 n\u00e4hd\u00e4\u00e4n!<\/p>\n<p><a href=\"http:\/\/www.ellikki.fi\/korut\/wp-content\/uploads\/2015\/09\/K\u00e4dentaito-Helsinki-Mediapro.jpg\"><img decoding=\"async\" class=\"aligncenter size-full wp-image-1008\" src=\"http:\/\/www.ellikki.fi\/korut\/wp-content\/uploads\/2015\/09\/K\u00e4dentaito-Helsinki-Mediapro.jpg\" alt=\"K\u00e4dentaito Helsinki Mediapro\" width=\"747\" height=\"115\" srcset=\"https:\/\/www.ellikki.fi\/korut\/wp-content\/uploads\/2015\/09\/K\u00e4dentaito-Helsinki-Mediapro-200x31.jpg 200w, https:\/\/www.ellikki.fi\/korut\/wp-content\/uploads\/2015\/09\/K\u00e4dentaito-Helsinki-Mediapro-300x46.jpg 300w, https:\/\/www.ellikki.fi\/korut\/wp-content\/uploads\/2015\/09\/K\u00e4dentaito-Helsinki-Mediapro-400x62.jpg 400w, https:\/\/www.ellikki.fi\/korut\/wp-content\/uploads\/2015\/09\/K\u00e4dentaito-Helsinki-Mediapro-600x92.jpg 600w, https:\/\/www.ellikki.fi\/korut\/wp-content\/uploads\/2015\/09\/K\u00e4dentaito-Helsinki-Mediapro.jpg 747w\" sizes=\"(max-width: 747px) 100vw, 747px\" \/><\/a><\/p>\n<p><em>Kirjoittaja sai lipun messuille.<\/em><\/p>\n<p>Kuvat: K\u00e4dentaitomessut<\/p>\n","protected":false},"excerpt":{"rendered":"<p>Olen k\u00e4ynyt useamman kerran Messukeskuksen k\u00e4dentaitomessuilla, mutta Wanhassa Satamassa j\u00e4rjestetyt Helsingin K\u00e4dentaitomessut ovat monen k\u00e4sity\u00f6l\u00e4isen mielest\u00e4 ne ainoat oikeat, joihin kannattaa menn\u00e4 esittelem\u00e4\u00e4n tuotteitaan. N\u00e4ytteilleasettajien m\u00e4\u00e4r\u00e4ss\u00e4 mitattuna Wanhan Sataman messut ovat huomattavasti suurempi tapahtuma kuin  [&#8230;]<\/p>\n","protected":false},"author":1,"featured_media":1006,"comment_status":"open","ping_status":"closed","sticky":false,"template":"","format":"standard","meta":{"footnotes":""},"categories":[8],"tags":[94,209],"class_list":["post-1004","post","type-post","status-publish","format-standard","has-post-thumbnail","hentry","category-puffiboksi","tag-kadentaitomessut","tag-wanha-satama"],"yoast_head":"<!-- This site is optimized with the Yoast SEO plugin v27.1.1 - https:\/\/yoast.com\/product\/yoast-seo-wordpress\/ -->\n<title>K\u00e4dentaitomessut Wanhassa Satamassa - Ellikki.fi<\/title>\n<meta name=\"description\" content=\"K\u00e4dentaitomessut tulevat, odotukset ovat katossa. En\u00e4\u00e4 kaksi viikkoa aikaa!\" \/>\n<meta name=\"robots\" content=\"index, follow, max-snippet:-1, max-image-preview:large, max-video-preview:-1\" \/>\n<link rel=\"canonical\" href=\"https:\/\/www.ellikki.fi\/korut\/puffiboksi\/kadentaitomessut-wanhassa-satamassa\/\" \/>\n<meta property=\"og:locale\" content=\"fi_FI\" \/>\n<meta property=\"og:type\" content=\"article\" \/>\n<meta property=\"og:title\" content=\"K\u00e4dentaitomessut Wanhassa Satamassa - Ellikki.fi\" \/>\n<meta property=\"og:description\" content=\"K\u00e4dentaitomessut tulevat, odotukset ovat katossa. En\u00e4\u00e4 kaksi viikkoa aikaa!\" \/>\n<meta property=\"og:url\" content=\"https:\/\/www.ellikki.fi\/korut\/puffiboksi\/kadentaitomessut-wanhassa-satamassa\/\" \/>\n<meta property=\"og:site_name\" content=\"Ellikki.fi\" \/>\n<meta property=\"article:publisher\" content=\"https:\/\/www.facebook.com\/ellikki\" \/>\n<meta property=\"article:published_time\" content=\"2015-09-06T17:17:37+00:00\" \/>\n<meta property=\"article:modified_time\" content=\"2016-11-02T23:49:05+00:00\" \/>\n<meta property=\"og:image\" content=\"https:\/\/www.ellikki.fi\/korut\/wp-content\/uploads\/2015\/09\/V\u00e4rien-liplatusta.jpg\" \/>\n\t<meta property=\"og:image:width\" content=\"800\" \/>\n\t<meta property=\"og:image:height\" content=\"450\" \/>\n\t<meta property=\"og:image:type\" content=\"image\/jpeg\" \/>\n<meta name=\"author\" content=\"Ellikki\" \/>\n<meta name=\"twitter:card\" content=\"summary_large_image\" \/>\n<meta name=\"twitter:creator\" content=\"@eltalvio\" \/>\n<meta name=\"twitter:site\" content=\"@eltalvio\" \/>\n<meta name=\"twitter:label1\" content=\"Kirjoittanut\" \/>\n\t<meta name=\"twitter:data1\" content=\"Ellikki\" \/>\n\t<meta name=\"twitter:label2\" content=\"Arvioitu lukuaika\" \/>\n\t<meta name=\"twitter:data2\" content=\"1 minuutti\" \/>\n<script type=\"application\/ld+json\" class=\"yoast-schema-graph\">{\"@context\":\"https:\/\/schema.org\",\"@graph\":[{\"@type\":\"Article\",\"@id\":\"https:\/\/www.ellikki.fi\/korut\/puffiboksi\/kadentaitomessut-wanhassa-satamassa\/#article\",\"isPartOf\":{\"@id\":\"https:\/\/www.ellikki.fi\/korut\/puffiboksi\/kadentaitomessut-wanhassa-satamassa\/\"},\"author\":{\"name\":\"Ellikki\",\"@id\":\"https:\/\/www.ellikki.fi\/korut\/#\/schema\/person\/4100981f383f4e840417efe2a45a2e13\"},\"headline\":\"K\u00e4dentaitomessut Wanhassa Satamassa\",\"datePublished\":\"2015-09-06T17:17:37+00:00\",\"dateModified\":\"2016-11-02T23:49:05+00:00\",\"mainEntityOfPage\":{\"@id\":\"https:\/\/www.ellikki.fi\/korut\/puffiboksi\/kadentaitomessut-wanhassa-satamassa\/\"},\"wordCount\":249,\"commentCount\":0,\"image\":{\"@id\":\"https:\/\/www.ellikki.fi\/korut\/puffiboksi\/kadentaitomessut-wanhassa-satamassa\/#primaryimage\"},\"thumbnailUrl\":\"https:\/\/www.ellikki.fi\/korut\/wp-content\/uploads\/2015\/09\/V\u00e4rien-liplatusta.jpg\",\"keywords\":[\"k\u00e4dentaitomessut\",\"Wanha Satama\"],\"articleSection\":[\"Puffiboksi\"],\"inLanguage\":\"fi\",\"potentialAction\":[{\"@type\":\"CommentAction\",\"name\":\"Comment\",\"target\":[\"https:\/\/www.ellikki.fi\/korut\/puffiboksi\/kadentaitomessut-wanhassa-satamassa\/#respond\"]}]},{\"@type\":\"WebPage\",\"@id\":\"https:\/\/www.ellikki.fi\/korut\/puffiboksi\/kadentaitomessut-wanhassa-satamassa\/\",\"url\":\"https:\/\/www.ellikki.fi\/korut\/puffiboksi\/kadentaitomessut-wanhassa-satamassa\/\",\"name\":\"K\u00e4dentaitomessut Wanhassa Satamassa - Ellikki.fi\",\"isPartOf\":{\"@id\":\"https:\/\/www.ellikki.fi\/korut\/#website\"},\"primaryImageOfPage\":{\"@id\":\"https:\/\/www.ellikki.fi\/korut\/puffiboksi\/kadentaitomessut-wanhassa-satamassa\/#primaryimage\"},\"image\":{\"@id\":\"https:\/\/www.ellikki.fi\/korut\/puffiboksi\/kadentaitomessut-wanhassa-satamassa\/#primaryimage\"},\"thumbnailUrl\":\"https:\/\/www.ellikki.fi\/korut\/wp-content\/uploads\/2015\/09\/V\u00e4rien-liplatusta.jpg\",\"datePublished\":\"2015-09-06T17:17:37+00:00\",\"dateModified\":\"2016-11-02T23:49:05+00:00\",\"author\":{\"@id\":\"https:\/\/www.ellikki.fi\/korut\/#\/schema\/person\/4100981f383f4e840417efe2a45a2e13\"},\"description\":\"K\u00e4dentaitomessut tulevat, odotukset ovat katossa. En\u00e4\u00e4 kaksi viikkoa aikaa!\",\"breadcrumb\":{\"@id\":\"https:\/\/www.ellikki.fi\/korut\/puffiboksi\/kadentaitomessut-wanhassa-satamassa\/#breadcrumb\"},\"inLanguage\":\"fi\",\"potentialAction\":[{\"@type\":\"ReadAction\",\"target\":[\"https:\/\/www.ellikki.fi\/korut\/puffiboksi\/kadentaitomessut-wanhassa-satamassa\/\"]}]},{\"@type\":\"ImageObject\",\"inLanguage\":\"fi\",\"@id\":\"https:\/\/www.ellikki.fi\/korut\/puffiboksi\/kadentaitomessut-wanhassa-satamassa\/#primaryimage\",\"url\":\"https:\/\/www.ellikki.fi\/korut\/wp-content\/uploads\/2015\/09\/V\u00e4rien-liplatusta.jpg\",\"contentUrl\":\"https:\/\/www.ellikki.fi\/korut\/wp-content\/uploads\/2015\/09\/V\u00e4rien-liplatusta.jpg\",\"width\":800,\"height\":450,\"caption\":\"V\u00e4rien liplatusta\"},{\"@type\":\"BreadcrumbList\",\"@id\":\"https:\/\/www.ellikki.fi\/korut\/puffiboksi\/kadentaitomessut-wanhassa-satamassa\/#breadcrumb\",\"itemListElement\":[{\"@type\":\"ListItem\",\"position\":1,\"name\":\"Ellikki.fi - Helmisuutari\",\"item\":\"https:\/\/www.ellikki.fi\/korut\/\"},{\"@type\":\"ListItem\",\"position\":2,\"name\":\"K\u00e4dentaitomessut Wanhassa Satamassa\"}]},{\"@type\":\"WebSite\",\"@id\":\"https:\/\/www.ellikki.fi\/korut\/#website\",\"url\":\"https:\/\/www.ellikki.fi\/korut\/\",\"name\":\"Ellikki.fi\",\"description\":\"Helmisuutari\",\"potentialAction\":[{\"@type\":\"SearchAction\",\"target\":{\"@type\":\"EntryPoint\",\"urlTemplate\":\"https:\/\/www.ellikki.fi\/korut\/?s={search_term_string}\"},\"query-input\":{\"@type\":\"PropertyValueSpecification\",\"valueRequired\":true,\"valueName\":\"search_term_string\"}}],\"inLanguage\":\"fi\"},{\"@type\":\"Person\",\"@id\":\"https:\/\/www.ellikki.fi\/korut\/#\/schema\/person\/4100981f383f4e840417efe2a45a2e13\",\"name\":\"Ellikki\",\"image\":{\"@type\":\"ImageObject\",\"inLanguage\":\"fi\",\"@id\":\"https:\/\/www.ellikki.fi\/korut\/#\/schema\/person\/image\/\",\"url\":\"https:\/\/secure.gravatar.com\/avatar\/68459a81492a7fdb3d3e31353836619029f7a695895440f957f81143855d97ee?s=96&d=mm&r=g\",\"contentUrl\":\"https:\/\/secure.gravatar.com\/avatar\/68459a81492a7fdb3d3e31353836619029f7a695895440f957f81143855d97ee?s=96&d=mm&r=g\",\"caption\":\"Ellikki\"},\"description\":\"Loputtoman utelias hevostoimittaja, tarinanmets\u00e4st\u00e4j\u00e4 ja koruharrastaja, joka edelleen ihmettelee maailmaa ja koettaa aina silloin t\u00e4ll\u00f6in tehd\u00e4 jotain ensi kertaa el\u00e4m\u00e4ss\u00e4\u00e4n.\"}]}<\/script>\n<!-- \/ Yoast SEO plugin. -->","yoast_head_json":{"title":"K\u00e4dentaitomessut Wanhassa Satamassa - Ellikki.fi","description":"K\u00e4dentaitomessut tulevat, odotukset ovat katossa. En\u00e4\u00e4 kaksi viikkoa aikaa!","robots":{"index":"index","follow":"follow","max-snippet":"max-snippet:-1","max-image-preview":"max-image-preview:large","max-video-preview":"max-video-preview:-1"},"canonical":"https:\/\/www.ellikki.fi\/korut\/puffiboksi\/kadentaitomessut-wanhassa-satamassa\/","og_locale":"fi_FI","og_type":"article","og_title":"K\u00e4dentaitomessut Wanhassa Satamassa - Ellikki.fi","og_description":"K\u00e4dentaitomessut tulevat, odotukset ovat katossa. En\u00e4\u00e4 kaksi viikkoa aikaa!","og_url":"https:\/\/www.ellikki.fi\/korut\/puffiboksi\/kadentaitomessut-wanhassa-satamassa\/","og_site_name":"Ellikki.fi","article_publisher":"https:\/\/www.facebook.com\/ellikki","article_published_time":"2015-09-06T17:17:37+00:00","article_modified_time":"2016-11-02T23:49:05+00:00","og_image":[{"width":800,"height":450,"url":"https:\/\/www.ellikki.fi\/korut\/wp-content\/uploads\/2015\/09\/V\u00e4rien-liplatusta.jpg","type":"image\/jpeg"}],"author":"Ellikki","twitter_card":"summary_large_image","twitter_creator":"@eltalvio","twitter_site":"@eltalvio","twitter_misc":{"Kirjoittanut":"Ellikki","Arvioitu lukuaika":"1 minuutti"},"schema":{"@context":"https:\/\/schema.org","@graph":[{"@type":"Article","@id":"https:\/\/www.ellikki.fi\/korut\/puffiboksi\/kadentaitomessut-wanhassa-satamassa\/#article","isPartOf":{"@id":"https:\/\/www.ellikki.fi\/korut\/puffiboksi\/kadentaitomessut-wanhassa-satamassa\/"},"author":{"name":"Ellikki","@id":"https:\/\/www.ellikki.fi\/korut\/#\/schema\/person\/4100981f383f4e840417efe2a45a2e13"},"headline":"K\u00e4dentaitomessut Wanhassa Satamassa","datePublished":"2015-09-06T17:17:37+00:00","dateModified":"2016-11-02T23:49:05+00:00","mainEntityOfPage":{"@id":"https:\/\/www.ellikki.fi\/korut\/puffiboksi\/kadentaitomessut-wanhassa-satamassa\/"},"wordCount":249,"commentCount":0,"image":{"@id":"https:\/\/www.ellikki.fi\/korut\/puffiboksi\/kadentaitomessut-wanhassa-satamassa\/#primaryimage"},"thumbnailUrl":"https:\/\/www.ellikki.fi\/korut\/wp-content\/uploads\/2015\/09\/V\u00e4rien-liplatusta.jpg","keywords":["k\u00e4dentaitomessut","Wanha Satama"],"articleSection":["Puffiboksi"],"inLanguage":"fi","potentialAction":[{"@type":"CommentAction","name":"Comment","target":["https:\/\/www.ellikki.fi\/korut\/puffiboksi\/kadentaitomessut-wanhassa-satamassa\/#respond"]}]},{"@type":"WebPage","@id":"https:\/\/www.ellikki.fi\/korut\/puffiboksi\/kadentaitomessut-wanhassa-satamassa\/","url":"https:\/\/www.ellikki.fi\/korut\/puffiboksi\/kadentaitomessut-wanhassa-satamassa\/","name":"K\u00e4dentaitomessut Wanhassa Satamassa - Ellikki.fi","isPartOf":{"@id":"https:\/\/www.ellikki.fi\/korut\/#website"},"primaryImageOfPage":{"@id":"https:\/\/www.ellikki.fi\/korut\/puffiboksi\/kadentaitomessut-wanhassa-satamassa\/#primaryimage"},"image":{"@id":"https:\/\/www.ellikki.fi\/korut\/puffiboksi\/kadentaitomessut-wanhassa-satamassa\/#primaryimage"},"thumbnailUrl":"https:\/\/www.ellikki.fi\/korut\/wp-content\/uploads\/2015\/09\/V\u00e4rien-liplatusta.jpg","datePublished":"2015-09-06T17:17:37+00:00","dateModified":"2016-11-02T23:49:05+00:00","author":{"@id":"https:\/\/www.ellikki.fi\/korut\/#\/schema\/person\/4100981f383f4e840417efe2a45a2e13"},"description":"K\u00e4dentaitomessut tulevat, odotukset ovat katossa. En\u00e4\u00e4 kaksi viikkoa aikaa!","breadcrumb":{"@id":"https:\/\/www.ellikki.fi\/korut\/puffiboksi\/kadentaitomessut-wanhassa-satamassa\/#breadcrumb"},"inLanguage":"fi","potentialAction":[{"@type":"ReadAction","target":["https:\/\/www.ellikki.fi\/korut\/puffiboksi\/kadentaitomessut-wanhassa-satamassa\/"]}]},{"@type":"ImageObject","inLanguage":"fi","@id":"https:\/\/www.ellikki.fi\/korut\/puffiboksi\/kadentaitomessut-wanhassa-satamassa\/#primaryimage","url":"https:\/\/www.ellikki.fi\/korut\/wp-content\/uploads\/2015\/09\/V\u00e4rien-liplatusta.jpg","contentUrl":"https:\/\/www.ellikki.fi\/korut\/wp-content\/uploads\/2015\/09\/V\u00e4rien-liplatusta.jpg","width":800,"height":450,"caption":"V\u00e4rien liplatusta"},{"@type":"BreadcrumbList","@id":"https:\/\/www.ellikki.fi\/korut\/puffiboksi\/kadentaitomessut-wanhassa-satamassa\/#breadcrumb","itemListElement":[{"@type":"ListItem","position":1,"name":"Ellikki.fi - Helmisuutari","item":"https:\/\/www.ellikki.fi\/korut\/"},{"@type":"ListItem","position":2,"name":"K\u00e4dentaitomessut Wanhassa Satamassa"}]},{"@type":"WebSite","@id":"https:\/\/www.ellikki.fi\/korut\/#website","url":"https:\/\/www.ellikki.fi\/korut\/","name":"Ellikki.fi","description":"Helmisuutari","potentialAction":[{"@type":"SearchAction","target":{"@type":"EntryPoint","urlTemplate":"https:\/\/www.ellikki.fi\/korut\/?s={search_term_string}"},"query-input":{"@type":"PropertyValueSpecification","valueRequired":true,"valueName":"search_term_string"}}],"inLanguage":"fi"},{"@type":"Person","@id":"https:\/\/www.ellikki.fi\/korut\/#\/schema\/person\/4100981f383f4e840417efe2a45a2e13","name":"Ellikki","image":{"@type":"ImageObject","inLanguage":"fi","@id":"https:\/\/www.ellikki.fi\/korut\/#\/schema\/person\/image\/","url":"https:\/\/secure.gravatar.com\/avatar\/68459a81492a7fdb3d3e31353836619029f7a695895440f957f81143855d97ee?s=96&d=mm&r=g","contentUrl":"https:\/\/secure.gravatar.com\/avatar\/68459a81492a7fdb3d3e31353836619029f7a695895440f957f81143855d97ee?s=96&d=mm&r=g","caption":"Ellikki"},"description":"Loputtoman utelias hevostoimittaja, tarinanmets\u00e4st\u00e4j\u00e4 ja koruharrastaja, joka edelleen ihmettelee maailmaa ja koettaa aina silloin t\u00e4ll\u00f6in tehd\u00e4 jotain ensi kertaa el\u00e4m\u00e4ss\u00e4\u00e4n."}]}},"_links":{"self":[{"href":"https:\/\/www.ellikki.fi\/korut\/wp-json\/wp\/v2\/posts\/1004","targetHints":{"allow":["GET"]}}],"collection":[{"href":"https:\/\/www.ellikki.fi\/korut\/wp-json\/wp\/v2\/posts"}],"about":[{"href":"https:\/\/www.ellikki.fi\/korut\/wp-json\/wp\/v2\/types\/post"}],"author":[{"embeddable":true,"href":"https:\/\/www.ellikki.fi\/korut\/wp-json\/wp\/v2\/users\/1"}],"replies":[{"embeddable":true,"href":"https:\/\/www.ellikki.fi\/korut\/wp-json\/wp\/v2\/comments?post=1004"}],"version-history":[{"count":0,"href":"https:\/\/www.ellikki.fi\/korut\/wp-json\/wp\/v2\/posts\/1004\/revisions"}],"wp:featuredmedia":[{"embeddable":true,"href":"https:\/\/www.ellikki.fi\/korut\/wp-json\/wp\/v2\/media\/1006"}],"wp:attachment":[{"href":"https:\/\/www.ellikki.fi\/korut\/wp-json\/wp\/v2\/media?parent=1004"}],"wp:term":[{"taxonomy":"category","embeddable":true,"href":"https:\/\/www.ellikki.fi\/korut\/wp-json\/wp\/v2\/categories?post=1004"},{"taxonomy":"post_tag","embeddable":true,"href":"https:\/\/www.ellikki.fi\/korut\/wp-json\/wp\/v2\/tags?post=1004"}],"curies":[{"name":"wp","href":"https:\/\/api.w.org\/{rel}","templated":true}]}}