{"id":1026,"date":"2015-09-20T20:46:16","date_gmt":"2015-09-20T17:46:16","guid":{"rendered":"http:\/\/www.ellikki.fi\/korut\/?p=1026"},"modified":"2016-11-03T01:49:05","modified_gmt":"2016-11-02T23:49:05","slug":"kadentaitomessut-tarjosivat-iloa-silmille-ja-kasille","status":"publish","type":"post","link":"https:\/\/www.ellikki.fi\/korut\/puffiboksi\/kadentaitomessut-tarjosivat-iloa-silmille-ja-kasille\/","title":{"rendered":"K\u00e4dentaitomessut tarjosivat iloa silmille ja k\u00e4sille"},"content":{"rendered":"<p>Minulle k\u00e4vi niin kuin messuilla aina k\u00e4y: p\u00e4\u00e4tin etten osta nyt ainakaan enemp\u00e4\u00e4 korutarvikkeita enk\u00e4 oikeastaan mit\u00e4\u00e4n muutakaan. Vaan kuinkas sitten k\u00e4vik\u00e4\u00e4n? Kun l\u00f6ytyy hevosenp\u00e4\u00e4heijastin, violetteja Tohon siemenhelmi\u00e4 ja taguanpaloja, joita olen ihastellut etel\u00e4amerikkalaisissa koruissa, eih\u00e4n sellaista tilaisuutta voi olla hy\u00f6dynt\u00e4m\u00e4tt\u00e4. Toho-helmet ovat minulle uusi tuttavuus. P\u00e4\u00e4tin kokeilla niit\u00e4, kun myyj\u00e4 vakuutti ett\u00e4 h\u00e4n on kokeillut useita merkkej\u00e4 ja ne ovat helmist\u00e4 tasalaatuisimmat. Siksi h\u00e4n ei en\u00e4\u00e4 k\u00e4yt\u00e4 muita eik\u00e4 my\u00f6sk\u00e4\u00e4n myy muiden valmistajien siemenhelmi\u00e4.<\/p>\n<p>Jos oli Toho uusi tuttavuus, niin oli my\u00f6s messupaikkana toiminut Wanha Satama. Se rakennettiin vuonna 1896 tullaamattomien tavaroiden s\u00e4ilytyspaikaksi. Rakennus saneerattiin messuk\u00e4ytt\u00f6\u00f6n 1980-luvulla, jolloin kaksi rakennusta yhdistettiin. Niiden v\u00e4liin j\u00e4\u00e4nyt Laukkasaarenkatu koki muodonmuutoksen, kun se sai lasikaton ja laattalattian. Sari Kallio messuja j\u00e4rjest\u00e4v\u00e4st\u00e4 Mediaprosta kertoi, ett\u00e4 Helsingin k\u00e4dentaitomessut j\u00e4rjestet\u00e4\u00e4n kahdesti vuodessa ja yleens\u00e4 k\u00e4vij\u00f6it\u00e4 on 4000-5000. N\u00e4ytteilleasettajia oli t\u00e4m\u00e4n syksyn messuilla 150. Ensimm\u00e4iset k\u00e4dentaitomessut j\u00e4rjestettiin vuonna 2002, ja messuorganisaatio on juuri kokenut sukupolvenvaihdoksen entisten yritt\u00e4jien j\u00e4\u00e4dess\u00e4 el\u00e4kkeelle toukokuussa. Kallio on toiminut j\u00e4rjest\u00e4j\u00e4yrityksess\u00e4 pitk\u00e4\u00e4n ty\u00f6ntekij\u00e4n\u00e4 ja jatkaa edelt\u00e4jien ty\u00f6t\u00e4. J\u00e4rjest\u00e4jill\u00e4 on kaksi vaatimusta n\u00e4ytteilleasettajille: 1) yrityksen pit\u00e4\u00e4 olla k\u00e4sity\u00f6alan yritys ja 2) yritt\u00e4j\u00e4n tulee asua Suomessa. Suurin osa k\u00e4sity\u00f6yritt\u00e4jist\u00e4 on aivan kantasuomalaisia, mutta joukkoon mahtuu my\u00f6s muutama Suomeen muualta muuttanut. \u201dL\u00e4mmitt\u00e4\u00e4 mielt\u00e4 ajatella, ett\u00e4 kaikki n\u00e4m\u00e4 ihmiset ovat tulleet t\u00e4nne ja per\u00e4ti maksaneet sis\u00e4\u00e4np\u00e4\u00e4syst\u00e4 saadakseen n\u00e4hd\u00e4 kotimaista k\u00e4sity\u00f6t\u00e4.\u201d<\/p>\n<p><a href=\"http:\/\/www.ellikki.fi\/korut\/wp-content\/uploads\/2015\/09\/Keskik\u00e4yt\u00e4v\u00e4n-katto.jpg\"><img decoding=\"async\" class=\"aligncenter size-full wp-image-1027\" src=\"http:\/\/www.ellikki.fi\/korut\/wp-content\/uploads\/2015\/09\/Keskik\u00e4yt\u00e4v\u00e4n-katto.jpg\" alt=\"Keskik\u00e4yt\u00e4v\u00e4n katto\" width=\"800\" height=\"533\" srcset=\"https:\/\/www.ellikki.fi\/korut\/wp-content\/uploads\/2015\/09\/Keskik\u00e4yt\u00e4v\u00e4n-katto-200x133.jpg 200w, https:\/\/www.ellikki.fi\/korut\/wp-content\/uploads\/2015\/09\/Keskik\u00e4yt\u00e4v\u00e4n-katto-300x200.jpg 300w, https:\/\/www.ellikki.fi\/korut\/wp-content\/uploads\/2015\/09\/Keskik\u00e4yt\u00e4v\u00e4n-katto-400x267.jpg 400w, https:\/\/www.ellikki.fi\/korut\/wp-content\/uploads\/2015\/09\/Keskik\u00e4yt\u00e4v\u00e4n-katto-600x400.jpg 600w, https:\/\/www.ellikki.fi\/korut\/wp-content\/uploads\/2015\/09\/Keskik\u00e4yt\u00e4v\u00e4n-katto-768x512.jpg 768w, https:\/\/www.ellikki.fi\/korut\/wp-content\/uploads\/2015\/09\/Keskik\u00e4yt\u00e4v\u00e4n-katto.jpg 800w\" sizes=\"(max-width: 800px) 100vw, 800px\" \/><\/a><\/p>\n<p>V\u00e4reist\u00e4 ei ollut puutetta, kun jokainen messuosasto koetti erottautua osastojen katkeamattomasta nauhasta ja houkutella asiakkaita kirkkailla v\u00e4reill\u00e4. Osa n\u00e4ytteilleasettajista on todella panostanut kotimaisuuteen. Pia Nikkosen suunnittelemissa korvakoruissa kristallit tulevat Swarovskilta, mutta niiden ymp\u00e4rill\u00e4 on rengas suomalaista koivua tai ter\u00e4st\u00e4. Kyltin mukaan korut ovat pohjalaista k\u00e4sity\u00f6t\u00e4, ja juuri silt\u00e4 ne n\u00e4ytt\u00e4v\u00e4tkin: hillittyj\u00e4, mutta vaikuttavia.<\/p>\n<p><a href=\"http:\/\/www.ellikki.fi\/korut\/wp-content\/uploads\/2015\/09\/Kotimaista-k\u00e4sity\u00f6t\u00e4.jpg\"><img decoding=\"async\" class=\"aligncenter size-full wp-image-1028\" src=\"http:\/\/www.ellikki.fi\/korut\/wp-content\/uploads\/2015\/09\/Kotimaista-k\u00e4sity\u00f6t\u00e4.jpg\" alt=\"Kotimaista k\u00e4sity\u00f6t\u00e4\" width=\"732\" height=\"800\" srcset=\"https:\/\/www.ellikki.fi\/korut\/wp-content\/uploads\/2015\/09\/Kotimaista-k\u00e4sity\u00f6t\u00e4-200x219.jpg 200w, https:\/\/www.ellikki.fi\/korut\/wp-content\/uploads\/2015\/09\/Kotimaista-k\u00e4sity\u00f6t\u00e4-275x300.jpg 275w, https:\/\/www.ellikki.fi\/korut\/wp-content\/uploads\/2015\/09\/Kotimaista-k\u00e4sity\u00f6t\u00e4-400x437.jpg 400w, https:\/\/www.ellikki.fi\/korut\/wp-content\/uploads\/2015\/09\/Kotimaista-k\u00e4sity\u00f6t\u00e4-600x656.jpg 600w, https:\/\/www.ellikki.fi\/korut\/wp-content\/uploads\/2015\/09\/Kotimaista-k\u00e4sity\u00f6t\u00e4.jpg 732w\" sizes=\"(max-width: 732px) 100vw, 732px\" \/><\/a><\/p>\n<p>P\u00e4iv\u00e4n suurimman yll\u00e4tyksen tarjosi P\u00e4\u00e4kaupunkiseudun Kierr\u00e4tyskeskus. Jokaisessa p\u00e4\u00e4kaupunkiseudun kierr\u00e4tyskeskuksessa on <a href=\"http:\/\/www.kierratyskeskus.fi\/kadentaitopalvelu_napra\" target=\"_blank\"><span style=\"color: #993366;\"><strong>N\u00e4pr\u00e4-myym\u00e4l\u00e4<\/strong><\/span><\/a>, jossa korutarvikkeet, langat ja kankaat vaihtavat omistajaa. N\u00e4pr\u00e4n osastovastaava Marja Peltolan mukaan kysytyimpi\u00e4 ovat korutarvikkeet. Niit\u00e4 tulee v\u00e4hemm\u00e4n kuin lankoja ja kankaita, mutta ne eiv\u00e4t koskaan ehdi kauan vanheta hyllyss\u00e4. Hyv\u00e4n\u00e4 kakkosena tulevat langat ja kankaat. Materiaaleja saadaan yksityisten ihmisten lis\u00e4ksi yrityksilt\u00e4. Tarvikkeita annetaan maksutta oppilaitoksille ja muille ei-kaupallisille tahoille. N\u00e4pr\u00e4ll\u00e4 on menossa viides vuosi, ja tarvikkeiden lis\u00e4ksi he j\u00e4rjest\u00e4v\u00e4t pajoja ja kursseja, jotta k\u00e4dentaitojen harrastaminen olisi mahdollista aivan jokaiselle.<\/p>\n<p><a href=\"http:\/\/www.ellikki.fi\/korut\/wp-content\/uploads\/2015\/09\/Kierr\u00e4tys-N\u00e4pr\u00e4.jpg\"><img decoding=\"async\" class=\"aligncenter size-full wp-image-1029\" src=\"http:\/\/www.ellikki.fi\/korut\/wp-content\/uploads\/2015\/09\/Kierr\u00e4tys-N\u00e4pr\u00e4.jpg\" alt=\"Kierr\u00e4tys-N\u00e4pr\u00e4\" width=\"800\" height=\"533\" srcset=\"https:\/\/www.ellikki.fi\/korut\/wp-content\/uploads\/2015\/09\/Kierr\u00e4tys-N\u00e4pr\u00e4-200x133.jpg 200w, https:\/\/www.ellikki.fi\/korut\/wp-content\/uploads\/2015\/09\/Kierr\u00e4tys-N\u00e4pr\u00e4-300x200.jpg 300w, https:\/\/www.ellikki.fi\/korut\/wp-content\/uploads\/2015\/09\/Kierr\u00e4tys-N\u00e4pr\u00e4-400x267.jpg 400w, https:\/\/www.ellikki.fi\/korut\/wp-content\/uploads\/2015\/09\/Kierr\u00e4tys-N\u00e4pr\u00e4-600x400.jpg 600w, https:\/\/www.ellikki.fi\/korut\/wp-content\/uploads\/2015\/09\/Kierr\u00e4tys-N\u00e4pr\u00e4-768x512.jpg 768w, https:\/\/www.ellikki.fi\/korut\/wp-content\/uploads\/2015\/09\/Kierr\u00e4tys-N\u00e4pr\u00e4.jpg 800w\" sizes=\"(max-width: 800px) 100vw, 800px\" \/><\/a><\/p>\n<p>Kolmas koruharrastajan mielenkiinnon t\u00e4n\u00e4\u00e4n her\u00e4tt\u00e4nyt koju oli Niina Halosen lasihelmet. Kultasep\u00e4n koulutuksen saanut Halonen tekee itse lamppuhelmi\u00e4 ja h\u00e4nell\u00e4 oli tiskill\u00e4 esill\u00e4 kirja, jossa oli kuvattuna yhden helmen valmistusvaiheet suurina v\u00e4rikuvina. Kuvat ja paikan p\u00e4\u00e4ll\u00e4 saatu selostus auttoi hahmottamaan, miten lasihelmi\u00e4 tehd\u00e4\u00e4n k\u00e4sity\u00f6n\u00e4. H\u00e4n on yhdist\u00e4nyt kultasep\u00e4n ja helmentekij\u00e4n taidot sormuksissa. H\u00e4nen kertoi helmenteon lis\u00e4ksi lujan lasihelmen salaisuuden: helmi l\u00e4mmitet\u00e4\u00e4n lopuksi 500 asteeseen ja sen annetaan j\u00e4\u00e4hty\u00e4 rauhassa. Lasista h\u00e4vi\u00e4v\u00e4t silloin kaikki j\u00e4nnitteet, jotka voisivat aiheuttaa murtumia lasiin. Helmest\u00e4 tulee kuula, joka johonkin osuessaan hajottaa todenn\u00e4k\u00f6isemmin kohteen kuin hajoaa itse. H\u00e4n kertoi testanneensa t\u00e4t\u00e4 joskus kylpyhuoneen kaakeleilla. T\u00e4st\u00e4 ottelusta lasihelmi kuulemma selvisi naarmuitta, kaakelille k\u00e4vi hiukan huonommin.<\/p>\n<p><a href=\"http:\/\/www.ellikki.fi\/korut\/wp-content\/uploads\/2015\/09\/K\u00e4sintehtyj\u00e4-lasihelmi\u00e4.jpg\"><img decoding=\"async\" class=\"aligncenter size-full wp-image-1030\" src=\"http:\/\/www.ellikki.fi\/korut\/wp-content\/uploads\/2015\/09\/K\u00e4sintehtyj\u00e4-lasihelmi\u00e4.jpg\" alt=\"K\u00e4sintehtyj\u00e4 lasihelmi\u00e4\" width=\"800\" height=\"533\" srcset=\"https:\/\/www.ellikki.fi\/korut\/wp-content\/uploads\/2015\/09\/K\u00e4sintehtyj\u00e4-lasihelmi\u00e4-200x133.jpg 200w, https:\/\/www.ellikki.fi\/korut\/wp-content\/uploads\/2015\/09\/K\u00e4sintehtyj\u00e4-lasihelmi\u00e4-300x200.jpg 300w, https:\/\/www.ellikki.fi\/korut\/wp-content\/uploads\/2015\/09\/K\u00e4sintehtyj\u00e4-lasihelmi\u00e4-400x267.jpg 400w, https:\/\/www.ellikki.fi\/korut\/wp-content\/uploads\/2015\/09\/K\u00e4sintehtyj\u00e4-lasihelmi\u00e4-600x400.jpg 600w, https:\/\/www.ellikki.fi\/korut\/wp-content\/uploads\/2015\/09\/K\u00e4sintehtyj\u00e4-lasihelmi\u00e4-768x512.jpg 768w, https:\/\/www.ellikki.fi\/korut\/wp-content\/uploads\/2015\/09\/K\u00e4sintehtyj\u00e4-lasihelmi\u00e4.jpg 800w\" sizes=\"(max-width: 800px) 100vw, 800px\" \/><\/a><\/p>\n<p><a href=\"http:\/\/www.ellikki.fi\/korut\/wp-content\/uploads\/2015\/09\/Lasihelmisormuksia.jpg\"><img decoding=\"async\" class=\"aligncenter size-full wp-image-1031\" src=\"http:\/\/www.ellikki.fi\/korut\/wp-content\/uploads\/2015\/09\/Lasihelmisormuksia.jpg\" alt=\"Lasihelmisormuksia\" width=\"800\" height=\"547\" srcset=\"https:\/\/www.ellikki.fi\/korut\/wp-content\/uploads\/2015\/09\/Lasihelmisormuksia-200x137.jpg 200w, https:\/\/www.ellikki.fi\/korut\/wp-content\/uploads\/2015\/09\/Lasihelmisormuksia-300x205.jpg 300w, https:\/\/www.ellikki.fi\/korut\/wp-content\/uploads\/2015\/09\/Lasihelmisormuksia-400x274.jpg 400w, https:\/\/www.ellikki.fi\/korut\/wp-content\/uploads\/2015\/09\/Lasihelmisormuksia-600x410.jpg 600w, https:\/\/www.ellikki.fi\/korut\/wp-content\/uploads\/2015\/09\/Lasihelmisormuksia-768x525.jpg 768w, https:\/\/www.ellikki.fi\/korut\/wp-content\/uploads\/2015\/09\/Lasihelmisormuksia.jpg 800w\" sizes=\"(max-width: 800px) 100vw, 800px\" \/><\/a><\/p>\n<p>Kaikkea mielenkiintoista en p\u00e4\u00e4ssyt kuvaamaan, sill\u00e4 harmittavasti jotkut n\u00e4ytteilleasettajat eiv\u00e4t sallineet t\u00f6idens\u00e4 kuvaamista ja toiset antoivat luvan, kunhan ensin halusivat tiet\u00e4\u00e4 mihin tarkoitukseen kuvat tulevat. En ole Messukeskuksen k\u00e4dentaitomessuilla koskaan t\u00f6rm\u00e4nnyt t\u00e4llaiseen ilmi\u00f6\u00f6n enk\u00e4 aivan ymm\u00e4rr\u00e4, miksi suhtautuminen oli niin nihke\u00e4\u00e4. Onneksi suurin osa oli vain hyvill\u00e4\u00e4n siit\u00e4, ett\u00e4 bloggaaja on kiinnostunut heid\u00e4n k\u00e4sit\u00f6ist\u00e4\u00e4n ja haluaa n\u00e4ytt\u00e4\u00e4 niit\u00e4 muillekin.<\/p>\n<div class=\"fusion-fullwidth fullwidth-box fusion-builder-row-1 hundred-percent-fullwidth non-hundred-percent-height-scrolling\" style=\"--awb-border-radius-top-left:0px;--awb-border-radius-top-right:0px;--awb-border-radius-bottom-right:0px;--awb-border-radius-bottom-left:0px;--awb-overflow:visible;--awb-flex-wrap:wrap;\" ><div class=\"fusion-builder-row fusion-row\"><div class=\"fusion-layout-column fusion_builder_column fusion-builder-column-0 fusion_builder_column_1_1 1_1 fusion-one-full fusion-column-first fusion-column-last fusion-column-no-min-height\" style=\"--awb-bg-size:cover;--awb-margin-bottom:0px;\"><div class=\"fusion-column-wrapper fusion-flex-column-wrapper-legacy\"><div id=\"attachment_1033\" style=\"width: 810px\" class=\"wp-caption aligncenter\"><a href=\"http:\/\/www.ellikki.fi\/korut\/wp-content\/uploads\/2015\/09\/Fimo-kakkuja.jpg\"><img decoding=\"async\" aria-describedby=\"caption-attachment-1033\" class=\"wp-image-1033 size-full\" src=\"http:\/\/www.ellikki.fi\/korut\/wp-content\/uploads\/2015\/09\/Fimo-kakkuja.jpg\" alt=\"Fimo-kakkuja\" width=\"800\" height=\"561\" srcset=\"https:\/\/www.ellikki.fi\/korut\/wp-content\/uploads\/2015\/09\/Fimo-kakkuja-200x140.jpg 200w, https:\/\/www.ellikki.fi\/korut\/wp-content\/uploads\/2015\/09\/Fimo-kakkuja-300x210.jpg 300w, https:\/\/www.ellikki.fi\/korut\/wp-content\/uploads\/2015\/09\/Fimo-kakkuja-400x281.jpg 400w, https:\/\/www.ellikki.fi\/korut\/wp-content\/uploads\/2015\/09\/Fimo-kakkuja-600x421.jpg 600w, https:\/\/www.ellikki.fi\/korut\/wp-content\/uploads\/2015\/09\/Fimo-kakkuja-768x539.jpg 768w, https:\/\/www.ellikki.fi\/korut\/wp-content\/uploads\/2015\/09\/Fimo-kakkuja.jpg 800w\" sizes=\"(max-width: 800px) 100vw, 800px\" \/><\/a><p id=\"caption-attachment-1033\" class=\"wp-caption-text\">Polymeerisokerileipuri leipoi kakkuja, jotka ovat p\u00e4\u00e4lt\u00e4 kauniita.<\/p><\/div>\n<p>&nbsp;<\/p>\n<div class=\"fusion-clearfix\"><\/div><\/div><\/div><div class=\"fusion-layout-column fusion_builder_column fusion-builder-column-1 fusion_builder_column_1_1 1_1 fusion-one-full fusion-column-first fusion-column-last fusion-column-no-min-height\" style=\"--awb-bg-size:cover;--awb-margin-bottom:0px;\"><div class=\"fusion-column-wrapper fusion-flex-column-wrapper-legacy\"><div id=\"attachment_1035\" style=\"width: 810px\" class=\"wp-caption aligncenter\"><a href=\"http:\/\/www.ellikki.fi\/korut\/wp-content\/uploads\/2015\/09\/Sellukoruja.jpg\"><img decoding=\"async\" aria-describedby=\"caption-attachment-1035\" class=\"wp-image-1035 size-full\" src=\"http:\/\/www.ellikki.fi\/korut\/wp-content\/uploads\/2015\/09\/Sellukoruja.jpg\" alt=\"Sellukoruja\" width=\"800\" height=\"570\" srcset=\"https:\/\/www.ellikki.fi\/korut\/wp-content\/uploads\/2015\/09\/Sellukoruja-200x143.jpg 200w, https:\/\/www.ellikki.fi\/korut\/wp-content\/uploads\/2015\/09\/Sellukoruja-300x214.jpg 300w, https:\/\/www.ellikki.fi\/korut\/wp-content\/uploads\/2015\/09\/Sellukoruja-400x285.jpg 400w, https:\/\/www.ellikki.fi\/korut\/wp-content\/uploads\/2015\/09\/Sellukoruja-600x428.jpg 600w, https:\/\/www.ellikki.fi\/korut\/wp-content\/uploads\/2015\/09\/Sellukoruja-768x547.jpg 768w, https:\/\/www.ellikki.fi\/korut\/wp-content\/uploads\/2015\/09\/Sellukoruja.jpg 800w\" sizes=\"(max-width: 800px) 100vw, 800px\" \/><\/a><p id=\"caption-attachment-1035\" class=\"wp-caption-text\">N\u00e4m\u00e4 korut on valmistettu teollisuudelta ylij\u00e4\u00e4neest\u00e4 selluloosasta.<\/p><\/div>\n<div class=\"fusion-clearfix\"><\/div><\/div><\/div><div class=\"fusion-layout-column fusion_builder_column fusion-builder-column-2 fusion_builder_column_1_1 1_1 fusion-one-full fusion-column-first fusion-column-last fusion-column-no-min-height\" style=\"--awb-bg-size:cover;--awb-margin-bottom:0px;\"><div class=\"fusion-column-wrapper fusion-flex-column-wrapper-legacy\"><div id=\"attachment_1036\" style=\"width: 810px\" class=\"wp-caption aligncenter\"><a href=\"http:\/\/www.ellikki.fi\/korut\/wp-content\/uploads\/2015\/09\/Vetoketjurannekkeita.jpg\"><img decoding=\"async\" aria-describedby=\"caption-attachment-1036\" class=\"wp-image-1036 size-full\" src=\"http:\/\/www.ellikki.fi\/korut\/wp-content\/uploads\/2015\/09\/Vetoketjurannekkeita.jpg\" alt=\"Vetoketjurannekkeita\" width=\"800\" height=\"533\" srcset=\"https:\/\/www.ellikki.fi\/korut\/wp-content\/uploads\/2015\/09\/Vetoketjurannekkeita-200x133.jpg 200w, https:\/\/www.ellikki.fi\/korut\/wp-content\/uploads\/2015\/09\/Vetoketjurannekkeita-300x200.jpg 300w, https:\/\/www.ellikki.fi\/korut\/wp-content\/uploads\/2015\/09\/Vetoketjurannekkeita-400x267.jpg 400w, https:\/\/www.ellikki.fi\/korut\/wp-content\/uploads\/2015\/09\/Vetoketjurannekkeita-600x400.jpg 600w, https:\/\/www.ellikki.fi\/korut\/wp-content\/uploads\/2015\/09\/Vetoketjurannekkeita-768x512.jpg 768w, https:\/\/www.ellikki.fi\/korut\/wp-content\/uploads\/2015\/09\/Vetoketjurannekkeita.jpg 800w\" sizes=\"(max-width: 800px) 100vw, 800px\" \/><\/a><p id=\"caption-attachment-1036\" class=\"wp-caption-text\">Vetoketjuista voi tehd\u00e4 rannekkeita, avainnauhoja ja k\u00e4silaukkuja.<\/p><\/div>\n<div class=\"fusion-clearfix\"><\/div><\/div><\/div><div class=\"fusion-layout-column fusion_builder_column fusion-builder-column-3 fusion_builder_column_1_1 1_1 fusion-one-full fusion-column-first fusion-column-last fusion-column-no-min-height\" style=\"--awb-bg-size:cover;--awb-margin-bottom:0px;\"><div class=\"fusion-column-wrapper fusion-flex-column-wrapper-legacy\"><div id=\"attachment_1037\" style=\"width: 810px\" class=\"wp-caption aligncenter\"><a href=\"http:\/\/www.ellikki.fi\/korut\/wp-content\/uploads\/2015\/09\/Lankakeri\u00e4.jpg\"><img decoding=\"async\" aria-describedby=\"caption-attachment-1037\" class=\"wp-image-1037 size-full\" src=\"http:\/\/www.ellikki.fi\/korut\/wp-content\/uploads\/2015\/09\/Lankakeri\u00e4.jpg\" alt=\"Lankakeri\u00e4\" width=\"800\" height=\"531\" srcset=\"https:\/\/www.ellikki.fi\/korut\/wp-content\/uploads\/2015\/09\/Lankakeri\u00e4-200x133.jpg 200w, https:\/\/www.ellikki.fi\/korut\/wp-content\/uploads\/2015\/09\/Lankakeri\u00e4-300x199.jpg 300w, https:\/\/www.ellikki.fi\/korut\/wp-content\/uploads\/2015\/09\/Lankakeri\u00e4-400x266.jpg 400w, https:\/\/www.ellikki.fi\/korut\/wp-content\/uploads\/2015\/09\/Lankakeri\u00e4-600x398.jpg 600w, https:\/\/www.ellikki.fi\/korut\/wp-content\/uploads\/2015\/09\/Lankakeri\u00e4-768x510.jpg 768w, https:\/\/www.ellikki.fi\/korut\/wp-content\/uploads\/2015\/09\/Lankakeri\u00e4.jpg 800w\" sizes=\"(max-width: 800px) 100vw, 800px\" \/><\/a><p id=\"caption-attachment-1037\" class=\"wp-caption-text\">Suurin osa myi valmiita k\u00e4sity\u00f6tuotteita, mutta k\u00e4sity\u00f6tarvikkeiden myyji\u00e4kin oli ihan mukavasti.<\/p><\/div>\n<p><a href=\"http:\/\/www.ellikki.fi\/korut\/wp-content\/uploads\/2015\/09\/Huopakukkia.jpg\"><img decoding=\"async\" class=\"aligncenter size-full wp-image-1038\" src=\"http:\/\/www.ellikki.fi\/korut\/wp-content\/uploads\/2015\/09\/Huopakukkia.jpg\" alt=\"Huopakukkia\" width=\"800\" height=\"549\" srcset=\"https:\/\/www.ellikki.fi\/korut\/wp-content\/uploads\/2015\/09\/Huopakukkia-200x137.jpg 200w, https:\/\/www.ellikki.fi\/korut\/wp-content\/uploads\/2015\/09\/Huopakukkia-300x206.jpg 300w, https:\/\/www.ellikki.fi\/korut\/wp-content\/uploads\/2015\/09\/Huopakukkia-400x275.jpg 400w, https:\/\/www.ellikki.fi\/korut\/wp-content\/uploads\/2015\/09\/Huopakukkia-600x412.jpg 600w, https:\/\/www.ellikki.fi\/korut\/wp-content\/uploads\/2015\/09\/Huopakukkia-768x527.jpg 768w, https:\/\/www.ellikki.fi\/korut\/wp-content\/uploads\/2015\/09\/Huopakukkia.jpg 800w\" sizes=\"(max-width: 800px) 100vw, 800px\" \/><\/a><div class=\"fusion-clearfix\"><\/div><\/div><\/div><\/div><\/div>\n","protected":false},"excerpt":{"rendered":"<p>Minulle k\u00e4vi niin kuin messuilla aina k\u00e4y: p\u00e4\u00e4tin etten osta nyt ainakaan enemp\u00e4\u00e4 korutarvikkeita enk\u00e4 oikeastaan mit\u00e4\u00e4n muutakaan. Vaan kuinkas sitten k\u00e4vik\u00e4\u00e4n? Kun l\u00f6ytyy hevosenp\u00e4\u00e4heijastin, violetteja Tohon siemenhelmi\u00e4 ja taguanpaloja, joita olen ihastellut etel\u00e4amerikkalaisissa koruissa,  [&#8230;]<\/p>\n","protected":false},"author":1,"featured_media":1034,"comment_status":"open","ping_status":"closed","sticky":false,"template":"","format":"standard","meta":{"footnotes":""},"categories":[8],"tags":[94,212,209],"class_list":["post-1026","post","type-post","status-publish","format-standard","has-post-thumbnail","hentry","category-puffiboksi","tag-kadentaitomessut","tag-mediapro","tag-wanha-satama"],"yoast_head":"<!-- This site is optimized with the Yoast SEO plugin v27.1.1 - https:\/\/yoast.com\/product\/yoast-seo-wordpress\/ -->\n<title>K\u00e4dentaitomessut tarjosivat iloa silmille ja k\u00e4sille - Ellikki.fi<\/title>\n<meta name=\"description\" content=\"Parhaat palat viikonlopun k\u00e4dentaitomessuilta.\" \/>\n<meta name=\"robots\" content=\"index, follow, max-snippet:-1, max-image-preview:large, max-video-preview:-1\" \/>\n<link rel=\"canonical\" href=\"https:\/\/www.ellikki.fi\/korut\/puffiboksi\/kadentaitomessut-tarjosivat-iloa-silmille-ja-kasille\/\" \/>\n<meta property=\"og:locale\" content=\"fi_FI\" \/>\n<meta property=\"og:type\" content=\"article\" \/>\n<meta property=\"og:title\" content=\"K\u00e4dentaitomessut tarjosivat iloa silmille ja k\u00e4sille - Ellikki.fi\" \/>\n<meta property=\"og:description\" content=\"Parhaat palat viikonlopun k\u00e4dentaitomessuilta.\" \/>\n<meta property=\"og:url\" content=\"https:\/\/www.ellikki.fi\/korut\/puffiboksi\/kadentaitomessut-tarjosivat-iloa-silmille-ja-kasille\/\" \/>\n<meta property=\"og:site_name\" content=\"Ellikki.fi\" \/>\n<meta property=\"article:publisher\" content=\"https:\/\/www.facebook.com\/ellikki\" \/>\n<meta property=\"article:published_time\" content=\"2015-09-20T17:46:16+00:00\" \/>\n<meta property=\"article:modified_time\" content=\"2016-11-02T23:49:05+00:00\" \/>\n<meta property=\"og:image\" content=\"https:\/\/www.ellikki.fi\/korut\/wp-content\/uploads\/2015\/09\/Laamanaama.jpg\" \/>\n\t<meta property=\"og:image:width\" content=\"667\" \/>\n\t<meta property=\"og:image:height\" content=\"800\" \/>\n\t<meta property=\"og:image:type\" content=\"image\/jpeg\" \/>\n<meta name=\"author\" content=\"Ellikki\" \/>\n<meta name=\"twitter:card\" content=\"summary_large_image\" \/>\n<meta name=\"twitter:creator\" content=\"@eltalvio\" \/>\n<meta name=\"twitter:site\" content=\"@eltalvio\" \/>\n<meta name=\"twitter:label1\" content=\"Kirjoittanut\" \/>\n\t<meta name=\"twitter:data1\" content=\"Ellikki\" \/>\n\t<meta name=\"twitter:label2\" content=\"Arvioitu lukuaika\" \/>\n\t<meta name=\"twitter:data2\" content=\"5 minuuttia\" \/>\n<script type=\"application\/ld+json\" class=\"yoast-schema-graph\">{\"@context\":\"https:\/\/schema.org\",\"@graph\":[{\"@type\":\"Article\",\"@id\":\"https:\/\/www.ellikki.fi\/korut\/puffiboksi\/kadentaitomessut-tarjosivat-iloa-silmille-ja-kasille\/#article\",\"isPartOf\":{\"@id\":\"https:\/\/www.ellikki.fi\/korut\/puffiboksi\/kadentaitomessut-tarjosivat-iloa-silmille-ja-kasille\/\"},\"author\":{\"name\":\"Ellikki\",\"@id\":\"https:\/\/www.ellikki.fi\/korut\/#\/schema\/person\/4100981f383f4e840417efe2a45a2e13\"},\"headline\":\"K\u00e4dentaitomessut tarjosivat iloa silmille ja k\u00e4sille\",\"datePublished\":\"2015-09-20T17:46:16+00:00\",\"dateModified\":\"2016-11-02T23:49:05+00:00\",\"mainEntityOfPage\":{\"@id\":\"https:\/\/www.ellikki.fi\/korut\/puffiboksi\/kadentaitomessut-tarjosivat-iloa-silmille-ja-kasille\/\"},\"wordCount\":963,\"commentCount\":0,\"image\":{\"@id\":\"https:\/\/www.ellikki.fi\/korut\/puffiboksi\/kadentaitomessut-tarjosivat-iloa-silmille-ja-kasille\/#primaryimage\"},\"thumbnailUrl\":\"https:\/\/www.ellikki.fi\/korut\/wp-content\/uploads\/2015\/09\/Laamanaama.jpg\",\"keywords\":[\"k\u00e4dentaitomessut\",\"Mediapro\",\"Wanha Satama\"],\"articleSection\":[\"Puffiboksi\"],\"inLanguage\":\"fi\",\"potentialAction\":[{\"@type\":\"CommentAction\",\"name\":\"Comment\",\"target\":[\"https:\/\/www.ellikki.fi\/korut\/puffiboksi\/kadentaitomessut-tarjosivat-iloa-silmille-ja-kasille\/#respond\"]}]},{\"@type\":\"WebPage\",\"@id\":\"https:\/\/www.ellikki.fi\/korut\/puffiboksi\/kadentaitomessut-tarjosivat-iloa-silmille-ja-kasille\/\",\"url\":\"https:\/\/www.ellikki.fi\/korut\/puffiboksi\/kadentaitomessut-tarjosivat-iloa-silmille-ja-kasille\/\",\"name\":\"K\u00e4dentaitomessut tarjosivat iloa silmille ja k\u00e4sille - Ellikki.fi\",\"isPartOf\":{\"@id\":\"https:\/\/www.ellikki.fi\/korut\/#website\"},\"primaryImageOfPage\":{\"@id\":\"https:\/\/www.ellikki.fi\/korut\/puffiboksi\/kadentaitomessut-tarjosivat-iloa-silmille-ja-kasille\/#primaryimage\"},\"image\":{\"@id\":\"https:\/\/www.ellikki.fi\/korut\/puffiboksi\/kadentaitomessut-tarjosivat-iloa-silmille-ja-kasille\/#primaryimage\"},\"thumbnailUrl\":\"https:\/\/www.ellikki.fi\/korut\/wp-content\/uploads\/2015\/09\/Laamanaama.jpg\",\"datePublished\":\"2015-09-20T17:46:16+00:00\",\"dateModified\":\"2016-11-02T23:49:05+00:00\",\"author\":{\"@id\":\"https:\/\/www.ellikki.fi\/korut\/#\/schema\/person\/4100981f383f4e840417efe2a45a2e13\"},\"description\":\"Parhaat palat viikonlopun k\u00e4dentaitomessuilta.\",\"breadcrumb\":{\"@id\":\"https:\/\/www.ellikki.fi\/korut\/puffiboksi\/kadentaitomessut-tarjosivat-iloa-silmille-ja-kasille\/#breadcrumb\"},\"inLanguage\":\"fi\",\"potentialAction\":[{\"@type\":\"ReadAction\",\"target\":[\"https:\/\/www.ellikki.fi\/korut\/puffiboksi\/kadentaitomessut-tarjosivat-iloa-silmille-ja-kasille\/\"]}]},{\"@type\":\"ImageObject\",\"inLanguage\":\"fi\",\"@id\":\"https:\/\/www.ellikki.fi\/korut\/puffiboksi\/kadentaitomessut-tarjosivat-iloa-silmille-ja-kasille\/#primaryimage\",\"url\":\"https:\/\/www.ellikki.fi\/korut\/wp-content\/uploads\/2015\/09\/Laamanaama.jpg\",\"contentUrl\":\"https:\/\/www.ellikki.fi\/korut\/wp-content\/uploads\/2015\/09\/Laamanaama.jpg\",\"width\":667,\"height\":800,\"caption\":\"Laamanaama\"},{\"@type\":\"BreadcrumbList\",\"@id\":\"https:\/\/www.ellikki.fi\/korut\/puffiboksi\/kadentaitomessut-tarjosivat-iloa-silmille-ja-kasille\/#breadcrumb\",\"itemListElement\":[{\"@type\":\"ListItem\",\"position\":1,\"name\":\"Ellikki.fi - Helmisuutari\",\"item\":\"https:\/\/www.ellikki.fi\/korut\/\"},{\"@type\":\"ListItem\",\"position\":2,\"name\":\"K\u00e4dentaitomessut tarjosivat iloa silmille ja k\u00e4sille\"}]},{\"@type\":\"WebSite\",\"@id\":\"https:\/\/www.ellikki.fi\/korut\/#website\",\"url\":\"https:\/\/www.ellikki.fi\/korut\/\",\"name\":\"Ellikki.fi\",\"description\":\"Helmisuutari\",\"potentialAction\":[{\"@type\":\"SearchAction\",\"target\":{\"@type\":\"EntryPoint\",\"urlTemplate\":\"https:\/\/www.ellikki.fi\/korut\/?s={search_term_string}\"},\"query-input\":{\"@type\":\"PropertyValueSpecification\",\"valueRequired\":true,\"valueName\":\"search_term_string\"}}],\"inLanguage\":\"fi\"},{\"@type\":\"Person\",\"@id\":\"https:\/\/www.ellikki.fi\/korut\/#\/schema\/person\/4100981f383f4e840417efe2a45a2e13\",\"name\":\"Ellikki\",\"image\":{\"@type\":\"ImageObject\",\"inLanguage\":\"fi\",\"@id\":\"https:\/\/www.ellikki.fi\/korut\/#\/schema\/person\/image\/\",\"url\":\"https:\/\/secure.gravatar.com\/avatar\/68459a81492a7fdb3d3e31353836619029f7a695895440f957f81143855d97ee?s=96&d=mm&r=g\",\"contentUrl\":\"https:\/\/secure.gravatar.com\/avatar\/68459a81492a7fdb3d3e31353836619029f7a695895440f957f81143855d97ee?s=96&d=mm&r=g\",\"caption\":\"Ellikki\"},\"description\":\"Loputtoman utelias hevostoimittaja, tarinanmets\u00e4st\u00e4j\u00e4 ja koruharrastaja, joka edelleen ihmettelee maailmaa ja koettaa aina silloin t\u00e4ll\u00f6in tehd\u00e4 jotain ensi kertaa el\u00e4m\u00e4ss\u00e4\u00e4n.\"}]}<\/script>\n<!-- \/ Yoast SEO plugin. -->","yoast_head_json":{"title":"K\u00e4dentaitomessut tarjosivat iloa silmille ja k\u00e4sille - Ellikki.fi","description":"Parhaat palat viikonlopun k\u00e4dentaitomessuilta.","robots":{"index":"index","follow":"follow","max-snippet":"max-snippet:-1","max-image-preview":"max-image-preview:large","max-video-preview":"max-video-preview:-1"},"canonical":"https:\/\/www.ellikki.fi\/korut\/puffiboksi\/kadentaitomessut-tarjosivat-iloa-silmille-ja-kasille\/","og_locale":"fi_FI","og_type":"article","og_title":"K\u00e4dentaitomessut tarjosivat iloa silmille ja k\u00e4sille - Ellikki.fi","og_description":"Parhaat palat viikonlopun k\u00e4dentaitomessuilta.","og_url":"https:\/\/www.ellikki.fi\/korut\/puffiboksi\/kadentaitomessut-tarjosivat-iloa-silmille-ja-kasille\/","og_site_name":"Ellikki.fi","article_publisher":"https:\/\/www.facebook.com\/ellikki","article_published_time":"2015-09-20T17:46:16+00:00","article_modified_time":"2016-11-02T23:49:05+00:00","og_image":[{"width":667,"height":800,"url":"https:\/\/www.ellikki.fi\/korut\/wp-content\/uploads\/2015\/09\/Laamanaama.jpg","type":"image\/jpeg"}],"author":"Ellikki","twitter_card":"summary_large_image","twitter_creator":"@eltalvio","twitter_site":"@eltalvio","twitter_misc":{"Kirjoittanut":"Ellikki","Arvioitu lukuaika":"5 minuuttia"},"schema":{"@context":"https:\/\/schema.org","@graph":[{"@type":"Article","@id":"https:\/\/www.ellikki.fi\/korut\/puffiboksi\/kadentaitomessut-tarjosivat-iloa-silmille-ja-kasille\/#article","isPartOf":{"@id":"https:\/\/www.ellikki.fi\/korut\/puffiboksi\/kadentaitomessut-tarjosivat-iloa-silmille-ja-kasille\/"},"author":{"name":"Ellikki","@id":"https:\/\/www.ellikki.fi\/korut\/#\/schema\/person\/4100981f383f4e840417efe2a45a2e13"},"headline":"K\u00e4dentaitomessut tarjosivat iloa silmille ja k\u00e4sille","datePublished":"2015-09-20T17:46:16+00:00","dateModified":"2016-11-02T23:49:05+00:00","mainEntityOfPage":{"@id":"https:\/\/www.ellikki.fi\/korut\/puffiboksi\/kadentaitomessut-tarjosivat-iloa-silmille-ja-kasille\/"},"wordCount":963,"commentCount":0,"image":{"@id":"https:\/\/www.ellikki.fi\/korut\/puffiboksi\/kadentaitomessut-tarjosivat-iloa-silmille-ja-kasille\/#primaryimage"},"thumbnailUrl":"https:\/\/www.ellikki.fi\/korut\/wp-content\/uploads\/2015\/09\/Laamanaama.jpg","keywords":["k\u00e4dentaitomessut","Mediapro","Wanha Satama"],"articleSection":["Puffiboksi"],"inLanguage":"fi","potentialAction":[{"@type":"CommentAction","name":"Comment","target":["https:\/\/www.ellikki.fi\/korut\/puffiboksi\/kadentaitomessut-tarjosivat-iloa-silmille-ja-kasille\/#respond"]}]},{"@type":"WebPage","@id":"https:\/\/www.ellikki.fi\/korut\/puffiboksi\/kadentaitomessut-tarjosivat-iloa-silmille-ja-kasille\/","url":"https:\/\/www.ellikki.fi\/korut\/puffiboksi\/kadentaitomessut-tarjosivat-iloa-silmille-ja-kasille\/","name":"K\u00e4dentaitomessut tarjosivat iloa silmille ja k\u00e4sille - Ellikki.fi","isPartOf":{"@id":"https:\/\/www.ellikki.fi\/korut\/#website"},"primaryImageOfPage":{"@id":"https:\/\/www.ellikki.fi\/korut\/puffiboksi\/kadentaitomessut-tarjosivat-iloa-silmille-ja-kasille\/#primaryimage"},"image":{"@id":"https:\/\/www.ellikki.fi\/korut\/puffiboksi\/kadentaitomessut-tarjosivat-iloa-silmille-ja-kasille\/#primaryimage"},"thumbnailUrl":"https:\/\/www.ellikki.fi\/korut\/wp-content\/uploads\/2015\/09\/Laamanaama.jpg","datePublished":"2015-09-20T17:46:16+00:00","dateModified":"2016-11-02T23:49:05+00:00","author":{"@id":"https:\/\/www.ellikki.fi\/korut\/#\/schema\/person\/4100981f383f4e840417efe2a45a2e13"},"description":"Parhaat palat viikonlopun k\u00e4dentaitomessuilta.","breadcrumb":{"@id":"https:\/\/www.ellikki.fi\/korut\/puffiboksi\/kadentaitomessut-tarjosivat-iloa-silmille-ja-kasille\/#breadcrumb"},"inLanguage":"fi","potentialAction":[{"@type":"ReadAction","target":["https:\/\/www.ellikki.fi\/korut\/puffiboksi\/kadentaitomessut-tarjosivat-iloa-silmille-ja-kasille\/"]}]},{"@type":"ImageObject","inLanguage":"fi","@id":"https:\/\/www.ellikki.fi\/korut\/puffiboksi\/kadentaitomessut-tarjosivat-iloa-silmille-ja-kasille\/#primaryimage","url":"https:\/\/www.ellikki.fi\/korut\/wp-content\/uploads\/2015\/09\/Laamanaama.jpg","contentUrl":"https:\/\/www.ellikki.fi\/korut\/wp-content\/uploads\/2015\/09\/Laamanaama.jpg","width":667,"height":800,"caption":"Laamanaama"},{"@type":"BreadcrumbList","@id":"https:\/\/www.ellikki.fi\/korut\/puffiboksi\/kadentaitomessut-tarjosivat-iloa-silmille-ja-kasille\/#breadcrumb","itemListElement":[{"@type":"ListItem","position":1,"name":"Ellikki.fi - Helmisuutari","item":"https:\/\/www.ellikki.fi\/korut\/"},{"@type":"ListItem","position":2,"name":"K\u00e4dentaitomessut tarjosivat iloa silmille ja k\u00e4sille"}]},{"@type":"WebSite","@id":"https:\/\/www.ellikki.fi\/korut\/#website","url":"https:\/\/www.ellikki.fi\/korut\/","name":"Ellikki.fi","description":"Helmisuutari","potentialAction":[{"@type":"SearchAction","target":{"@type":"EntryPoint","urlTemplate":"https:\/\/www.ellikki.fi\/korut\/?s={search_term_string}"},"query-input":{"@type":"PropertyValueSpecification","valueRequired":true,"valueName":"search_term_string"}}],"inLanguage":"fi"},{"@type":"Person","@id":"https:\/\/www.ellikki.fi\/korut\/#\/schema\/person\/4100981f383f4e840417efe2a45a2e13","name":"Ellikki","image":{"@type":"ImageObject","inLanguage":"fi","@id":"https:\/\/www.ellikki.fi\/korut\/#\/schema\/person\/image\/","url":"https:\/\/secure.gravatar.com\/avatar\/68459a81492a7fdb3d3e31353836619029f7a695895440f957f81143855d97ee?s=96&d=mm&r=g","contentUrl":"https:\/\/secure.gravatar.com\/avatar\/68459a81492a7fdb3d3e31353836619029f7a695895440f957f81143855d97ee?s=96&d=mm&r=g","caption":"Ellikki"},"description":"Loputtoman utelias hevostoimittaja, tarinanmets\u00e4st\u00e4j\u00e4 ja koruharrastaja, joka edelleen ihmettelee maailmaa ja koettaa aina silloin t\u00e4ll\u00f6in tehd\u00e4 jotain ensi kertaa el\u00e4m\u00e4ss\u00e4\u00e4n."}]}},"_links":{"self":[{"href":"https:\/\/www.ellikki.fi\/korut\/wp-json\/wp\/v2\/posts\/1026","targetHints":{"allow":["GET"]}}],"collection":[{"href":"https:\/\/www.ellikki.fi\/korut\/wp-json\/wp\/v2\/posts"}],"about":[{"href":"https:\/\/www.ellikki.fi\/korut\/wp-json\/wp\/v2\/types\/post"}],"author":[{"embeddable":true,"href":"https:\/\/www.ellikki.fi\/korut\/wp-json\/wp\/v2\/users\/1"}],"replies":[{"embeddable":true,"href":"https:\/\/www.ellikki.fi\/korut\/wp-json\/wp\/v2\/comments?post=1026"}],"version-history":[{"count":0,"href":"https:\/\/www.ellikki.fi\/korut\/wp-json\/wp\/v2\/posts\/1026\/revisions"}],"wp:featuredmedia":[{"embeddable":true,"href":"https:\/\/www.ellikki.fi\/korut\/wp-json\/wp\/v2\/media\/1034"}],"wp:attachment":[{"href":"https:\/\/www.ellikki.fi\/korut\/wp-json\/wp\/v2\/media?parent=1026"}],"wp:term":[{"taxonomy":"category","embeddable":true,"href":"https:\/\/www.ellikki.fi\/korut\/wp-json\/wp\/v2\/categories?post=1026"},{"taxonomy":"post_tag","embeddable":true,"href":"https:\/\/www.ellikki.fi\/korut\/wp-json\/wp\/v2\/tags?post=1026"}],"curies":[{"name":"wp","href":"https:\/\/api.w.org\/{rel}","templated":true}]}}