{"id":1053,"date":"2015-10-28T02:31:08","date_gmt":"2015-10-28T00:31:08","guid":{"rendered":"http:\/\/www.ellikki.fi\/korut\/?p=1053"},"modified":"2016-11-03T01:49:05","modified_gmt":"2016-11-02T23:49:05","slug":"messulippuja-jaossa-meidan-viikonloppuun","status":"publish","type":"post","link":"https:\/\/www.ellikki.fi\/korut\/puffiboksi\/messulippuja-jaossa-meidan-viikonloppuun\/","title":{"rendered":"Messulippuja jaossa Meid\u00e4n viikonloppuun"},"content":{"rendered":"<p>Helsingin Messukeskuksessa on ensi viikolla taas perinteinen <a href=\"http:\/\/www.messukeskus.com\/Sites4\/Meidanviikonloppu15\/Sivut\/default.aspx\" target=\"_blank\"><span style=\"color: #993366;\"><strong>Meid\u00e4n viikonloppu<\/strong><\/span><\/a> ja yll\u00e4tys yll\u00e4tys, Ellikin blogi jakaa messulippuja! Olen ollut n\u00e4ill\u00e4 messuilla jo muutaman kerran, mutta aina ne jaksavat kiehtoa. Messuilla minua kiinnostaa t\u00e4ll\u00e4kin kertaa etenkin k\u00e4dentaitopuoli, sill\u00e4 aikaisemmilta messuilta on j\u00e4\u00e4nyt mieleen sellaista, mik\u00e4 olisi pit\u00e4nyt ostaa kun siihen oli mahdollisuus. Toivon, ett\u00e4 samat n\u00e4ytteilleasettajat ovat paikalla ja p\u00e4\u00e4sen paikkaamaan erehdykseni. ELMA-messuilla on kaikkia maatilan el\u00e4imi\u00e4. Hetken aikaa Messukeskuksessa mylviv\u00e4t oikeat sonnit ja tuoksuvat oikeat siat. Yl\u00e4kerrassa kauneudesta kilpailevat kissat, koirat ja kanit. Olen omalle kissalleni silloin t\u00e4ll\u00f6in l\u00f6yt\u00e4nyt uusia suosikkiherkkuja, kun messuilla on jaettu maistiaisia. N\u00e4kemist\u00e4 on joka kerta ollut sen verran paljon, ett\u00e4 Outlet Expon tarjouksiin en ole viel\u00e4 kertaakaan jaksanut tutustua. Perinteinen j\u00e4rjestys on ollut tutustua ensin k\u00e4dentaitoihin, sitten maaseutuun ja sen j\u00e4lkeen lemmikkiel\u00e4imiin.<\/p>\n<p>T\u00e4n\u00e4 vuonna on kysymysteht\u00e4v\u00e4. Edellytys on, ett\u00e4 seuraat blogia Facebookin tai Twitterin kautta. Vastaa kahteen kysymykseen kommentoimalla blogin kommenttikentt\u00e4\u00e4n:<\/p>\n<p>1) Seuraatko <a href=\"https:\/\/twitter.com\/eltalvio\" target=\"_blank\"><span style=\"color: #993366;\"><strong>blogitili\u00e4<\/strong><\/span><\/a> Twitteriss\u00e4 vai tykk\u00e4\u00e4tk\u00f6 <a href=\"https:\/\/www.facebook.com\/ellikki\" target=\"_blank\"><span style=\"color: #993366;\"><strong>sivusta<\/strong><\/span><\/a> Facebookissa? (Osaan t\u00e4ll\u00e4 kertaa tarkistaa tiedon ja tarkistan sen my\u00f6s.)<\/p>\n<p>2) Jos voitat, haluatko yhden vai kaksi lippua?<\/p>\n<p>Palkinnot: <del>T\u00e4n\u00e4 vuonna sain Messukeskukselta (vain) kaksi lippua ja Taika-lehdelt\u00e4 yhden. Ensimm\u00e4isen kommentin l\u00e4hett\u00e4nyt saa valita, haluaako h\u00e4n kaksi lippua vai yhden. Toinen palkinto on sitten se, joka on j\u00e4ljell\u00e4.<\/del><strong> Edit.<\/strong> Sain pari lippua viel\u00e4 lis\u00e4\u00e4, kaksi on jo mennyt. Tarjolla on siis viel\u00e4 2+1 lippua. Nopein, kriteerit t\u00e4ytt\u00e4v\u00e4 kommentoija saa valita haluaako h\u00e4n yhden vai kaksi lippua. Voittajille l\u00e4hetet\u00e4\u00e4n s\u00e4hk\u00f6postia.<\/p>\n<p>T\u00e4lt\u00e4 messuilla n\u00e4ytti vuosi sitten eli t\u00e4t\u00e4 on odotettavissa:<\/p>\n<p><span style=\"color: #993366;\"><strong><a style=\"color: #993366;\" href=\"http:\/\/www.ellikki.fi\/korut\/puffiboksi\/kadentaitajat-yllattivat-runsaudellaan\/\">K\u00e4dentaito<\/a><\/strong><\/span><\/p>\n<p><span style=\"color: #993366;\"><strong><a style=\"color: #993366;\" href=\"http:\/\/www.ellikki.fi\/hevoset\/puffiboksi\/elaimia-ja-elamaa-elma-messuilla\/\">ELMA<\/a><\/strong><\/span><\/p>\n<p>Mit\u00e4: Meid\u00e4n viikonloppu eli k\u00e4dentaito-, maaseutu-, mets\u00e4- ja lemmikkimessut sek\u00e4 Outlet Expo<br \/>\nMiss\u00e4: Helsingin Messukeskuksessa<br \/>\nMilloin: pe-su 6.-8.11.2015, paitsi lemmikit vain la-su<\/p>\n<p>&nbsp;<\/p>\n","protected":false},"excerpt":{"rendered":"<p>Helsingin Messukeskuksessa on ensi viikolla taas perinteinen Meid\u00e4n viikonloppu ja yll\u00e4tys yll\u00e4tys, Ellikin blogi jakaa messulippuja! Olen ollut n\u00e4ill\u00e4 messuilla jo muutaman kerran, mutta aina ne jaksavat kiehtoa. Messuilla minua kiinnostaa t\u00e4ll\u00e4kin kertaa etenkin k\u00e4dentaitopuoli,  [&#8230;]<\/p>\n","protected":false},"author":1,"featured_media":1056,"comment_status":"open","ping_status":"closed","sticky":false,"template":"","format":"standard","meta":{"footnotes":""},"categories":[8],"tags":[218,94,220,219,95],"class_list":["post-1053","post","type-post","status-publish","format-standard","has-post-thumbnail","hentry","category-puffiboksi","tag-elma","tag-kadentaitomessut","tag-lemmikit","tag-meidan-viikonloppu-2015","tag-messukeskus"],"yoast_head":"<!-- This site is optimized with the Yoast SEO plugin v27.1.1 - https:\/\/yoast.com\/product\/yoast-seo-wordpress\/ -->\n<title>Messulippuja jaossa Meid\u00e4n viikonloppuun - Ellikki.fi<\/title>\n<meta name=\"description\" content=\"Kolme nopeinta kommentoijaa tienaavat itselleen liput Meid\u00e4n viikonloppuun, sill\u00e4 jaossa on messulippuja!\" \/>\n<meta name=\"robots\" content=\"index, follow, max-snippet:-1, max-image-preview:large, max-video-preview:-1\" \/>\n<link rel=\"canonical\" href=\"https:\/\/www.ellikki.fi\/korut\/puffiboksi\/messulippuja-jaossa-meidan-viikonloppuun\/\" \/>\n<meta property=\"og:locale\" content=\"fi_FI\" \/>\n<meta property=\"og:type\" content=\"article\" \/>\n<meta property=\"og:title\" content=\"Messulippuja jaossa Meid\u00e4n viikonloppuun - Ellikki.fi\" \/>\n<meta property=\"og:description\" content=\"Kolme nopeinta kommentoijaa tienaavat itselleen liput Meid\u00e4n viikonloppuun, sill\u00e4 jaossa on messulippuja!\" \/>\n<meta property=\"og:url\" content=\"https:\/\/www.ellikki.fi\/korut\/puffiboksi\/messulippuja-jaossa-meidan-viikonloppuun\/\" \/>\n<meta property=\"og:site_name\" content=\"Ellikki.fi\" \/>\n<meta property=\"article:publisher\" content=\"https:\/\/www.facebook.com\/ellikki\" \/>\n<meta property=\"article:published_time\" content=\"2015-10-28T00:31:08+00:00\" \/>\n<meta property=\"article:modified_time\" content=\"2016-11-02T23:49:05+00:00\" \/>\n<meta property=\"og:image\" content=\"https:\/\/www.ellikki.fi\/korut\/wp-content\/uploads\/2015\/10\/Kadentaito_logo.gif\" \/>\n\t<meta property=\"og:image:width\" content=\"615\" \/>\n\t<meta property=\"og:image:height\" content=\"340\" \/>\n\t<meta property=\"og:image:type\" content=\"image\/gif\" \/>\n<meta name=\"author\" content=\"Ellikki\" \/>\n<meta name=\"twitter:card\" content=\"summary_large_image\" \/>\n<meta name=\"twitter:creator\" content=\"@eltalvio\" \/>\n<meta name=\"twitter:site\" content=\"@eltalvio\" \/>\n<meta name=\"twitter:label1\" content=\"Kirjoittanut\" \/>\n\t<meta name=\"twitter:data1\" content=\"Ellikki\" \/>\n\t<meta name=\"twitter:label2\" content=\"Arvioitu lukuaika\" \/>\n\t<meta name=\"twitter:data2\" content=\"2 minuuttia\" \/>\n<script type=\"application\/ld+json\" class=\"yoast-schema-graph\">{\"@context\":\"https:\/\/schema.org\",\"@graph\":[{\"@type\":\"Article\",\"@id\":\"https:\/\/www.ellikki.fi\/korut\/puffiboksi\/messulippuja-jaossa-meidan-viikonloppuun\/#article\",\"isPartOf\":{\"@id\":\"https:\/\/www.ellikki.fi\/korut\/puffiboksi\/messulippuja-jaossa-meidan-viikonloppuun\/\"},\"author\":{\"name\":\"Ellikki\",\"@id\":\"https:\/\/www.ellikki.fi\/korut\/#\/schema\/person\/4100981f383f4e840417efe2a45a2e13\"},\"headline\":\"Messulippuja jaossa Meid\u00e4n viikonloppuun\",\"datePublished\":\"2015-10-28T00:31:08+00:00\",\"dateModified\":\"2016-11-02T23:49:05+00:00\",\"mainEntityOfPage\":{\"@id\":\"https:\/\/www.ellikki.fi\/korut\/puffiboksi\/messulippuja-jaossa-meidan-viikonloppuun\/\"},\"wordCount\":316,\"commentCount\":11,\"image\":{\"@id\":\"https:\/\/www.ellikki.fi\/korut\/puffiboksi\/messulippuja-jaossa-meidan-viikonloppuun\/#primaryimage\"},\"thumbnailUrl\":\"https:\/\/www.ellikki.fi\/korut\/wp-content\/uploads\/2015\/10\/Kadentaito_logo.gif\",\"keywords\":[\"ELMA\",\"k\u00e4dentaitomessut\",\"lemmikit\",\"Meid\u00e4n viikonloppu 2015\",\"Messukeskus\"],\"articleSection\":[\"Puffiboksi\"],\"inLanguage\":\"fi\",\"potentialAction\":[{\"@type\":\"CommentAction\",\"name\":\"Comment\",\"target\":[\"https:\/\/www.ellikki.fi\/korut\/puffiboksi\/messulippuja-jaossa-meidan-viikonloppuun\/#respond\"]}]},{\"@type\":\"WebPage\",\"@id\":\"https:\/\/www.ellikki.fi\/korut\/puffiboksi\/messulippuja-jaossa-meidan-viikonloppuun\/\",\"url\":\"https:\/\/www.ellikki.fi\/korut\/puffiboksi\/messulippuja-jaossa-meidan-viikonloppuun\/\",\"name\":\"Messulippuja jaossa Meid\u00e4n viikonloppuun - Ellikki.fi\",\"isPartOf\":{\"@id\":\"https:\/\/www.ellikki.fi\/korut\/#website\"},\"primaryImageOfPage\":{\"@id\":\"https:\/\/www.ellikki.fi\/korut\/puffiboksi\/messulippuja-jaossa-meidan-viikonloppuun\/#primaryimage\"},\"image\":{\"@id\":\"https:\/\/www.ellikki.fi\/korut\/puffiboksi\/messulippuja-jaossa-meidan-viikonloppuun\/#primaryimage\"},\"thumbnailUrl\":\"https:\/\/www.ellikki.fi\/korut\/wp-content\/uploads\/2015\/10\/Kadentaito_logo.gif\",\"datePublished\":\"2015-10-28T00:31:08+00:00\",\"dateModified\":\"2016-11-02T23:49:05+00:00\",\"author\":{\"@id\":\"https:\/\/www.ellikki.fi\/korut\/#\/schema\/person\/4100981f383f4e840417efe2a45a2e13\"},\"description\":\"Kolme nopeinta kommentoijaa tienaavat itselleen liput Meid\u00e4n viikonloppuun, sill\u00e4 jaossa on messulippuja!\",\"breadcrumb\":{\"@id\":\"https:\/\/www.ellikki.fi\/korut\/puffiboksi\/messulippuja-jaossa-meidan-viikonloppuun\/#breadcrumb\"},\"inLanguage\":\"fi\",\"potentialAction\":[{\"@type\":\"ReadAction\",\"target\":[\"https:\/\/www.ellikki.fi\/korut\/puffiboksi\/messulippuja-jaossa-meidan-viikonloppuun\/\"]}]},{\"@type\":\"ImageObject\",\"inLanguage\":\"fi\",\"@id\":\"https:\/\/www.ellikki.fi\/korut\/puffiboksi\/messulippuja-jaossa-meidan-viikonloppuun\/#primaryimage\",\"url\":\"https:\/\/www.ellikki.fi\/korut\/wp-content\/uploads\/2015\/10\/Kadentaito_logo.gif\",\"contentUrl\":\"https:\/\/www.ellikki.fi\/korut\/wp-content\/uploads\/2015\/10\/Kadentaito_logo.gif\",\"width\":615,\"height\":340,\"caption\":\"Kadentaitologo\"},{\"@type\":\"BreadcrumbList\",\"@id\":\"https:\/\/www.ellikki.fi\/korut\/puffiboksi\/messulippuja-jaossa-meidan-viikonloppuun\/#breadcrumb\",\"itemListElement\":[{\"@type\":\"ListItem\",\"position\":1,\"name\":\"Ellikki.fi - Helmisuutari\",\"item\":\"https:\/\/www.ellikki.fi\/korut\/\"},{\"@type\":\"ListItem\",\"position\":2,\"name\":\"Messulippuja jaossa Meid\u00e4n viikonloppuun\"}]},{\"@type\":\"WebSite\",\"@id\":\"https:\/\/www.ellikki.fi\/korut\/#website\",\"url\":\"https:\/\/www.ellikki.fi\/korut\/\",\"name\":\"Ellikki.fi\",\"description\":\"Helmisuutari\",\"potentialAction\":[{\"@type\":\"SearchAction\",\"target\":{\"@type\":\"EntryPoint\",\"urlTemplate\":\"https:\/\/www.ellikki.fi\/korut\/?s={search_term_string}\"},\"query-input\":{\"@type\":\"PropertyValueSpecification\",\"valueRequired\":true,\"valueName\":\"search_term_string\"}}],\"inLanguage\":\"fi\"},{\"@type\":\"Person\",\"@id\":\"https:\/\/www.ellikki.fi\/korut\/#\/schema\/person\/4100981f383f4e840417efe2a45a2e13\",\"name\":\"Ellikki\",\"image\":{\"@type\":\"ImageObject\",\"inLanguage\":\"fi\",\"@id\":\"https:\/\/www.ellikki.fi\/korut\/#\/schema\/person\/image\/\",\"url\":\"https:\/\/secure.gravatar.com\/avatar\/68459a81492a7fdb3d3e31353836619029f7a695895440f957f81143855d97ee?s=96&d=mm&r=g\",\"contentUrl\":\"https:\/\/secure.gravatar.com\/avatar\/68459a81492a7fdb3d3e31353836619029f7a695895440f957f81143855d97ee?s=96&d=mm&r=g\",\"caption\":\"Ellikki\"},\"description\":\"Loputtoman utelias hevostoimittaja, tarinanmets\u00e4st\u00e4j\u00e4 ja koruharrastaja, joka edelleen ihmettelee maailmaa ja koettaa aina silloin t\u00e4ll\u00f6in tehd\u00e4 jotain ensi kertaa el\u00e4m\u00e4ss\u00e4\u00e4n.\"}]}<\/script>\n<!-- \/ Yoast SEO plugin. -->","yoast_head_json":{"title":"Messulippuja jaossa Meid\u00e4n viikonloppuun - Ellikki.fi","description":"Kolme nopeinta kommentoijaa tienaavat itselleen liput Meid\u00e4n viikonloppuun, sill\u00e4 jaossa on messulippuja!","robots":{"index":"index","follow":"follow","max-snippet":"max-snippet:-1","max-image-preview":"max-image-preview:large","max-video-preview":"max-video-preview:-1"},"canonical":"https:\/\/www.ellikki.fi\/korut\/puffiboksi\/messulippuja-jaossa-meidan-viikonloppuun\/","og_locale":"fi_FI","og_type":"article","og_title":"Messulippuja jaossa Meid\u00e4n viikonloppuun - Ellikki.fi","og_description":"Kolme nopeinta kommentoijaa tienaavat itselleen liput Meid\u00e4n viikonloppuun, sill\u00e4 jaossa on messulippuja!","og_url":"https:\/\/www.ellikki.fi\/korut\/puffiboksi\/messulippuja-jaossa-meidan-viikonloppuun\/","og_site_name":"Ellikki.fi","article_publisher":"https:\/\/www.facebook.com\/ellikki","article_published_time":"2015-10-28T00:31:08+00:00","article_modified_time":"2016-11-02T23:49:05+00:00","og_image":[{"width":615,"height":340,"url":"https:\/\/www.ellikki.fi\/korut\/wp-content\/uploads\/2015\/10\/Kadentaito_logo.gif","type":"image\/gif"}],"author":"Ellikki","twitter_card":"summary_large_image","twitter_creator":"@eltalvio","twitter_site":"@eltalvio","twitter_misc":{"Kirjoittanut":"Ellikki","Arvioitu lukuaika":"2 minuuttia"},"schema":{"@context":"https:\/\/schema.org","@graph":[{"@type":"Article","@id":"https:\/\/www.ellikki.fi\/korut\/puffiboksi\/messulippuja-jaossa-meidan-viikonloppuun\/#article","isPartOf":{"@id":"https:\/\/www.ellikki.fi\/korut\/puffiboksi\/messulippuja-jaossa-meidan-viikonloppuun\/"},"author":{"name":"Ellikki","@id":"https:\/\/www.ellikki.fi\/korut\/#\/schema\/person\/4100981f383f4e840417efe2a45a2e13"},"headline":"Messulippuja jaossa Meid\u00e4n viikonloppuun","datePublished":"2015-10-28T00:31:08+00:00","dateModified":"2016-11-02T23:49:05+00:00","mainEntityOfPage":{"@id":"https:\/\/www.ellikki.fi\/korut\/puffiboksi\/messulippuja-jaossa-meidan-viikonloppuun\/"},"wordCount":316,"commentCount":11,"image":{"@id":"https:\/\/www.ellikki.fi\/korut\/puffiboksi\/messulippuja-jaossa-meidan-viikonloppuun\/#primaryimage"},"thumbnailUrl":"https:\/\/www.ellikki.fi\/korut\/wp-content\/uploads\/2015\/10\/Kadentaito_logo.gif","keywords":["ELMA","k\u00e4dentaitomessut","lemmikit","Meid\u00e4n viikonloppu 2015","Messukeskus"],"articleSection":["Puffiboksi"],"inLanguage":"fi","potentialAction":[{"@type":"CommentAction","name":"Comment","target":["https:\/\/www.ellikki.fi\/korut\/puffiboksi\/messulippuja-jaossa-meidan-viikonloppuun\/#respond"]}]},{"@type":"WebPage","@id":"https:\/\/www.ellikki.fi\/korut\/puffiboksi\/messulippuja-jaossa-meidan-viikonloppuun\/","url":"https:\/\/www.ellikki.fi\/korut\/puffiboksi\/messulippuja-jaossa-meidan-viikonloppuun\/","name":"Messulippuja jaossa Meid\u00e4n viikonloppuun - Ellikki.fi","isPartOf":{"@id":"https:\/\/www.ellikki.fi\/korut\/#website"},"primaryImageOfPage":{"@id":"https:\/\/www.ellikki.fi\/korut\/puffiboksi\/messulippuja-jaossa-meidan-viikonloppuun\/#primaryimage"},"image":{"@id":"https:\/\/www.ellikki.fi\/korut\/puffiboksi\/messulippuja-jaossa-meidan-viikonloppuun\/#primaryimage"},"thumbnailUrl":"https:\/\/www.ellikki.fi\/korut\/wp-content\/uploads\/2015\/10\/Kadentaito_logo.gif","datePublished":"2015-10-28T00:31:08+00:00","dateModified":"2016-11-02T23:49:05+00:00","author":{"@id":"https:\/\/www.ellikki.fi\/korut\/#\/schema\/person\/4100981f383f4e840417efe2a45a2e13"},"description":"Kolme nopeinta kommentoijaa tienaavat itselleen liput Meid\u00e4n viikonloppuun, sill\u00e4 jaossa on messulippuja!","breadcrumb":{"@id":"https:\/\/www.ellikki.fi\/korut\/puffiboksi\/messulippuja-jaossa-meidan-viikonloppuun\/#breadcrumb"},"inLanguage":"fi","potentialAction":[{"@type":"ReadAction","target":["https:\/\/www.ellikki.fi\/korut\/puffiboksi\/messulippuja-jaossa-meidan-viikonloppuun\/"]}]},{"@type":"ImageObject","inLanguage":"fi","@id":"https:\/\/www.ellikki.fi\/korut\/puffiboksi\/messulippuja-jaossa-meidan-viikonloppuun\/#primaryimage","url":"https:\/\/www.ellikki.fi\/korut\/wp-content\/uploads\/2015\/10\/Kadentaito_logo.gif","contentUrl":"https:\/\/www.ellikki.fi\/korut\/wp-content\/uploads\/2015\/10\/Kadentaito_logo.gif","width":615,"height":340,"caption":"Kadentaitologo"},{"@type":"BreadcrumbList","@id":"https:\/\/www.ellikki.fi\/korut\/puffiboksi\/messulippuja-jaossa-meidan-viikonloppuun\/#breadcrumb","itemListElement":[{"@type":"ListItem","position":1,"name":"Ellikki.fi - Helmisuutari","item":"https:\/\/www.ellikki.fi\/korut\/"},{"@type":"ListItem","position":2,"name":"Messulippuja jaossa Meid\u00e4n viikonloppuun"}]},{"@type":"WebSite","@id":"https:\/\/www.ellikki.fi\/korut\/#website","url":"https:\/\/www.ellikki.fi\/korut\/","name":"Ellikki.fi","description":"Helmisuutari","potentialAction":[{"@type":"SearchAction","target":{"@type":"EntryPoint","urlTemplate":"https:\/\/www.ellikki.fi\/korut\/?s={search_term_string}"},"query-input":{"@type":"PropertyValueSpecification","valueRequired":true,"valueName":"search_term_string"}}],"inLanguage":"fi"},{"@type":"Person","@id":"https:\/\/www.ellikki.fi\/korut\/#\/schema\/person\/4100981f383f4e840417efe2a45a2e13","name":"Ellikki","image":{"@type":"ImageObject","inLanguage":"fi","@id":"https:\/\/www.ellikki.fi\/korut\/#\/schema\/person\/image\/","url":"https:\/\/secure.gravatar.com\/avatar\/68459a81492a7fdb3d3e31353836619029f7a695895440f957f81143855d97ee?s=96&d=mm&r=g","contentUrl":"https:\/\/secure.gravatar.com\/avatar\/68459a81492a7fdb3d3e31353836619029f7a695895440f957f81143855d97ee?s=96&d=mm&r=g","caption":"Ellikki"},"description":"Loputtoman utelias hevostoimittaja, tarinanmets\u00e4st\u00e4j\u00e4 ja koruharrastaja, joka edelleen ihmettelee maailmaa ja koettaa aina silloin t\u00e4ll\u00f6in tehd\u00e4 jotain ensi kertaa el\u00e4m\u00e4ss\u00e4\u00e4n."}]}},"_links":{"self":[{"href":"https:\/\/www.ellikki.fi\/korut\/wp-json\/wp\/v2\/posts\/1053","targetHints":{"allow":["GET"]}}],"collection":[{"href":"https:\/\/www.ellikki.fi\/korut\/wp-json\/wp\/v2\/posts"}],"about":[{"href":"https:\/\/www.ellikki.fi\/korut\/wp-json\/wp\/v2\/types\/post"}],"author":[{"embeddable":true,"href":"https:\/\/www.ellikki.fi\/korut\/wp-json\/wp\/v2\/users\/1"}],"replies":[{"embeddable":true,"href":"https:\/\/www.ellikki.fi\/korut\/wp-json\/wp\/v2\/comments?post=1053"}],"version-history":[{"count":0,"href":"https:\/\/www.ellikki.fi\/korut\/wp-json\/wp\/v2\/posts\/1053\/revisions"}],"wp:featuredmedia":[{"embeddable":true,"href":"https:\/\/www.ellikki.fi\/korut\/wp-json\/wp\/v2\/media\/1056"}],"wp:attachment":[{"href":"https:\/\/www.ellikki.fi\/korut\/wp-json\/wp\/v2\/media?parent=1053"}],"wp:term":[{"taxonomy":"category","embeddable":true,"href":"https:\/\/www.ellikki.fi\/korut\/wp-json\/wp\/v2\/categories?post=1053"},{"taxonomy":"post_tag","embeddable":true,"href":"https:\/\/www.ellikki.fi\/korut\/wp-json\/wp\/v2\/tags?post=1053"}],"curies":[{"name":"wp","href":"https:\/\/api.w.org\/{rel}","templated":true}]}}