{"id":1098,"date":"2015-11-07T17:43:16","date_gmt":"2015-11-07T15:43:16","guid":{"rendered":"http:\/\/www.ellikki.fi\/korut\/?p=1098"},"modified":"2016-11-03T01:49:05","modified_gmt":"2016-11-02T23:49:05","slug":"elma-ja-kadentaitomessut-2015","status":"publish","type":"post","link":"https:\/\/www.ellikki.fi\/korut\/puffiboksi\/elma-ja-kadentaitomessut-2015\/","title":{"rendered":"ELMA- ja k\u00e4dentaitomessut 2015"},"content":{"rendered":"<p>Meid\u00e4n viikonloppu -messut koostuu eri aihealueista ja painotus vaihtelee. Viime vuonna k\u00e4dentaitomessut aivan pursuivat k\u00e4dentaitoa, t\u00e4n\u00e4 vuonna sen osuus oli melko vaatimaton. Joko aika kultaa muistot tai sitten muuten vaan minusta tuntui, ett\u00e4 el\u00e4imi\u00e4kin oli v\u00e4hemm\u00e4n. Sen sijaan ruokapuoli kukki, kaikkea maistettavaa tarjottiin vaikka mill\u00e4 mitalla.<\/p>\n<p>Noste-palkinto meni kotimaiselle vaatesuunnitteluyritys <span style=\"color: #993366;\"><a style=\"color: #993366;\" href=\"http:\/\/www.hellapuu.fi\/\" target=\"_blank\"><strong>Design House Hellapuulle<\/strong><\/a><\/span>, joka tekee Marimekko-tyylisi\u00e4 vaatteita, joissa on suuria printtikuvioita. Olisin kovasti toivonut, ett\u00e4 voittaja olisi ollut<span style=\"color: #993366;\"><a href=\"http:\/\/www.punomo.fi\/teeitse\/\" target=\"_blank\"><strong> Punomo.fi<\/strong><\/a>, <span style=\"color: #000000;\">jonka p\u00e4\u00e4paino on enemm\u00e4n k\u00e4dentaitojen edist\u00e4misess\u00e4 ja taitojen siirt\u00e4misess\u00e4 seuraaville sukupolville kuin tuotteiden myymisess\u00e4. Molemmat ovat kuitenkin omalla tavallaan t\u00e4rkeit\u00e4, ja molempia tarvitaan. Hellapuu voi inspiroida tulevaisuudessa jotakuta nuorta suunnittelijanalkua samaan tapaan kuin Paola Suhonen tai Tiia Vanhatapio ovat olleet esikuvia nyky\u00e4\u00e4n nouseville suunnittelijoille.<\/span><\/span><\/p>\n<p>Eniten aikaa minulla vier\u00e4hti hieman yll\u00e4tt\u00e4en Fortum HorsePowerin osastolla. Fortumin tuorein suunnitelma l\u00e4mm\u00f6ntuotantoon on hevosenlannan k\u00e4ytt\u00f6 polttoaineena. Fortumin edustaja kertoi, ett\u00e4 se palaa puhtaasti ja sis\u00e4lt\u00e4\u00e4 runsaasti energiaa. Lis\u00e4ksi t\u00e4ll\u00e4 hetkell\u00e4 tallien lanta menee haaskuun, koska sit\u00e4 ei saa k\u00e4ytt\u00e4\u00e4 oikeastaan mihink\u00e4\u00e4n. Ensi vuoden alusta alkaen sit\u00e4 ei saa levitt\u00e4\u00e4 kalteville pelloille eik\u00e4 vied\u00e4 kaatopaikalle. Hevosihmisen\u00e4 tied\u00e4n, ett\u00e4 sit\u00e4 tulee todella paljon. P\u00e4iv\u00e4ss\u00e4 hevonen tuottaa noin kottik\u00e4rryllisen tavaraa.<\/p>\n<p>T\u00e4ss\u00e4 liuta kuvia perjantailta.<\/p>\n<div class=\"fusion-fullwidth fullwidth-box fusion-builder-row-1 hundred-percent-fullwidth non-hundred-percent-height-scrolling\" style=\"--awb-border-radius-top-left:0px;--awb-border-radius-top-right:0px;--awb-border-radius-bottom-right:0px;--awb-border-radius-bottom-left:0px;--awb-overflow:visible;--awb-flex-wrap:wrap;\" ><div class=\"fusion-builder-row fusion-row\"><div class=\"fusion-layout-column fusion_builder_column fusion-builder-column-0 fusion_builder_column_1_1 1_1 fusion-one-full fusion-column-first fusion-column-last fusion-column-no-min-height\" style=\"--awb-bg-size:cover;--awb-margin-bottom:0px;\"><div class=\"fusion-column-wrapper fusion-flex-column-wrapper-legacy\"><div id=\"attachment_1100\" style=\"width: 810px\" class=\"wp-caption aligncenter\"><a href=\"http:\/\/www.ellikki.fi\/korut\/wp-content\/uploads\/2015\/11\/Hevosenp\u00e4\u00e4saippua.jpg\"><img decoding=\"async\" aria-describedby=\"caption-attachment-1100\" class=\"wp-image-1100 size-full\" src=\"http:\/\/www.ellikki.fi\/korut\/wp-content\/uploads\/2015\/11\/Hevosenp\u00e4\u00e4saippua.jpg\" alt=\"Hevosenp\u00e4\u00e4saippua\" width=\"800\" height=\"559\" srcset=\"https:\/\/www.ellikki.fi\/korut\/wp-content\/uploads\/2015\/11\/Hevosenp\u00e4\u00e4saippua-200x140.jpg 200w, https:\/\/www.ellikki.fi\/korut\/wp-content\/uploads\/2015\/11\/Hevosenp\u00e4\u00e4saippua-300x210.jpg 300w, https:\/\/www.ellikki.fi\/korut\/wp-content\/uploads\/2015\/11\/Hevosenp\u00e4\u00e4saippua-400x280.jpg 400w, https:\/\/www.ellikki.fi\/korut\/wp-content\/uploads\/2015\/11\/Hevosenp\u00e4\u00e4saippua-600x419.jpg 600w, https:\/\/www.ellikki.fi\/korut\/wp-content\/uploads\/2015\/11\/Hevosenp\u00e4\u00e4saippua-768x537.jpg 768w, https:\/\/www.ellikki.fi\/korut\/wp-content\/uploads\/2015\/11\/Hevosenp\u00e4\u00e4saippua.jpg 800w\" sizes=\"(max-width: 800px) 100vw, 800px\" \/><\/a><p id=\"caption-attachment-1100\" class=\"wp-caption-text\">Saippuoita oli jos jonkinlaisia, kaikissa v\u00e4reiss\u00e4 ja kaikilla kuvioilla.<\/p><\/div>\n<p>&nbsp;<\/p>\n<div class=\"fusion-clearfix\"><\/div><\/div><\/div><div class=\"fusion-layout-column fusion_builder_column fusion-builder-column-1 fusion_builder_column_1_1 1_1 fusion-one-full fusion-column-first fusion-column-last fusion-column-no-min-height\" style=\"--awb-bg-size:cover;--awb-margin-bottom:0px;\"><div class=\"fusion-column-wrapper fusion-flex-column-wrapper-legacy\"><div id=\"attachment_1101\" style=\"width: 810px\" class=\"wp-caption aligncenter\"><a href=\"http:\/\/www.ellikki.fi\/korut\/wp-content\/uploads\/2015\/11\/K\u00e4pypitsikorvakoruja.jpg\"><img decoding=\"async\" aria-describedby=\"caption-attachment-1101\" class=\"wp-image-1101 size-full\" src=\"http:\/\/www.ellikki.fi\/korut\/wp-content\/uploads\/2015\/11\/K\u00e4pypitsikorvakoruja.jpg\" alt=\"K\u00e4pypitsikorvakoruja\" width=\"800\" height=\"531\" srcset=\"https:\/\/www.ellikki.fi\/korut\/wp-content\/uploads\/2015\/11\/K\u00e4pypitsikorvakoruja-200x133.jpg 200w, https:\/\/www.ellikki.fi\/korut\/wp-content\/uploads\/2015\/11\/K\u00e4pypitsikorvakoruja-300x199.jpg 300w, https:\/\/www.ellikki.fi\/korut\/wp-content\/uploads\/2015\/11\/K\u00e4pypitsikorvakoruja-400x266.jpg 400w, https:\/\/www.ellikki.fi\/korut\/wp-content\/uploads\/2015\/11\/K\u00e4pypitsikorvakoruja-600x398.jpg 600w, https:\/\/www.ellikki.fi\/korut\/wp-content\/uploads\/2015\/11\/K\u00e4pypitsikorvakoruja-768x510.jpg 768w, https:\/\/www.ellikki.fi\/korut\/wp-content\/uploads\/2015\/11\/K\u00e4pypitsikorvakoruja.jpg 800w\" sizes=\"(max-width: 800px) 100vw, 800px\" \/><\/a><p id=\"caption-attachment-1101\" class=\"wp-caption-text\">K\u00e4pypitsi kuuluu aion-viel\u00e4-joskus-opetella -listalleni.<\/p><\/div>\n<p>&nbsp;<\/p>\n<div class=\"fusion-clearfix\"><\/div><\/div><\/div><div class=\"fusion-layout-column fusion_builder_column fusion-builder-column-2 fusion_builder_column_1_1 1_1 fusion-one-full fusion-column-first fusion-column-last fusion-column-no-min-height\" style=\"--awb-bg-size:cover;--awb-margin-bottom:0px;\"><div class=\"fusion-column-wrapper fusion-flex-column-wrapper-legacy\"><div id=\"attachment_1102\" style=\"width: 702px\" class=\"wp-caption aligncenter\"><a href=\"http:\/\/www.ellikki.fi\/korut\/wp-content\/uploads\/2015\/11\/Iihahaa-keppihepo.jpg\"><img decoding=\"async\" aria-describedby=\"caption-attachment-1102\" class=\"wp-image-1102 size-full\" src=\"http:\/\/www.ellikki.fi\/korut\/wp-content\/uploads\/2015\/11\/Iihahaa-keppihepo.jpg\" alt=\"Iihahaa, keppihepo\" width=\"692\" height=\"800\" srcset=\"https:\/\/www.ellikki.fi\/korut\/wp-content\/uploads\/2015\/11\/Iihahaa-keppihepo-200x231.jpg 200w, https:\/\/www.ellikki.fi\/korut\/wp-content\/uploads\/2015\/11\/Iihahaa-keppihepo-260x300.jpg 260w, https:\/\/www.ellikki.fi\/korut\/wp-content\/uploads\/2015\/11\/Iihahaa-keppihepo-400x462.jpg 400w, https:\/\/www.ellikki.fi\/korut\/wp-content\/uploads\/2015\/11\/Iihahaa-keppihepo-600x694.jpg 600w, https:\/\/www.ellikki.fi\/korut\/wp-content\/uploads\/2015\/11\/Iihahaa-keppihepo.jpg 692w\" sizes=\"(max-width: 692px) 100vw, 692px\" \/><\/a><p id=\"caption-attachment-1102\" class=\"wp-caption-text\">Katson maailmaa hevossilm\u00e4lasit p\u00e4\u00e4ss\u00e4.<\/p><\/div>\n<p><a href=\"http:\/\/www.ellikki.fi\/korut\/wp-content\/uploads\/2015\/11\/Herkkua-ehk\u00e4.jpg\"><img decoding=\"async\" class=\"aligncenter size-full wp-image-1103\" src=\"http:\/\/www.ellikki.fi\/korut\/wp-content\/uploads\/2015\/11\/Herkkua-ehk\u00e4.jpg\" alt=\"Herkkua, ehk\u00e4\" width=\"800\" height=\"533\" srcset=\"https:\/\/www.ellikki.fi\/korut\/wp-content\/uploads\/2015\/11\/Herkkua-ehk\u00e4-200x133.jpg 200w, https:\/\/www.ellikki.fi\/korut\/wp-content\/uploads\/2015\/11\/Herkkua-ehk\u00e4-300x200.jpg 300w, https:\/\/www.ellikki.fi\/korut\/wp-content\/uploads\/2015\/11\/Herkkua-ehk\u00e4-400x267.jpg 400w, https:\/\/www.ellikki.fi\/korut\/wp-content\/uploads\/2015\/11\/Herkkua-ehk\u00e4-600x400.jpg 600w, https:\/\/www.ellikki.fi\/korut\/wp-content\/uploads\/2015\/11\/Herkkua-ehk\u00e4-768x512.jpg 768w, https:\/\/www.ellikki.fi\/korut\/wp-content\/uploads\/2015\/11\/Herkkua-ehk\u00e4.jpg 800w\" sizes=\"(max-width: 800px) 100vw, 800px\" \/><\/a><\/p>\n<div class=\"fusion-clearfix\"><\/div><\/div><\/div><div class=\"fusion-layout-column fusion_builder_column fusion-builder-column-3 fusion_builder_column_1_1 1_1 fusion-one-full fusion-column-first fusion-column-last fusion-column-no-min-height\" style=\"--awb-bg-size:cover;--awb-margin-bottom:0px;\"><div class=\"fusion-column-wrapper fusion-flex-column-wrapper-legacy\"><div id=\"attachment_1104\" style=\"width: 810px\" class=\"wp-caption aligncenter\"><a href=\"http:\/\/www.ellikki.fi\/korut\/wp-content\/uploads\/2015\/11\/Sika.jpg\"><img decoding=\"async\" aria-describedby=\"caption-attachment-1104\" class=\"wp-image-1104 size-full\" src=\"http:\/\/www.ellikki.fi\/korut\/wp-content\/uploads\/2015\/11\/Sika.jpg\" alt=\"Sika\" width=\"800\" height=\"581\" srcset=\"https:\/\/www.ellikki.fi\/korut\/wp-content\/uploads\/2015\/11\/Sika-200x145.jpg 200w, https:\/\/www.ellikki.fi\/korut\/wp-content\/uploads\/2015\/11\/Sika-220x161.jpg 220w, https:\/\/www.ellikki.fi\/korut\/wp-content\/uploads\/2015\/11\/Sika-300x218.jpg 300w, https:\/\/www.ellikki.fi\/korut\/wp-content\/uploads\/2015\/11\/Sika-400x291.jpg 400w, https:\/\/www.ellikki.fi\/korut\/wp-content\/uploads\/2015\/11\/Sika-600x436.jpg 600w, https:\/\/www.ellikki.fi\/korut\/wp-content\/uploads\/2015\/11\/Sika-768x558.jpg 768w, https:\/\/www.ellikki.fi\/korut\/wp-content\/uploads\/2015\/11\/Sika.jpg 800w\" sizes=\"(max-width: 800px) 100vw, 800px\" \/><\/a><p id=\"caption-attachment-1104\" class=\"wp-caption-text\">N\u00e4tti kuin sika pienen\u00e4.<\/p><\/div>\n<div class=\"fusion-clearfix\"><\/div><\/div><\/div><div class=\"fusion-layout-column fusion_builder_column fusion-builder-column-4 fusion_builder_column_1_1 1_1 fusion-one-full fusion-column-first fusion-column-last fusion-column-no-min-height\" style=\"--awb-bg-size:cover;--awb-margin-bottom:0px;\"><div class=\"fusion-column-wrapper fusion-flex-column-wrapper-legacy\"><div id=\"attachment_1106\" style=\"width: 810px\" class=\"wp-caption aligncenter\"><a href=\"http:\/\/www.ellikki.fi\/korut\/wp-content\/uploads\/2015\/11\/Meikattu-lehm\u00e4.jpg\"><img decoding=\"async\" aria-describedby=\"caption-attachment-1106\" class=\"wp-image-1106 size-full\" src=\"http:\/\/www.ellikki.fi\/korut\/wp-content\/uploads\/2015\/11\/Meikattu-lehm\u00e4.jpg\" alt=\"Meikattu lehm\u00e4\" width=\"800\" height=\"587\" srcset=\"https:\/\/www.ellikki.fi\/korut\/wp-content\/uploads\/2015\/11\/Meikattu-lehm\u00e4-200x147.jpg 200w, https:\/\/www.ellikki.fi\/korut\/wp-content\/uploads\/2015\/11\/Meikattu-lehm\u00e4-220x161.jpg 220w, https:\/\/www.ellikki.fi\/korut\/wp-content\/uploads\/2015\/11\/Meikattu-lehm\u00e4-300x220.jpg 300w, https:\/\/www.ellikki.fi\/korut\/wp-content\/uploads\/2015\/11\/Meikattu-lehm\u00e4-400x294.jpg 400w, https:\/\/www.ellikki.fi\/korut\/wp-content\/uploads\/2015\/11\/Meikattu-lehm\u00e4-600x440.jpg 600w, https:\/\/www.ellikki.fi\/korut\/wp-content\/uploads\/2015\/11\/Meikattu-lehm\u00e4-768x564.jpg 768w, https:\/\/www.ellikki.fi\/korut\/wp-content\/uploads\/2015\/11\/Meikattu-lehm\u00e4.jpg 800w\" sizes=\"(max-width: 800px) 100vw, 800px\" \/><\/a><p id=\"caption-attachment-1106\" class=\"wp-caption-text\">T\u00e4m\u00e4 lehm\u00e4neitokainen oli aamulla ilmiselv\u00e4sti meikannut, kun tiedossa oli edustusteht\u00e4vi\u00e4. J\u00e4nn\u00e4t silm\u00e4t.<\/p><\/div>\n<div class=\"fusion-clearfix\"><\/div><\/div><\/div><div class=\"fusion-layout-column fusion_builder_column fusion-builder-column-5 fusion_builder_column_1_1 1_1 fusion-one-full fusion-column-first fusion-column-last fusion-column-no-min-height\" style=\"--awb-bg-size:cover;--awb-margin-bottom:0px;\"><div class=\"fusion-column-wrapper fusion-flex-column-wrapper-legacy\"><div id=\"attachment_1107\" style=\"width: 810px\" class=\"wp-caption aligncenter\"><a href=\"http:\/\/www.ellikki.fi\/korut\/wp-content\/uploads\/2015\/11\/Kahden-hetki.jpg\"><img decoding=\"async\" aria-describedby=\"caption-attachment-1107\" class=\"wp-image-1107 size-full\" src=\"http:\/\/www.ellikki.fi\/korut\/wp-content\/uploads\/2015\/11\/Kahden-hetki.jpg\" alt=\"Kahden hetki\" width=\"800\" height=\"590\" srcset=\"https:\/\/www.ellikki.fi\/korut\/wp-content\/uploads\/2015\/11\/Kahden-hetki-200x148.jpg 200w, https:\/\/www.ellikki.fi\/korut\/wp-content\/uploads\/2015\/11\/Kahden-hetki-220x161.jpg 220w, https:\/\/www.ellikki.fi\/korut\/wp-content\/uploads\/2015\/11\/Kahden-hetki-300x221.jpg 300w, https:\/\/www.ellikki.fi\/korut\/wp-content\/uploads\/2015\/11\/Kahden-hetki-400x295.jpg 400w, https:\/\/www.ellikki.fi\/korut\/wp-content\/uploads\/2015\/11\/Kahden-hetki-600x443.jpg 600w, https:\/\/www.ellikki.fi\/korut\/wp-content\/uploads\/2015\/11\/Kahden-hetki-768x566.jpg 768w, https:\/\/www.ellikki.fi\/korut\/wp-content\/uploads\/2015\/11\/Kahden-hetki.jpg 800w\" sizes=\"(max-width: 800px) 100vw, 800px\" \/><\/a><p id=\"caption-attachment-1107\" class=\"wp-caption-text\">Keskustelua ja rahnutusta. Oikeanpuoleinen lehm\u00e4 rahnutti hampaillaan kylke\u00e4\u00e4n ja toinen tuli katsomaan, mit\u00e4 kaveri tekee.<\/p><\/div>\n<div class=\"fusion-clearfix\"><\/div><\/div><\/div><div class=\"fusion-layout-column fusion_builder_column fusion-builder-column-6 fusion_builder_column_1_1 1_1 fusion-one-full fusion-column-first fusion-column-last fusion-column-no-min-height\" style=\"--awb-bg-size:cover;--awb-margin-bottom:0px;\"><div class=\"fusion-column-wrapper fusion-flex-column-wrapper-legacy\"><div id=\"attachment_1108\" style=\"width: 810px\" class=\"wp-caption aligncenter\"><a href=\"http:\/\/www.ellikki.fi\/korut\/wp-content\/uploads\/2015\/11\/Paimenkoira.jpg\"><img decoding=\"async\" aria-describedby=\"caption-attachment-1108\" class=\"wp-image-1108 size-full\" src=\"http:\/\/www.ellikki.fi\/korut\/wp-content\/uploads\/2015\/11\/Paimenkoira.jpg\" alt=\"Paimenkoira\" width=\"800\" height=\"530\" srcset=\"https:\/\/www.ellikki.fi\/korut\/wp-content\/uploads\/2015\/11\/Paimenkoira-200x133.jpg 200w, https:\/\/www.ellikki.fi\/korut\/wp-content\/uploads\/2015\/11\/Paimenkoira-300x199.jpg 300w, https:\/\/www.ellikki.fi\/korut\/wp-content\/uploads\/2015\/11\/Paimenkoira-400x265.jpg 400w, https:\/\/www.ellikki.fi\/korut\/wp-content\/uploads\/2015\/11\/Paimenkoira-600x398.jpg 600w, https:\/\/www.ellikki.fi\/korut\/wp-content\/uploads\/2015\/11\/Paimenkoira-768x509.jpg 768w, https:\/\/www.ellikki.fi\/korut\/wp-content\/uploads\/2015\/11\/Paimenkoira.jpg 800w\" sizes=\"(max-width: 800px) 100vw, 800px\" \/><\/a><p id=\"caption-attachment-1108\" class=\"wp-caption-text\">Iltap\u00e4iv\u00e4ll\u00e4 oli paimenkoirakilpailu. Koiran teht\u00e4v\u00e4 oli ohjata lampaat omistajan ohjeiden mukaan rataa pitkin.<\/p><\/div>\n<div class=\"fusion-clearfix\"><\/div><\/div><\/div><div class=\"fusion-layout-column fusion_builder_column fusion-builder-column-7 fusion_builder_column_1_1 1_1 fusion-one-full fusion-column-first fusion-column-last fusion-column-no-min-height\" style=\"--awb-bg-size:cover;--awb-margin-bottom:0px;\"><div class=\"fusion-column-wrapper fusion-flex-column-wrapper-legacy\"><div id=\"attachment_1109\" style=\"width: 810px\" class=\"wp-caption aligncenter\"><a href=\"http:\/\/www.ellikki.fi\/korut\/wp-content\/uploads\/2015\/11\/Kengityssep\u00e4t.jpg\"><img decoding=\"async\" aria-describedby=\"caption-attachment-1109\" class=\"wp-image-1109 size-full\" src=\"http:\/\/www.ellikki.fi\/korut\/wp-content\/uploads\/2015\/11\/Kengityssep\u00e4t.jpg\" alt=\"Kengityssep\u00e4t\" width=\"800\" height=\"533\" srcset=\"https:\/\/www.ellikki.fi\/korut\/wp-content\/uploads\/2015\/11\/Kengityssep\u00e4t-200x133.jpg 200w, https:\/\/www.ellikki.fi\/korut\/wp-content\/uploads\/2015\/11\/Kengityssep\u00e4t-300x200.jpg 300w, https:\/\/www.ellikki.fi\/korut\/wp-content\/uploads\/2015\/11\/Kengityssep\u00e4t-400x267.jpg 400w, https:\/\/www.ellikki.fi\/korut\/wp-content\/uploads\/2015\/11\/Kengityssep\u00e4t-600x400.jpg 600w, https:\/\/www.ellikki.fi\/korut\/wp-content\/uploads\/2015\/11\/Kengityssep\u00e4t-768x512.jpg 768w, https:\/\/www.ellikki.fi\/korut\/wp-content\/uploads\/2015\/11\/Kengityssep\u00e4t.jpg 800w\" sizes=\"(max-width: 800px) 100vw, 800px\" \/><\/a><p id=\"caption-attachment-1109\" class=\"wp-caption-text\">Sunnuntaina selvi\u00e4\u00e4, kuka kengityssepist\u00e4 on Suomen k\u00e4tevin.<\/p><\/div><div class=\"fusion-clearfix\"><\/div><\/div><\/div><\/div><\/div>\n","protected":false},"excerpt":{"rendered":"<p>Meid\u00e4n viikonloppu -messut koostuu eri aihealueista ja painotus vaihtelee. Viime vuonna k\u00e4dentaitomessut aivan pursuivat k\u00e4dentaitoa, t\u00e4n\u00e4 vuonna sen osuus oli melko vaatimaton. Joko aika kultaa muistot tai sitten muuten vaan minusta tuntui, ett\u00e4 el\u00e4imi\u00e4kin oli  [&#8230;]<\/p>\n","protected":false},"author":1,"featured_media":1099,"comment_status":"open","ping_status":"closed","sticky":false,"template":"","format":"standard","meta":{"footnotes":""},"categories":[8],"tags":[218,94,227,219],"class_list":["post-1098","post","type-post","status-publish","format-standard","has-post-thumbnail","hentry","category-puffiboksi","tag-elma","tag-kadentaitomessut","tag-kengityksen-sm-2015","tag-meidan-viikonloppu-2015"],"yoast_head":"<!-- This site is optimized with the Yoast SEO plugin v27.1.1 - https:\/\/yoast.com\/product\/yoast-seo-wordpress\/ -->\n<title>ELMA- ja k\u00e4dentaitomessut 2015 - Ellikki.fi<\/title>\n<meta name=\"description\" content=\"Meid\u00e4n viikonloppu eli ELMA- ja k\u00e4dentaitomessut pe 6.11.2015. K\u00e4dentaitopuoli oli vaisu, sy\u00f6t\u00e4v\u00e4\u00e4 riitti.\" \/>\n<meta name=\"robots\" content=\"index, follow, max-snippet:-1, max-image-preview:large, max-video-preview:-1\" \/>\n<link rel=\"canonical\" href=\"https:\/\/www.ellikki.fi\/korut\/puffiboksi\/elma-ja-kadentaitomessut-2015\/\" \/>\n<meta property=\"og:locale\" content=\"fi_FI\" \/>\n<meta property=\"og:type\" content=\"article\" \/>\n<meta property=\"og:title\" content=\"ELMA- ja k\u00e4dentaitomessut 2015 - Ellikki.fi\" \/>\n<meta property=\"og:description\" content=\"Meid\u00e4n viikonloppu eli ELMA- ja k\u00e4dentaitomessut pe 6.11.2015. K\u00e4dentaitopuoli oli vaisu, sy\u00f6t\u00e4v\u00e4\u00e4 riitti.\" \/>\n<meta property=\"og:url\" content=\"https:\/\/www.ellikki.fi\/korut\/puffiboksi\/elma-ja-kadentaitomessut-2015\/\" \/>\n<meta property=\"og:site_name\" content=\"Ellikki.fi\" \/>\n<meta property=\"article:publisher\" content=\"https:\/\/www.facebook.com\/ellikki\" \/>\n<meta property=\"article:published_time\" content=\"2015-11-07T15:43:16+00:00\" \/>\n<meta property=\"article:modified_time\" content=\"2016-11-02T23:49:05+00:00\" \/>\n<meta property=\"og:image\" content=\"https:\/\/www.ellikki.fi\/korut\/wp-content\/uploads\/2015\/11\/Kermavaahtokynttil\u00e4.jpg\" \/>\n\t<meta property=\"og:image:width\" content=\"800\" \/>\n\t<meta property=\"og:image:height\" content=\"576\" \/>\n\t<meta property=\"og:image:type\" content=\"image\/jpeg\" \/>\n<meta name=\"author\" content=\"Ellikki\" \/>\n<meta name=\"twitter:card\" content=\"summary_large_image\" \/>\n<meta name=\"twitter:creator\" content=\"@eltalvio\" \/>\n<meta name=\"twitter:site\" content=\"@eltalvio\" \/>\n<meta name=\"twitter:label1\" content=\"Kirjoittanut\" \/>\n\t<meta name=\"twitter:data1\" content=\"Ellikki\" \/>\n\t<meta name=\"twitter:label2\" content=\"Arvioitu lukuaika\" \/>\n\t<meta name=\"twitter:data2\" content=\"4 minuuttia\" \/>\n<script type=\"application\/ld+json\" class=\"yoast-schema-graph\">{\"@context\":\"https:\/\/schema.org\",\"@graph\":[{\"@type\":\"Article\",\"@id\":\"https:\/\/www.ellikki.fi\/korut\/puffiboksi\/elma-ja-kadentaitomessut-2015\/#article\",\"isPartOf\":{\"@id\":\"https:\/\/www.ellikki.fi\/korut\/puffiboksi\/elma-ja-kadentaitomessut-2015\/\"},\"author\":{\"name\":\"Ellikki\",\"@id\":\"https:\/\/www.ellikki.fi\/korut\/#\/schema\/person\/4100981f383f4e840417efe2a45a2e13\"},\"headline\":\"ELMA- ja k\u00e4dentaitomessut 2015\",\"datePublished\":\"2015-11-07T15:43:16+00:00\",\"dateModified\":\"2016-11-02T23:49:05+00:00\",\"mainEntityOfPage\":{\"@id\":\"https:\/\/www.ellikki.fi\/korut\/puffiboksi\/elma-ja-kadentaitomessut-2015\/\"},\"wordCount\":806,\"commentCount\":0,\"image\":{\"@id\":\"https:\/\/www.ellikki.fi\/korut\/puffiboksi\/elma-ja-kadentaitomessut-2015\/#primaryimage\"},\"thumbnailUrl\":\"https:\/\/www.ellikki.fi\/korut\/wp-content\/uploads\/2015\/11\/Kermavaahtokynttil\u00e4.jpg\",\"keywords\":[\"ELMA\",\"k\u00e4dentaitomessut\",\"kengityksen SM 2015\",\"Meid\u00e4n viikonloppu 2015\"],\"articleSection\":[\"Puffiboksi\"],\"inLanguage\":\"fi\",\"potentialAction\":[{\"@type\":\"CommentAction\",\"name\":\"Comment\",\"target\":[\"https:\/\/www.ellikki.fi\/korut\/puffiboksi\/elma-ja-kadentaitomessut-2015\/#respond\"]}]},{\"@type\":\"WebPage\",\"@id\":\"https:\/\/www.ellikki.fi\/korut\/puffiboksi\/elma-ja-kadentaitomessut-2015\/\",\"url\":\"https:\/\/www.ellikki.fi\/korut\/puffiboksi\/elma-ja-kadentaitomessut-2015\/\",\"name\":\"ELMA- ja k\u00e4dentaitomessut 2015 - Ellikki.fi\",\"isPartOf\":{\"@id\":\"https:\/\/www.ellikki.fi\/korut\/#website\"},\"primaryImageOfPage\":{\"@id\":\"https:\/\/www.ellikki.fi\/korut\/puffiboksi\/elma-ja-kadentaitomessut-2015\/#primaryimage\"},\"image\":{\"@id\":\"https:\/\/www.ellikki.fi\/korut\/puffiboksi\/elma-ja-kadentaitomessut-2015\/#primaryimage\"},\"thumbnailUrl\":\"https:\/\/www.ellikki.fi\/korut\/wp-content\/uploads\/2015\/11\/Kermavaahtokynttil\u00e4.jpg\",\"datePublished\":\"2015-11-07T15:43:16+00:00\",\"dateModified\":\"2016-11-02T23:49:05+00:00\",\"author\":{\"@id\":\"https:\/\/www.ellikki.fi\/korut\/#\/schema\/person\/4100981f383f4e840417efe2a45a2e13\"},\"description\":\"Meid\u00e4n viikonloppu eli ELMA- ja k\u00e4dentaitomessut pe 6.11.2015. K\u00e4dentaitopuoli oli vaisu, sy\u00f6t\u00e4v\u00e4\u00e4 riitti.\",\"breadcrumb\":{\"@id\":\"https:\/\/www.ellikki.fi\/korut\/puffiboksi\/elma-ja-kadentaitomessut-2015\/#breadcrumb\"},\"inLanguage\":\"fi\",\"potentialAction\":[{\"@type\":\"ReadAction\",\"target\":[\"https:\/\/www.ellikki.fi\/korut\/puffiboksi\/elma-ja-kadentaitomessut-2015\/\"]}]},{\"@type\":\"ImageObject\",\"inLanguage\":\"fi\",\"@id\":\"https:\/\/www.ellikki.fi\/korut\/puffiboksi\/elma-ja-kadentaitomessut-2015\/#primaryimage\",\"url\":\"https:\/\/www.ellikki.fi\/korut\/wp-content\/uploads\/2015\/11\/Kermavaahtokynttil\u00e4.jpg\",\"contentUrl\":\"https:\/\/www.ellikki.fi\/korut\/wp-content\/uploads\/2015\/11\/Kermavaahtokynttil\u00e4.jpg\",\"width\":800,\"height\":576,\"caption\":\"Kermavaahtokynttil\u00e4\"},{\"@type\":\"BreadcrumbList\",\"@id\":\"https:\/\/www.ellikki.fi\/korut\/puffiboksi\/elma-ja-kadentaitomessut-2015\/#breadcrumb\",\"itemListElement\":[{\"@type\":\"ListItem\",\"position\":1,\"name\":\"Ellikki.fi - Helmisuutari\",\"item\":\"https:\/\/www.ellikki.fi\/korut\/\"},{\"@type\":\"ListItem\",\"position\":2,\"name\":\"ELMA- ja k\u00e4dentaitomessut 2015\"}]},{\"@type\":\"WebSite\",\"@id\":\"https:\/\/www.ellikki.fi\/korut\/#website\",\"url\":\"https:\/\/www.ellikki.fi\/korut\/\",\"name\":\"Ellikki.fi\",\"description\":\"Helmisuutari\",\"potentialAction\":[{\"@type\":\"SearchAction\",\"target\":{\"@type\":\"EntryPoint\",\"urlTemplate\":\"https:\/\/www.ellikki.fi\/korut\/?s={search_term_string}\"},\"query-input\":{\"@type\":\"PropertyValueSpecification\",\"valueRequired\":true,\"valueName\":\"search_term_string\"}}],\"inLanguage\":\"fi\"},{\"@type\":\"Person\",\"@id\":\"https:\/\/www.ellikki.fi\/korut\/#\/schema\/person\/4100981f383f4e840417efe2a45a2e13\",\"name\":\"Ellikki\",\"image\":{\"@type\":\"ImageObject\",\"inLanguage\":\"fi\",\"@id\":\"https:\/\/www.ellikki.fi\/korut\/#\/schema\/person\/image\/\",\"url\":\"https:\/\/secure.gravatar.com\/avatar\/68459a81492a7fdb3d3e31353836619029f7a695895440f957f81143855d97ee?s=96&d=mm&r=g\",\"contentUrl\":\"https:\/\/secure.gravatar.com\/avatar\/68459a81492a7fdb3d3e31353836619029f7a695895440f957f81143855d97ee?s=96&d=mm&r=g\",\"caption\":\"Ellikki\"},\"description\":\"Loputtoman utelias hevostoimittaja, tarinanmets\u00e4st\u00e4j\u00e4 ja koruharrastaja, joka edelleen ihmettelee maailmaa ja koettaa aina silloin t\u00e4ll\u00f6in tehd\u00e4 jotain ensi kertaa el\u00e4m\u00e4ss\u00e4\u00e4n.\"}]}<\/script>\n<!-- \/ Yoast SEO plugin. -->","yoast_head_json":{"title":"ELMA- ja k\u00e4dentaitomessut 2015 - Ellikki.fi","description":"Meid\u00e4n viikonloppu eli ELMA- ja k\u00e4dentaitomessut pe 6.11.2015. K\u00e4dentaitopuoli oli vaisu, sy\u00f6t\u00e4v\u00e4\u00e4 riitti.","robots":{"index":"index","follow":"follow","max-snippet":"max-snippet:-1","max-image-preview":"max-image-preview:large","max-video-preview":"max-video-preview:-1"},"canonical":"https:\/\/www.ellikki.fi\/korut\/puffiboksi\/elma-ja-kadentaitomessut-2015\/","og_locale":"fi_FI","og_type":"article","og_title":"ELMA- ja k\u00e4dentaitomessut 2015 - Ellikki.fi","og_description":"Meid\u00e4n viikonloppu eli ELMA- ja k\u00e4dentaitomessut pe 6.11.2015. K\u00e4dentaitopuoli oli vaisu, sy\u00f6t\u00e4v\u00e4\u00e4 riitti.","og_url":"https:\/\/www.ellikki.fi\/korut\/puffiboksi\/elma-ja-kadentaitomessut-2015\/","og_site_name":"Ellikki.fi","article_publisher":"https:\/\/www.facebook.com\/ellikki","article_published_time":"2015-11-07T15:43:16+00:00","article_modified_time":"2016-11-02T23:49:05+00:00","og_image":[{"width":800,"height":576,"url":"https:\/\/www.ellikki.fi\/korut\/wp-content\/uploads\/2015\/11\/Kermavaahtokynttil\u00e4.jpg","type":"image\/jpeg"}],"author":"Ellikki","twitter_card":"summary_large_image","twitter_creator":"@eltalvio","twitter_site":"@eltalvio","twitter_misc":{"Kirjoittanut":"Ellikki","Arvioitu lukuaika":"4 minuuttia"},"schema":{"@context":"https:\/\/schema.org","@graph":[{"@type":"Article","@id":"https:\/\/www.ellikki.fi\/korut\/puffiboksi\/elma-ja-kadentaitomessut-2015\/#article","isPartOf":{"@id":"https:\/\/www.ellikki.fi\/korut\/puffiboksi\/elma-ja-kadentaitomessut-2015\/"},"author":{"name":"Ellikki","@id":"https:\/\/www.ellikki.fi\/korut\/#\/schema\/person\/4100981f383f4e840417efe2a45a2e13"},"headline":"ELMA- ja k\u00e4dentaitomessut 2015","datePublished":"2015-11-07T15:43:16+00:00","dateModified":"2016-11-02T23:49:05+00:00","mainEntityOfPage":{"@id":"https:\/\/www.ellikki.fi\/korut\/puffiboksi\/elma-ja-kadentaitomessut-2015\/"},"wordCount":806,"commentCount":0,"image":{"@id":"https:\/\/www.ellikki.fi\/korut\/puffiboksi\/elma-ja-kadentaitomessut-2015\/#primaryimage"},"thumbnailUrl":"https:\/\/www.ellikki.fi\/korut\/wp-content\/uploads\/2015\/11\/Kermavaahtokynttil\u00e4.jpg","keywords":["ELMA","k\u00e4dentaitomessut","kengityksen SM 2015","Meid\u00e4n viikonloppu 2015"],"articleSection":["Puffiboksi"],"inLanguage":"fi","potentialAction":[{"@type":"CommentAction","name":"Comment","target":["https:\/\/www.ellikki.fi\/korut\/puffiboksi\/elma-ja-kadentaitomessut-2015\/#respond"]}]},{"@type":"WebPage","@id":"https:\/\/www.ellikki.fi\/korut\/puffiboksi\/elma-ja-kadentaitomessut-2015\/","url":"https:\/\/www.ellikki.fi\/korut\/puffiboksi\/elma-ja-kadentaitomessut-2015\/","name":"ELMA- ja k\u00e4dentaitomessut 2015 - Ellikki.fi","isPartOf":{"@id":"https:\/\/www.ellikki.fi\/korut\/#website"},"primaryImageOfPage":{"@id":"https:\/\/www.ellikki.fi\/korut\/puffiboksi\/elma-ja-kadentaitomessut-2015\/#primaryimage"},"image":{"@id":"https:\/\/www.ellikki.fi\/korut\/puffiboksi\/elma-ja-kadentaitomessut-2015\/#primaryimage"},"thumbnailUrl":"https:\/\/www.ellikki.fi\/korut\/wp-content\/uploads\/2015\/11\/Kermavaahtokynttil\u00e4.jpg","datePublished":"2015-11-07T15:43:16+00:00","dateModified":"2016-11-02T23:49:05+00:00","author":{"@id":"https:\/\/www.ellikki.fi\/korut\/#\/schema\/person\/4100981f383f4e840417efe2a45a2e13"},"description":"Meid\u00e4n viikonloppu eli ELMA- ja k\u00e4dentaitomessut pe 6.11.2015. K\u00e4dentaitopuoli oli vaisu, sy\u00f6t\u00e4v\u00e4\u00e4 riitti.","breadcrumb":{"@id":"https:\/\/www.ellikki.fi\/korut\/puffiboksi\/elma-ja-kadentaitomessut-2015\/#breadcrumb"},"inLanguage":"fi","potentialAction":[{"@type":"ReadAction","target":["https:\/\/www.ellikki.fi\/korut\/puffiboksi\/elma-ja-kadentaitomessut-2015\/"]}]},{"@type":"ImageObject","inLanguage":"fi","@id":"https:\/\/www.ellikki.fi\/korut\/puffiboksi\/elma-ja-kadentaitomessut-2015\/#primaryimage","url":"https:\/\/www.ellikki.fi\/korut\/wp-content\/uploads\/2015\/11\/Kermavaahtokynttil\u00e4.jpg","contentUrl":"https:\/\/www.ellikki.fi\/korut\/wp-content\/uploads\/2015\/11\/Kermavaahtokynttil\u00e4.jpg","width":800,"height":576,"caption":"Kermavaahtokynttil\u00e4"},{"@type":"BreadcrumbList","@id":"https:\/\/www.ellikki.fi\/korut\/puffiboksi\/elma-ja-kadentaitomessut-2015\/#breadcrumb","itemListElement":[{"@type":"ListItem","position":1,"name":"Ellikki.fi - Helmisuutari","item":"https:\/\/www.ellikki.fi\/korut\/"},{"@type":"ListItem","position":2,"name":"ELMA- ja k\u00e4dentaitomessut 2015"}]},{"@type":"WebSite","@id":"https:\/\/www.ellikki.fi\/korut\/#website","url":"https:\/\/www.ellikki.fi\/korut\/","name":"Ellikki.fi","description":"Helmisuutari","potentialAction":[{"@type":"SearchAction","target":{"@type":"EntryPoint","urlTemplate":"https:\/\/www.ellikki.fi\/korut\/?s={search_term_string}"},"query-input":{"@type":"PropertyValueSpecification","valueRequired":true,"valueName":"search_term_string"}}],"inLanguage":"fi"},{"@type":"Person","@id":"https:\/\/www.ellikki.fi\/korut\/#\/schema\/person\/4100981f383f4e840417efe2a45a2e13","name":"Ellikki","image":{"@type":"ImageObject","inLanguage":"fi","@id":"https:\/\/www.ellikki.fi\/korut\/#\/schema\/person\/image\/","url":"https:\/\/secure.gravatar.com\/avatar\/68459a81492a7fdb3d3e31353836619029f7a695895440f957f81143855d97ee?s=96&d=mm&r=g","contentUrl":"https:\/\/secure.gravatar.com\/avatar\/68459a81492a7fdb3d3e31353836619029f7a695895440f957f81143855d97ee?s=96&d=mm&r=g","caption":"Ellikki"},"description":"Loputtoman utelias hevostoimittaja, tarinanmets\u00e4st\u00e4j\u00e4 ja koruharrastaja, joka edelleen ihmettelee maailmaa ja koettaa aina silloin t\u00e4ll\u00f6in tehd\u00e4 jotain ensi kertaa el\u00e4m\u00e4ss\u00e4\u00e4n."}]}},"_links":{"self":[{"href":"https:\/\/www.ellikki.fi\/korut\/wp-json\/wp\/v2\/posts\/1098","targetHints":{"allow":["GET"]}}],"collection":[{"href":"https:\/\/www.ellikki.fi\/korut\/wp-json\/wp\/v2\/posts"}],"about":[{"href":"https:\/\/www.ellikki.fi\/korut\/wp-json\/wp\/v2\/types\/post"}],"author":[{"embeddable":true,"href":"https:\/\/www.ellikki.fi\/korut\/wp-json\/wp\/v2\/users\/1"}],"replies":[{"embeddable":true,"href":"https:\/\/www.ellikki.fi\/korut\/wp-json\/wp\/v2\/comments?post=1098"}],"version-history":[{"count":0,"href":"https:\/\/www.ellikki.fi\/korut\/wp-json\/wp\/v2\/posts\/1098\/revisions"}],"wp:featuredmedia":[{"embeddable":true,"href":"https:\/\/www.ellikki.fi\/korut\/wp-json\/wp\/v2\/media\/1099"}],"wp:attachment":[{"href":"https:\/\/www.ellikki.fi\/korut\/wp-json\/wp\/v2\/media?parent=1098"}],"wp:term":[{"taxonomy":"category","embeddable":true,"href":"https:\/\/www.ellikki.fi\/korut\/wp-json\/wp\/v2\/categories?post=1098"},{"taxonomy":"post_tag","embeddable":true,"href":"https:\/\/www.ellikki.fi\/korut\/wp-json\/wp\/v2\/tags?post=1098"}],"curies":[{"name":"wp","href":"https:\/\/api.w.org\/{rel}","templated":true}]}}