{"id":1327,"date":"2016-03-09T14:14:07","date_gmt":"2016-03-09T12:14:07","guid":{"rendered":"http:\/\/www.ellikki.fi\/korut\/?p=1327"},"modified":"2016-11-03T01:49:04","modified_gmt":"2016-11-02T23:49:04","slug":"mita-ovat-blogit-esitelma-kotkan-paakirjastossa-to-10-3","status":"publish","type":"post","link":"https:\/\/www.ellikki.fi\/korut\/puffiboksi\/mita-ovat-blogit-esitelma-kotkan-paakirjastossa-to-10-3\/","title":{"rendered":"Mit\u00e4 ovat blogit? -esitelm\u00e4 Kotkan p\u00e4\u00e4kirjastossa to 10.3."},"content":{"rendered":"<p>\u201dBlogi\u201d on tullut sanastoomme viimeisen 10 vuoden aikana, ja bloggaaminen on yh\u00e4 suositumpi harrastus. Blogit ovat suosittua viihdelukemista, ja ne ovat haastaneet perinteiset aikakauslehdet. Kouralliselle bloggaajia se on jopa ammatti. Blogit n\u00e4kyv\u00e4t aikakauslehdiss\u00e4, elokuvissa ja tv-sarjoissa. Mit\u00e4 ovat blogit ja miksi kummassa niist\u00e4 on tullut niin suosittuja? Voiko kuka tahansa perustaa blogin? Voiko sill\u00e4 tosiaan ansaita rahaa?<\/p>\n<p>Kansantajuinen esitelm\u00e4 pyrkii avaamaan blogimaailmaa niin tavalliselle kuulijalle kuin asiaan jo perehtyneille. Bloggaamista k\u00e4sitell\u00e4\u00e4n my\u00f6s muiden kuin bloginkirjottajan n\u00e4k\u00f6kulmasta, esimerkiksi yritysten, jotka tekev\u00e4t yhteisty\u00f6t\u00e4 bloggaajien kanssa. Esitelm\u00e4ss\u00e4 valotetaan my\u00f6s bloggaajan ja yrityksen yhteisty\u00f6n v\u00e4lisi\u00e4 ongelmakohtia. Bloggaajia on paljon ja kilpailu n\u00e4kyvyydest\u00e4 on kovaa. Pit\u00e4isik\u00f6 bloggaajan tehd\u00e4 yritykselle mainosteksti ilmaiseksi vain siksi, ett\u00e4 h\u00e4n harrastaa bloggaamista?<\/p>\n<p>Torstaina 10.3. klo 17 Kotkan p\u00e4\u00e4kirjaston mediatilassa 3. kerroksessa on esitelm\u00e4 aiheesta Mit\u00e4 ovat blogit. Luennon pit\u00e4\u00e4 kotkalainen bloggaaja Elina Talvio, joka on kirjoittanut Ellikin blogia jo nelj\u00e4n vuoden ajan. Tilaisuuden j\u00e4rjest\u00e4\u00e4 International Minds in Finland, ja se on kaikille avoin.<\/p>\n<p>Artikkelikuva: <a href=\"https:\/\/www.flickr.com\/photos\/jakerust\/16821448686\/in\/photolist-rCsjDm-oQm7ya-6qDKLY-oQi56b-pLUQRr-6QuuJF-4wHs2q-BccKx-co2K1b-ocY9BS-E842-4Asvk4-4CkYbW-81c6S5-81c7m7-HEoMx-818Y8x-81c7Zq-818XDP-818VEi-37UXEn-dGWgkR-45FzG-45FzB-dVwK4-4eBHiu-4AwL2j-5PpYet-7CxKN9-eL74cu-gCpNp7-nb4omx-r33Jxb-jtF5bz-5qWZKL-815yhC-7qKLJC-e6GxGy-fZX1Uz-hnQRv-7FLxpK-4d5sgE-4shFC4-3Uy7Ls-5GkyAL-3TQMDc-bjGpwd-pSPKZ8-8pf15R-pWmSeH\" target=\"_blank\"><strong><span style=\"color: #993366;\">GotCredit<\/span><\/strong><\/a>, julkaistu <a href=\"https:\/\/fi.wikipedia.org\/wiki\/Creative_Commons\" target=\"_blank\"><strong><span style=\"color: #993366;\">Creative Commons<\/span><\/strong><\/a> -lisenssill\u00e4.<\/p>\n","protected":false},"excerpt":{"rendered":"<p>\u201dBlogi\u201d on tullut sanastoomme viimeisen 10 vuoden aikana, ja bloggaaminen on yh\u00e4 suositumpi harrastus. Blogit ovat suosittua viihdelukemista, ja ne ovat haastaneet perinteiset aikakauslehdet. Kouralliselle bloggaajia se on jopa ammatti. Blogit n\u00e4kyv\u00e4t aikakauslehdiss\u00e4, elokuvissa ja  [&#8230;]<\/p>\n","protected":false},"author":1,"featured_media":1330,"comment_status":"open","ping_status":"closed","sticky":false,"template":"","format":"standard","meta":{"footnotes":""},"categories":[8],"tags":[294,295,296,297,298,293],"class_list":["post-1327","post","type-post","status-publish","format-standard","has-post-thumbnail","hentry","category-puffiboksi","tag-bloggaaminen","tag-imif","tag-international-minds-in-finland","tag-kotkan-kirjasto","tag-mediatila","tag-mita-ovat-blogit"],"yoast_head":"<!-- This site is optimized with the Yoast SEO plugin v27.1.1 - https:\/\/yoast.com\/product\/yoast-seo-wordpress\/ -->\n<title>Mit\u00e4 ovat blogit? -esitelm\u00e4 Kotkan p\u00e4\u00e4kirjastossa to 10.3. - Ellikki.fi<\/title>\n<meta name=\"description\" content=\"Tervetuloa ottamaan selv\u00e4\u00e4, mit\u00e4 ovat blogit.\" \/>\n<meta name=\"robots\" content=\"index, follow, max-snippet:-1, max-image-preview:large, max-video-preview:-1\" \/>\n<link rel=\"canonical\" href=\"https:\/\/www.ellikki.fi\/korut\/puffiboksi\/mita-ovat-blogit-esitelma-kotkan-paakirjastossa-to-10-3\/\" \/>\n<meta property=\"og:locale\" content=\"fi_FI\" \/>\n<meta property=\"og:type\" content=\"article\" \/>\n<meta property=\"og:title\" content=\"Mit\u00e4 ovat blogit? -esitelm\u00e4 Kotkan p\u00e4\u00e4kirjastossa to 10.3. - Ellikki.fi\" \/>\n<meta property=\"og:description\" content=\"Tervetuloa ottamaan selv\u00e4\u00e4, mit\u00e4 ovat blogit.\" \/>\n<meta property=\"og:url\" content=\"https:\/\/www.ellikki.fi\/korut\/puffiboksi\/mita-ovat-blogit-esitelma-kotkan-paakirjastossa-to-10-3\/\" \/>\n<meta property=\"og:site_name\" content=\"Ellikki.fi\" \/>\n<meta property=\"article:publisher\" content=\"https:\/\/www.facebook.com\/ellikki\" \/>\n<meta property=\"article:published_time\" content=\"2016-03-09T12:14:07+00:00\" \/>\n<meta property=\"article:modified_time\" content=\"2016-11-02T23:49:04+00:00\" \/>\n<meta property=\"og:image\" content=\"https:\/\/www.ellikki.fi\/korut\/wp-content\/uploads\/2016\/03\/Blogiesitelm\u00e4.jpg\" \/>\n\t<meta property=\"og:image:width\" content=\"800\" \/>\n\t<meta property=\"og:image:height\" content=\"506\" \/>\n\t<meta property=\"og:image:type\" content=\"image\/jpeg\" \/>\n<meta name=\"author\" content=\"Ellikki\" \/>\n<meta name=\"twitter:card\" content=\"summary_large_image\" \/>\n<meta name=\"twitter:creator\" content=\"@eltalvio\" \/>\n<meta name=\"twitter:site\" content=\"@eltalvio\" \/>\n<meta name=\"twitter:label1\" content=\"Kirjoittanut\" \/>\n\t<meta name=\"twitter:data1\" content=\"Ellikki\" \/>\n\t<meta name=\"twitter:label2\" content=\"Arvioitu lukuaika\" \/>\n\t<meta name=\"twitter:data2\" content=\"1 minuutti\" \/>\n<script type=\"application\/ld+json\" class=\"yoast-schema-graph\">{\"@context\":\"https:\/\/schema.org\",\"@graph\":[{\"@type\":\"Article\",\"@id\":\"https:\/\/www.ellikki.fi\/korut\/puffiboksi\/mita-ovat-blogit-esitelma-kotkan-paakirjastossa-to-10-3\/#article\",\"isPartOf\":{\"@id\":\"https:\/\/www.ellikki.fi\/korut\/puffiboksi\/mita-ovat-blogit-esitelma-kotkan-paakirjastossa-to-10-3\/\"},\"author\":{\"name\":\"Ellikki\",\"@id\":\"https:\/\/www.ellikki.fi\/korut\/#\/schema\/person\/4100981f383f4e840417efe2a45a2e13\"},\"headline\":\"Mit\u00e4 ovat blogit? -esitelm\u00e4 Kotkan p\u00e4\u00e4kirjastossa to 10.3.\",\"datePublished\":\"2016-03-09T12:14:07+00:00\",\"dateModified\":\"2016-11-02T23:49:04+00:00\",\"mainEntityOfPage\":{\"@id\":\"https:\/\/www.ellikki.fi\/korut\/puffiboksi\/mita-ovat-blogit-esitelma-kotkan-paakirjastossa-to-10-3\/\"},\"wordCount\":182,\"commentCount\":0,\"image\":{\"@id\":\"https:\/\/www.ellikki.fi\/korut\/puffiboksi\/mita-ovat-blogit-esitelma-kotkan-paakirjastossa-to-10-3\/#primaryimage\"},\"thumbnailUrl\":\"https:\/\/www.ellikki.fi\/korut\/wp-content\/uploads\/2016\/03\/Blogiesitelm\u00e4.jpg\",\"keywords\":[\"bloggaaminen\",\"IMiF\",\"International Minds in Finland\",\"Kotkan kirjasto\",\"mediatila\",\"Mit\u00e4 ovat blogit\"],\"articleSection\":[\"Puffiboksi\"],\"inLanguage\":\"fi\",\"potentialAction\":[{\"@type\":\"CommentAction\",\"name\":\"Comment\",\"target\":[\"https:\/\/www.ellikki.fi\/korut\/puffiboksi\/mita-ovat-blogit-esitelma-kotkan-paakirjastossa-to-10-3\/#respond\"]}]},{\"@type\":\"WebPage\",\"@id\":\"https:\/\/www.ellikki.fi\/korut\/puffiboksi\/mita-ovat-blogit-esitelma-kotkan-paakirjastossa-to-10-3\/\",\"url\":\"https:\/\/www.ellikki.fi\/korut\/puffiboksi\/mita-ovat-blogit-esitelma-kotkan-paakirjastossa-to-10-3\/\",\"name\":\"Mit\u00e4 ovat blogit? -esitelm\u00e4 Kotkan p\u00e4\u00e4kirjastossa to 10.3. - Ellikki.fi\",\"isPartOf\":{\"@id\":\"https:\/\/www.ellikki.fi\/korut\/#website\"},\"primaryImageOfPage\":{\"@id\":\"https:\/\/www.ellikki.fi\/korut\/puffiboksi\/mita-ovat-blogit-esitelma-kotkan-paakirjastossa-to-10-3\/#primaryimage\"},\"image\":{\"@id\":\"https:\/\/www.ellikki.fi\/korut\/puffiboksi\/mita-ovat-blogit-esitelma-kotkan-paakirjastossa-to-10-3\/#primaryimage\"},\"thumbnailUrl\":\"https:\/\/www.ellikki.fi\/korut\/wp-content\/uploads\/2016\/03\/Blogiesitelm\u00e4.jpg\",\"datePublished\":\"2016-03-09T12:14:07+00:00\",\"dateModified\":\"2016-11-02T23:49:04+00:00\",\"author\":{\"@id\":\"https:\/\/www.ellikki.fi\/korut\/#\/schema\/person\/4100981f383f4e840417efe2a45a2e13\"},\"description\":\"Tervetuloa ottamaan selv\u00e4\u00e4, mit\u00e4 ovat blogit.\",\"breadcrumb\":{\"@id\":\"https:\/\/www.ellikki.fi\/korut\/puffiboksi\/mita-ovat-blogit-esitelma-kotkan-paakirjastossa-to-10-3\/#breadcrumb\"},\"inLanguage\":\"fi\",\"potentialAction\":[{\"@type\":\"ReadAction\",\"target\":[\"https:\/\/www.ellikki.fi\/korut\/puffiboksi\/mita-ovat-blogit-esitelma-kotkan-paakirjastossa-to-10-3\/\"]}]},{\"@type\":\"ImageObject\",\"inLanguage\":\"fi\",\"@id\":\"https:\/\/www.ellikki.fi\/korut\/puffiboksi\/mita-ovat-blogit-esitelma-kotkan-paakirjastossa-to-10-3\/#primaryimage\",\"url\":\"https:\/\/www.ellikki.fi\/korut\/wp-content\/uploads\/2016\/03\/Blogiesitelm\u00e4.jpg\",\"contentUrl\":\"https:\/\/www.ellikki.fi\/korut\/wp-content\/uploads\/2016\/03\/Blogiesitelm\u00e4.jpg\",\"width\":800,\"height\":506,\"caption\":\"Blogiesitelm\u00e4\"},{\"@type\":\"BreadcrumbList\",\"@id\":\"https:\/\/www.ellikki.fi\/korut\/puffiboksi\/mita-ovat-blogit-esitelma-kotkan-paakirjastossa-to-10-3\/#breadcrumb\",\"itemListElement\":[{\"@type\":\"ListItem\",\"position\":1,\"name\":\"Ellikki.fi - Helmisuutari\",\"item\":\"https:\/\/www.ellikki.fi\/korut\/\"},{\"@type\":\"ListItem\",\"position\":2,\"name\":\"Mit\u00e4 ovat blogit? -esitelm\u00e4 Kotkan p\u00e4\u00e4kirjastossa to 10.3.\"}]},{\"@type\":\"WebSite\",\"@id\":\"https:\/\/www.ellikki.fi\/korut\/#website\",\"url\":\"https:\/\/www.ellikki.fi\/korut\/\",\"name\":\"Ellikki.fi\",\"description\":\"Helmisuutari\",\"potentialAction\":[{\"@type\":\"SearchAction\",\"target\":{\"@type\":\"EntryPoint\",\"urlTemplate\":\"https:\/\/www.ellikki.fi\/korut\/?s={search_term_string}\"},\"query-input\":{\"@type\":\"PropertyValueSpecification\",\"valueRequired\":true,\"valueName\":\"search_term_string\"}}],\"inLanguage\":\"fi\"},{\"@type\":\"Person\",\"@id\":\"https:\/\/www.ellikki.fi\/korut\/#\/schema\/person\/4100981f383f4e840417efe2a45a2e13\",\"name\":\"Ellikki\",\"image\":{\"@type\":\"ImageObject\",\"inLanguage\":\"fi\",\"@id\":\"https:\/\/www.ellikki.fi\/korut\/#\/schema\/person\/image\/\",\"url\":\"https:\/\/secure.gravatar.com\/avatar\/68459a81492a7fdb3d3e31353836619029f7a695895440f957f81143855d97ee?s=96&d=mm&r=g\",\"contentUrl\":\"https:\/\/secure.gravatar.com\/avatar\/68459a81492a7fdb3d3e31353836619029f7a695895440f957f81143855d97ee?s=96&d=mm&r=g\",\"caption\":\"Ellikki\"},\"description\":\"Loputtoman utelias hevostoimittaja, tarinanmets\u00e4st\u00e4j\u00e4 ja koruharrastaja, joka edelleen ihmettelee maailmaa ja koettaa aina silloin t\u00e4ll\u00f6in tehd\u00e4 jotain ensi kertaa el\u00e4m\u00e4ss\u00e4\u00e4n.\"}]}<\/script>\n<!-- \/ Yoast SEO plugin. -->","yoast_head_json":{"title":"Mit\u00e4 ovat blogit? -esitelm\u00e4 Kotkan p\u00e4\u00e4kirjastossa to 10.3. - Ellikki.fi","description":"Tervetuloa ottamaan selv\u00e4\u00e4, mit\u00e4 ovat blogit.","robots":{"index":"index","follow":"follow","max-snippet":"max-snippet:-1","max-image-preview":"max-image-preview:large","max-video-preview":"max-video-preview:-1"},"canonical":"https:\/\/www.ellikki.fi\/korut\/puffiboksi\/mita-ovat-blogit-esitelma-kotkan-paakirjastossa-to-10-3\/","og_locale":"fi_FI","og_type":"article","og_title":"Mit\u00e4 ovat blogit? -esitelm\u00e4 Kotkan p\u00e4\u00e4kirjastossa to 10.3. - Ellikki.fi","og_description":"Tervetuloa ottamaan selv\u00e4\u00e4, mit\u00e4 ovat blogit.","og_url":"https:\/\/www.ellikki.fi\/korut\/puffiboksi\/mita-ovat-blogit-esitelma-kotkan-paakirjastossa-to-10-3\/","og_site_name":"Ellikki.fi","article_publisher":"https:\/\/www.facebook.com\/ellikki","article_published_time":"2016-03-09T12:14:07+00:00","article_modified_time":"2016-11-02T23:49:04+00:00","og_image":[{"width":800,"height":506,"url":"https:\/\/www.ellikki.fi\/korut\/wp-content\/uploads\/2016\/03\/Blogiesitelm\u00e4.jpg","type":"image\/jpeg"}],"author":"Ellikki","twitter_card":"summary_large_image","twitter_creator":"@eltalvio","twitter_site":"@eltalvio","twitter_misc":{"Kirjoittanut":"Ellikki","Arvioitu lukuaika":"1 minuutti"},"schema":{"@context":"https:\/\/schema.org","@graph":[{"@type":"Article","@id":"https:\/\/www.ellikki.fi\/korut\/puffiboksi\/mita-ovat-blogit-esitelma-kotkan-paakirjastossa-to-10-3\/#article","isPartOf":{"@id":"https:\/\/www.ellikki.fi\/korut\/puffiboksi\/mita-ovat-blogit-esitelma-kotkan-paakirjastossa-to-10-3\/"},"author":{"name":"Ellikki","@id":"https:\/\/www.ellikki.fi\/korut\/#\/schema\/person\/4100981f383f4e840417efe2a45a2e13"},"headline":"Mit\u00e4 ovat blogit? -esitelm\u00e4 Kotkan p\u00e4\u00e4kirjastossa to 10.3.","datePublished":"2016-03-09T12:14:07+00:00","dateModified":"2016-11-02T23:49:04+00:00","mainEntityOfPage":{"@id":"https:\/\/www.ellikki.fi\/korut\/puffiboksi\/mita-ovat-blogit-esitelma-kotkan-paakirjastossa-to-10-3\/"},"wordCount":182,"commentCount":0,"image":{"@id":"https:\/\/www.ellikki.fi\/korut\/puffiboksi\/mita-ovat-blogit-esitelma-kotkan-paakirjastossa-to-10-3\/#primaryimage"},"thumbnailUrl":"https:\/\/www.ellikki.fi\/korut\/wp-content\/uploads\/2016\/03\/Blogiesitelm\u00e4.jpg","keywords":["bloggaaminen","IMiF","International Minds in Finland","Kotkan kirjasto","mediatila","Mit\u00e4 ovat blogit"],"articleSection":["Puffiboksi"],"inLanguage":"fi","potentialAction":[{"@type":"CommentAction","name":"Comment","target":["https:\/\/www.ellikki.fi\/korut\/puffiboksi\/mita-ovat-blogit-esitelma-kotkan-paakirjastossa-to-10-3\/#respond"]}]},{"@type":"WebPage","@id":"https:\/\/www.ellikki.fi\/korut\/puffiboksi\/mita-ovat-blogit-esitelma-kotkan-paakirjastossa-to-10-3\/","url":"https:\/\/www.ellikki.fi\/korut\/puffiboksi\/mita-ovat-blogit-esitelma-kotkan-paakirjastossa-to-10-3\/","name":"Mit\u00e4 ovat blogit? -esitelm\u00e4 Kotkan p\u00e4\u00e4kirjastossa to 10.3. - Ellikki.fi","isPartOf":{"@id":"https:\/\/www.ellikki.fi\/korut\/#website"},"primaryImageOfPage":{"@id":"https:\/\/www.ellikki.fi\/korut\/puffiboksi\/mita-ovat-blogit-esitelma-kotkan-paakirjastossa-to-10-3\/#primaryimage"},"image":{"@id":"https:\/\/www.ellikki.fi\/korut\/puffiboksi\/mita-ovat-blogit-esitelma-kotkan-paakirjastossa-to-10-3\/#primaryimage"},"thumbnailUrl":"https:\/\/www.ellikki.fi\/korut\/wp-content\/uploads\/2016\/03\/Blogiesitelm\u00e4.jpg","datePublished":"2016-03-09T12:14:07+00:00","dateModified":"2016-11-02T23:49:04+00:00","author":{"@id":"https:\/\/www.ellikki.fi\/korut\/#\/schema\/person\/4100981f383f4e840417efe2a45a2e13"},"description":"Tervetuloa ottamaan selv\u00e4\u00e4, mit\u00e4 ovat blogit.","breadcrumb":{"@id":"https:\/\/www.ellikki.fi\/korut\/puffiboksi\/mita-ovat-blogit-esitelma-kotkan-paakirjastossa-to-10-3\/#breadcrumb"},"inLanguage":"fi","potentialAction":[{"@type":"ReadAction","target":["https:\/\/www.ellikki.fi\/korut\/puffiboksi\/mita-ovat-blogit-esitelma-kotkan-paakirjastossa-to-10-3\/"]}]},{"@type":"ImageObject","inLanguage":"fi","@id":"https:\/\/www.ellikki.fi\/korut\/puffiboksi\/mita-ovat-blogit-esitelma-kotkan-paakirjastossa-to-10-3\/#primaryimage","url":"https:\/\/www.ellikki.fi\/korut\/wp-content\/uploads\/2016\/03\/Blogiesitelm\u00e4.jpg","contentUrl":"https:\/\/www.ellikki.fi\/korut\/wp-content\/uploads\/2016\/03\/Blogiesitelm\u00e4.jpg","width":800,"height":506,"caption":"Blogiesitelm\u00e4"},{"@type":"BreadcrumbList","@id":"https:\/\/www.ellikki.fi\/korut\/puffiboksi\/mita-ovat-blogit-esitelma-kotkan-paakirjastossa-to-10-3\/#breadcrumb","itemListElement":[{"@type":"ListItem","position":1,"name":"Ellikki.fi - Helmisuutari","item":"https:\/\/www.ellikki.fi\/korut\/"},{"@type":"ListItem","position":2,"name":"Mit\u00e4 ovat blogit? -esitelm\u00e4 Kotkan p\u00e4\u00e4kirjastossa to 10.3."}]},{"@type":"WebSite","@id":"https:\/\/www.ellikki.fi\/korut\/#website","url":"https:\/\/www.ellikki.fi\/korut\/","name":"Ellikki.fi","description":"Helmisuutari","potentialAction":[{"@type":"SearchAction","target":{"@type":"EntryPoint","urlTemplate":"https:\/\/www.ellikki.fi\/korut\/?s={search_term_string}"},"query-input":{"@type":"PropertyValueSpecification","valueRequired":true,"valueName":"search_term_string"}}],"inLanguage":"fi"},{"@type":"Person","@id":"https:\/\/www.ellikki.fi\/korut\/#\/schema\/person\/4100981f383f4e840417efe2a45a2e13","name":"Ellikki","image":{"@type":"ImageObject","inLanguage":"fi","@id":"https:\/\/www.ellikki.fi\/korut\/#\/schema\/person\/image\/","url":"https:\/\/secure.gravatar.com\/avatar\/68459a81492a7fdb3d3e31353836619029f7a695895440f957f81143855d97ee?s=96&d=mm&r=g","contentUrl":"https:\/\/secure.gravatar.com\/avatar\/68459a81492a7fdb3d3e31353836619029f7a695895440f957f81143855d97ee?s=96&d=mm&r=g","caption":"Ellikki"},"description":"Loputtoman utelias hevostoimittaja, tarinanmets\u00e4st\u00e4j\u00e4 ja koruharrastaja, joka edelleen ihmettelee maailmaa ja koettaa aina silloin t\u00e4ll\u00f6in tehd\u00e4 jotain ensi kertaa el\u00e4m\u00e4ss\u00e4\u00e4n."}]}},"_links":{"self":[{"href":"https:\/\/www.ellikki.fi\/korut\/wp-json\/wp\/v2\/posts\/1327","targetHints":{"allow":["GET"]}}],"collection":[{"href":"https:\/\/www.ellikki.fi\/korut\/wp-json\/wp\/v2\/posts"}],"about":[{"href":"https:\/\/www.ellikki.fi\/korut\/wp-json\/wp\/v2\/types\/post"}],"author":[{"embeddable":true,"href":"https:\/\/www.ellikki.fi\/korut\/wp-json\/wp\/v2\/users\/1"}],"replies":[{"embeddable":true,"href":"https:\/\/www.ellikki.fi\/korut\/wp-json\/wp\/v2\/comments?post=1327"}],"version-history":[{"count":0,"href":"https:\/\/www.ellikki.fi\/korut\/wp-json\/wp\/v2\/posts\/1327\/revisions"}],"wp:featuredmedia":[{"embeddable":true,"href":"https:\/\/www.ellikki.fi\/korut\/wp-json\/wp\/v2\/media\/1330"}],"wp:attachment":[{"href":"https:\/\/www.ellikki.fi\/korut\/wp-json\/wp\/v2\/media?parent=1327"}],"wp:term":[{"taxonomy":"category","embeddable":true,"href":"https:\/\/www.ellikki.fi\/korut\/wp-json\/wp\/v2\/categories?post=1327"},{"taxonomy":"post_tag","embeddable":true,"href":"https:\/\/www.ellikki.fi\/korut\/wp-json\/wp\/v2\/tags?post=1327"}],"curies":[{"name":"wp","href":"https:\/\/api.w.org\/{rel}","templated":true}]}}