{"id":1358,"date":"2016-03-30T23:46:16","date_gmt":"2016-03-30T20:46:16","guid":{"rendered":"http:\/\/www.ellikki.fi\/korut\/?p=1358"},"modified":"2016-11-03T01:49:04","modified_gmt":"2016-11-02T23:49:04","slug":"teatterin-korut-kierratysta-kasityota","status":"publish","type":"post","link":"https:\/\/www.ellikki.fi\/korut\/tietolaari\/teatterin-korut-kierratysta-kasityota\/","title":{"rendered":"Teatterin korut ovat kierr\u00e4tyst\u00e4 ja k\u00e4sity\u00f6t\u00e4"},"content":{"rendered":"<p>Suomessa on 200 ammattiteatteria ja 700 harrastajateatteria. T\u00e4n\u00e4 kev\u00e4\u00e4n\u00e4 <a href=\"http:\/\/www.tinfo.fi\/fi\/MunTeatteri\" target=\"_blank\"><span style=\"color: #993366;\"><strong>Mun teatteri -kampanja<\/strong><\/span><\/a> on aktivoinut somettavia teatterinyst\u00e4vi\u00e4. <span style=\"color: #3366ff;\">#munteatteri<\/span>-teemalla j\u00e4rjestet\u00e4\u00e4n kaikenlaisia tavallisuudesta poikkeavia tapahtumia, joissa esitysten kuvaaminen ja kuvien jakaminen on t\u00e4ysin luvallista. Ihmiset kyll\u00e4 k\u00e4yv\u00e4t teatterissa, mutta somen\u00e4kyvyys on liki nolla, koska esityksist\u00e4 ei saa julkaista kuvia. #munteatteri-ilta j\u00e4rjestettiin keskiviikkona Kotkan kaupunginteatterissa. Yleis\u00f6 p\u00e4\u00e4si ilmaiseksi seuraamaan Ylpeys ja ennakkoluulo -n\u00e4ytelm\u00e4n harjoituksia. Kaakon Kajauttajat -ryhm\u00e4n j\u00e4senille oli lis\u00e4ksi j\u00e4rjestetty kierros teatterin muissa tiloissa. Minua kiinnostivat eniten teatterin korut.<\/p>\n<p>Teatterin korut on hankittu monelta suunnalta: muista n\u00e4ytelmist\u00e4 kierr\u00e4tettyj\u00e4, varta vasten teetettyj\u00e4 ja kaupasta ostettuja. Ja niit\u00e4 on paljon! Hahmon asusta koruja my\u00f6ten vastaa pukusuunnittelija, mutta my\u00f6s n\u00e4yttelij\u00e4ll\u00e4 on sanansa sanottavana. N\u00e4yttelij\u00e4 Pia Lunkka muistaa tapauksen, jossa h\u00e4nelle tuli vahvasti sellainen tunne, ett\u00e4 h\u00e4nen esitt\u00e4m\u00e4ns\u00e4 hahmo on sellainen, joka k\u00e4ytt\u00e4\u00e4 vaaleanpunaisia helmi\u00e4. Korun tyyli riippuu paitsi hahmosta, my\u00f6s n\u00e4ytelm\u00e4st\u00e4 ja ajankuvasta. Joissain n\u00e4ytelmiss\u00e4 v\u00e4reill\u00e4 ja koruilla herkutellaan, toisissa taas sek\u00e4 puvun ett\u00e4 korun t\u00e4ytyy olla uskollinen ajankuvalle.<\/p>\n<p><a href=\"http:\/\/www.ellikki.fi\/korut\/wp-content\/uploads\/2016\/03\/Teatterin-korusein\u00e4.jpg\" rel=\"attachment wp-att-1359\"><img decoding=\"async\" class=\"aligncenter size-full wp-image-1359\" src=\"http:\/\/www.ellikki.fi\/korut\/wp-content\/uploads\/2016\/03\/Teatterin-korusein\u00e4.jpg\" alt=\"Teatterin korusein\u00e4\" width=\"800\" height=\"600\" srcset=\"https:\/\/www.ellikki.fi\/korut\/wp-content\/uploads\/2016\/03\/Teatterin-korusein\u00e4-200x150.jpg 200w, https:\/\/www.ellikki.fi\/korut\/wp-content\/uploads\/2016\/03\/Teatterin-korusein\u00e4-300x225.jpg 300w, https:\/\/www.ellikki.fi\/korut\/wp-content\/uploads\/2016\/03\/Teatterin-korusein\u00e4-400x300.jpg 400w, https:\/\/www.ellikki.fi\/korut\/wp-content\/uploads\/2016\/03\/Teatterin-korusein\u00e4-600x450.jpg 600w, https:\/\/www.ellikki.fi\/korut\/wp-content\/uploads\/2016\/03\/Teatterin-korusein\u00e4-768x576.jpg 768w, https:\/\/www.ellikki.fi\/korut\/wp-content\/uploads\/2016\/03\/Teatterin-korusein\u00e4.jpg 800w\" sizes=\"(max-width: 800px) 100vw, 800px\" \/><\/a><\/p>\n<p><a href=\"http:\/\/www.ellikki.fi\/korut\/wp-content\/uploads\/2016\/03\/Teatterin-korut.jpg\" rel=\"attachment wp-att-1360\"><img decoding=\"async\" class=\"aligncenter size-full wp-image-1360\" src=\"http:\/\/www.ellikki.fi\/korut\/wp-content\/uploads\/2016\/03\/Teatterin-korut.jpg\" alt=\"Teatterin korut\" width=\"800\" height=\"600\" srcset=\"https:\/\/www.ellikki.fi\/korut\/wp-content\/uploads\/2016\/03\/Teatterin-korut-200x150.jpg 200w, https:\/\/www.ellikki.fi\/korut\/wp-content\/uploads\/2016\/03\/Teatterin-korut-300x225.jpg 300w, https:\/\/www.ellikki.fi\/korut\/wp-content\/uploads\/2016\/03\/Teatterin-korut-400x300.jpg 400w, https:\/\/www.ellikki.fi\/korut\/wp-content\/uploads\/2016\/03\/Teatterin-korut-600x450.jpg 600w, https:\/\/www.ellikki.fi\/korut\/wp-content\/uploads\/2016\/03\/Teatterin-korut-768x576.jpg 768w, https:\/\/www.ellikki.fi\/korut\/wp-content\/uploads\/2016\/03\/Teatterin-korut.jpg 800w\" sizes=\"(max-width: 800px) 100vw, 800px\" \/><\/a><\/p>\n<p><a href=\"http:\/\/www.ellikki.fi\/korut\/wp-content\/uploads\/2016\/03\/Teatterin-koruja-1.jpg\" rel=\"attachment wp-att-1361\"><img decoding=\"async\" class=\"aligncenter size-full wp-image-1361\" src=\"http:\/\/www.ellikki.fi\/korut\/wp-content\/uploads\/2016\/03\/Teatterin-koruja-1.jpg\" alt=\"Teatterin koruja 1\" width=\"600\" height=\"800\" srcset=\"https:\/\/www.ellikki.fi\/korut\/wp-content\/uploads\/2016\/03\/Teatterin-koruja-1-200x267.jpg 200w, https:\/\/www.ellikki.fi\/korut\/wp-content\/uploads\/2016\/03\/Teatterin-koruja-1-225x300.jpg 225w, https:\/\/www.ellikki.fi\/korut\/wp-content\/uploads\/2016\/03\/Teatterin-koruja-1-400x533.jpg 400w, https:\/\/www.ellikki.fi\/korut\/wp-content\/uploads\/2016\/03\/Teatterin-koruja-1.jpg 600w\" sizes=\"(max-width: 600px) 100vw, 600px\" \/><\/a><\/p>\n<p><a href=\"http:\/\/www.ellikki.fi\/korut\/wp-content\/uploads\/2016\/03\/Teatterin-koruja-2.jpg\" rel=\"attachment wp-att-1362\"><img decoding=\"async\" class=\"aligncenter size-full wp-image-1362\" src=\"http:\/\/www.ellikki.fi\/korut\/wp-content\/uploads\/2016\/03\/Teatterin-koruja-2.jpg\" alt=\"Teatterin koruja 1\" width=\"600\" height=\"800\" srcset=\"https:\/\/www.ellikki.fi\/korut\/wp-content\/uploads\/2016\/03\/Teatterin-koruja-2-200x267.jpg 200w, https:\/\/www.ellikki.fi\/korut\/wp-content\/uploads\/2016\/03\/Teatterin-koruja-2-225x300.jpg 225w, https:\/\/www.ellikki.fi\/korut\/wp-content\/uploads\/2016\/03\/Teatterin-koruja-2-400x533.jpg 400w, https:\/\/www.ellikki.fi\/korut\/wp-content\/uploads\/2016\/03\/Teatterin-koruja-2.jpg 600w\" sizes=\"(max-width: 600px) 100vw, 600px\" \/><\/a><\/p>\n<h3><\/h3>\n<h3>Mit\u00e4 ei ole, se tehd\u00e4\u00e4n<\/h3>\n<p>Kaikki vaatekappaleet, keng\u00e4t ja muut mukaan lukien teatterissa on noin 200\u00a0000 asustetta. Osa on aitoja, esimerkiksi poliisi ja armeija ovat lahjoittaneet oikeita virkapukuja teatterille, osa taas on tehty vanhojen valokuvien perusteella. Kenki\u00e4kin on 1920-luvulta saakka. Aidoista vanhoista puvuista ja kengist\u00e4 voidaan huomata, ett\u00e4 ihmiset ovat vain v\u00e4h\u00e4n aikaa sitten olleet paljon pienempi\u00e4. 1950-luvun pukuun ei en\u00e4\u00e4 moni nykyihminen mahtuisi. Se, mit\u00e4 ei ole olemassa, tehd\u00e4\u00e4n. Vain mielikuvitus on rajana. Teatterilta kysyt\u00e4\u00e4n toisinaan vaatteiden vuokrausta juhlapukutarkoituksiin. Teatterilla ei varsinaisesti ole mit\u00e4\u00e4n vuokrausta vastaan, mutta pukuvuokraustoimintaan tarvittavat resurssit puuttuvat. Lis\u00e4ksi puku ei v\u00e4ltt\u00e4m\u00e4tt\u00e4 vastaakaan mielikuvia, sill\u00e4 yksityiskohtiin kuten saumoihin ei teatterin suurella n\u00e4ytt\u00e4m\u00f6ll\u00e4 tarvitse kiinnitt\u00e4\u00e4 huomiota. Riitt\u00e4\u00e4, ett\u00e4 vaate luo oikean mielikuvan kaukaa katsottuna ja pysyy kasassa. Teatterin puvuston vaatteet saattavat olla my\u00f6s kymmenien esitysten kuluttamia.<\/p>\n<div class=\"fusion-fullwidth fullwidth-box fusion-builder-row-1 hundred-percent-fullwidth non-hundred-percent-height-scrolling\" style=\"--awb-border-radius-top-left:0px;--awb-border-radius-top-right:0px;--awb-border-radius-bottom-right:0px;--awb-border-radius-bottom-left:0px;--awb-overflow:visible;--awb-flex-wrap:wrap;\" ><div class=\"fusion-builder-row fusion-row\"><div class=\"fusion-layout-column fusion_builder_column fusion-builder-column-0 fusion_builder_column_1_1 1_1 fusion-one-full fusion-column-first fusion-column-last fusion-column-no-min-height\" style=\"--awb-bg-size:cover;--awb-margin-bottom:0px;\"><div class=\"fusion-column-wrapper fusion-flex-column-wrapper-legacy\"><div id=\"attachment_1363\" style=\"width: 810px\" class=\"wp-caption aligncenter\"><a href=\"http:\/\/www.ellikki.fi\/korut\/wp-content\/uploads\/2016\/03\/Sugarin-pukuja.jpg\" rel=\"attachment wp-att-1363\"><img decoding=\"async\" aria-describedby=\"caption-attachment-1363\" class=\"wp-image-1363 size-full\" src=\"http:\/\/www.ellikki.fi\/korut\/wp-content\/uploads\/2016\/03\/Sugarin-pukuja.jpg\" alt=\"Sugarin pukuja\" width=\"800\" height=\"600\" srcset=\"https:\/\/www.ellikki.fi\/korut\/wp-content\/uploads\/2016\/03\/Sugarin-pukuja-200x150.jpg 200w, https:\/\/www.ellikki.fi\/korut\/wp-content\/uploads\/2016\/03\/Sugarin-pukuja-300x225.jpg 300w, https:\/\/www.ellikki.fi\/korut\/wp-content\/uploads\/2016\/03\/Sugarin-pukuja-400x300.jpg 400w, https:\/\/www.ellikki.fi\/korut\/wp-content\/uploads\/2016\/03\/Sugarin-pukuja-600x450.jpg 600w, https:\/\/www.ellikki.fi\/korut\/wp-content\/uploads\/2016\/03\/Sugarin-pukuja-768x576.jpg 768w, https:\/\/www.ellikki.fi\/korut\/wp-content\/uploads\/2016\/03\/Sugarin-pukuja.jpg 800w\" sizes=\"(max-width: 800px) 100vw, 800px\" \/><\/a><p id=\"caption-attachment-1363\" class=\"wp-caption-text\">Piukat paikat -elokuvan musikaaliversion tanssiryhm\u00e4n pukuja ja peruukkeja.<\/p><\/div>\n<p>&nbsp;<\/p>\n<div class=\"fusion-clearfix\"><\/div><\/div><\/div><div class=\"fusion-layout-column fusion_builder_column fusion-builder-column-1 fusion_builder_column_1_1 1_1 fusion-one-full fusion-column-first fusion-column-last fusion-column-no-min-height\" style=\"--awb-bg-size:cover;--awb-margin-bottom:0px;\"><div class=\"fusion-column-wrapper fusion-flex-column-wrapper-legacy\"><div id=\"attachment_1364\" style=\"width: 810px\" class=\"wp-caption aligncenter\"><a href=\"http:\/\/www.ellikki.fi\/korut\/wp-content\/uploads\/2016\/03\/Kenk\u00e4hylly.jpg\" rel=\"attachment wp-att-1364\"><img decoding=\"async\" aria-describedby=\"caption-attachment-1364\" class=\"wp-image-1364 size-full\" src=\"http:\/\/www.ellikki.fi\/korut\/wp-content\/uploads\/2016\/03\/Kenk\u00e4hylly.jpg\" alt=\"Kenk\u00e4hylly\" width=\"800\" height=\"600\" srcset=\"https:\/\/www.ellikki.fi\/korut\/wp-content\/uploads\/2016\/03\/Kenk\u00e4hylly-200x150.jpg 200w, https:\/\/www.ellikki.fi\/korut\/wp-content\/uploads\/2016\/03\/Kenk\u00e4hylly-300x225.jpg 300w, https:\/\/www.ellikki.fi\/korut\/wp-content\/uploads\/2016\/03\/Kenk\u00e4hylly-400x300.jpg 400w, https:\/\/www.ellikki.fi\/korut\/wp-content\/uploads\/2016\/03\/Kenk\u00e4hylly-600x450.jpg 600w, https:\/\/www.ellikki.fi\/korut\/wp-content\/uploads\/2016\/03\/Kenk\u00e4hylly-768x576.jpg 768w, https:\/\/www.ellikki.fi\/korut\/wp-content\/uploads\/2016\/03\/Kenk\u00e4hylly.jpg 800w\" sizes=\"(max-width: 800px) 100vw, 800px\" \/><\/a><p id=\"caption-attachment-1364\" class=\"wp-caption-text\">Vaikuttava kenk\u00e4huone.<\/p><\/div>\n<div class=\"fusion-clearfix\"><\/div><\/div><\/div><div class=\"fusion-layout-column fusion_builder_column fusion-builder-column-2 fusion_builder_column_1_1 1_1 fusion-one-full fusion-column-first fusion-column-last fusion-column-no-min-height\" style=\"--awb-bg-size:cover;--awb-margin-bottom:0px;\"><div class=\"fusion-column-wrapper fusion-flex-column-wrapper-legacy\"><div id=\"attachment_1365\" style=\"width: 610px\" class=\"wp-caption aligncenter\"><a href=\"http:\/\/www.ellikki.fi\/korut\/wp-content\/uploads\/2016\/03\/Anne-Niilola.jpg\" rel=\"attachment wp-att-1365\"><img decoding=\"async\" aria-describedby=\"caption-attachment-1365\" class=\"wp-image-1365 size-full\" src=\"http:\/\/www.ellikki.fi\/korut\/wp-content\/uploads\/2016\/03\/Anne-Niilola.jpg\" alt=\"Anne Niilola\" width=\"600\" height=\"800\" srcset=\"https:\/\/www.ellikki.fi\/korut\/wp-content\/uploads\/2016\/03\/Anne-Niilola-200x267.jpg 200w, https:\/\/www.ellikki.fi\/korut\/wp-content\/uploads\/2016\/03\/Anne-Niilola-225x300.jpg 225w, https:\/\/www.ellikki.fi\/korut\/wp-content\/uploads\/2016\/03\/Anne-Niilola-400x533.jpg 400w, https:\/\/www.ellikki.fi\/korut\/wp-content\/uploads\/2016\/03\/Anne-Niilola.jpg 600w\" sizes=\"(max-width: 600px) 100vw, 600px\" \/><\/a><p id=\"caption-attachment-1365\" class=\"wp-caption-text\">N\u00e4yttelij\u00e4 Anne Niilola pukuhuoneessaan.<\/p><\/div>\n<p>&nbsp;<\/p>\n<p>N\u00e4yttelij\u00f6iden pukuhuoneet ovat yll\u00e4tt\u00e4v\u00e4n pieni\u00e4 ja karuja, kuin laivan hyttej\u00e4. Siell\u00e4 on pehmustettu penkki, jolle voi halutessaan oikaista itsens\u00e4, peili ja muutamia pukuja. Yhdest\u00e4 huoneesta tapasimme Anne Niilolan, pitk\u00e4n linjan teatterilaisen. H\u00e4n on n\u00e4ytellyt ammatikseen 25 vuotta ja sit\u00e4 ennen harrastelijana. En malttanut olla kysym\u00e4tt\u00e4, viel\u00e4k\u00f6 teatterissa on taikaa. \u201dAinahan v\u00e4h\u00e4n j\u00e4nnitt\u00e4\u00e4, mutta kokemus on tuonut ty\u00f6kaluja sen kanssa el\u00e4miseen. Hahmon luominen on aina kiehtovaa. Siin\u00e4 aloitetaan nollasta, ja jokaista hahmoa pit\u00e4\u00e4 rakastaa. Joskus t\u00e4ytyy etsi\u00e4 hahmon inhimillinen puoli ja samaistumispinta. Jokainen hahmo opettaa minulle jotain minusta itsest\u00e4ni, l\u00f6yd\u00e4n itsest\u00e4ni uusia puolia ja ymm\u00e4rr\u00e4n erilaisia ihmisi\u00e4 sen j\u00e4lkeen paremmin.\u201d Tyypillinen rooli, jota Niilola on usein joutunut esitt\u00e4m\u00e4\u00e4n, on hieman synkk\u00e4 ja dominoiva kreivit\u00e4r tai matriarkka. \u201dOnneksi nyky\u00e4\u00e4n lokeroidaan v\u00e4hemm\u00e4n. Aiemmin oli enemm\u00e4n sit\u00e4, ett\u00e4 yhdelle annettiin tietynlaisia rooleja ja toiselle toisenlaisia\u201d, h\u00e4n tuumii. \u201dNyky\u00e4\u00e4n voi joskus tulla vastaan rooleja, joita ei ikin\u00e4 uskoisi esitt\u00e4v\u00e4ns\u00e4.\u201d<\/p>\n<h3>Ylpeys ja ennakkoluulo Kotkan kaupunginteatterissa<\/h3>\n<p>Kahden viikon kuluttua on Kotkan teatterissa Suomen kantaesityksen\u00e4 n\u00e4ht\u00e4v\u00e4n Jane Austenin Ylpeys ja ennakkoluulo -n\u00e4ytelm\u00e4n ensi-ilta. Yleis\u00f6lle avoin harjoitus oli kiehtova tilaisuus n\u00e4hd\u00e4 ohjaajan ty\u00f6skentely\u00e4. Valmista teatterikappaletta katsoessa ohjaajan ty\u00f6 on tehty, joten en ollut p\u00e4\u00e4ssyt ennen n\u00e4kem\u00e4\u00e4n n\u00e4yttelij\u00f6iden ohjausta. Esityst\u00e4 varten ohjaaja Tommi Kainulainen (otsikkokuvassa toinen vasemmalta) on lukenut Austenin romaanin huolella. N\u00e4ytelm\u00e4n ohjaaminen on h\u00e4nen suuri unelmansa, joka on nyt toteutumassa. P\u00e4\u00e4simme n\u00e4kem\u00e4\u00e4n yhden kohtauksen hiomista tunnin ajan. N\u00e4kem\u00e4ni perusteella olen ilahtunut siit\u00e4, ett\u00e4 n\u00e4ytelm\u00e4 seuraa tarkasti alkuper\u00e4ist\u00e4 teosta ja pyrkii tuomaan esiin brittil\u00e4isen luokkayhteiskunnan ylti\u00f6kohteliaine sanak\u00e4\u00e4nteineen juuri sellaisena kuin olemme tottuneet sen n\u00e4kem\u00e4\u00e4n ilman irokeeseja, rullalautoja ja muita uudenaikaisia kotkotuksia. Puvut ovat juuri sellaisia kuin epookkidraamassa kuuluu ollakin. Jos kokemus oli yleis\u00f6lle poikkeuksellinen, oli se sit\u00e4 my\u00f6s n\u00e4yttelij\u00f6ille. Er\u00e4iden n\u00e4yttelij\u00f6iden mielest\u00e4 yleis\u00f6lle avoin harjoitus oli &#8221;pahempaa kuin ensi-ilta&#8221;, koska kaikki on viel\u00e4 niin keskener\u00e4ist\u00e4. Toisaalta se my\u00f6s auttoi el\u00e4ytym\u00e4\u00e4n siihen, ett\u00e4 parin viikon kuluttua salissa on yleis\u00f6. Pokka pit\u00e4\u00e4 kuulemma paremmin silloin, kun yleis\u00f6 on katsomassa.<\/p>\n<p>Maistiainen sai mielenkiinnon her\u00e4\u00e4m\u00e4\u00e4n varsinaista n\u00e4ytelm\u00e4\u00e4 kohtaan. T\u00e4llaisia tapahtumia saisi j\u00e4rjest\u00e4\u00e4 useammin. K\u00e4vin aiemmin teatterissa enemm\u00e4n. Lakkasin k\u00e4ym\u00e4st\u00e4, koska moni vanha teksti oli modernisoitu omituiseksi. Tuli liian monta pettymyst\u00e4. Jos p\u00e4\u00e4sisin n\u00e4kem\u00e4\u00e4n vastakin harjoituksia, voisin sen perusteella p\u00e4\u00e4tt\u00e4\u00e4, haluanko n\u00e4hd\u00e4 n\u00e4ytelm\u00e4n vai en. Elokuvistakin tehd\u00e4\u00e4n trailereita, miksei siis n\u00e4ytelmist\u00e4?<\/p>\n<div class=\"fusion-clearfix\"><\/div><\/div><\/div><div class=\"fusion-layout-column fusion_builder_column fusion-builder-column-3 fusion_builder_column_1_1 1_1 fusion-one-full fusion-column-first fusion-column-last fusion-column-no-min-height\" style=\"--awb-bg-size:cover;--awb-margin-bottom:0px;\"><div class=\"fusion-column-wrapper fusion-flex-column-wrapper-legacy\"><div id=\"attachment_1366\" style=\"width: 810px\" class=\"wp-caption aligncenter\"><a href=\"http:\/\/www.ellikki.fi\/korut\/wp-content\/uploads\/2016\/03\/Mr-Darcy-ja-neiti-Bennett.jpg\" rel=\"attachment wp-att-1366\"><img decoding=\"async\" aria-describedby=\"caption-attachment-1366\" class=\"wp-image-1366 size-full\" src=\"http:\/\/www.ellikki.fi\/korut\/wp-content\/uploads\/2016\/03\/Mr-Darcy-ja-neiti-Bennett.jpg\" alt=\"Mr Darcy ja neiti Bennett\" width=\"800\" height=\"505\" srcset=\"https:\/\/www.ellikki.fi\/korut\/wp-content\/uploads\/2016\/03\/Mr-Darcy-ja-neiti-Bennett-200x126.jpg 200w, https:\/\/www.ellikki.fi\/korut\/wp-content\/uploads\/2016\/03\/Mr-Darcy-ja-neiti-Bennett-300x189.jpg 300w, https:\/\/www.ellikki.fi\/korut\/wp-content\/uploads\/2016\/03\/Mr-Darcy-ja-neiti-Bennett-320x202.jpg 320w, https:\/\/www.ellikki.fi\/korut\/wp-content\/uploads\/2016\/03\/Mr-Darcy-ja-neiti-Bennett-400x253.jpg 400w, https:\/\/www.ellikki.fi\/korut\/wp-content\/uploads\/2016\/03\/Mr-Darcy-ja-neiti-Bennett-600x379.jpg 600w, https:\/\/www.ellikki.fi\/korut\/wp-content\/uploads\/2016\/03\/Mr-Darcy-ja-neiti-Bennett-700x441.jpg 700w, https:\/\/www.ellikki.fi\/korut\/wp-content\/uploads\/2016\/03\/Mr-Darcy-ja-neiti-Bennett-768x485.jpg 768w, https:\/\/www.ellikki.fi\/korut\/wp-content\/uploads\/2016\/03\/Mr-Darcy-ja-neiti-Bennett.jpg 800w\" sizes=\"(max-width: 800px) 100vw, 800px\" \/><\/a><p id=\"caption-attachment-1366\" class=\"wp-caption-text\">Mr Darcyn ja neiti Bennettin v\u00e4linen j\u00e4nnite oli jo n\u00e4ht\u00e4viss\u00e4. Kaikki puvut ja lavasteet eiv\u00e4t olleet viel\u00e4 aivan valmiita, joten Mr Darcy joutui yhdist\u00e4m\u00e4\u00e4n lievetakkiinsa farkut.<\/p><\/div>\n<p>&nbsp;<\/p>\n<div class=\"fusion-clearfix\"><\/div><\/div><\/div><div class=\"fusion-layout-column fusion_builder_column fusion-builder-column-4 fusion_builder_column_1_1 1_1 fusion-one-full fusion-column-first fusion-column-last fusion-column-no-min-height\" style=\"--awb-bg-size:cover;--awb-margin-bottom:0px;\"><div class=\"fusion-column-wrapper fusion-flex-column-wrapper-legacy\"><div id=\"attachment_1367\" style=\"width: 610px\" class=\"wp-caption aligncenter\"><a href=\"http:\/\/www.ellikki.fi\/korut\/wp-content\/uploads\/2016\/03\/Pokka-pett\u00e4\u00e4.jpg\" rel=\"attachment wp-att-1367\"><img decoding=\"async\" aria-describedby=\"caption-attachment-1367\" class=\"wp-image-1367 size-full\" src=\"http:\/\/www.ellikki.fi\/korut\/wp-content\/uploads\/2016\/03\/Pokka-pett\u00e4\u00e4.jpg\" alt=\"Pokka pett\u00e4\u00e4\" width=\"600\" height=\"800\" srcset=\"https:\/\/www.ellikki.fi\/korut\/wp-content\/uploads\/2016\/03\/Pokka-pett\u00e4\u00e4-200x267.jpg 200w, https:\/\/www.ellikki.fi\/korut\/wp-content\/uploads\/2016\/03\/Pokka-pett\u00e4\u00e4-225x300.jpg 225w, https:\/\/www.ellikki.fi\/korut\/wp-content\/uploads\/2016\/03\/Pokka-pett\u00e4\u00e4-400x533.jpg 400w, https:\/\/www.ellikki.fi\/korut\/wp-content\/uploads\/2016\/03\/Pokka-pett\u00e4\u00e4.jpg 600w\" sizes=\"(max-width: 600px) 100vw, 600px\" \/><\/a><p id=\"caption-attachment-1367\" class=\"wp-caption-text\">Joskus naurattaa niin, ett\u00e4 pokka pett\u00e4\u00e4.<\/p><\/div>\n<p><a href=\"http:\/\/www.kotkanteatteri.fi\/\" target=\"_blank\"><span style=\"color: #993366;\"><strong>Kotkan kaupunginteatterin verkkosivut<\/strong><\/span><\/a><\/p>\n<p>&nbsp;<div class=\"fusion-clearfix\"><\/div><\/div><\/div><\/div><\/div>\n","protected":false},"excerpt":{"rendered":"<p>Suomessa on 200 ammattiteatteria ja 700 harrastajateatteria. T\u00e4n\u00e4 kev\u00e4\u00e4n\u00e4 Mun teatteri -kampanja on aktivoinut somettavia teatterinyst\u00e4vi\u00e4. #munteatteri-teemalla j\u00e4rjestet\u00e4\u00e4n kaikenlaisia tavallisuudesta poikkeavia tapahtumia, joissa esitysten kuvaaminen ja kuvien jakaminen on t\u00e4ysin luvallista. Ihmiset kyll\u00e4 k\u00e4yv\u00e4t teatterissa,  [&#8230;]<\/p>\n","protected":false},"author":1,"featured_media":1368,"comment_status":"open","ping_status":"closed","sticky":false,"template":"","format":"standard","meta":{"footnotes":""},"categories":[20],"tags":[305,308,313,307,303,310,306,311,312,304,309],"class_list":["post-1358","post","type-post","status-publish","format-standard","has-post-thumbnail","hentry","category-tietolaari","tag-anne-niilola","tag-jane-austen","tag-kaakon-kajauttajat","tag-kotkan-kaupunginteatteri","tag-mun-teatteri","tag-naytelma","tag-pia-lunkka","tag-teatteri","tag-teatterin-korut","tag-tommi-kainulainen","tag-ylpeys-ja-ennakkoluulo"],"yoast_head":"<!-- This site is optimized with the Yoast SEO plugin v27.1.1 - https:\/\/yoast.com\/product\/yoast-seo-wordpress\/ -->\n<title>Teatterin korut ovat kierr\u00e4tyst\u00e4 ja k\u00e4sity\u00f6t\u00e4 - Ellikki.fi<\/title>\n<meta name=\"description\" content=\"Koruharrastaja p\u00e4\u00e4si n\u00e4kem\u00e4\u00e4n teatterin korut, ja samalla maistiaisen Ylpeyden ja ennakkoluulon kantaesityksest\u00e4.\" \/>\n<meta name=\"robots\" content=\"index, follow, max-snippet:-1, max-image-preview:large, max-video-preview:-1\" \/>\n<link rel=\"canonical\" href=\"https:\/\/www.ellikki.fi\/korut\/tietolaari\/teatterin-korut-kierratysta-kasityota\/\" \/>\n<meta property=\"og:locale\" content=\"fi_FI\" \/>\n<meta property=\"og:type\" content=\"article\" \/>\n<meta property=\"og:title\" content=\"Teatterin korut ovat kierr\u00e4tyst\u00e4 ja k\u00e4sity\u00f6t\u00e4 - Ellikki.fi\" \/>\n<meta property=\"og:description\" content=\"Koruharrastaja p\u00e4\u00e4si n\u00e4kem\u00e4\u00e4n teatterin korut, ja samalla maistiaisen Ylpeyden ja ennakkoluulon kantaesityksest\u00e4.\" \/>\n<meta property=\"og:url\" content=\"https:\/\/www.ellikki.fi\/korut\/tietolaari\/teatterin-korut-kierratysta-kasityota\/\" \/>\n<meta property=\"og:site_name\" content=\"Ellikki.fi\" \/>\n<meta property=\"article:publisher\" content=\"https:\/\/www.facebook.com\/ellikki\" \/>\n<meta property=\"article:published_time\" content=\"2016-03-30T20:46:16+00:00\" \/>\n<meta property=\"article:modified_time\" content=\"2016-11-02T23:49:04+00:00\" \/>\n<meta property=\"og:image\" content=\"https:\/\/www.ellikki.fi\/korut\/wp-content\/uploads\/2016\/03\/Tommi-Kainulainen-ohjaa.jpg\" \/>\n\t<meta property=\"og:image:width\" content=\"800\" \/>\n\t<meta property=\"og:image:height\" content=\"427\" \/>\n\t<meta property=\"og:image:type\" content=\"image\/jpeg\" \/>\n<meta name=\"author\" content=\"Ellikki\" \/>\n<meta name=\"twitter:card\" content=\"summary_large_image\" \/>\n<meta name=\"twitter:creator\" content=\"@eltalvio\" \/>\n<meta name=\"twitter:site\" content=\"@eltalvio\" \/>\n<meta name=\"twitter:label1\" content=\"Kirjoittanut\" \/>\n\t<meta name=\"twitter:data1\" content=\"Ellikki\" \/>\n\t<meta name=\"twitter:label2\" content=\"Arvioitu lukuaika\" \/>\n\t<meta name=\"twitter:data2\" content=\"6 minuuttia\" \/>\n<script type=\"application\/ld+json\" class=\"yoast-schema-graph\">{\"@context\":\"https:\/\/schema.org\",\"@graph\":[{\"@type\":\"Article\",\"@id\":\"https:\/\/www.ellikki.fi\/korut\/tietolaari\/teatterin-korut-kierratysta-kasityota\/#article\",\"isPartOf\":{\"@id\":\"https:\/\/www.ellikki.fi\/korut\/tietolaari\/teatterin-korut-kierratysta-kasityota\/\"},\"author\":{\"name\":\"Ellikki\",\"@id\":\"https:\/\/www.ellikki.fi\/korut\/#\/schema\/person\/4100981f383f4e840417efe2a45a2e13\"},\"headline\":\"Teatterin korut ovat kierr\u00e4tyst\u00e4 ja k\u00e4sity\u00f6t\u00e4\",\"datePublished\":\"2016-03-30T20:46:16+00:00\",\"dateModified\":\"2016-11-02T23:49:04+00:00\",\"mainEntityOfPage\":{\"@id\":\"https:\/\/www.ellikki.fi\/korut\/tietolaari\/teatterin-korut-kierratysta-kasityota\/\"},\"wordCount\":1167,\"commentCount\":0,\"image\":{\"@id\":\"https:\/\/www.ellikki.fi\/korut\/tietolaari\/teatterin-korut-kierratysta-kasityota\/#primaryimage\"},\"thumbnailUrl\":\"https:\/\/www.ellikki.fi\/korut\/wp-content\/uploads\/2016\/03\/Tommi-Kainulainen-ohjaa.jpg\",\"keywords\":[\"Anne Niilola\",\"Jane Austen\",\"Kaakon Kajauttajat\",\"Kotkan kaupunginteatteri\",\"Mun teatteri\",\"n\u00e4ytelm\u00e4\",\"Pia Lunkka\",\"teatteri\",\"teatterin korut\",\"Tommi Kainulainen\",\"Ylpeys ja ennakkoluulo\"],\"articleSection\":[\"Tietolaari\"],\"inLanguage\":\"fi\",\"potentialAction\":[{\"@type\":\"CommentAction\",\"name\":\"Comment\",\"target\":[\"https:\/\/www.ellikki.fi\/korut\/tietolaari\/teatterin-korut-kierratysta-kasityota\/#respond\"]}]},{\"@type\":\"WebPage\",\"@id\":\"https:\/\/www.ellikki.fi\/korut\/tietolaari\/teatterin-korut-kierratysta-kasityota\/\",\"url\":\"https:\/\/www.ellikki.fi\/korut\/tietolaari\/teatterin-korut-kierratysta-kasityota\/\",\"name\":\"Teatterin korut ovat kierr\u00e4tyst\u00e4 ja k\u00e4sity\u00f6t\u00e4 - Ellikki.fi\",\"isPartOf\":{\"@id\":\"https:\/\/www.ellikki.fi\/korut\/#website\"},\"primaryImageOfPage\":{\"@id\":\"https:\/\/www.ellikki.fi\/korut\/tietolaari\/teatterin-korut-kierratysta-kasityota\/#primaryimage\"},\"image\":{\"@id\":\"https:\/\/www.ellikki.fi\/korut\/tietolaari\/teatterin-korut-kierratysta-kasityota\/#primaryimage\"},\"thumbnailUrl\":\"https:\/\/www.ellikki.fi\/korut\/wp-content\/uploads\/2016\/03\/Tommi-Kainulainen-ohjaa.jpg\",\"datePublished\":\"2016-03-30T20:46:16+00:00\",\"dateModified\":\"2016-11-02T23:49:04+00:00\",\"author\":{\"@id\":\"https:\/\/www.ellikki.fi\/korut\/#\/schema\/person\/4100981f383f4e840417efe2a45a2e13\"},\"description\":\"Koruharrastaja p\u00e4\u00e4si n\u00e4kem\u00e4\u00e4n teatterin korut, ja samalla maistiaisen Ylpeyden ja ennakkoluulon kantaesityksest\u00e4.\",\"breadcrumb\":{\"@id\":\"https:\/\/www.ellikki.fi\/korut\/tietolaari\/teatterin-korut-kierratysta-kasityota\/#breadcrumb\"},\"inLanguage\":\"fi\",\"potentialAction\":[{\"@type\":\"ReadAction\",\"target\":[\"https:\/\/www.ellikki.fi\/korut\/tietolaari\/teatterin-korut-kierratysta-kasityota\/\"]}]},{\"@type\":\"ImageObject\",\"inLanguage\":\"fi\",\"@id\":\"https:\/\/www.ellikki.fi\/korut\/tietolaari\/teatterin-korut-kierratysta-kasityota\/#primaryimage\",\"url\":\"https:\/\/www.ellikki.fi\/korut\/wp-content\/uploads\/2016\/03\/Tommi-Kainulainen-ohjaa.jpg\",\"contentUrl\":\"https:\/\/www.ellikki.fi\/korut\/wp-content\/uploads\/2016\/03\/Tommi-Kainulainen-ohjaa.jpg\",\"width\":800,\"height\":427},{\"@type\":\"BreadcrumbList\",\"@id\":\"https:\/\/www.ellikki.fi\/korut\/tietolaari\/teatterin-korut-kierratysta-kasityota\/#breadcrumb\",\"itemListElement\":[{\"@type\":\"ListItem\",\"position\":1,\"name\":\"Ellikki.fi - Helmisuutari\",\"item\":\"https:\/\/www.ellikki.fi\/korut\/\"},{\"@type\":\"ListItem\",\"position\":2,\"name\":\"Teatterin korut ovat kierr\u00e4tyst\u00e4 ja k\u00e4sity\u00f6t\u00e4\"}]},{\"@type\":\"WebSite\",\"@id\":\"https:\/\/www.ellikki.fi\/korut\/#website\",\"url\":\"https:\/\/www.ellikki.fi\/korut\/\",\"name\":\"Ellikki.fi\",\"description\":\"Helmisuutari\",\"potentialAction\":[{\"@type\":\"SearchAction\",\"target\":{\"@type\":\"EntryPoint\",\"urlTemplate\":\"https:\/\/www.ellikki.fi\/korut\/?s={search_term_string}\"},\"query-input\":{\"@type\":\"PropertyValueSpecification\",\"valueRequired\":true,\"valueName\":\"search_term_string\"}}],\"inLanguage\":\"fi\"},{\"@type\":\"Person\",\"@id\":\"https:\/\/www.ellikki.fi\/korut\/#\/schema\/person\/4100981f383f4e840417efe2a45a2e13\",\"name\":\"Ellikki\",\"image\":{\"@type\":\"ImageObject\",\"inLanguage\":\"fi\",\"@id\":\"https:\/\/www.ellikki.fi\/korut\/#\/schema\/person\/image\/\",\"url\":\"https:\/\/secure.gravatar.com\/avatar\/68459a81492a7fdb3d3e31353836619029f7a695895440f957f81143855d97ee?s=96&d=mm&r=g\",\"contentUrl\":\"https:\/\/secure.gravatar.com\/avatar\/68459a81492a7fdb3d3e31353836619029f7a695895440f957f81143855d97ee?s=96&d=mm&r=g\",\"caption\":\"Ellikki\"},\"description\":\"Loputtoman utelias hevostoimittaja, tarinanmets\u00e4st\u00e4j\u00e4 ja koruharrastaja, joka edelleen ihmettelee maailmaa ja koettaa aina silloin t\u00e4ll\u00f6in tehd\u00e4 jotain ensi kertaa el\u00e4m\u00e4ss\u00e4\u00e4n.\"}]}<\/script>\n<!-- \/ Yoast SEO plugin. -->","yoast_head_json":{"title":"Teatterin korut ovat kierr\u00e4tyst\u00e4 ja k\u00e4sity\u00f6t\u00e4 - Ellikki.fi","description":"Koruharrastaja p\u00e4\u00e4si n\u00e4kem\u00e4\u00e4n teatterin korut, ja samalla maistiaisen Ylpeyden ja ennakkoluulon kantaesityksest\u00e4.","robots":{"index":"index","follow":"follow","max-snippet":"max-snippet:-1","max-image-preview":"max-image-preview:large","max-video-preview":"max-video-preview:-1"},"canonical":"https:\/\/www.ellikki.fi\/korut\/tietolaari\/teatterin-korut-kierratysta-kasityota\/","og_locale":"fi_FI","og_type":"article","og_title":"Teatterin korut ovat kierr\u00e4tyst\u00e4 ja k\u00e4sity\u00f6t\u00e4 - Ellikki.fi","og_description":"Koruharrastaja p\u00e4\u00e4si n\u00e4kem\u00e4\u00e4n teatterin korut, ja samalla maistiaisen Ylpeyden ja ennakkoluulon kantaesityksest\u00e4.","og_url":"https:\/\/www.ellikki.fi\/korut\/tietolaari\/teatterin-korut-kierratysta-kasityota\/","og_site_name":"Ellikki.fi","article_publisher":"https:\/\/www.facebook.com\/ellikki","article_published_time":"2016-03-30T20:46:16+00:00","article_modified_time":"2016-11-02T23:49:04+00:00","og_image":[{"width":800,"height":427,"url":"https:\/\/www.ellikki.fi\/korut\/wp-content\/uploads\/2016\/03\/Tommi-Kainulainen-ohjaa.jpg","type":"image\/jpeg"}],"author":"Ellikki","twitter_card":"summary_large_image","twitter_creator":"@eltalvio","twitter_site":"@eltalvio","twitter_misc":{"Kirjoittanut":"Ellikki","Arvioitu lukuaika":"6 minuuttia"},"schema":{"@context":"https:\/\/schema.org","@graph":[{"@type":"Article","@id":"https:\/\/www.ellikki.fi\/korut\/tietolaari\/teatterin-korut-kierratysta-kasityota\/#article","isPartOf":{"@id":"https:\/\/www.ellikki.fi\/korut\/tietolaari\/teatterin-korut-kierratysta-kasityota\/"},"author":{"name":"Ellikki","@id":"https:\/\/www.ellikki.fi\/korut\/#\/schema\/person\/4100981f383f4e840417efe2a45a2e13"},"headline":"Teatterin korut ovat kierr\u00e4tyst\u00e4 ja k\u00e4sity\u00f6t\u00e4","datePublished":"2016-03-30T20:46:16+00:00","dateModified":"2016-11-02T23:49:04+00:00","mainEntityOfPage":{"@id":"https:\/\/www.ellikki.fi\/korut\/tietolaari\/teatterin-korut-kierratysta-kasityota\/"},"wordCount":1167,"commentCount":0,"image":{"@id":"https:\/\/www.ellikki.fi\/korut\/tietolaari\/teatterin-korut-kierratysta-kasityota\/#primaryimage"},"thumbnailUrl":"https:\/\/www.ellikki.fi\/korut\/wp-content\/uploads\/2016\/03\/Tommi-Kainulainen-ohjaa.jpg","keywords":["Anne Niilola","Jane Austen","Kaakon Kajauttajat","Kotkan kaupunginteatteri","Mun teatteri","n\u00e4ytelm\u00e4","Pia Lunkka","teatteri","teatterin korut","Tommi Kainulainen","Ylpeys ja ennakkoluulo"],"articleSection":["Tietolaari"],"inLanguage":"fi","potentialAction":[{"@type":"CommentAction","name":"Comment","target":["https:\/\/www.ellikki.fi\/korut\/tietolaari\/teatterin-korut-kierratysta-kasityota\/#respond"]}]},{"@type":"WebPage","@id":"https:\/\/www.ellikki.fi\/korut\/tietolaari\/teatterin-korut-kierratysta-kasityota\/","url":"https:\/\/www.ellikki.fi\/korut\/tietolaari\/teatterin-korut-kierratysta-kasityota\/","name":"Teatterin korut ovat kierr\u00e4tyst\u00e4 ja k\u00e4sity\u00f6t\u00e4 - Ellikki.fi","isPartOf":{"@id":"https:\/\/www.ellikki.fi\/korut\/#website"},"primaryImageOfPage":{"@id":"https:\/\/www.ellikki.fi\/korut\/tietolaari\/teatterin-korut-kierratysta-kasityota\/#primaryimage"},"image":{"@id":"https:\/\/www.ellikki.fi\/korut\/tietolaari\/teatterin-korut-kierratysta-kasityota\/#primaryimage"},"thumbnailUrl":"https:\/\/www.ellikki.fi\/korut\/wp-content\/uploads\/2016\/03\/Tommi-Kainulainen-ohjaa.jpg","datePublished":"2016-03-30T20:46:16+00:00","dateModified":"2016-11-02T23:49:04+00:00","author":{"@id":"https:\/\/www.ellikki.fi\/korut\/#\/schema\/person\/4100981f383f4e840417efe2a45a2e13"},"description":"Koruharrastaja p\u00e4\u00e4si n\u00e4kem\u00e4\u00e4n teatterin korut, ja samalla maistiaisen Ylpeyden ja ennakkoluulon kantaesityksest\u00e4.","breadcrumb":{"@id":"https:\/\/www.ellikki.fi\/korut\/tietolaari\/teatterin-korut-kierratysta-kasityota\/#breadcrumb"},"inLanguage":"fi","potentialAction":[{"@type":"ReadAction","target":["https:\/\/www.ellikki.fi\/korut\/tietolaari\/teatterin-korut-kierratysta-kasityota\/"]}]},{"@type":"ImageObject","inLanguage":"fi","@id":"https:\/\/www.ellikki.fi\/korut\/tietolaari\/teatterin-korut-kierratysta-kasityota\/#primaryimage","url":"https:\/\/www.ellikki.fi\/korut\/wp-content\/uploads\/2016\/03\/Tommi-Kainulainen-ohjaa.jpg","contentUrl":"https:\/\/www.ellikki.fi\/korut\/wp-content\/uploads\/2016\/03\/Tommi-Kainulainen-ohjaa.jpg","width":800,"height":427},{"@type":"BreadcrumbList","@id":"https:\/\/www.ellikki.fi\/korut\/tietolaari\/teatterin-korut-kierratysta-kasityota\/#breadcrumb","itemListElement":[{"@type":"ListItem","position":1,"name":"Ellikki.fi - Helmisuutari","item":"https:\/\/www.ellikki.fi\/korut\/"},{"@type":"ListItem","position":2,"name":"Teatterin korut ovat kierr\u00e4tyst\u00e4 ja k\u00e4sity\u00f6t\u00e4"}]},{"@type":"WebSite","@id":"https:\/\/www.ellikki.fi\/korut\/#website","url":"https:\/\/www.ellikki.fi\/korut\/","name":"Ellikki.fi","description":"Helmisuutari","potentialAction":[{"@type":"SearchAction","target":{"@type":"EntryPoint","urlTemplate":"https:\/\/www.ellikki.fi\/korut\/?s={search_term_string}"},"query-input":{"@type":"PropertyValueSpecification","valueRequired":true,"valueName":"search_term_string"}}],"inLanguage":"fi"},{"@type":"Person","@id":"https:\/\/www.ellikki.fi\/korut\/#\/schema\/person\/4100981f383f4e840417efe2a45a2e13","name":"Ellikki","image":{"@type":"ImageObject","inLanguage":"fi","@id":"https:\/\/www.ellikki.fi\/korut\/#\/schema\/person\/image\/","url":"https:\/\/secure.gravatar.com\/avatar\/68459a81492a7fdb3d3e31353836619029f7a695895440f957f81143855d97ee?s=96&d=mm&r=g","contentUrl":"https:\/\/secure.gravatar.com\/avatar\/68459a81492a7fdb3d3e31353836619029f7a695895440f957f81143855d97ee?s=96&d=mm&r=g","caption":"Ellikki"},"description":"Loputtoman utelias hevostoimittaja, tarinanmets\u00e4st\u00e4j\u00e4 ja koruharrastaja, joka edelleen ihmettelee maailmaa ja koettaa aina silloin t\u00e4ll\u00f6in tehd\u00e4 jotain ensi kertaa el\u00e4m\u00e4ss\u00e4\u00e4n."}]}},"_links":{"self":[{"href":"https:\/\/www.ellikki.fi\/korut\/wp-json\/wp\/v2\/posts\/1358","targetHints":{"allow":["GET"]}}],"collection":[{"href":"https:\/\/www.ellikki.fi\/korut\/wp-json\/wp\/v2\/posts"}],"about":[{"href":"https:\/\/www.ellikki.fi\/korut\/wp-json\/wp\/v2\/types\/post"}],"author":[{"embeddable":true,"href":"https:\/\/www.ellikki.fi\/korut\/wp-json\/wp\/v2\/users\/1"}],"replies":[{"embeddable":true,"href":"https:\/\/www.ellikki.fi\/korut\/wp-json\/wp\/v2\/comments?post=1358"}],"version-history":[{"count":0,"href":"https:\/\/www.ellikki.fi\/korut\/wp-json\/wp\/v2\/posts\/1358\/revisions"}],"wp:featuredmedia":[{"embeddable":true,"href":"https:\/\/www.ellikki.fi\/korut\/wp-json\/wp\/v2\/media\/1368"}],"wp:attachment":[{"href":"https:\/\/www.ellikki.fi\/korut\/wp-json\/wp\/v2\/media?parent=1358"}],"wp:term":[{"taxonomy":"category","embeddable":true,"href":"https:\/\/www.ellikki.fi\/korut\/wp-json\/wp\/v2\/categories?post=1358"},{"taxonomy":"post_tag","embeddable":true,"href":"https:\/\/www.ellikki.fi\/korut\/wp-json\/wp\/v2\/tags?post=1358"}],"curies":[{"name":"wp","href":"https:\/\/api.w.org\/{rel}","templated":true}]}}