{"id":1397,"date":"2016-04-27T17:16:41","date_gmt":"2016-04-27T14:16:41","guid":{"rendered":"http:\/\/www.ellikki.fi\/korut\/?p=1397"},"modified":"2016-11-03T01:49:04","modified_gmt":"2016-11-02T23:49:04","slug":"metsamarjat-tuovat-kesan","status":"publish","type":"post","link":"https:\/\/www.ellikki.fi\/korut\/kokeilut\/metsamarjat-tuovat-kesan\/","title":{"rendered":"Mets\u00e4marjat tuovat mieleen kes\u00e4n"},"content":{"rendered":"<p>T\u00e4m\u00e4 rannekoru tuo mieleeni l\u00e4mpim\u00e4t kes\u00e4p\u00e4iv\u00e4t ja mets\u00e4marjat hein\u00e4nkorressa. Roosanv\u00e4riset biconit ovat kuin vadelmia ja tummanliilat kaksireik\u00e4iset helmet mustikoita. Ne n\u00e4ytt\u00e4v\u00e4t silmiss\u00e4ni niin marjaisilta, ett\u00e4 tekee melkein mieli sy\u00f6d\u00e4 ne. En tied\u00e4 tekniikalle mit\u00e4\u00e4n erityist\u00e4 nime\u00e4, se muotoutui tehdess\u00e4 k\u00e4yt\u00e4nn\u00f6n tarpeiden mukaan.<\/p>\n<p>T\u00e4ss\u00e4 ty\u00f6ss\u00e4 tarvitaan<\/p>\n<ul>\n<li>siemenhelmi\u00e4, koko 11\/o<\/li>\n<li>4 mm biconeja (Swarovski)<\/li>\n<li>kaksireik\u00e4isi\u00e4 helmi\u00e4 (Preciosa TwinBead)<\/li>\n<li>lankaa, neula, sakset, lukko<\/li>\n<\/ul>\n<div class=\"fusion-fullwidth fullwidth-box fusion-builder-row-1 hundred-percent-fullwidth non-hundred-percent-height-scrolling\" style=\"--awb-border-radius-top-left:0px;--awb-border-radius-top-right:0px;--awb-border-radius-bottom-right:0px;--awb-border-radius-bottom-left:0px;--awb-overflow:visible;--awb-flex-wrap:wrap;\" ><div class=\"fusion-builder-row fusion-row\"><div class=\"fusion-layout-column fusion_builder_column fusion-builder-column-0 fusion_builder_column_1_1 1_1 fusion-one-full fusion-column-first fusion-column-last fusion-column-no-min-height\" style=\"--awb-bg-size:cover;--awb-margin-bottom:0px;\"><div class=\"fusion-column-wrapper fusion-flex-column-wrapper-legacy\"><div id=\"attachment_1399\" style=\"width: 810px\" class=\"wp-caption aligncenter\"><a href=\"http:\/\/www.ellikki.fi\/korut\/wp-content\/uploads\/2016\/04\/Mets\u00e4marjat-tarvikkeet.jpg\" rel=\"attachment wp-att-1399\"><img decoding=\"async\" aria-describedby=\"caption-attachment-1399\" class=\"wp-image-1399 size-full\" src=\"http:\/\/www.ellikki.fi\/korut\/wp-content\/uploads\/2016\/04\/Mets\u00e4marjat-tarvikkeet.jpg\" alt=\"Mets\u00e4marjat, tarvikkeet\" width=\"800\" height=\"533\" srcset=\"https:\/\/www.ellikki.fi\/korut\/wp-content\/uploads\/2016\/04\/Mets\u00e4marjat-tarvikkeet-200x133.jpg 200w, https:\/\/www.ellikki.fi\/korut\/wp-content\/uploads\/2016\/04\/Mets\u00e4marjat-tarvikkeet-300x200.jpg 300w, https:\/\/www.ellikki.fi\/korut\/wp-content\/uploads\/2016\/04\/Mets\u00e4marjat-tarvikkeet-400x267.jpg 400w, https:\/\/www.ellikki.fi\/korut\/wp-content\/uploads\/2016\/04\/Mets\u00e4marjat-tarvikkeet-600x400.jpg 600w, https:\/\/www.ellikki.fi\/korut\/wp-content\/uploads\/2016\/04\/Mets\u00e4marjat-tarvikkeet-768x512.jpg 768w, https:\/\/www.ellikki.fi\/korut\/wp-content\/uploads\/2016\/04\/Mets\u00e4marjat-tarvikkeet.jpg 800w\" sizes=\"(max-width: 800px) 100vw, 800px\" \/><\/a><p id=\"caption-attachment-1399\" class=\"wp-caption-text\">Tarvikkeet<\/p><\/div>\n<p>&nbsp;<\/p>\n<div class=\"fusion-clearfix\"><\/div><\/div><\/div><div class=\"fusion-layout-column fusion_builder_column fusion-builder-column-1 fusion_builder_column_1_1 1_1 fusion-one-full fusion-column-first fusion-column-last fusion-column-no-min-height\" style=\"--awb-bg-size:cover;--awb-margin-bottom:0px;\"><div class=\"fusion-column-wrapper fusion-flex-column-wrapper-legacy\"><div id=\"attachment_1401\" style=\"width: 810px\" class=\"wp-caption aligncenter\"><a href=\"http:\/\/www.ellikki.fi\/korut\/wp-content\/uploads\/2016\/04\/Mets\u00e4marjat-alku.jpg\" rel=\"attachment wp-att-1401\"><img decoding=\"async\" aria-describedby=\"caption-attachment-1401\" class=\"wp-image-1401 size-full\" src=\"http:\/\/www.ellikki.fi\/korut\/wp-content\/uploads\/2016\/04\/Mets\u00e4marjat-alku.jpg\" alt=\"Mets\u00e4marjat, alku\" width=\"800\" height=\"602\" srcset=\"https:\/\/www.ellikki.fi\/korut\/wp-content\/uploads\/2016\/04\/Mets\u00e4marjat-alku-200x151.jpg 200w, https:\/\/www.ellikki.fi\/korut\/wp-content\/uploads\/2016\/04\/Mets\u00e4marjat-alku-300x226.jpg 300w, https:\/\/www.ellikki.fi\/korut\/wp-content\/uploads\/2016\/04\/Mets\u00e4marjat-alku-400x301.jpg 400w, https:\/\/www.ellikki.fi\/korut\/wp-content\/uploads\/2016\/04\/Mets\u00e4marjat-alku-600x452.jpg 600w, https:\/\/www.ellikki.fi\/korut\/wp-content\/uploads\/2016\/04\/Mets\u00e4marjat-alku-768x578.jpg 768w, https:\/\/www.ellikki.fi\/korut\/wp-content\/uploads\/2016\/04\/Mets\u00e4marjat-alku.jpg 800w\" sizes=\"(max-width: 800px) 100vw, 800px\" \/><\/a><p id=\"caption-attachment-1401\" class=\"wp-caption-text\">Pujota langalle kaksi biconia, kaksireik\u00e4inen helmi, toiset kaksi biconia ja kaksireik\u00e4inen. Jokaisessa v\u00e4liss\u00e4 on siemenhelmi.<\/p><\/div>\n<p>&nbsp;<\/p>\n<div class=\"fusion-clearfix\"><\/div><\/div><\/div><div class=\"fusion-layout-column fusion_builder_column fusion-builder-column-2 fusion_builder_column_1_1 1_1 fusion-one-full fusion-column-first fusion-column-last fusion-column-no-min-height\" style=\"--awb-bg-size:cover;--awb-margin-bottom:0px;\"><div class=\"fusion-column-wrapper fusion-flex-column-wrapper-legacy\"><div id=\"attachment_1409\" style=\"width: 810px\" class=\"wp-caption aligncenter\"><a href=\"http:\/\/www.ellikki.fi\/korut\/wp-content\/uploads\/2016\/04\/Mets\u00e4marjat-rullalla.jpg\" rel=\"attachment wp-att-1409\"><img decoding=\"async\" aria-describedby=\"caption-attachment-1409\" class=\"wp-image-1409 size-full\" src=\"http:\/\/www.ellikki.fi\/korut\/wp-content\/uploads\/2016\/04\/Mets\u00e4marjat-rullalla.jpg\" alt=\"Mets\u00e4marjat rullalla\" width=\"800\" height=\"580\" srcset=\"https:\/\/www.ellikki.fi\/korut\/wp-content\/uploads\/2016\/04\/Mets\u00e4marjat-rullalla-200x145.jpg 200w, https:\/\/www.ellikki.fi\/korut\/wp-content\/uploads\/2016\/04\/Mets\u00e4marjat-rullalla-220x161.jpg 220w, https:\/\/www.ellikki.fi\/korut\/wp-content\/uploads\/2016\/04\/Mets\u00e4marjat-rullalla-300x218.jpg 300w, https:\/\/www.ellikki.fi\/korut\/wp-content\/uploads\/2016\/04\/Mets\u00e4marjat-rullalla-400x290.jpg 400w, https:\/\/www.ellikki.fi\/korut\/wp-content\/uploads\/2016\/04\/Mets\u00e4marjat-rullalla-600x435.jpg 600w, https:\/\/www.ellikki.fi\/korut\/wp-content\/uploads\/2016\/04\/Mets\u00e4marjat-rullalla-768x557.jpg 768w, https:\/\/www.ellikki.fi\/korut\/wp-content\/uploads\/2016\/04\/Mets\u00e4marjat-rullalla.jpg 800w\" sizes=\"(max-width: 800px) 100vw, 800px\" \/><\/a><p id=\"caption-attachment-1409\" class=\"wp-caption-text\">Vie lanka toisen kerran aloitushelmen l\u00e4pi, jolloin helmet muodostavat ympyr\u00e4n. Kuljeta lankaa puolikkaan ympyr\u00e4n verran rinkulan toiseen p\u00e4\u00e4h\u00e4n ja tuo ulos kaksireik\u00e4isest\u00e4 helmest\u00e4.<\/p><\/div>\n<p>&nbsp;<\/p>\n<div class=\"fusion-clearfix\"><\/div><\/div><\/div><div class=\"fusion-layout-column fusion_builder_column fusion-builder-column-3 fusion_builder_column_1_1 1_1 fusion-one-full fusion-column-first fusion-column-last fusion-column-no-min-height\" style=\"--awb-bg-size:cover;--awb-margin-bottom:0px;\"><div class=\"fusion-column-wrapper fusion-flex-column-wrapper-legacy\"><div id=\"attachment_1403\" style=\"width: 810px\" class=\"wp-caption aligncenter\"><a href=\"http:\/\/www.ellikki.fi\/korut\/wp-content\/uploads\/2016\/04\/Mets\u00e4marjat-toinen-vaihe.jpg\" rel=\"attachment wp-att-1403\"><img decoding=\"async\" aria-describedby=\"caption-attachment-1403\" class=\"wp-image-1403 size-full\" src=\"http:\/\/www.ellikki.fi\/korut\/wp-content\/uploads\/2016\/04\/Mets\u00e4marjat-toinen-vaihe.jpg\" alt=\"Mets\u00e4marjat, toinen vaihe\" width=\"800\" height=\"586\" srcset=\"https:\/\/www.ellikki.fi\/korut\/wp-content\/uploads\/2016\/04\/Mets\u00e4marjat-toinen-vaihe-200x147.jpg 200w, https:\/\/www.ellikki.fi\/korut\/wp-content\/uploads\/2016\/04\/Mets\u00e4marjat-toinen-vaihe-220x161.jpg 220w, https:\/\/www.ellikki.fi\/korut\/wp-content\/uploads\/2016\/04\/Mets\u00e4marjat-toinen-vaihe-300x220.jpg 300w, https:\/\/www.ellikki.fi\/korut\/wp-content\/uploads\/2016\/04\/Mets\u00e4marjat-toinen-vaihe-400x293.jpg 400w, https:\/\/www.ellikki.fi\/korut\/wp-content\/uploads\/2016\/04\/Mets\u00e4marjat-toinen-vaihe-600x440.jpg 600w, https:\/\/www.ellikki.fi\/korut\/wp-content\/uploads\/2016\/04\/Mets\u00e4marjat-toinen-vaihe-768x563.jpg 768w, https:\/\/www.ellikki.fi\/korut\/wp-content\/uploads\/2016\/04\/Mets\u00e4marjat-toinen-vaihe.jpg 800w\" sizes=\"(max-width: 800px) 100vw, 800px\" \/><\/a><p id=\"caption-attachment-1403\" class=\"wp-caption-text\">Kun lanka on tullut ulos ensimm\u00e4isest\u00e4 rei\u00e4st\u00e4, kaarra heti toisesta rei\u00e4st\u00e4 takaisin (kuvassa kohti alareunaa). Sen j\u00e4lkeen lanka l\u00e4htee taas vastakkaiseen suuntaan, mutta kulkee kolmen helmen l\u00e4pi.<\/p><\/div>\n<p>&nbsp;<\/p>\n<div class=\"fusion-clearfix\"><\/div><\/div><\/div><div class=\"fusion-layout-column fusion_builder_column fusion-builder-column-4 fusion_builder_column_1_1 1_1 fusion-one-full fusion-column-first fusion-column-last fusion-column-no-min-height\" style=\"--awb-bg-size:cover;--awb-margin-bottom:0px;\"><div class=\"fusion-column-wrapper fusion-flex-column-wrapper-legacy\"><div id=\"attachment_1405\" style=\"width: 810px\" class=\"wp-caption aligncenter\"><a href=\"http:\/\/www.ellikki.fi\/korut\/wp-content\/uploads\/2016\/04\/Lankakaavio.jpg\" rel=\"attachment wp-att-1405\"><img decoding=\"async\" aria-describedby=\"caption-attachment-1405\" class=\"wp-image-1405 size-full\" src=\"http:\/\/www.ellikki.fi\/korut\/wp-content\/uploads\/2016\/04\/Lankakaavio.jpg\" alt=\"Lankakaavio\" width=\"800\" height=\"600\" srcset=\"https:\/\/www.ellikki.fi\/korut\/wp-content\/uploads\/2016\/04\/Lankakaavio-200x150.jpg 200w, https:\/\/www.ellikki.fi\/korut\/wp-content\/uploads\/2016\/04\/Lankakaavio-300x225.jpg 300w, https:\/\/www.ellikki.fi\/korut\/wp-content\/uploads\/2016\/04\/Lankakaavio-400x300.jpg 400w, https:\/\/www.ellikki.fi\/korut\/wp-content\/uploads\/2016\/04\/Lankakaavio-600x450.jpg 600w, https:\/\/www.ellikki.fi\/korut\/wp-content\/uploads\/2016\/04\/Lankakaavio-768x576.jpg 768w, https:\/\/www.ellikki.fi\/korut\/wp-content\/uploads\/2016\/04\/Lankakaavio.jpg 800w\" sizes=\"(max-width: 800px) 100vw, 800px\" \/><\/a><p id=\"caption-attachment-1405\" class=\"wp-caption-text\">Langan kulku kaksireik\u00e4isiss\u00e4 helmiss\u00e4.<\/p><\/div>\n<p>&nbsp;<\/p>\n<div class=\"fusion-clearfix\"><\/div><\/div><\/div><div class=\"fusion-layout-column fusion_builder_column fusion-builder-column-5 fusion_builder_column_1_1 1_1 fusion-one-full fusion-column-first fusion-column-last fusion-column-no-min-height\" style=\"--awb-bg-size:cover;--awb-margin-bottom:0px;\"><div class=\"fusion-column-wrapper fusion-flex-column-wrapper-legacy\"><div id=\"attachment_1406\" style=\"width: 810px\" class=\"wp-caption aligncenter\"><a href=\"http:\/\/www.ellikki.fi\/korut\/wp-content\/uploads\/2016\/04\/Mets\u00e4marjat-jatko.jpg\" rel=\"attachment wp-att-1406\"><img decoding=\"async\" aria-describedby=\"caption-attachment-1406\" class=\"wp-image-1406 size-full\" src=\"http:\/\/www.ellikki.fi\/korut\/wp-content\/uploads\/2016\/04\/Mets\u00e4marjat-jatko.jpg\" alt=\"Mets\u00e4marjat, jatko\" width=\"800\" height=\"552\" srcset=\"https:\/\/www.ellikki.fi\/korut\/wp-content\/uploads\/2016\/04\/Mets\u00e4marjat-jatko-200x138.jpg 200w, https:\/\/www.ellikki.fi\/korut\/wp-content\/uploads\/2016\/04\/Mets\u00e4marjat-jatko-300x207.jpg 300w, https:\/\/www.ellikki.fi\/korut\/wp-content\/uploads\/2016\/04\/Mets\u00e4marjat-jatko-400x276.jpg 400w, https:\/\/www.ellikki.fi\/korut\/wp-content\/uploads\/2016\/04\/Mets\u00e4marjat-jatko-600x414.jpg 600w, https:\/\/www.ellikki.fi\/korut\/wp-content\/uploads\/2016\/04\/Mets\u00e4marjat-jatko-768x530.jpg 768w, https:\/\/www.ellikki.fi\/korut\/wp-content\/uploads\/2016\/04\/Mets\u00e4marjat-jatko.jpg 800w\" sizes=\"(max-width: 800px) 100vw, 800px\" \/><\/a><p id=\"caption-attachment-1406\" class=\"wp-caption-text\">T\u00e4st\u00e4 jatketaan samalla tavalla kuin alussa kuvattiin.<\/p><\/div>\n<p>&nbsp;<\/p>\n<div class=\"fusion-clearfix\"><\/div><\/div><\/div><div class=\"fusion-layout-column fusion_builder_column fusion-builder-column-6 fusion_builder_column_1_1 1_1 fusion-one-full fusion-column-first fusion-column-last fusion-column-no-min-height\" style=\"--awb-bg-size:cover;--awb-margin-bottom:0px;\"><div class=\"fusion-column-wrapper fusion-flex-column-wrapper-legacy\"><div id=\"attachment_1407\" style=\"width: 810px\" class=\"wp-caption aligncenter\"><a href=\"http:\/\/www.ellikki.fi\/korut\/wp-content\/uploads\/2016\/04\/Mets\u00e4marjat-lukko.jpg\" rel=\"attachment wp-att-1407\"><img decoding=\"async\" aria-describedby=\"caption-attachment-1407\" class=\"wp-image-1407 size-full\" src=\"http:\/\/www.ellikki.fi\/korut\/wp-content\/uploads\/2016\/04\/Mets\u00e4marjat-lukko.jpg\" alt=\"Mets\u00e4marjat, lukko\" width=\"800\" height=\"533\" srcset=\"https:\/\/www.ellikki.fi\/korut\/wp-content\/uploads\/2016\/04\/Mets\u00e4marjat-lukko-200x133.jpg 200w, https:\/\/www.ellikki.fi\/korut\/wp-content\/uploads\/2016\/04\/Mets\u00e4marjat-lukko-300x200.jpg 300w, https:\/\/www.ellikki.fi\/korut\/wp-content\/uploads\/2016\/04\/Mets\u00e4marjat-lukko-400x267.jpg 400w, https:\/\/www.ellikki.fi\/korut\/wp-content\/uploads\/2016\/04\/Mets\u00e4marjat-lukko-600x400.jpg 600w, https:\/\/www.ellikki.fi\/korut\/wp-content\/uploads\/2016\/04\/Mets\u00e4marjat-lukko-768x512.jpg 768w, https:\/\/www.ellikki.fi\/korut\/wp-content\/uploads\/2016\/04\/Mets\u00e4marjat-lukko.jpg 800w\" sizes=\"(max-width: 800px) 100vw, 800px\" \/><\/a><p id=\"caption-attachment-1407\" class=\"wp-caption-text\">Lukon voi liitt\u00e4\u00e4 monella tavalla, k\u00e4ytt\u00e4en hevosenkenk\u00e4\u00e4 tai tehden renkaan itse. Min\u00e4 tykk\u00e4\u00e4n tehd\u00e4 sen n\u00e4in.<\/p><\/div>\n<p>&nbsp;<\/p>\n<p>Mets\u00e4marjat ovat valmiita sy\u00f6t&#8230; k\u00e4ytett\u00e4viksi.<div class=\"fusion-clearfix\"><\/div><\/div><\/div><\/div><\/div>\n","protected":false},"excerpt":{"rendered":"<p>T\u00e4m\u00e4 rannekoru tuo mieleeni l\u00e4mpim\u00e4t kes\u00e4p\u00e4iv\u00e4t ja mets\u00e4marjat hein\u00e4nkorressa. Roosanv\u00e4riset biconit ovat kuin vadelmia ja tummanliilat kaksireik\u00e4iset helmet mustikoita. Ne n\u00e4ytt\u00e4v\u00e4t silmiss\u00e4ni niin marjaisilta, ett\u00e4 tekee melkein mieli sy\u00f6d\u00e4 ne. En tied\u00e4 tekniikalle mit\u00e4\u00e4n erityist\u00e4  [&#8230;]<\/p>\n","protected":false},"author":1,"featured_media":1400,"comment_status":"open","ping_status":"closed","sticky":false,"template":"","format":"standard","meta":{"footnotes":""},"categories":[1],"tags":[],"class_list":["post-1397","post","type-post","status-publish","format-standard","has-post-thumbnail","hentry","category-kokeilut"],"yoast_head":"<!-- This site is optimized with the Yoast SEO plugin v27.1.1 - https:\/\/yoast.com\/product\/yoast-seo-wordpress\/ -->\n<title>Mets\u00e4marjat tuovat mieleen kes\u00e4n - Ellikki.fi<\/title>\n<meta name=\"description\" content=\"Helppo rannekoru, joka tuo mieleen kes\u00e4n ja mets\u00e4marjat. Sopii suomalaiseen v\u00e4rimaailmaan, \u00e4idille ja tytt\u00e4relle.\" \/>\n<meta name=\"robots\" content=\"index, follow, max-snippet:-1, max-image-preview:large, max-video-preview:-1\" \/>\n<link rel=\"canonical\" href=\"https:\/\/www.ellikki.fi\/korut\/kokeilut\/metsamarjat-tuovat-kesan\/\" \/>\n<meta property=\"og:locale\" content=\"fi_FI\" \/>\n<meta property=\"og:type\" content=\"article\" \/>\n<meta property=\"og:title\" content=\"Mets\u00e4marjat tuovat mieleen kes\u00e4n - Ellikki.fi\" \/>\n<meta property=\"og:description\" content=\"Helppo rannekoru, joka tuo mieleen kes\u00e4n ja mets\u00e4marjat. Sopii suomalaiseen v\u00e4rimaailmaan, \u00e4idille ja tytt\u00e4relle.\" \/>\n<meta property=\"og:url\" content=\"https:\/\/www.ellikki.fi\/korut\/kokeilut\/metsamarjat-tuovat-kesan\/\" \/>\n<meta property=\"og:site_name\" content=\"Ellikki.fi\" \/>\n<meta property=\"article:publisher\" content=\"https:\/\/www.facebook.com\/ellikki\" \/>\n<meta property=\"article:published_time\" content=\"2016-04-27T14:16:41+00:00\" \/>\n<meta property=\"article:modified_time\" content=\"2016-11-02T23:49:04+00:00\" \/>\n<meta property=\"og:image\" content=\"https:\/\/www.ellikki.fi\/korut\/wp-content\/uploads\/2016\/04\/Mets\u00e4marjat.jpg\" \/>\n\t<meta property=\"og:image:width\" content=\"1000\" \/>\n\t<meta property=\"og:image:height\" content=\"667\" \/>\n\t<meta property=\"og:image:type\" content=\"image\/jpeg\" \/>\n<meta name=\"author\" content=\"Ellikki\" \/>\n<meta name=\"twitter:card\" content=\"summary_large_image\" \/>\n<meta name=\"twitter:creator\" content=\"@eltalvio\" \/>\n<meta name=\"twitter:site\" content=\"@eltalvio\" \/>\n<meta name=\"twitter:label1\" content=\"Kirjoittanut\" \/>\n\t<meta name=\"twitter:data1\" content=\"Ellikki\" \/>\n\t<meta name=\"twitter:label2\" content=\"Arvioitu lukuaika\" \/>\n\t<meta name=\"twitter:data2\" content=\"3 minuuttia\" \/>\n<script type=\"application\/ld+json\" class=\"yoast-schema-graph\">{\"@context\":\"https:\/\/schema.org\",\"@graph\":[{\"@type\":\"Article\",\"@id\":\"https:\/\/www.ellikki.fi\/korut\/kokeilut\/metsamarjat-tuovat-kesan\/#article\",\"isPartOf\":{\"@id\":\"https:\/\/www.ellikki.fi\/korut\/kokeilut\/metsamarjat-tuovat-kesan\/\"},\"author\":{\"name\":\"Ellikki\",\"@id\":\"https:\/\/www.ellikki.fi\/korut\/#\/schema\/person\/4100981f383f4e840417efe2a45a2e13\"},\"headline\":\"Mets\u00e4marjat tuovat mieleen kes\u00e4n\",\"datePublished\":\"2016-04-27T14:16:41+00:00\",\"dateModified\":\"2016-11-02T23:49:04+00:00\",\"mainEntityOfPage\":{\"@id\":\"https:\/\/www.ellikki.fi\/korut\/kokeilut\/metsamarjat-tuovat-kesan\/\"},\"wordCount\":654,\"commentCount\":0,\"image\":{\"@id\":\"https:\/\/www.ellikki.fi\/korut\/kokeilut\/metsamarjat-tuovat-kesan\/#primaryimage\"},\"thumbnailUrl\":\"https:\/\/www.ellikki.fi\/korut\/wp-content\/uploads\/2016\/04\/Mets\u00e4marjat.jpg\",\"articleSection\":[\"Kokeilut\"],\"inLanguage\":\"fi\",\"potentialAction\":[{\"@type\":\"CommentAction\",\"name\":\"Comment\",\"target\":[\"https:\/\/www.ellikki.fi\/korut\/kokeilut\/metsamarjat-tuovat-kesan\/#respond\"]}]},{\"@type\":\"WebPage\",\"@id\":\"https:\/\/www.ellikki.fi\/korut\/kokeilut\/metsamarjat-tuovat-kesan\/\",\"url\":\"https:\/\/www.ellikki.fi\/korut\/kokeilut\/metsamarjat-tuovat-kesan\/\",\"name\":\"Mets\u00e4marjat tuovat mieleen kes\u00e4n - Ellikki.fi\",\"isPartOf\":{\"@id\":\"https:\/\/www.ellikki.fi\/korut\/#website\"},\"primaryImageOfPage\":{\"@id\":\"https:\/\/www.ellikki.fi\/korut\/kokeilut\/metsamarjat-tuovat-kesan\/#primaryimage\"},\"image\":{\"@id\":\"https:\/\/www.ellikki.fi\/korut\/kokeilut\/metsamarjat-tuovat-kesan\/#primaryimage\"},\"thumbnailUrl\":\"https:\/\/www.ellikki.fi\/korut\/wp-content\/uploads\/2016\/04\/Mets\u00e4marjat.jpg\",\"datePublished\":\"2016-04-27T14:16:41+00:00\",\"dateModified\":\"2016-11-02T23:49:04+00:00\",\"author\":{\"@id\":\"https:\/\/www.ellikki.fi\/korut\/#\/schema\/person\/4100981f383f4e840417efe2a45a2e13\"},\"description\":\"Helppo rannekoru, joka tuo mieleen kes\u00e4n ja mets\u00e4marjat. Sopii suomalaiseen v\u00e4rimaailmaan, \u00e4idille ja tytt\u00e4relle.\",\"breadcrumb\":{\"@id\":\"https:\/\/www.ellikki.fi\/korut\/kokeilut\/metsamarjat-tuovat-kesan\/#breadcrumb\"},\"inLanguage\":\"fi\",\"potentialAction\":[{\"@type\":\"ReadAction\",\"target\":[\"https:\/\/www.ellikki.fi\/korut\/kokeilut\/metsamarjat-tuovat-kesan\/\"]}]},{\"@type\":\"ImageObject\",\"inLanguage\":\"fi\",\"@id\":\"https:\/\/www.ellikki.fi\/korut\/kokeilut\/metsamarjat-tuovat-kesan\/#primaryimage\",\"url\":\"https:\/\/www.ellikki.fi\/korut\/wp-content\/uploads\/2016\/04\/Mets\u00e4marjat.jpg\",\"contentUrl\":\"https:\/\/www.ellikki.fi\/korut\/wp-content\/uploads\/2016\/04\/Mets\u00e4marjat.jpg\",\"width\":1000,\"height\":667,\"caption\":\"Mets\u00e4marjat\"},{\"@type\":\"BreadcrumbList\",\"@id\":\"https:\/\/www.ellikki.fi\/korut\/kokeilut\/metsamarjat-tuovat-kesan\/#breadcrumb\",\"itemListElement\":[{\"@type\":\"ListItem\",\"position\":1,\"name\":\"Ellikki.fi - Helmisuutari\",\"item\":\"https:\/\/www.ellikki.fi\/korut\/\"},{\"@type\":\"ListItem\",\"position\":2,\"name\":\"Mets\u00e4marjat tuovat mieleen kes\u00e4n\"}]},{\"@type\":\"WebSite\",\"@id\":\"https:\/\/www.ellikki.fi\/korut\/#website\",\"url\":\"https:\/\/www.ellikki.fi\/korut\/\",\"name\":\"Ellikki.fi\",\"description\":\"Helmisuutari\",\"potentialAction\":[{\"@type\":\"SearchAction\",\"target\":{\"@type\":\"EntryPoint\",\"urlTemplate\":\"https:\/\/www.ellikki.fi\/korut\/?s={search_term_string}\"},\"query-input\":{\"@type\":\"PropertyValueSpecification\",\"valueRequired\":true,\"valueName\":\"search_term_string\"}}],\"inLanguage\":\"fi\"},{\"@type\":\"Person\",\"@id\":\"https:\/\/www.ellikki.fi\/korut\/#\/schema\/person\/4100981f383f4e840417efe2a45a2e13\",\"name\":\"Ellikki\",\"image\":{\"@type\":\"ImageObject\",\"inLanguage\":\"fi\",\"@id\":\"https:\/\/www.ellikki.fi\/korut\/#\/schema\/person\/image\/\",\"url\":\"https:\/\/secure.gravatar.com\/avatar\/68459a81492a7fdb3d3e31353836619029f7a695895440f957f81143855d97ee?s=96&d=mm&r=g\",\"contentUrl\":\"https:\/\/secure.gravatar.com\/avatar\/68459a81492a7fdb3d3e31353836619029f7a695895440f957f81143855d97ee?s=96&d=mm&r=g\",\"caption\":\"Ellikki\"},\"description\":\"Loputtoman utelias hevostoimittaja, tarinanmets\u00e4st\u00e4j\u00e4 ja koruharrastaja, joka edelleen ihmettelee maailmaa ja koettaa aina silloin t\u00e4ll\u00f6in tehd\u00e4 jotain ensi kertaa el\u00e4m\u00e4ss\u00e4\u00e4n.\"}]}<\/script>\n<!-- \/ Yoast SEO plugin. -->","yoast_head_json":{"title":"Mets\u00e4marjat tuovat mieleen kes\u00e4n - Ellikki.fi","description":"Helppo rannekoru, joka tuo mieleen kes\u00e4n ja mets\u00e4marjat. Sopii suomalaiseen v\u00e4rimaailmaan, \u00e4idille ja tytt\u00e4relle.","robots":{"index":"index","follow":"follow","max-snippet":"max-snippet:-1","max-image-preview":"max-image-preview:large","max-video-preview":"max-video-preview:-1"},"canonical":"https:\/\/www.ellikki.fi\/korut\/kokeilut\/metsamarjat-tuovat-kesan\/","og_locale":"fi_FI","og_type":"article","og_title":"Mets\u00e4marjat tuovat mieleen kes\u00e4n - Ellikki.fi","og_description":"Helppo rannekoru, joka tuo mieleen kes\u00e4n ja mets\u00e4marjat. Sopii suomalaiseen v\u00e4rimaailmaan, \u00e4idille ja tytt\u00e4relle.","og_url":"https:\/\/www.ellikki.fi\/korut\/kokeilut\/metsamarjat-tuovat-kesan\/","og_site_name":"Ellikki.fi","article_publisher":"https:\/\/www.facebook.com\/ellikki","article_published_time":"2016-04-27T14:16:41+00:00","article_modified_time":"2016-11-02T23:49:04+00:00","og_image":[{"width":1000,"height":667,"url":"https:\/\/www.ellikki.fi\/korut\/wp-content\/uploads\/2016\/04\/Mets\u00e4marjat.jpg","type":"image\/jpeg"}],"author":"Ellikki","twitter_card":"summary_large_image","twitter_creator":"@eltalvio","twitter_site":"@eltalvio","twitter_misc":{"Kirjoittanut":"Ellikki","Arvioitu lukuaika":"3 minuuttia"},"schema":{"@context":"https:\/\/schema.org","@graph":[{"@type":"Article","@id":"https:\/\/www.ellikki.fi\/korut\/kokeilut\/metsamarjat-tuovat-kesan\/#article","isPartOf":{"@id":"https:\/\/www.ellikki.fi\/korut\/kokeilut\/metsamarjat-tuovat-kesan\/"},"author":{"name":"Ellikki","@id":"https:\/\/www.ellikki.fi\/korut\/#\/schema\/person\/4100981f383f4e840417efe2a45a2e13"},"headline":"Mets\u00e4marjat tuovat mieleen kes\u00e4n","datePublished":"2016-04-27T14:16:41+00:00","dateModified":"2016-11-02T23:49:04+00:00","mainEntityOfPage":{"@id":"https:\/\/www.ellikki.fi\/korut\/kokeilut\/metsamarjat-tuovat-kesan\/"},"wordCount":654,"commentCount":0,"image":{"@id":"https:\/\/www.ellikki.fi\/korut\/kokeilut\/metsamarjat-tuovat-kesan\/#primaryimage"},"thumbnailUrl":"https:\/\/www.ellikki.fi\/korut\/wp-content\/uploads\/2016\/04\/Mets\u00e4marjat.jpg","articleSection":["Kokeilut"],"inLanguage":"fi","potentialAction":[{"@type":"CommentAction","name":"Comment","target":["https:\/\/www.ellikki.fi\/korut\/kokeilut\/metsamarjat-tuovat-kesan\/#respond"]}]},{"@type":"WebPage","@id":"https:\/\/www.ellikki.fi\/korut\/kokeilut\/metsamarjat-tuovat-kesan\/","url":"https:\/\/www.ellikki.fi\/korut\/kokeilut\/metsamarjat-tuovat-kesan\/","name":"Mets\u00e4marjat tuovat mieleen kes\u00e4n - Ellikki.fi","isPartOf":{"@id":"https:\/\/www.ellikki.fi\/korut\/#website"},"primaryImageOfPage":{"@id":"https:\/\/www.ellikki.fi\/korut\/kokeilut\/metsamarjat-tuovat-kesan\/#primaryimage"},"image":{"@id":"https:\/\/www.ellikki.fi\/korut\/kokeilut\/metsamarjat-tuovat-kesan\/#primaryimage"},"thumbnailUrl":"https:\/\/www.ellikki.fi\/korut\/wp-content\/uploads\/2016\/04\/Mets\u00e4marjat.jpg","datePublished":"2016-04-27T14:16:41+00:00","dateModified":"2016-11-02T23:49:04+00:00","author":{"@id":"https:\/\/www.ellikki.fi\/korut\/#\/schema\/person\/4100981f383f4e840417efe2a45a2e13"},"description":"Helppo rannekoru, joka tuo mieleen kes\u00e4n ja mets\u00e4marjat. Sopii suomalaiseen v\u00e4rimaailmaan, \u00e4idille ja tytt\u00e4relle.","breadcrumb":{"@id":"https:\/\/www.ellikki.fi\/korut\/kokeilut\/metsamarjat-tuovat-kesan\/#breadcrumb"},"inLanguage":"fi","potentialAction":[{"@type":"ReadAction","target":["https:\/\/www.ellikki.fi\/korut\/kokeilut\/metsamarjat-tuovat-kesan\/"]}]},{"@type":"ImageObject","inLanguage":"fi","@id":"https:\/\/www.ellikki.fi\/korut\/kokeilut\/metsamarjat-tuovat-kesan\/#primaryimage","url":"https:\/\/www.ellikki.fi\/korut\/wp-content\/uploads\/2016\/04\/Mets\u00e4marjat.jpg","contentUrl":"https:\/\/www.ellikki.fi\/korut\/wp-content\/uploads\/2016\/04\/Mets\u00e4marjat.jpg","width":1000,"height":667,"caption":"Mets\u00e4marjat"},{"@type":"BreadcrumbList","@id":"https:\/\/www.ellikki.fi\/korut\/kokeilut\/metsamarjat-tuovat-kesan\/#breadcrumb","itemListElement":[{"@type":"ListItem","position":1,"name":"Ellikki.fi - Helmisuutari","item":"https:\/\/www.ellikki.fi\/korut\/"},{"@type":"ListItem","position":2,"name":"Mets\u00e4marjat tuovat mieleen kes\u00e4n"}]},{"@type":"WebSite","@id":"https:\/\/www.ellikki.fi\/korut\/#website","url":"https:\/\/www.ellikki.fi\/korut\/","name":"Ellikki.fi","description":"Helmisuutari","potentialAction":[{"@type":"SearchAction","target":{"@type":"EntryPoint","urlTemplate":"https:\/\/www.ellikki.fi\/korut\/?s={search_term_string}"},"query-input":{"@type":"PropertyValueSpecification","valueRequired":true,"valueName":"search_term_string"}}],"inLanguage":"fi"},{"@type":"Person","@id":"https:\/\/www.ellikki.fi\/korut\/#\/schema\/person\/4100981f383f4e840417efe2a45a2e13","name":"Ellikki","image":{"@type":"ImageObject","inLanguage":"fi","@id":"https:\/\/www.ellikki.fi\/korut\/#\/schema\/person\/image\/","url":"https:\/\/secure.gravatar.com\/avatar\/68459a81492a7fdb3d3e31353836619029f7a695895440f957f81143855d97ee?s=96&d=mm&r=g","contentUrl":"https:\/\/secure.gravatar.com\/avatar\/68459a81492a7fdb3d3e31353836619029f7a695895440f957f81143855d97ee?s=96&d=mm&r=g","caption":"Ellikki"},"description":"Loputtoman utelias hevostoimittaja, tarinanmets\u00e4st\u00e4j\u00e4 ja koruharrastaja, joka edelleen ihmettelee maailmaa ja koettaa aina silloin t\u00e4ll\u00f6in tehd\u00e4 jotain ensi kertaa el\u00e4m\u00e4ss\u00e4\u00e4n."}]}},"_links":{"self":[{"href":"https:\/\/www.ellikki.fi\/korut\/wp-json\/wp\/v2\/posts\/1397","targetHints":{"allow":["GET"]}}],"collection":[{"href":"https:\/\/www.ellikki.fi\/korut\/wp-json\/wp\/v2\/posts"}],"about":[{"href":"https:\/\/www.ellikki.fi\/korut\/wp-json\/wp\/v2\/types\/post"}],"author":[{"embeddable":true,"href":"https:\/\/www.ellikki.fi\/korut\/wp-json\/wp\/v2\/users\/1"}],"replies":[{"embeddable":true,"href":"https:\/\/www.ellikki.fi\/korut\/wp-json\/wp\/v2\/comments?post=1397"}],"version-history":[{"count":0,"href":"https:\/\/www.ellikki.fi\/korut\/wp-json\/wp\/v2\/posts\/1397\/revisions"}],"wp:featuredmedia":[{"embeddable":true,"href":"https:\/\/www.ellikki.fi\/korut\/wp-json\/wp\/v2\/media\/1400"}],"wp:attachment":[{"href":"https:\/\/www.ellikki.fi\/korut\/wp-json\/wp\/v2\/media?parent=1397"}],"wp:term":[{"taxonomy":"category","embeddable":true,"href":"https:\/\/www.ellikki.fi\/korut\/wp-json\/wp\/v2\/categories?post=1397"},{"taxonomy":"post_tag","embeddable":true,"href":"https:\/\/www.ellikki.fi\/korut\/wp-json\/wp\/v2\/tags?post=1397"}],"curies":[{"name":"wp","href":"https:\/\/api.w.org\/{rel}","templated":true}]}}