{"id":1476,"date":"2016-06-12T19:08:22","date_gmt":"2016-06-12T16:08:22","guid":{"rendered":"http:\/\/www.ellikki.fi\/korut\/?p=1476"},"modified":"2016-11-03T01:49:04","modified_gmt":"2016-11-02T23:49:04","slug":"koivukuusi","status":"publish","type":"post","link":"https:\/\/www.ellikki.fi\/korut\/kokeilut\/koivukuusi\/","title":{"rendered":"Koivukuusen kannon alla"},"content":{"rendered":"<p>Vihre\u00e4 on kes\u00e4n v\u00e4ri. Mukavasti jo toukokuussa alkanut kes\u00e4 on vienyt ajatukset vihre\u00e4\u00e4n suuntaan, ja huomasin n\u00e4pr\u00e4ilev\u00e4ni vihreit\u00e4 biconeja miettien, mit\u00e4 niist\u00e4 saisi aikaan. Vaikka mit\u00e4. Korun valmistuttua en osannut p\u00e4\u00e4tt\u00e4\u00e4, onko se l\u00e4hemp\u00e4n\u00e4 koivun v\u00e4ri\u00e4 vai kuusen muotoa. Niinp\u00e4 se sai nimekseen Koivukuusi, tosin yhdess\u00e4 ty\u00f6vaiheessa se muistuttaa eniten sammakkoa. T\u00e4ss\u00e4 ty\u00f6ss\u00e4 kireys on kaiken A ja O. Jos ty\u00f6 ei ole kire\u00e4, se lerppuu eik\u00e4 n\u00e4yt\u00e4 n\u00e4tilt\u00e4 korvissa.<\/p>\n<p><a href=\"http:\/\/www.ellikki.fi\/korut\/wp-content\/uploads\/2016\/06\/Koivukuusi-1-vihre\u00e4t-kristallikorvakorut.jpg\"><img decoding=\"async\" class=\"aligncenter size-full wp-image-1478\" src=\"http:\/\/www.ellikki.fi\/korut\/wp-content\/uploads\/2016\/06\/Koivukuusi-1-vihre\u00e4t-kristallikorvakorut.jpg\" alt=\"Koivukuusi 1, vihre\u00e4t kristallikorvakorut\" width=\"800\" height=\"548\" srcset=\"https:\/\/www.ellikki.fi\/korut\/wp-content\/uploads\/2016\/06\/Koivukuusi-1-vihre\u00e4t-kristallikorvakorut-200x137.jpg 200w, https:\/\/www.ellikki.fi\/korut\/wp-content\/uploads\/2016\/06\/Koivukuusi-1-vihre\u00e4t-kristallikorvakorut-300x206.jpg 300w, https:\/\/www.ellikki.fi\/korut\/wp-content\/uploads\/2016\/06\/Koivukuusi-1-vihre\u00e4t-kristallikorvakorut-400x274.jpg 400w, https:\/\/www.ellikki.fi\/korut\/wp-content\/uploads\/2016\/06\/Koivukuusi-1-vihre\u00e4t-kristallikorvakorut-600x411.jpg 600w, https:\/\/www.ellikki.fi\/korut\/wp-content\/uploads\/2016\/06\/Koivukuusi-1-vihre\u00e4t-kristallikorvakorut-768x526.jpg 768w, https:\/\/www.ellikki.fi\/korut\/wp-content\/uploads\/2016\/06\/Koivukuusi-1-vihre\u00e4t-kristallikorvakorut.jpg 800w\" sizes=\"(max-width: 800px) 100vw, 800px\" \/><\/a><\/p>\n<p>Ty\u00f6h\u00f6n tarvitaan<\/p>\n<ul>\n<li>9 biconia (4 mm)<\/li>\n<li>3 siemenhelme\u00e4 (11\/o)<\/li>\n<li>neula ja lankaa<\/li>\n<li>vaijeria<\/li>\n<li>kaksi puristushelme\u00e4 ja p\u00e4\u00e4llyshelme\u00e4<\/li>\n<li>v\u00e4lirengas<\/li>\n<li>korvakorukoukku<\/li>\n<\/ul>\n<div class=\"fusion-fullwidth fullwidth-box fusion-builder-row-1 hundred-percent-fullwidth non-hundred-percent-height-scrolling\" style=\"--awb-border-radius-top-left:0px;--awb-border-radius-top-right:0px;--awb-border-radius-bottom-right:0px;--awb-border-radius-bottom-left:0px;--awb-overflow:visible;--awb-flex-wrap:wrap;\" ><div class=\"fusion-builder-row fusion-row\"><div class=\"fusion-layout-column fusion_builder_column fusion-builder-column-0 fusion_builder_column_1_1 1_1 fusion-one-full fusion-column-first fusion-column-last fusion-column-no-min-height\" style=\"--awb-bg-size:cover;--awb-margin-bottom:0px;\"><div class=\"fusion-column-wrapper fusion-flex-column-wrapper-legacy\"><div id=\"attachment_1479\" style=\"width: 810px\" class=\"wp-caption aligncenter\"><a href=\"http:\/\/www.ellikki.fi\/korut\/wp-content\/uploads\/2016\/06\/Koivukuusi-2.jpg\"><img decoding=\"async\" aria-describedby=\"caption-attachment-1479\" class=\"wp-image-1479 size-full\" src=\"http:\/\/www.ellikki.fi\/korut\/wp-content\/uploads\/2016\/06\/Koivukuusi-2.jpg\" alt=\"Koivukuusi 2\" width=\"800\" height=\"587\" srcset=\"https:\/\/www.ellikki.fi\/korut\/wp-content\/uploads\/2016\/06\/Koivukuusi-2-200x147.jpg 200w, https:\/\/www.ellikki.fi\/korut\/wp-content\/uploads\/2016\/06\/Koivukuusi-2-300x220.jpg 300w, https:\/\/www.ellikki.fi\/korut\/wp-content\/uploads\/2016\/06\/Koivukuusi-2-400x294.jpg 400w, https:\/\/www.ellikki.fi\/korut\/wp-content\/uploads\/2016\/06\/Koivukuusi-2-600x440.jpg 600w, https:\/\/www.ellikki.fi\/korut\/wp-content\/uploads\/2016\/06\/Koivukuusi-2-768x564.jpg 768w, https:\/\/www.ellikki.fi\/korut\/wp-content\/uploads\/2016\/06\/Koivukuusi-2.jpg 800w\" sizes=\"(max-width: 800px) 100vw, 800px\" \/><\/a><p id=\"caption-attachment-1479\" class=\"wp-caption-text\">Aloitus on helppo: yksi siemenhelmi ja kolme biconia langalle. Pys\u00e4ytyshelme\u00e4 ei t\u00e4ss\u00e4 ty\u00f6ss\u00e4 v\u00e4ltt\u00e4m\u00e4tt\u00e4 tarvita.<\/p><\/div>\n<p><a href=\"http:\/\/www.ellikki.fi\/korut\/wp-content\/uploads\/2016\/06\/Koivukuusi-3.jpg\"><img decoding=\"async\" class=\"aligncenter size-full wp-image-1480\" src=\"http:\/\/www.ellikki.fi\/korut\/wp-content\/uploads\/2016\/06\/Koivukuusi-3.jpg\" alt=\"Koivukuusi 3\" width=\"800\" height=\"577\" srcset=\"https:\/\/www.ellikki.fi\/korut\/wp-content\/uploads\/2016\/06\/Koivukuusi-3-200x144.jpg 200w, https:\/\/www.ellikki.fi\/korut\/wp-content\/uploads\/2016\/06\/Koivukuusi-3-300x216.jpg 300w, https:\/\/www.ellikki.fi\/korut\/wp-content\/uploads\/2016\/06\/Koivukuusi-3-400x289.jpg 400w, https:\/\/www.ellikki.fi\/korut\/wp-content\/uploads\/2016\/06\/Koivukuusi-3-600x433.jpg 600w, https:\/\/www.ellikki.fi\/korut\/wp-content\/uploads\/2016\/06\/Koivukuusi-3-768x554.jpg 768w, https:\/\/www.ellikki.fi\/korut\/wp-content\/uploads\/2016\/06\/Koivukuusi-3.jpg 800w\" sizes=\"(max-width: 800px) 100vw, 800px\" \/><\/a><\/p>\n<p>&nbsp;<\/p>\n<div class=\"fusion-clearfix\"><\/div><\/div><\/div><div class=\"fusion-layout-column fusion_builder_column fusion-builder-column-1 fusion_builder_column_1_1 1_1 fusion-one-full fusion-column-first fusion-column-last fusion-column-no-min-height\" style=\"--awb-bg-size:cover;--awb-margin-bottom:0px;\"><div class=\"fusion-column-wrapper fusion-flex-column-wrapper-legacy\"><div id=\"attachment_1481\" style=\"width: 810px\" class=\"wp-caption aligncenter\"><a href=\"http:\/\/www.ellikki.fi\/korut\/wp-content\/uploads\/2016\/06\/Koivukuusi-4.jpg\"><img decoding=\"async\" aria-describedby=\"caption-attachment-1481\" class=\"wp-image-1481 size-full\" src=\"http:\/\/www.ellikki.fi\/korut\/wp-content\/uploads\/2016\/06\/Koivukuusi-4.jpg\" alt=\"Koivukuusi 4\" width=\"800\" height=\"596\" srcset=\"https:\/\/www.ellikki.fi\/korut\/wp-content\/uploads\/2016\/06\/Koivukuusi-4-200x149.jpg 200w, https:\/\/www.ellikki.fi\/korut\/wp-content\/uploads\/2016\/06\/Koivukuusi-4-300x224.jpg 300w, https:\/\/www.ellikki.fi\/korut\/wp-content\/uploads\/2016\/06\/Koivukuusi-4-400x298.jpg 400w, https:\/\/www.ellikki.fi\/korut\/wp-content\/uploads\/2016\/06\/Koivukuusi-4-600x447.jpg 600w, https:\/\/www.ellikki.fi\/korut\/wp-content\/uploads\/2016\/06\/Koivukuusi-4-768x572.jpg 768w, https:\/\/www.ellikki.fi\/korut\/wp-content\/uploads\/2016\/06\/Koivukuusi-4.jpg 800w\" sizes=\"(max-width: 800px) 100vw, 800px\" \/><\/a><p id=\"caption-attachment-1481\" class=\"wp-caption-text\">Vie lanka siemenhelmen l\u00e4pi toisen kerran ja kirist\u00e4. Sen j\u00e4lkeen kuljeta se biconien l\u00e4pi 2-3 kertaa. Kireys on vain hyv\u00e4ksi.<\/p><\/div>\n<p>&nbsp;<\/p>\n<p><a href=\"http:\/\/www.ellikki.fi\/korut\/wp-content\/uploads\/2016\/06\/Koivukuusi-5.jpg\"><img decoding=\"async\" class=\"aligncenter size-full wp-image-1482\" src=\"http:\/\/www.ellikki.fi\/korut\/wp-content\/uploads\/2016\/06\/Koivukuusi-5.jpg\" alt=\"Koivukuusi 5\" width=\"799\" height=\"595\" srcset=\"https:\/\/www.ellikki.fi\/korut\/wp-content\/uploads\/2016\/06\/Koivukuusi-5-200x149.jpg 200w, https:\/\/www.ellikki.fi\/korut\/wp-content\/uploads\/2016\/06\/Koivukuusi-5-300x223.jpg 300w, https:\/\/www.ellikki.fi\/korut\/wp-content\/uploads\/2016\/06\/Koivukuusi-5-400x298.jpg 400w, https:\/\/www.ellikki.fi\/korut\/wp-content\/uploads\/2016\/06\/Koivukuusi-5-600x447.jpg 600w, https:\/\/www.ellikki.fi\/korut\/wp-content\/uploads\/2016\/06\/Koivukuusi-5-768x572.jpg 768w, https:\/\/www.ellikki.fi\/korut\/wp-content\/uploads\/2016\/06\/Koivukuusi-5.jpg 799w\" sizes=\"(max-width: 799px) 100vw, 799px\" \/><\/a><\/p>\n<p><a href=\"http:\/\/www.ellikki.fi\/korut\/wp-content\/uploads\/2016\/06\/Koivukuusi-6.jpg\"><img decoding=\"async\" class=\"aligncenter size-full wp-image-1483\" src=\"http:\/\/www.ellikki.fi\/korut\/wp-content\/uploads\/2016\/06\/Koivukuusi-6.jpg\" alt=\"Koivukuusi 6\" width=\"800\" height=\"617\" srcset=\"https:\/\/www.ellikki.fi\/korut\/wp-content\/uploads\/2016\/06\/Koivukuusi-6-200x154.jpg 200w, https:\/\/www.ellikki.fi\/korut\/wp-content\/uploads\/2016\/06\/Koivukuusi-6-300x231.jpg 300w, https:\/\/www.ellikki.fi\/korut\/wp-content\/uploads\/2016\/06\/Koivukuusi-6-400x309.jpg 400w, https:\/\/www.ellikki.fi\/korut\/wp-content\/uploads\/2016\/06\/Koivukuusi-6-600x463.jpg 600w, https:\/\/www.ellikki.fi\/korut\/wp-content\/uploads\/2016\/06\/Koivukuusi-6-768x592.jpg 768w, https:\/\/www.ellikki.fi\/korut\/wp-content\/uploads\/2016\/06\/Koivukuusi-6.jpg 800w\" sizes=\"(max-width: 800px) 100vw, 800px\" \/><\/a><\/p>\n<p>Toinen kierros menee samalla tavalla kuin ensimm\u00e4inen. Kun olet kiert\u00e4nyt kerran toisen satsin ymp\u00e4ri niin ett\u00e4 olet mennyt vasta kahdesti l\u00e4pi siemenhelmest\u00e4, kolmiot saattavat olla hieman erill\u00e4\u00e4n toisistaan (kuten kuvassa) mutta kun menet samaa lenkki\u00e4 viel\u00e4 uudemman kerran ymp\u00e4ri, kolmiot kiristyv\u00e4t l\u00e4helle toisiaan.<\/p>\n<p>&nbsp;<\/p>\n<p><a href=\"http:\/\/www.ellikki.fi\/korut\/wp-content\/uploads\/2016\/06\/Koivukuusi-7.jpg\"><img decoding=\"async\" class=\"aligncenter size-full wp-image-1484\" src=\"http:\/\/www.ellikki.fi\/korut\/wp-content\/uploads\/2016\/06\/Koivukuusi-7.jpg\" alt=\"Koivukuusi 7\" width=\"800\" height=\"613\" srcset=\"https:\/\/www.ellikki.fi\/korut\/wp-content\/uploads\/2016\/06\/Koivukuusi-7-200x153.jpg 200w, https:\/\/www.ellikki.fi\/korut\/wp-content\/uploads\/2016\/06\/Koivukuusi-7-300x230.jpg 300w, https:\/\/www.ellikki.fi\/korut\/wp-content\/uploads\/2016\/06\/Koivukuusi-7-400x307.jpg 400w, https:\/\/www.ellikki.fi\/korut\/wp-content\/uploads\/2016\/06\/Koivukuusi-7-600x460.jpg 600w, https:\/\/www.ellikki.fi\/korut\/wp-content\/uploads\/2016\/06\/Koivukuusi-7-768x588.jpg 768w, https:\/\/www.ellikki.fi\/korut\/wp-content\/uploads\/2016\/06\/Koivukuusi-7.jpg 800w\" sizes=\"(max-width: 800px) 100vw, 800px\" \/><\/a><\/p>\n<p><a href=\"http:\/\/www.ellikki.fi\/korut\/wp-content\/uploads\/2016\/06\/Koivukuusi-8.jpg\"><img decoding=\"async\" class=\"aligncenter size-full wp-image-1485\" src=\"http:\/\/www.ellikki.fi\/korut\/wp-content\/uploads\/2016\/06\/Koivukuusi-8.jpg\" alt=\"Koivukuusi 8\" width=\"800\" height=\"611\" srcset=\"https:\/\/www.ellikki.fi\/korut\/wp-content\/uploads\/2016\/06\/Koivukuusi-8-200x153.jpg 200w, https:\/\/www.ellikki.fi\/korut\/wp-content\/uploads\/2016\/06\/Koivukuusi-8-300x229.jpg 300w, https:\/\/www.ellikki.fi\/korut\/wp-content\/uploads\/2016\/06\/Koivukuusi-8-400x306.jpg 400w, https:\/\/www.ellikki.fi\/korut\/wp-content\/uploads\/2016\/06\/Koivukuusi-8-600x458.jpg 600w, https:\/\/www.ellikki.fi\/korut\/wp-content\/uploads\/2016\/06\/Koivukuusi-8-768x587.jpg 768w, https:\/\/www.ellikki.fi\/korut\/wp-content\/uploads\/2016\/06\/Koivukuusi-8.jpg 800w\" sizes=\"(max-width: 800px) 100vw, 800px\" \/><\/a><\/p>\n<p>Kolmannen vihre\u00e4n kolmion kohdalla kokeilut osoittivat, ett\u00e4 siemenhelmi kannattaa laittaa ensin yksin muiden siemenhelmien seuraksi. Ankkuroi uusi siemenhelmi paikalleen viem\u00e4ll\u00e4 neula muiden siemenhelmien l\u00e4pi ja laita vasta toisella kierroksella viimeiset biconit paikalleen. Kun t\u00e4m\u00e4 on tehty, kannattaa kulkea mahdollisimman monta kertaa kaikkien helmien l\u00e4pi. P\u00e4\u00e4t voi solmia t\u00e4ss\u00e4 vaiheessa yhteen pieneksi umpisolmuksi, sen j\u00e4lkeen kumpikin vied\u00e4\u00e4n niin monta kertaa helmien l\u00e4pi, ett\u00e4 keskiosassa on enemm\u00e4n lankaa kuin siemenhelmi\u00e4. Kun siemenhelmen aukko alkaa olla ahdas, lanka pysyy siell\u00e4 ja voit yhden tiukan l\u00e4piviennin j\u00e4lkeen katkaista langan.<\/p>\n<p>&nbsp;<\/p>\n<p><a href=\"http:\/\/www.ellikki.fi\/korut\/wp-content\/uploads\/2016\/06\/Koivukuusi-9.jpg\"><img decoding=\"async\" class=\"aligncenter size-full wp-image-1486\" src=\"http:\/\/www.ellikki.fi\/korut\/wp-content\/uploads\/2016\/06\/Koivukuusi-9.jpg\" alt=\"Koivukuusi 9\" width=\"800\" height=\"584\" srcset=\"https:\/\/www.ellikki.fi\/korut\/wp-content\/uploads\/2016\/06\/Koivukuusi-9-200x146.jpg 200w, https:\/\/www.ellikki.fi\/korut\/wp-content\/uploads\/2016\/06\/Koivukuusi-9-300x219.jpg 300w, https:\/\/www.ellikki.fi\/korut\/wp-content\/uploads\/2016\/06\/Koivukuusi-9-400x292.jpg 400w, https:\/\/www.ellikki.fi\/korut\/wp-content\/uploads\/2016\/06\/Koivukuusi-9-600x438.jpg 600w, https:\/\/www.ellikki.fi\/korut\/wp-content\/uploads\/2016\/06\/Koivukuusi-9-768x561.jpg 768w, https:\/\/www.ellikki.fi\/korut\/wp-content\/uploads\/2016\/06\/Koivukuusi-9.jpg 800w\" sizes=\"(max-width: 800px) 100vw, 800px\" \/><\/a><\/p>\n<p>Sitten yhden reunabiconin l\u00e4pi tulee p\u00e4tk\u00e4 vaijeria. Pujota vaijeriin kaksi puristushelme\u00e4.<\/p>\n<p>&nbsp;<\/p>\n<p><a href=\"http:\/\/www.ellikki.fi\/korut\/wp-content\/uploads\/2016\/06\/Koivukuusi-10.jpg\"><img decoding=\"async\" class=\"aligncenter size-full wp-image-1487\" src=\"http:\/\/www.ellikki.fi\/korut\/wp-content\/uploads\/2016\/06\/Koivukuusi-10.jpg\" alt=\"Koivukuusi 10\" width=\"800\" height=\"607\" srcset=\"https:\/\/www.ellikki.fi\/korut\/wp-content\/uploads\/2016\/06\/Koivukuusi-10-200x152.jpg 200w, https:\/\/www.ellikki.fi\/korut\/wp-content\/uploads\/2016\/06\/Koivukuusi-10-300x228.jpg 300w, https:\/\/www.ellikki.fi\/korut\/wp-content\/uploads\/2016\/06\/Koivukuusi-10-400x304.jpg 400w, https:\/\/www.ellikki.fi\/korut\/wp-content\/uploads\/2016\/06\/Koivukuusi-10-600x455.jpg 600w, https:\/\/www.ellikki.fi\/korut\/wp-content\/uploads\/2016\/06\/Koivukuusi-10-768x583.jpg 768w, https:\/\/www.ellikki.fi\/korut\/wp-content\/uploads\/2016\/06\/Koivukuusi-10.jpg 800w\" sizes=\"(max-width: 800px) 100vw, 800px\" \/><\/a><\/p>\n<p>Vie vaijerinp\u00e4\u00e4t l\u00e4pi puristushelmist\u00e4 niin, ett\u00e4 molemmat vaijerit kulkevat molempien puristushelmien l\u00e4pi. J\u00e4t\u00e4 helmien v\u00e4liin noin puolen sentin rako ja purista kiinni. Katkaise loppu pois.<\/p>\n<p>&nbsp;<\/p>\n<p><a href=\"http:\/\/www.ellikki.fi\/korut\/wp-content\/uploads\/2016\/06\/Koivukuusi-kiinnitys.jpg\"><img decoding=\"async\" class=\"aligncenter size-full wp-image-1488\" src=\"http:\/\/www.ellikki.fi\/korut\/wp-content\/uploads\/2016\/06\/Koivukuusi-kiinnitys.jpg\" alt=\"Koivukuusi, kiinnitys\" width=\"737\" height=\"800\" srcset=\"https:\/\/www.ellikki.fi\/korut\/wp-content\/uploads\/2016\/06\/Koivukuusi-kiinnitys-200x217.jpg 200w, https:\/\/www.ellikki.fi\/korut\/wp-content\/uploads\/2016\/06\/Koivukuusi-kiinnitys-276x300.jpg 276w, https:\/\/www.ellikki.fi\/korut\/wp-content\/uploads\/2016\/06\/Koivukuusi-kiinnitys-400x434.jpg 400w, https:\/\/www.ellikki.fi\/korut\/wp-content\/uploads\/2016\/06\/Koivukuusi-kiinnitys-600x651.jpg 600w, https:\/\/www.ellikki.fi\/korut\/wp-content\/uploads\/2016\/06\/Koivukuusi-kiinnitys.jpg 737w\" sizes=\"(max-width: 737px) 100vw, 737px\" \/><\/a><\/p>\n<p>&nbsp;<\/p>\n<p><a href=\"http:\/\/www.ellikki.fi\/korut\/wp-content\/uploads\/2016\/06\/Koivukuusi-v\u00e4lirengas.jpg\"><img decoding=\"async\" class=\"aligncenter size-full wp-image-1489\" src=\"http:\/\/www.ellikki.fi\/korut\/wp-content\/uploads\/2016\/06\/Koivukuusi-v\u00e4lirengas.jpg\" alt=\"Koivukuusi, v\u00e4lirengas\" width=\"800\" height=\"577\" srcset=\"https:\/\/www.ellikki.fi\/korut\/wp-content\/uploads\/2016\/06\/Koivukuusi-v\u00e4lirengas-200x144.jpg 200w, https:\/\/www.ellikki.fi\/korut\/wp-content\/uploads\/2016\/06\/Koivukuusi-v\u00e4lirengas-300x216.jpg 300w, https:\/\/www.ellikki.fi\/korut\/wp-content\/uploads\/2016\/06\/Koivukuusi-v\u00e4lirengas-400x289.jpg 400w, https:\/\/www.ellikki.fi\/korut\/wp-content\/uploads\/2016\/06\/Koivukuusi-v\u00e4lirengas-600x433.jpg 600w, https:\/\/www.ellikki.fi\/korut\/wp-content\/uploads\/2016\/06\/Koivukuusi-v\u00e4lirengas-768x554.jpg 768w, https:\/\/www.ellikki.fi\/korut\/wp-content\/uploads\/2016\/06\/Koivukuusi-v\u00e4lirengas.jpg 800w\" sizes=\"(max-width: 800px) 100vw, 800px\" \/><\/a><\/p>\n<p>Pue puristushelmen p\u00e4\u00e4llinen yhden puristushelmen p\u00e4\u00e4lle, sen j\u00e4lkeen sovita rengasta. Olen kuvien v\u00e4liss\u00e4 pienent\u00e4nyt v\u00e4lirengasta, sill\u00e4 se olisi ollut niin iso ett\u00e4 se pomppisi jatkuvasti pois paikaltaan. Sopiva koko on siis sellainen, ett\u00e4 v\u00e4lirengas pysyy puristushelmien v\u00e4liss\u00e4, mutta ei est\u00e4 korvakorua heilumasta vapaasti. Voi olla hyv\u00e4 ajatus s\u00e4ilytt\u00e4\u00e4 irtopalanen. Kun teet korvakorulle paria, tied\u00e4t suurin piirtein, mink\u00e4 verran siit\u00e4 kannattaa ottaa pois.<\/p>\n<p>&nbsp;<div class=\"fusion-clearfix\"><\/div><\/div><\/div><\/div><\/div>\n","protected":false},"excerpt":{"rendered":"<p>Vihre\u00e4 on kes\u00e4n v\u00e4ri. Mukavasti jo toukokuussa alkanut kes\u00e4 on vienyt ajatukset vihre\u00e4\u00e4n suuntaan, ja huomasin n\u00e4pr\u00e4ilev\u00e4ni vihreit\u00e4 biconeja miettien, mit\u00e4 niist\u00e4 saisi aikaan. Vaikka mit\u00e4. Korun valmistuttua en osannut p\u00e4\u00e4tt\u00e4\u00e4, onko se l\u00e4hemp\u00e4n\u00e4 koivun  [&#8230;]<\/p>\n","protected":false},"author":1,"featured_media":1477,"comment_status":"open","ping_status":"closed","sticky":false,"template":"","format":"standard","meta":{"footnotes":""},"categories":[1],"tags":[341,340,22,342,188],"class_list":["post-1476","post","type-post","status-publish","format-standard","has-post-thumbnail","hentry","category-kokeilut","tag-biconit","tag-koivukuusi","tag-korvakorut","tag-kristallit","tag-vihrea"],"yoast_head":"<!-- This site is optimized with the Yoast SEO plugin v27.1.1 - https:\/\/yoast.com\/product\/yoast-seo-wordpress\/ -->\n<title>Koivukuusen kannon alla - Ellikki.fi<\/title>\n<meta name=\"description\" content=\"Korvakoru, jossa yhdistyy koivun kev\u00e4inen vihreys ja kuusen pyramidimainen muoto. Koivukuusi, seh\u00e4n se.\" \/>\n<meta name=\"robots\" content=\"index, follow, max-snippet:-1, max-image-preview:large, max-video-preview:-1\" \/>\n<link rel=\"canonical\" href=\"https:\/\/www.ellikki.fi\/korut\/kokeilut\/koivukuusi\/\" \/>\n<meta property=\"og:locale\" content=\"fi_FI\" \/>\n<meta property=\"og:type\" content=\"article\" \/>\n<meta property=\"og:title\" content=\"Koivukuusen kannon alla - Ellikki.fi\" \/>\n<meta property=\"og:description\" content=\"Korvakoru, jossa yhdistyy koivun kev\u00e4inen vihreys ja kuusen pyramidimainen muoto. Koivukuusi, seh\u00e4n se.\" \/>\n<meta property=\"og:url\" content=\"https:\/\/www.ellikki.fi\/korut\/kokeilut\/koivukuusi\/\" \/>\n<meta property=\"og:site_name\" content=\"Ellikki.fi\" \/>\n<meta property=\"article:publisher\" content=\"https:\/\/www.facebook.com\/ellikki\" \/>\n<meta property=\"article:published_time\" content=\"2016-06-12T16:08:22+00:00\" \/>\n<meta property=\"article:modified_time\" content=\"2016-11-02T23:49:04+00:00\" \/>\n<meta property=\"og:image\" content=\"https:\/\/www.ellikki.fi\/korut\/wp-content\/uploads\/2016\/06\/Korvakorut-vihre\u00e4\u00e4-kristallia-Koivukuusi.jpg\" \/>\n\t<meta property=\"og:image:width\" content=\"733\" \/>\n\t<meta property=\"og:image:height\" content=\"800\" \/>\n\t<meta property=\"og:image:type\" content=\"image\/jpeg\" \/>\n<meta name=\"author\" content=\"Ellikki\" \/>\n<meta name=\"twitter:card\" content=\"summary_large_image\" \/>\n<meta name=\"twitter:creator\" content=\"@eltalvio\" \/>\n<meta name=\"twitter:site\" content=\"@eltalvio\" \/>\n<meta name=\"twitter:label1\" content=\"Kirjoittanut\" \/>\n\t<meta name=\"twitter:data1\" content=\"Ellikki\" \/>\n\t<meta name=\"twitter:label2\" content=\"Arvioitu lukuaika\" \/>\n\t<meta name=\"twitter:data2\" content=\"3 minuuttia\" \/>\n<script type=\"application\/ld+json\" class=\"yoast-schema-graph\">{\"@context\":\"https:\/\/schema.org\",\"@graph\":[{\"@type\":\"Article\",\"@id\":\"https:\/\/www.ellikki.fi\/korut\/kokeilut\/koivukuusi\/#article\",\"isPartOf\":{\"@id\":\"https:\/\/www.ellikki.fi\/korut\/kokeilut\/koivukuusi\/\"},\"author\":{\"name\":\"Ellikki\",\"@id\":\"https:\/\/www.ellikki.fi\/korut\/#\/schema\/person\/4100981f383f4e840417efe2a45a2e13\"},\"headline\":\"Koivukuusen kannon alla\",\"datePublished\":\"2016-06-12T16:08:22+00:00\",\"dateModified\":\"2016-11-02T23:49:04+00:00\",\"mainEntityOfPage\":{\"@id\":\"https:\/\/www.ellikki.fi\/korut\/kokeilut\/koivukuusi\/\"},\"wordCount\":562,\"commentCount\":0,\"image\":{\"@id\":\"https:\/\/www.ellikki.fi\/korut\/kokeilut\/koivukuusi\/#primaryimage\"},\"thumbnailUrl\":\"https:\/\/www.ellikki.fi\/korut\/wp-content\/uploads\/2016\/06\/Korvakorut-vihre\u00e4\u00e4-kristallia-Koivukuusi.jpg\",\"keywords\":[\"biconit\",\"Koivukuusi\",\"korvakorut\",\"kristallit\",\"vihre\u00e4\"],\"articleSection\":[\"Kokeilut\"],\"inLanguage\":\"fi\",\"potentialAction\":[{\"@type\":\"CommentAction\",\"name\":\"Comment\",\"target\":[\"https:\/\/www.ellikki.fi\/korut\/kokeilut\/koivukuusi\/#respond\"]}]},{\"@type\":\"WebPage\",\"@id\":\"https:\/\/www.ellikki.fi\/korut\/kokeilut\/koivukuusi\/\",\"url\":\"https:\/\/www.ellikki.fi\/korut\/kokeilut\/koivukuusi\/\",\"name\":\"Koivukuusen kannon alla - Ellikki.fi\",\"isPartOf\":{\"@id\":\"https:\/\/www.ellikki.fi\/korut\/#website\"},\"primaryImageOfPage\":{\"@id\":\"https:\/\/www.ellikki.fi\/korut\/kokeilut\/koivukuusi\/#primaryimage\"},\"image\":{\"@id\":\"https:\/\/www.ellikki.fi\/korut\/kokeilut\/koivukuusi\/#primaryimage\"},\"thumbnailUrl\":\"https:\/\/www.ellikki.fi\/korut\/wp-content\/uploads\/2016\/06\/Korvakorut-vihre\u00e4\u00e4-kristallia-Koivukuusi.jpg\",\"datePublished\":\"2016-06-12T16:08:22+00:00\",\"dateModified\":\"2016-11-02T23:49:04+00:00\",\"author\":{\"@id\":\"https:\/\/www.ellikki.fi\/korut\/#\/schema\/person\/4100981f383f4e840417efe2a45a2e13\"},\"description\":\"Korvakoru, jossa yhdistyy koivun kev\u00e4inen vihreys ja kuusen pyramidimainen muoto. Koivukuusi, seh\u00e4n se.\",\"breadcrumb\":{\"@id\":\"https:\/\/www.ellikki.fi\/korut\/kokeilut\/koivukuusi\/#breadcrumb\"},\"inLanguage\":\"fi\",\"potentialAction\":[{\"@type\":\"ReadAction\",\"target\":[\"https:\/\/www.ellikki.fi\/korut\/kokeilut\/koivukuusi\/\"]}]},{\"@type\":\"ImageObject\",\"inLanguage\":\"fi\",\"@id\":\"https:\/\/www.ellikki.fi\/korut\/kokeilut\/koivukuusi\/#primaryimage\",\"url\":\"https:\/\/www.ellikki.fi\/korut\/wp-content\/uploads\/2016\/06\/Korvakorut-vihre\u00e4\u00e4-kristallia-Koivukuusi.jpg\",\"contentUrl\":\"https:\/\/www.ellikki.fi\/korut\/wp-content\/uploads\/2016\/06\/Korvakorut-vihre\u00e4\u00e4-kristallia-Koivukuusi.jpg\",\"width\":733,\"height\":800,\"caption\":\"Korvakorut vihre\u00e4\u00e4 kristallia, Koivukuusi\"},{\"@type\":\"BreadcrumbList\",\"@id\":\"https:\/\/www.ellikki.fi\/korut\/kokeilut\/koivukuusi\/#breadcrumb\",\"itemListElement\":[{\"@type\":\"ListItem\",\"position\":1,\"name\":\"Ellikki.fi - Helmisuutari\",\"item\":\"https:\/\/www.ellikki.fi\/korut\/\"},{\"@type\":\"ListItem\",\"position\":2,\"name\":\"Koivukuusen kannon alla\"}]},{\"@type\":\"WebSite\",\"@id\":\"https:\/\/www.ellikki.fi\/korut\/#website\",\"url\":\"https:\/\/www.ellikki.fi\/korut\/\",\"name\":\"Ellikki.fi\",\"description\":\"Helmisuutari\",\"potentialAction\":[{\"@type\":\"SearchAction\",\"target\":{\"@type\":\"EntryPoint\",\"urlTemplate\":\"https:\/\/www.ellikki.fi\/korut\/?s={search_term_string}\"},\"query-input\":{\"@type\":\"PropertyValueSpecification\",\"valueRequired\":true,\"valueName\":\"search_term_string\"}}],\"inLanguage\":\"fi\"},{\"@type\":\"Person\",\"@id\":\"https:\/\/www.ellikki.fi\/korut\/#\/schema\/person\/4100981f383f4e840417efe2a45a2e13\",\"name\":\"Ellikki\",\"image\":{\"@type\":\"ImageObject\",\"inLanguage\":\"fi\",\"@id\":\"https:\/\/www.ellikki.fi\/korut\/#\/schema\/person\/image\/\",\"url\":\"https:\/\/secure.gravatar.com\/avatar\/68459a81492a7fdb3d3e31353836619029f7a695895440f957f81143855d97ee?s=96&d=mm&r=g\",\"contentUrl\":\"https:\/\/secure.gravatar.com\/avatar\/68459a81492a7fdb3d3e31353836619029f7a695895440f957f81143855d97ee?s=96&d=mm&r=g\",\"caption\":\"Ellikki\"},\"description\":\"Loputtoman utelias hevostoimittaja, tarinanmets\u00e4st\u00e4j\u00e4 ja koruharrastaja, joka edelleen ihmettelee maailmaa ja koettaa aina silloin t\u00e4ll\u00f6in tehd\u00e4 jotain ensi kertaa el\u00e4m\u00e4ss\u00e4\u00e4n.\"}]}<\/script>\n<!-- \/ Yoast SEO plugin. -->","yoast_head_json":{"title":"Koivukuusen kannon alla - Ellikki.fi","description":"Korvakoru, jossa yhdistyy koivun kev\u00e4inen vihreys ja kuusen pyramidimainen muoto. Koivukuusi, seh\u00e4n se.","robots":{"index":"index","follow":"follow","max-snippet":"max-snippet:-1","max-image-preview":"max-image-preview:large","max-video-preview":"max-video-preview:-1"},"canonical":"https:\/\/www.ellikki.fi\/korut\/kokeilut\/koivukuusi\/","og_locale":"fi_FI","og_type":"article","og_title":"Koivukuusen kannon alla - Ellikki.fi","og_description":"Korvakoru, jossa yhdistyy koivun kev\u00e4inen vihreys ja kuusen pyramidimainen muoto. Koivukuusi, seh\u00e4n se.","og_url":"https:\/\/www.ellikki.fi\/korut\/kokeilut\/koivukuusi\/","og_site_name":"Ellikki.fi","article_publisher":"https:\/\/www.facebook.com\/ellikki","article_published_time":"2016-06-12T16:08:22+00:00","article_modified_time":"2016-11-02T23:49:04+00:00","og_image":[{"width":733,"height":800,"url":"https:\/\/www.ellikki.fi\/korut\/wp-content\/uploads\/2016\/06\/Korvakorut-vihre\u00e4\u00e4-kristallia-Koivukuusi.jpg","type":"image\/jpeg"}],"author":"Ellikki","twitter_card":"summary_large_image","twitter_creator":"@eltalvio","twitter_site":"@eltalvio","twitter_misc":{"Kirjoittanut":"Ellikki","Arvioitu lukuaika":"3 minuuttia"},"schema":{"@context":"https:\/\/schema.org","@graph":[{"@type":"Article","@id":"https:\/\/www.ellikki.fi\/korut\/kokeilut\/koivukuusi\/#article","isPartOf":{"@id":"https:\/\/www.ellikki.fi\/korut\/kokeilut\/koivukuusi\/"},"author":{"name":"Ellikki","@id":"https:\/\/www.ellikki.fi\/korut\/#\/schema\/person\/4100981f383f4e840417efe2a45a2e13"},"headline":"Koivukuusen kannon alla","datePublished":"2016-06-12T16:08:22+00:00","dateModified":"2016-11-02T23:49:04+00:00","mainEntityOfPage":{"@id":"https:\/\/www.ellikki.fi\/korut\/kokeilut\/koivukuusi\/"},"wordCount":562,"commentCount":0,"image":{"@id":"https:\/\/www.ellikki.fi\/korut\/kokeilut\/koivukuusi\/#primaryimage"},"thumbnailUrl":"https:\/\/www.ellikki.fi\/korut\/wp-content\/uploads\/2016\/06\/Korvakorut-vihre\u00e4\u00e4-kristallia-Koivukuusi.jpg","keywords":["biconit","Koivukuusi","korvakorut","kristallit","vihre\u00e4"],"articleSection":["Kokeilut"],"inLanguage":"fi","potentialAction":[{"@type":"CommentAction","name":"Comment","target":["https:\/\/www.ellikki.fi\/korut\/kokeilut\/koivukuusi\/#respond"]}]},{"@type":"WebPage","@id":"https:\/\/www.ellikki.fi\/korut\/kokeilut\/koivukuusi\/","url":"https:\/\/www.ellikki.fi\/korut\/kokeilut\/koivukuusi\/","name":"Koivukuusen kannon alla - Ellikki.fi","isPartOf":{"@id":"https:\/\/www.ellikki.fi\/korut\/#website"},"primaryImageOfPage":{"@id":"https:\/\/www.ellikki.fi\/korut\/kokeilut\/koivukuusi\/#primaryimage"},"image":{"@id":"https:\/\/www.ellikki.fi\/korut\/kokeilut\/koivukuusi\/#primaryimage"},"thumbnailUrl":"https:\/\/www.ellikki.fi\/korut\/wp-content\/uploads\/2016\/06\/Korvakorut-vihre\u00e4\u00e4-kristallia-Koivukuusi.jpg","datePublished":"2016-06-12T16:08:22+00:00","dateModified":"2016-11-02T23:49:04+00:00","author":{"@id":"https:\/\/www.ellikki.fi\/korut\/#\/schema\/person\/4100981f383f4e840417efe2a45a2e13"},"description":"Korvakoru, jossa yhdistyy koivun kev\u00e4inen vihreys ja kuusen pyramidimainen muoto. Koivukuusi, seh\u00e4n se.","breadcrumb":{"@id":"https:\/\/www.ellikki.fi\/korut\/kokeilut\/koivukuusi\/#breadcrumb"},"inLanguage":"fi","potentialAction":[{"@type":"ReadAction","target":["https:\/\/www.ellikki.fi\/korut\/kokeilut\/koivukuusi\/"]}]},{"@type":"ImageObject","inLanguage":"fi","@id":"https:\/\/www.ellikki.fi\/korut\/kokeilut\/koivukuusi\/#primaryimage","url":"https:\/\/www.ellikki.fi\/korut\/wp-content\/uploads\/2016\/06\/Korvakorut-vihre\u00e4\u00e4-kristallia-Koivukuusi.jpg","contentUrl":"https:\/\/www.ellikki.fi\/korut\/wp-content\/uploads\/2016\/06\/Korvakorut-vihre\u00e4\u00e4-kristallia-Koivukuusi.jpg","width":733,"height":800,"caption":"Korvakorut vihre\u00e4\u00e4 kristallia, Koivukuusi"},{"@type":"BreadcrumbList","@id":"https:\/\/www.ellikki.fi\/korut\/kokeilut\/koivukuusi\/#breadcrumb","itemListElement":[{"@type":"ListItem","position":1,"name":"Ellikki.fi - Helmisuutari","item":"https:\/\/www.ellikki.fi\/korut\/"},{"@type":"ListItem","position":2,"name":"Koivukuusen kannon alla"}]},{"@type":"WebSite","@id":"https:\/\/www.ellikki.fi\/korut\/#website","url":"https:\/\/www.ellikki.fi\/korut\/","name":"Ellikki.fi","description":"Helmisuutari","potentialAction":[{"@type":"SearchAction","target":{"@type":"EntryPoint","urlTemplate":"https:\/\/www.ellikki.fi\/korut\/?s={search_term_string}"},"query-input":{"@type":"PropertyValueSpecification","valueRequired":true,"valueName":"search_term_string"}}],"inLanguage":"fi"},{"@type":"Person","@id":"https:\/\/www.ellikki.fi\/korut\/#\/schema\/person\/4100981f383f4e840417efe2a45a2e13","name":"Ellikki","image":{"@type":"ImageObject","inLanguage":"fi","@id":"https:\/\/www.ellikki.fi\/korut\/#\/schema\/person\/image\/","url":"https:\/\/secure.gravatar.com\/avatar\/68459a81492a7fdb3d3e31353836619029f7a695895440f957f81143855d97ee?s=96&d=mm&r=g","contentUrl":"https:\/\/secure.gravatar.com\/avatar\/68459a81492a7fdb3d3e31353836619029f7a695895440f957f81143855d97ee?s=96&d=mm&r=g","caption":"Ellikki"},"description":"Loputtoman utelias hevostoimittaja, tarinanmets\u00e4st\u00e4j\u00e4 ja koruharrastaja, joka edelleen ihmettelee maailmaa ja koettaa aina silloin t\u00e4ll\u00f6in tehd\u00e4 jotain ensi kertaa el\u00e4m\u00e4ss\u00e4\u00e4n."}]}},"_links":{"self":[{"href":"https:\/\/www.ellikki.fi\/korut\/wp-json\/wp\/v2\/posts\/1476","targetHints":{"allow":["GET"]}}],"collection":[{"href":"https:\/\/www.ellikki.fi\/korut\/wp-json\/wp\/v2\/posts"}],"about":[{"href":"https:\/\/www.ellikki.fi\/korut\/wp-json\/wp\/v2\/types\/post"}],"author":[{"embeddable":true,"href":"https:\/\/www.ellikki.fi\/korut\/wp-json\/wp\/v2\/users\/1"}],"replies":[{"embeddable":true,"href":"https:\/\/www.ellikki.fi\/korut\/wp-json\/wp\/v2\/comments?post=1476"}],"version-history":[{"count":0,"href":"https:\/\/www.ellikki.fi\/korut\/wp-json\/wp\/v2\/posts\/1476\/revisions"}],"wp:featuredmedia":[{"embeddable":true,"href":"https:\/\/www.ellikki.fi\/korut\/wp-json\/wp\/v2\/media\/1477"}],"wp:attachment":[{"href":"https:\/\/www.ellikki.fi\/korut\/wp-json\/wp\/v2\/media?parent=1476"}],"wp:term":[{"taxonomy":"category","embeddable":true,"href":"https:\/\/www.ellikki.fi\/korut\/wp-json\/wp\/v2\/categories?post=1476"},{"taxonomy":"post_tag","embeddable":true,"href":"https:\/\/www.ellikki.fi\/korut\/wp-json\/wp\/v2\/tags?post=1476"}],"curies":[{"name":"wp","href":"https:\/\/api.w.org\/{rel}","templated":true}]}}