{"id":150,"date":"2014-01-26T16:33:43","date_gmt":"2014-01-26T14:33:43","guid":{"rendered":"http:\/\/www.ellikki.fi\/korut\/?p=150"},"modified":"2016-11-03T01:49:09","modified_gmt":"2016-11-02T23:49:09","slug":"tiimarin-muistolle","status":"publish","type":"post","link":"https:\/\/www.ellikki.fi\/korut\/uutisia-askartelun-maailmasta\/tiimarin-muistolle\/","title":{"rendered":"Tiimarin muistolle"},"content":{"rendered":"<p>Kun kev\u00e4\u00e4ll\u00e4 tein K\u00e4dentaidot-blogille <strong><a title=\"K\u00e4dentaidot-blogiin\" href=\"http:\/\/www.kadentaidotblogi.fi\/2013\/04\/vierailevan-tahden-helmikorut\/\" target=\"_blank\">vieraskyn\u00e4kirjoituksen<\/a><\/strong> ja hain tarvikkeet Tiimarista, en viel\u00e4 tiennyt min\u00e4 eik\u00e4 kukaan muukaan, ett\u00e4 vain puolen vuoden kuluttua yritys asetettaisiin konkurssiin ja vuodenvaihteessa moni myym\u00e4l\u00e4 olisi jo sulkenut ovensa. Tiimarin vahvuus on ollut sen tihe\u00e4 myym\u00e4l\u00e4verkosto, ja viel\u00e4 kev\u00e4\u00e4ll\u00e4 hankin tarvikkeet sielt\u00e4 nimenomaan siksi, ett\u00e4 kenell\u00e4 tahansa olisi mahdollisuus halutessaan tehd\u00e4 samantapainen koru. Aika ajoin joku tuttavani tai h\u00e4nen lapsensa haluaa my\u00f6s kokeilla koruntekoa, ja kysyy ensimm\u00e4iseksi, mist\u00e4 tarvikkeita voi ostaa. Silloin on ollut helppo neuvoa aloittamaan Tiimarista. Onkin kovin s\u00e4\u00e4li, ett\u00e4 samanlaista yleisp\u00e4tev\u00e4\u00e4 vastausta ei voi en\u00e4\u00e4 antaa, sill\u00e4 Tiimarin lopetettua korutarvikkeiden myyntipisteet vaihtelevat paikkakuntakohtaisesti. Joillakin paikkakunnilla oikea vastaus on askarteluliike, toisaalla hypermarket tai kirjakauppa. Pienemmilt\u00e4 paikkakunnilta taas ei l\u00f6ydy mit\u00e4\u00e4n edell\u00e4 mainituista. Paitsi ett\u00e4 neuvoin aiheesta kiinnostuneet Tiimariin, k\u00e4vin siell\u00e4 itsekin. On muutamia tuotteita, joista en tied\u00e4, mist\u00e4 ne hankin kun loppuunmyynneist\u00e4 hamstraamani varasto hupenee. T\u00e4llainen tuote on esimerkiksi korupiikit. Olen niit\u00e4 muutamista verkkokaupoista kokeeksi tilannut, mutta toistaiseksi en ole mist\u00e4\u00e4n l\u00f6yt\u00e4nyt yht\u00e4 j\u00e4m\u00e4k\u00f6it\u00e4 kuin Tiimarista.<\/p>\n<p>Tiimari on ollut minulle enemm\u00e4n kuin korutarvikeapaja. Siihen liittyy my\u00f6s monta hajukumintuoksuista lapsuusmuistoa. Muistan viel\u00e4kin, miten j\u00e4nn\u00e4\u00e4 oli lapsena syksyisin ennen koulujen alkua, kun p\u00e4\u00e4si kaupunkiin ja tilpeh\u00f6\u00f6rimaailmaan h\u00e4mm\u00e4stelem\u00e4\u00e4n mit\u00e4 erilaisimpia kyni\u00e4 ja kumeja, ja miten sitten koulussa toisten lasten kanssa vertailtiin, mit\u00e4 kukakin oli tavarataivaasta l\u00f6yt\u00e4nyt. Er\u00e4s l\u00f6yt\u00f6 oli my\u00f6s kirja Eino Leinon runoja. Taiteilijasielu kukki jo melko varhain ja olin hyvin onnellinen l\u00f6ydetty\u00e4ni kirjan 12-vuotiaana Tiimarin hyllyst\u00e4. Kirja on hyllyss\u00e4ni edelleen. Sielt\u00e4 on my\u00f6s ostettu k\u00e4ytt\u00f6esineit\u00e4 ensimm\u00e4iseen omaan asuntooni. Jos joku lukijoista haluaa kertoa omia Tiimari-muistojaan, olen kiinnostunut kuulemaan niit\u00e4.<\/p>\n<p style=\"text-align: center;\"><a href=\"http:\/\/www.ellikki.fi\/korut\/wp-content\/uploads\/2014\/01\/tiimaritavaraa.jpg\"><img decoding=\"async\" class=\"aligncenter size-full wp-image-155\" alt=\"tiimaritavaraa\" src=\"http:\/\/www.ellikki.fi\/korut\/wp-content\/uploads\/2014\/01\/tiimaritavaraa.jpg\" width=\"1000\" height=\"667\" srcset=\"https:\/\/www.ellikki.fi\/korut\/wp-content\/uploads\/2014\/01\/tiimaritavaraa-200x133.jpg 200w, https:\/\/www.ellikki.fi\/korut\/wp-content\/uploads\/2014\/01\/tiimaritavaraa-300x200.jpg 300w, https:\/\/www.ellikki.fi\/korut\/wp-content\/uploads\/2014\/01\/tiimaritavaraa-400x267.jpg 400w, https:\/\/www.ellikki.fi\/korut\/wp-content\/uploads\/2014\/01\/tiimaritavaraa-600x400.jpg 600w, https:\/\/www.ellikki.fi\/korut\/wp-content\/uploads\/2014\/01\/tiimaritavaraa-768x512.jpg 768w, https:\/\/www.ellikki.fi\/korut\/wp-content\/uploads\/2014\/01\/tiimaritavaraa-800x534.jpg 800w, https:\/\/www.ellikki.fi\/korut\/wp-content\/uploads\/2014\/01\/tiimaritavaraa.jpg 1000w\" sizes=\"(max-width: 1000px) 100vw, 1000px\" \/><\/a><\/p>\n<p>Tiimari perustettiin 1971, ja ennen konkurssiuutista sill\u00e4 oli 175 myym\u00e4l\u00e4\u00e4. Mik\u00e4 sitten meni vikaan? Lyhyt katsaus uutisiin kertoo, ett\u00e4 ketju ehti tuottaa tappiota jo vuosia, mutta suurin syy on valikoimassa tapahtuneet muutokset viimeisen 10 vuoden aikana. Ketju otti valikoimiinsa sisustustavaroita k\u00e4ytt\u00f6esineiden sijaan. Askartelutarvikkeita kyll\u00e4 on koko ajan ollut. A-studiossa keskiviikkona 22.1.2014 haastateltu analyytikko ja myym\u00e4l\u00f6iden ty\u00f6ntekij\u00e4t n\u00e4kiv\u00e4t kaikki syyksi sen, ett\u00e4 johtoporras yksinkertaisesti j\u00e4tti huomiotta asiakkaiden tarpeet.<\/p>\n<p><a href=\"http:\/\/www.ellikki.fi\/korut\/wp-content\/uploads\/2014\/01\/tyhj\u00e4t-hyllyt.jpg\"><img decoding=\"async\" class=\"aligncenter size-full wp-image-156\" alt=\"tyhj\u00e4t hyllyt\" src=\"http:\/\/www.ellikki.fi\/korut\/wp-content\/uploads\/2014\/01\/tyhj\u00e4t-hyllyt.jpg\" width=\"1000\" height=\"533\" srcset=\"https:\/\/www.ellikki.fi\/korut\/wp-content\/uploads\/2014\/01\/tyhj\u00e4t-hyllyt-200x107.jpg 200w, https:\/\/www.ellikki.fi\/korut\/wp-content\/uploads\/2014\/01\/tyhj\u00e4t-hyllyt-300x160.jpg 300w, https:\/\/www.ellikki.fi\/korut\/wp-content\/uploads\/2014\/01\/tyhj\u00e4t-hyllyt-400x213.jpg 400w, https:\/\/www.ellikki.fi\/korut\/wp-content\/uploads\/2014\/01\/tyhj\u00e4t-hyllyt-600x320.jpg 600w, https:\/\/www.ellikki.fi\/korut\/wp-content\/uploads\/2014\/01\/tyhj\u00e4t-hyllyt-768x409.jpg 768w, https:\/\/www.ellikki.fi\/korut\/wp-content\/uploads\/2014\/01\/tyhj\u00e4t-hyllyt-800x426.jpg 800w, https:\/\/www.ellikki.fi\/korut\/wp-content\/uploads\/2014\/01\/tyhj\u00e4t-hyllyt.jpg 1000w\" sizes=\"(max-width: 1000px) 100vw, 1000px\" \/><\/a><\/p>\n<p>P.S. Kuka muistaa viel\u00e4 Tiimarin logossa olleen sulan? Kaivaessani tietoa artikkelia varten tuli sekin tieto vastaan: Sulka viittaa ketjun perustajaan Kari Sulkaseen.<\/p>\n<p>&nbsp;<\/p>\n<p>Lue lis\u00e4\u00e4:<\/p>\n<p><a title=\"Yrityksen historiaa\" href=\"http:\/\/www.tiimari.com\/company-overview\/history.aspx?sc_lang=fi-FI\" target=\"_blank\">Tiimarin historia<\/a><\/p>\n<p><a title=\"Kari Sulkasen haastattelu\" href=\"http:\/\/yle.fi\/uutiset\/tiimarin_perustaja_lahjatavarat_upottivat_kauppaketjun\/6837412 \" target=\"_blank\">Perustajan haastattelu<\/a><\/p>\n<p><a title=\"Lue uutinen\" href=\"http:\/\/yle.fi\/uutiset\/tiimari_jatti_konkurssihakemuksen\/6837207\" target=\"_blank\">Tiimari j\u00e4tti konkurssihakemuksen<\/a><\/p>\n<p>&nbsp;<\/p>\n","protected":false},"excerpt":{"rendered":"<p>Kun kev\u00e4\u00e4ll\u00e4 tein K\u00e4dentaidot-blogille vieraskyn\u00e4kirjoituksen ja hain tarvikkeet Tiimarista, en viel\u00e4 tiennyt min\u00e4 eik\u00e4 kukaan muukaan, ett\u00e4 vain puolen vuoden kuluttua yritys asetettaisiin konkurssiin ja vuodenvaihteessa moni myym\u00e4l\u00e4 olisi jo sulkenut ovensa. Tiimarin vahvuus on  [&#8230;]<\/p>\n","protected":false},"author":1,"featured_media":154,"comment_status":"open","ping_status":"open","sticky":false,"template":"","format":"standard","meta":{"footnotes":""},"categories":[7],"tags":[14,13,12],"class_list":["post-150","post","type-post","status-publish","format-standard","has-post-thumbnail","hentry","category-uutisia-askartelun-maailmasta","tag-konkurssi","tag-korutarvike","tag-tiimari"],"yoast_head":"<!-- This site is optimized with the Yoast SEO plugin v27.1.1 - https:\/\/yoast.com\/product\/yoast-seo-wordpress\/ -->\n<title>Tiimarin muistolle - Ellikki.fi<\/title>\n<meta name=\"description\" content=\"Hajukumeja, koulutarvikkeita, konkurssi. Aikakausi on p\u00e4\u00e4ttynyt. Hyv\u00e4sti Tiimari!\" \/>\n<meta name=\"robots\" content=\"index, follow, max-snippet:-1, max-image-preview:large, max-video-preview:-1\" \/>\n<link rel=\"canonical\" href=\"https:\/\/www.ellikki.fi\/korut\/uutisia-askartelun-maailmasta\/tiimarin-muistolle\/\" \/>\n<meta property=\"og:locale\" content=\"fi_FI\" \/>\n<meta property=\"og:type\" content=\"article\" \/>\n<meta property=\"og:title\" content=\"Tiimarin muistolle - Ellikki.fi\" \/>\n<meta property=\"og:description\" content=\"Hajukumeja, koulutarvikkeita, konkurssi. Aikakausi on p\u00e4\u00e4ttynyt. Hyv\u00e4sti Tiimari!\" \/>\n<meta property=\"og:url\" content=\"https:\/\/www.ellikki.fi\/korut\/uutisia-askartelun-maailmasta\/tiimarin-muistolle\/\" \/>\n<meta property=\"og:site_name\" content=\"Ellikki.fi\" \/>\n<meta property=\"article:publisher\" content=\"https:\/\/www.facebook.com\/ellikki\" \/>\n<meta property=\"article:published_time\" content=\"2014-01-26T14:33:43+00:00\" \/>\n<meta property=\"article:modified_time\" content=\"2016-11-02T23:49:09+00:00\" \/>\n<meta property=\"og:image\" content=\"https:\/\/www.ellikki.fi\/korut\/wp-content\/uploads\/2014\/01\/suljettu-tiimari.jpg\" \/>\n\t<meta property=\"og:image:width\" content=\"1000\" \/>\n\t<meta property=\"og:image:height\" content=\"711\" \/>\n\t<meta property=\"og:image:type\" content=\"image\/jpeg\" \/>\n<meta name=\"author\" content=\"Ellikki\" \/>\n<meta name=\"twitter:card\" content=\"summary_large_image\" \/>\n<meta name=\"twitter:creator\" content=\"@eltalvio\" \/>\n<meta name=\"twitter:site\" content=\"@eltalvio\" \/>\n<meta name=\"twitter:label1\" content=\"Kirjoittanut\" \/>\n\t<meta name=\"twitter:data1\" content=\"Ellikki\" \/>\n\t<meta name=\"twitter:label2\" content=\"Arvioitu lukuaika\" \/>\n\t<meta name=\"twitter:data2\" content=\"2 minuuttia\" \/>\n<script type=\"application\/ld+json\" class=\"yoast-schema-graph\">{\"@context\":\"https:\/\/schema.org\",\"@graph\":[{\"@type\":\"Article\",\"@id\":\"https:\/\/www.ellikki.fi\/korut\/uutisia-askartelun-maailmasta\/tiimarin-muistolle\/#article\",\"isPartOf\":{\"@id\":\"https:\/\/www.ellikki.fi\/korut\/uutisia-askartelun-maailmasta\/tiimarin-muistolle\/\"},\"author\":{\"name\":\"Ellikki\",\"@id\":\"https:\/\/www.ellikki.fi\/korut\/#\/schema\/person\/4100981f383f4e840417efe2a45a2e13\"},\"headline\":\"Tiimarin muistolle\",\"datePublished\":\"2014-01-26T14:33:43+00:00\",\"dateModified\":\"2016-11-02T23:49:09+00:00\",\"mainEntityOfPage\":{\"@id\":\"https:\/\/www.ellikki.fi\/korut\/uutisia-askartelun-maailmasta\/tiimarin-muistolle\/\"},\"wordCount\":406,\"commentCount\":0,\"image\":{\"@id\":\"https:\/\/www.ellikki.fi\/korut\/uutisia-askartelun-maailmasta\/tiimarin-muistolle\/#primaryimage\"},\"thumbnailUrl\":\"https:\/\/www.ellikki.fi\/korut\/wp-content\/uploads\/2014\/01\/suljettu-tiimari.jpg\",\"keywords\":[\"konkurssi\",\"korutarvike\",\"tiimari\"],\"articleSection\":[\"Uutisia askartelun maailmasta\"],\"inLanguage\":\"fi\",\"potentialAction\":[{\"@type\":\"CommentAction\",\"name\":\"Comment\",\"target\":[\"https:\/\/www.ellikki.fi\/korut\/uutisia-askartelun-maailmasta\/tiimarin-muistolle\/#respond\"]}]},{\"@type\":\"WebPage\",\"@id\":\"https:\/\/www.ellikki.fi\/korut\/uutisia-askartelun-maailmasta\/tiimarin-muistolle\/\",\"url\":\"https:\/\/www.ellikki.fi\/korut\/uutisia-askartelun-maailmasta\/tiimarin-muistolle\/\",\"name\":\"Tiimarin muistolle - Ellikki.fi\",\"isPartOf\":{\"@id\":\"https:\/\/www.ellikki.fi\/korut\/#website\"},\"primaryImageOfPage\":{\"@id\":\"https:\/\/www.ellikki.fi\/korut\/uutisia-askartelun-maailmasta\/tiimarin-muistolle\/#primaryimage\"},\"image\":{\"@id\":\"https:\/\/www.ellikki.fi\/korut\/uutisia-askartelun-maailmasta\/tiimarin-muistolle\/#primaryimage\"},\"thumbnailUrl\":\"https:\/\/www.ellikki.fi\/korut\/wp-content\/uploads\/2014\/01\/suljettu-tiimari.jpg\",\"datePublished\":\"2014-01-26T14:33:43+00:00\",\"dateModified\":\"2016-11-02T23:49:09+00:00\",\"author\":{\"@id\":\"https:\/\/www.ellikki.fi\/korut\/#\/schema\/person\/4100981f383f4e840417efe2a45a2e13\"},\"description\":\"Hajukumeja, koulutarvikkeita, konkurssi. Aikakausi on p\u00e4\u00e4ttynyt. Hyv\u00e4sti Tiimari!\",\"breadcrumb\":{\"@id\":\"https:\/\/www.ellikki.fi\/korut\/uutisia-askartelun-maailmasta\/tiimarin-muistolle\/#breadcrumb\"},\"inLanguage\":\"fi\",\"potentialAction\":[{\"@type\":\"ReadAction\",\"target\":[\"https:\/\/www.ellikki.fi\/korut\/uutisia-askartelun-maailmasta\/tiimarin-muistolle\/\"]}]},{\"@type\":\"ImageObject\",\"inLanguage\":\"fi\",\"@id\":\"https:\/\/www.ellikki.fi\/korut\/uutisia-askartelun-maailmasta\/tiimarin-muistolle\/#primaryimage\",\"url\":\"https:\/\/www.ellikki.fi\/korut\/wp-content\/uploads\/2014\/01\/suljettu-tiimari.jpg\",\"contentUrl\":\"https:\/\/www.ellikki.fi\/korut\/wp-content\/uploads\/2014\/01\/suljettu-tiimari.jpg\",\"width\":1000,\"height\":711,\"caption\":\"suljettu tiimari\"},{\"@type\":\"BreadcrumbList\",\"@id\":\"https:\/\/www.ellikki.fi\/korut\/uutisia-askartelun-maailmasta\/tiimarin-muistolle\/#breadcrumb\",\"itemListElement\":[{\"@type\":\"ListItem\",\"position\":1,\"name\":\"Ellikki.fi - Helmisuutari\",\"item\":\"https:\/\/www.ellikki.fi\/korut\/\"},{\"@type\":\"ListItem\",\"position\":2,\"name\":\"Tiimarin muistolle\"}]},{\"@type\":\"WebSite\",\"@id\":\"https:\/\/www.ellikki.fi\/korut\/#website\",\"url\":\"https:\/\/www.ellikki.fi\/korut\/\",\"name\":\"Ellikki.fi\",\"description\":\"Helmisuutari\",\"potentialAction\":[{\"@type\":\"SearchAction\",\"target\":{\"@type\":\"EntryPoint\",\"urlTemplate\":\"https:\/\/www.ellikki.fi\/korut\/?s={search_term_string}\"},\"query-input\":{\"@type\":\"PropertyValueSpecification\",\"valueRequired\":true,\"valueName\":\"search_term_string\"}}],\"inLanguage\":\"fi\"},{\"@type\":\"Person\",\"@id\":\"https:\/\/www.ellikki.fi\/korut\/#\/schema\/person\/4100981f383f4e840417efe2a45a2e13\",\"name\":\"Ellikki\",\"image\":{\"@type\":\"ImageObject\",\"inLanguage\":\"fi\",\"@id\":\"https:\/\/www.ellikki.fi\/korut\/#\/schema\/person\/image\/\",\"url\":\"https:\/\/secure.gravatar.com\/avatar\/68459a81492a7fdb3d3e31353836619029f7a695895440f957f81143855d97ee?s=96&d=mm&r=g\",\"contentUrl\":\"https:\/\/secure.gravatar.com\/avatar\/68459a81492a7fdb3d3e31353836619029f7a695895440f957f81143855d97ee?s=96&d=mm&r=g\",\"caption\":\"Ellikki\"},\"description\":\"Loputtoman utelias hevostoimittaja, tarinanmets\u00e4st\u00e4j\u00e4 ja koruharrastaja, joka edelleen ihmettelee maailmaa ja koettaa aina silloin t\u00e4ll\u00f6in tehd\u00e4 jotain ensi kertaa el\u00e4m\u00e4ss\u00e4\u00e4n.\"}]}<\/script>\n<!-- \/ Yoast SEO plugin. -->","yoast_head_json":{"title":"Tiimarin muistolle - Ellikki.fi","description":"Hajukumeja, koulutarvikkeita, konkurssi. Aikakausi on p\u00e4\u00e4ttynyt. Hyv\u00e4sti Tiimari!","robots":{"index":"index","follow":"follow","max-snippet":"max-snippet:-1","max-image-preview":"max-image-preview:large","max-video-preview":"max-video-preview:-1"},"canonical":"https:\/\/www.ellikki.fi\/korut\/uutisia-askartelun-maailmasta\/tiimarin-muistolle\/","og_locale":"fi_FI","og_type":"article","og_title":"Tiimarin muistolle - Ellikki.fi","og_description":"Hajukumeja, koulutarvikkeita, konkurssi. Aikakausi on p\u00e4\u00e4ttynyt. Hyv\u00e4sti Tiimari!","og_url":"https:\/\/www.ellikki.fi\/korut\/uutisia-askartelun-maailmasta\/tiimarin-muistolle\/","og_site_name":"Ellikki.fi","article_publisher":"https:\/\/www.facebook.com\/ellikki","article_published_time":"2014-01-26T14:33:43+00:00","article_modified_time":"2016-11-02T23:49:09+00:00","og_image":[{"width":1000,"height":711,"url":"https:\/\/www.ellikki.fi\/korut\/wp-content\/uploads\/2014\/01\/suljettu-tiimari.jpg","type":"image\/jpeg"}],"author":"Ellikki","twitter_card":"summary_large_image","twitter_creator":"@eltalvio","twitter_site":"@eltalvio","twitter_misc":{"Kirjoittanut":"Ellikki","Arvioitu lukuaika":"2 minuuttia"},"schema":{"@context":"https:\/\/schema.org","@graph":[{"@type":"Article","@id":"https:\/\/www.ellikki.fi\/korut\/uutisia-askartelun-maailmasta\/tiimarin-muistolle\/#article","isPartOf":{"@id":"https:\/\/www.ellikki.fi\/korut\/uutisia-askartelun-maailmasta\/tiimarin-muistolle\/"},"author":{"name":"Ellikki","@id":"https:\/\/www.ellikki.fi\/korut\/#\/schema\/person\/4100981f383f4e840417efe2a45a2e13"},"headline":"Tiimarin muistolle","datePublished":"2014-01-26T14:33:43+00:00","dateModified":"2016-11-02T23:49:09+00:00","mainEntityOfPage":{"@id":"https:\/\/www.ellikki.fi\/korut\/uutisia-askartelun-maailmasta\/tiimarin-muistolle\/"},"wordCount":406,"commentCount":0,"image":{"@id":"https:\/\/www.ellikki.fi\/korut\/uutisia-askartelun-maailmasta\/tiimarin-muistolle\/#primaryimage"},"thumbnailUrl":"https:\/\/www.ellikki.fi\/korut\/wp-content\/uploads\/2014\/01\/suljettu-tiimari.jpg","keywords":["konkurssi","korutarvike","tiimari"],"articleSection":["Uutisia askartelun maailmasta"],"inLanguage":"fi","potentialAction":[{"@type":"CommentAction","name":"Comment","target":["https:\/\/www.ellikki.fi\/korut\/uutisia-askartelun-maailmasta\/tiimarin-muistolle\/#respond"]}]},{"@type":"WebPage","@id":"https:\/\/www.ellikki.fi\/korut\/uutisia-askartelun-maailmasta\/tiimarin-muistolle\/","url":"https:\/\/www.ellikki.fi\/korut\/uutisia-askartelun-maailmasta\/tiimarin-muistolle\/","name":"Tiimarin muistolle - Ellikki.fi","isPartOf":{"@id":"https:\/\/www.ellikki.fi\/korut\/#website"},"primaryImageOfPage":{"@id":"https:\/\/www.ellikki.fi\/korut\/uutisia-askartelun-maailmasta\/tiimarin-muistolle\/#primaryimage"},"image":{"@id":"https:\/\/www.ellikki.fi\/korut\/uutisia-askartelun-maailmasta\/tiimarin-muistolle\/#primaryimage"},"thumbnailUrl":"https:\/\/www.ellikki.fi\/korut\/wp-content\/uploads\/2014\/01\/suljettu-tiimari.jpg","datePublished":"2014-01-26T14:33:43+00:00","dateModified":"2016-11-02T23:49:09+00:00","author":{"@id":"https:\/\/www.ellikki.fi\/korut\/#\/schema\/person\/4100981f383f4e840417efe2a45a2e13"},"description":"Hajukumeja, koulutarvikkeita, konkurssi. Aikakausi on p\u00e4\u00e4ttynyt. Hyv\u00e4sti Tiimari!","breadcrumb":{"@id":"https:\/\/www.ellikki.fi\/korut\/uutisia-askartelun-maailmasta\/tiimarin-muistolle\/#breadcrumb"},"inLanguage":"fi","potentialAction":[{"@type":"ReadAction","target":["https:\/\/www.ellikki.fi\/korut\/uutisia-askartelun-maailmasta\/tiimarin-muistolle\/"]}]},{"@type":"ImageObject","inLanguage":"fi","@id":"https:\/\/www.ellikki.fi\/korut\/uutisia-askartelun-maailmasta\/tiimarin-muistolle\/#primaryimage","url":"https:\/\/www.ellikki.fi\/korut\/wp-content\/uploads\/2014\/01\/suljettu-tiimari.jpg","contentUrl":"https:\/\/www.ellikki.fi\/korut\/wp-content\/uploads\/2014\/01\/suljettu-tiimari.jpg","width":1000,"height":711,"caption":"suljettu tiimari"},{"@type":"BreadcrumbList","@id":"https:\/\/www.ellikki.fi\/korut\/uutisia-askartelun-maailmasta\/tiimarin-muistolle\/#breadcrumb","itemListElement":[{"@type":"ListItem","position":1,"name":"Ellikki.fi - Helmisuutari","item":"https:\/\/www.ellikki.fi\/korut\/"},{"@type":"ListItem","position":2,"name":"Tiimarin muistolle"}]},{"@type":"WebSite","@id":"https:\/\/www.ellikki.fi\/korut\/#website","url":"https:\/\/www.ellikki.fi\/korut\/","name":"Ellikki.fi","description":"Helmisuutari","potentialAction":[{"@type":"SearchAction","target":{"@type":"EntryPoint","urlTemplate":"https:\/\/www.ellikki.fi\/korut\/?s={search_term_string}"},"query-input":{"@type":"PropertyValueSpecification","valueRequired":true,"valueName":"search_term_string"}}],"inLanguage":"fi"},{"@type":"Person","@id":"https:\/\/www.ellikki.fi\/korut\/#\/schema\/person\/4100981f383f4e840417efe2a45a2e13","name":"Ellikki","image":{"@type":"ImageObject","inLanguage":"fi","@id":"https:\/\/www.ellikki.fi\/korut\/#\/schema\/person\/image\/","url":"https:\/\/secure.gravatar.com\/avatar\/68459a81492a7fdb3d3e31353836619029f7a695895440f957f81143855d97ee?s=96&d=mm&r=g","contentUrl":"https:\/\/secure.gravatar.com\/avatar\/68459a81492a7fdb3d3e31353836619029f7a695895440f957f81143855d97ee?s=96&d=mm&r=g","caption":"Ellikki"},"description":"Loputtoman utelias hevostoimittaja, tarinanmets\u00e4st\u00e4j\u00e4 ja koruharrastaja, joka edelleen ihmettelee maailmaa ja koettaa aina silloin t\u00e4ll\u00f6in tehd\u00e4 jotain ensi kertaa el\u00e4m\u00e4ss\u00e4\u00e4n."}]}},"_links":{"self":[{"href":"https:\/\/www.ellikki.fi\/korut\/wp-json\/wp\/v2\/posts\/150","targetHints":{"allow":["GET"]}}],"collection":[{"href":"https:\/\/www.ellikki.fi\/korut\/wp-json\/wp\/v2\/posts"}],"about":[{"href":"https:\/\/www.ellikki.fi\/korut\/wp-json\/wp\/v2\/types\/post"}],"author":[{"embeddable":true,"href":"https:\/\/www.ellikki.fi\/korut\/wp-json\/wp\/v2\/users\/1"}],"replies":[{"embeddable":true,"href":"https:\/\/www.ellikki.fi\/korut\/wp-json\/wp\/v2\/comments?post=150"}],"version-history":[{"count":0,"href":"https:\/\/www.ellikki.fi\/korut\/wp-json\/wp\/v2\/posts\/150\/revisions"}],"wp:featuredmedia":[{"embeddable":true,"href":"https:\/\/www.ellikki.fi\/korut\/wp-json\/wp\/v2\/media\/154"}],"wp:attachment":[{"href":"https:\/\/www.ellikki.fi\/korut\/wp-json\/wp\/v2\/media?parent=150"}],"wp:term":[{"taxonomy":"category","embeddable":true,"href":"https:\/\/www.ellikki.fi\/korut\/wp-json\/wp\/v2\/categories?post=150"},{"taxonomy":"post_tag","embeddable":true,"href":"https:\/\/www.ellikki.fi\/korut\/wp-json\/wp\/v2\/tags?post=150"}],"curies":[{"name":"wp","href":"https:\/\/api.w.org\/{rel}","templated":true}]}}