{"id":1504,"date":"2016-07-03T16:28:27","date_gmt":"2016-07-03T13:28:27","guid":{"rendered":"http:\/\/www.ellikki.fi\/korut\/?p=1504"},"modified":"2016-11-03T01:49:04","modified_gmt":"2016-11-02T23:49:04","slug":"ylamaan-jalokivimessut","status":"publish","type":"post","link":"https:\/\/www.ellikki.fi\/korut\/tietolaari\/ylamaan-jalokivimessut\/","title":{"rendered":"Yl\u00e4maan jalokivimessut ker\u00e4\u00e4v\u00e4t kivi-ihmiset yhteen"},"content":{"rendered":"<p>Yl\u00e4maa seisoo kivijaloilla. Nykyisin Lappeenrantaan kuuluva pit\u00e4j\u00e4 on Suomen johtavia kiviteollisuusalueita. Yl\u00e4maan graniitti muodostaa yli puolet Suomen rakennuskiviviennist\u00e4, ja alueella on merkitt\u00e4v\u00e4 spektroliittiesiintym\u00e4. Siksi ei ole mik\u00e4\u00e4n ihme, ett\u00e4 juuri Yl\u00e4maalla on j\u00e4rjestetty kivimessut 1980-luvulta l\u00e4htien. Messut j\u00e4rjestet\u00e4\u00e4n joka vuosi viikko juhannuksen j\u00e4lkeen, ja ne ovat ainoa korukiviin keskittynyt tapahtuma Suomessa. Messujen johtaja ja jalokiviyhdistyksen puheenjohtaja Esko H\u00e4m\u00e4l\u00e4inen on entinen Yl\u00e4maan kunnanjohtaja, ja t\u00e4ss\u00e4 ominaisuudessa h\u00e4n on p\u00e4\u00e4ssyt yhdist\u00e4m\u00e4\u00e4n kiinnostuksensa kiviin ja ollut samalla tekem\u00e4ss\u00e4 Yl\u00e4maasta todellista kivikyl\u00e4\u00e4. &#8221;Pohjoismaissa j\u00e4rjestet\u00e4\u00e4n vuosittain 70 jalokivimessut, joista n\u00e4m\u00e4 ovat suurimmat. Jokainen kivitapahtuma on hieman erilainen. Yhteist\u00e4 niille on, ett\u00e4 ne ovat syntyneet kiviteollisuuspaikkakunnille ja niiss\u00e4 on voimakkaasti mukana paikallinen kivilaji ja kiviteollisuus. Meid\u00e4n messuillamme on joka vuosi vaihtuva painotus, vaikka jokavuotiset vetonaulat pit\u00e4v\u00e4tkin pintansa&#8221;, H\u00e4m\u00e4l\u00e4inen kertoo. N\u00e4it\u00e4 vetonauloja ovat tunnistuspalvelu ja &#8221;aarteenetsint\u00e4&#8221;, jossa lapset ja aikuiset voivat t\u00e4ytt\u00e4\u00e4 hiekkalaatikon \u00e4\u00e4ress\u00e4 pikku\u00e4mp\u00e4rin hiekalla yhden euron maksua vastaan. Hiekan joukkoon on siroteltu korukivi\u00e4, ja \u00e4mp\u00e4rillinen siivil\u00f6id\u00e4\u00e4n sen j\u00e4lkeen. L\u00f6ytyv\u00e4t kivet saa pit\u00e4\u00e4 itse. Jalokiviyhdistyksen tavoitteena on, ett\u00e4 n\u00e4m\u00e4 kivet toimisivat kivikiinnostuksen her\u00e4tt\u00e4j\u00e4n\u00e4. Hiekkalaatikon vieress\u00e4 on ilmainen korukivien tunnistuspalvelu. Asiantuntijalle voi vied\u00e4 hiekkalaatikosta l\u00f6ytyneit\u00e4 tai omia kivi\u00e4\u00e4n, jos haluaa tarkistaa niiden aitouden tai ei tied\u00e4, mit\u00e4 kive\u00e4 oma koru on.<\/p>\n<div class=\"fusion-fullwidth fullwidth-box fusion-builder-row-1 hundred-percent-fullwidth non-hundred-percent-height-scrolling\" style=\"--awb-border-radius-top-left:0px;--awb-border-radius-top-right:0px;--awb-border-radius-bottom-right:0px;--awb-border-radius-bottom-left:0px;--awb-overflow:visible;--awb-flex-wrap:wrap;\" ><div class=\"fusion-builder-row fusion-row\"><div class=\"fusion-layout-column fusion_builder_column fusion-builder-column-0 fusion_builder_column_1_1 1_1 fusion-one-full fusion-column-first fusion-column-last fusion-column-no-min-height\" style=\"--awb-bg-size:cover;--awb-margin-bottom:0px;\"><div class=\"fusion-column-wrapper fusion-flex-column-wrapper-legacy\"><div id=\"attachment_1507\" style=\"width: 810px\" class=\"wp-caption aligncenter\"><a href=\"http:\/\/www.ellikki.fi\/korut\/wp-content\/uploads\/2016\/07\/Yl\u00e4maan-oma-kivi-spektroliitti.jpg\"><img decoding=\"async\" aria-describedby=\"caption-attachment-1507\" class=\"wp-image-1507 size-full\" src=\"http:\/\/www.ellikki.fi\/korut\/wp-content\/uploads\/2016\/07\/Yl\u00e4maan-oma-kivi-spektroliitti.jpg\" alt=\"Yl\u00e4maan oma kivi, spektroliitti\" width=\"800\" height=\"533\" srcset=\"https:\/\/www.ellikki.fi\/korut\/wp-content\/uploads\/2016\/07\/Yl\u00e4maan-oma-kivi-spektroliitti-200x133.jpg 200w, https:\/\/www.ellikki.fi\/korut\/wp-content\/uploads\/2016\/07\/Yl\u00e4maan-oma-kivi-spektroliitti-300x200.jpg 300w, https:\/\/www.ellikki.fi\/korut\/wp-content\/uploads\/2016\/07\/Yl\u00e4maan-oma-kivi-spektroliitti-400x267.jpg 400w, https:\/\/www.ellikki.fi\/korut\/wp-content\/uploads\/2016\/07\/Yl\u00e4maan-oma-kivi-spektroliitti-600x400.jpg 600w, https:\/\/www.ellikki.fi\/korut\/wp-content\/uploads\/2016\/07\/Yl\u00e4maan-oma-kivi-spektroliitti-768x512.jpg 768w, https:\/\/www.ellikki.fi\/korut\/wp-content\/uploads\/2016\/07\/Yl\u00e4maan-oma-kivi-spektroliitti.jpg 800w\" sizes=\"(max-width: 800px) 100vw, 800px\" \/><\/a><p id=\"caption-attachment-1507\" class=\"wp-caption-text\">Yl\u00e4maan oma kivi, spektroliitti. Spektroliiti kuuluu labradoriitteihin, mutta on tavallista labradoriittia vaikuttavampi siksi, ett\u00e4 sen em\u00e4kivi on musta. V\u00e4rit korostuvat mustaa taustaa vasten.<\/p><\/div>\n<p>&nbsp;<\/p>\n<div class=\"fusion-clearfix\"><\/div><\/div><\/div><div class=\"fusion-layout-column fusion_builder_column fusion-builder-column-1 fusion_builder_column_1_1 1_1 fusion-one-full fusion-column-first fusion-column-last fusion-column-no-min-height\" style=\"--awb-bg-size:cover;--awb-margin-bottom:0px;\"><div class=\"fusion-column-wrapper fusion-flex-column-wrapper-legacy\"><div id=\"attachment_1508\" style=\"width: 810px\" class=\"wp-caption aligncenter\"><a href=\"http:\/\/www.ellikki.fi\/korut\/wp-content\/uploads\/2016\/07\/Rikkimineraalia.jpg\"><img decoding=\"async\" aria-describedby=\"caption-attachment-1508\" class=\"wp-image-1508 size-full\" src=\"http:\/\/www.ellikki.fi\/korut\/wp-content\/uploads\/2016\/07\/Rikkimineraalia.jpg\" alt=\"Rikkimineraalia\" width=\"800\" height=\"565\" srcset=\"https:\/\/www.ellikki.fi\/korut\/wp-content\/uploads\/2016\/07\/Rikkimineraalia-200x141.jpg 200w, https:\/\/www.ellikki.fi\/korut\/wp-content\/uploads\/2016\/07\/Rikkimineraalia-300x212.jpg 300w, https:\/\/www.ellikki.fi\/korut\/wp-content\/uploads\/2016\/07\/Rikkimineraalia-400x283.jpg 400w, https:\/\/www.ellikki.fi\/korut\/wp-content\/uploads\/2016\/07\/Rikkimineraalia-600x424.jpg 600w, https:\/\/www.ellikki.fi\/korut\/wp-content\/uploads\/2016\/07\/Rikkimineraalia-768x542.jpg 768w, https:\/\/www.ellikki.fi\/korut\/wp-content\/uploads\/2016\/07\/Rikkimineraalia.jpg 800w\" sizes=\"(max-width: 800px) 100vw, 800px\" \/><\/a><p id=\"caption-attachment-1508\" class=\"wp-caption-text\">Kivien lis\u00e4ksi n\u00e4ht\u00e4vill\u00e4 oli mineraaleja, kuten rikki\u00e4.<\/p><\/div>\n<p>&nbsp;<\/p>\n<div class=\"fusion-clearfix\"><\/div><\/div><\/div><div class=\"fusion-layout-column fusion_builder_column fusion-builder-column-2 fusion_builder_column_1_1 1_1 fusion-one-full fusion-column-first fusion-column-last fusion-column-no-min-height\" style=\"--awb-bg-size:cover;--awb-margin-bottom:0px;\"><div class=\"fusion-column-wrapper fusion-flex-column-wrapper-legacy\"><div id=\"attachment_1512\" style=\"width: 810px\" class=\"wp-caption aligncenter\"><a href=\"http:\/\/www.ellikki.fi\/korut\/wp-content\/uploads\/2016\/07\/Meripihkaa.jpg\"><img decoding=\"async\" aria-describedby=\"caption-attachment-1512\" class=\"wp-image-1512 size-full\" src=\"http:\/\/www.ellikki.fi\/korut\/wp-content\/uploads\/2016\/07\/Meripihkaa.jpg\" alt=\"Meripihkaa\" width=\"800\" height=\"619\" srcset=\"https:\/\/www.ellikki.fi\/korut\/wp-content\/uploads\/2016\/07\/Meripihkaa-200x155.jpg 200w, https:\/\/www.ellikki.fi\/korut\/wp-content\/uploads\/2016\/07\/Meripihkaa-300x232.jpg 300w, https:\/\/www.ellikki.fi\/korut\/wp-content\/uploads\/2016\/07\/Meripihkaa-400x310.jpg 400w, https:\/\/www.ellikki.fi\/korut\/wp-content\/uploads\/2016\/07\/Meripihkaa-600x464.jpg 600w, https:\/\/www.ellikki.fi\/korut\/wp-content\/uploads\/2016\/07\/Meripihkaa-768x594.jpg 768w, https:\/\/www.ellikki.fi\/korut\/wp-content\/uploads\/2016\/07\/Meripihkaa.jpg 800w\" sizes=\"(max-width: 800px) 100vw, 800px\" \/><\/a><p id=\"caption-attachment-1512\" class=\"wp-caption-text\">Meripihkaa Puolasta.<\/p><\/div>\n<p>Yl\u00e4maan korumessuilla k\u00e4y vuosittain 4000-7000 kivist\u00e4 kiinnostunutta. Huippuvuodet ajoittuivat 1990-luvun alkupuolelle, jolloin kotimainen koruteollisuus oli voimissaan ja Yl\u00e4maalla k\u00e4vi viikonlopun aika yli 10 000 messuvierasta. 40 vuotta kivisepp\u00e4n\u00e4 ty\u00f6skennellyt yl\u00e4maalainen Hannu Heinonen kertoo, ett\u00e4 suomalaisen koruteollisuuden kruununjalokivet Kalevala Koru ja Lapponia Jewelry valmistavat nyky\u00e4\u00e4n tuotteita paljon my\u00f6s ulkomailla. &#8221;Suomalaisia myyji\u00e4 on messuilla nyt v\u00e4hemm\u00e4n, koska korusepp\u00e4 on valitettavasti auringonlaskun ammatti. Koulutuslinjoja on lakkautettu Suomessa ja el\u00e4kkeelle j\u00e4\u00e4vien tilalle ei tule uusia tekij\u00f6it\u00e4. Kiinnostus korukiviin ei ole katoamassa, kivikerhoja on ymp\u00e4ri Suomea ja kivi kiinnostaa harrastuksena. Ulkomailta saa k\u00e4sitelty\u00e4 kive\u00e4 halvemmalla kuin Suomesta.&#8221;<\/p>\n<p>Korukivet vaikuttavat olevan koruk\u00e4sit\u00f6iden miehinen alalaji. Siin\u00e4 miss\u00e4 tavallisilla k\u00e4sity\u00f6- ja korumessuilla useimmat n\u00e4ytteilleasettajat ovat naisia, t\u00e4\u00e4ll\u00e4 ainakin puolet on miehi\u00e4. Korukivist\u00e4 voi tehd\u00e4 melkein mit\u00e4 vain koristeista k\u00e4ytt\u00f6esineisiin. T\u00e4m\u00e4n lis\u00e4ksi moni on ihastunut tiettyyn kivilajiin ja joidenkuiden mielest\u00e4 kivill\u00e4 on erityisi\u00e4 hoitavia ominaisuuksia. Kivi\u00e4 l\u00f6ytyy sek\u00e4 k\u00e4sittelem\u00e4tt\u00f6m\u00e4n\u00e4 ett\u00e4 hiottuna. Koruharrastajan n\u00e4k\u00f6kulmasta harmillisen harvassa kivess\u00e4 oli valmiina reik\u00e4.<\/p>\n<div class=\"fusion-clearfix\"><\/div><\/div><\/div><div class=\"fusion-layout-column fusion_builder_column fusion-builder-column-3 fusion_builder_column_1_1 1_1 fusion-one-full fusion-column-first fusion-column-last fusion-column-no-min-height\" style=\"--awb-bg-size:cover;--awb-margin-bottom:0px;\"><div class=\"fusion-column-wrapper fusion-flex-column-wrapper-legacy\"><div id=\"attachment_1514\" style=\"width: 810px\" class=\"wp-caption aligncenter\"><a href=\"http:\/\/www.ellikki.fi\/korut\/wp-content\/uploads\/2016\/07\/Kivi\u00e4-ilman-reiki\u00e4.jpg\"><img decoding=\"async\" aria-describedby=\"caption-attachment-1514\" class=\"wp-image-1514 size-full\" src=\"http:\/\/www.ellikki.fi\/korut\/wp-content\/uploads\/2016\/07\/Kivi\u00e4-ilman-reiki\u00e4.jpg\" alt=\"Kivi\u00e4 ilman reiki\u00e4\" width=\"800\" height=\"600\" srcset=\"https:\/\/www.ellikki.fi\/korut\/wp-content\/uploads\/2016\/07\/Kivi\u00e4-ilman-reiki\u00e4-200x150.jpg 200w, https:\/\/www.ellikki.fi\/korut\/wp-content\/uploads\/2016\/07\/Kivi\u00e4-ilman-reiki\u00e4-300x225.jpg 300w, https:\/\/www.ellikki.fi\/korut\/wp-content\/uploads\/2016\/07\/Kivi\u00e4-ilman-reiki\u00e4-400x300.jpg 400w, https:\/\/www.ellikki.fi\/korut\/wp-content\/uploads\/2016\/07\/Kivi\u00e4-ilman-reiki\u00e4-600x450.jpg 600w, https:\/\/www.ellikki.fi\/korut\/wp-content\/uploads\/2016\/07\/Kivi\u00e4-ilman-reiki\u00e4-768x576.jpg 768w, https:\/\/www.ellikki.fi\/korut\/wp-content\/uploads\/2016\/07\/Kivi\u00e4-ilman-reiki\u00e4.jpg 800w\" sizes=\"(max-width: 800px) 100vw, 800px\" \/><\/a><p id=\"caption-attachment-1514\" class=\"wp-caption-text\">Kivi\u00e4 ilman reiki\u00e4.<\/p><\/div>\n<p>&nbsp;<\/p>\n<div class=\"fusion-clearfix\"><\/div><\/div><\/div><div class=\"fusion-layout-column fusion_builder_column fusion-builder-column-4 fusion_builder_column_1_1 1_1 fusion-one-full fusion-column-first fusion-column-last fusion-column-no-min-height\" style=\"--awb-bg-size:cover;--awb-margin-bottom:0px;\"><div class=\"fusion-column-wrapper fusion-flex-column-wrapper-legacy\"><div id=\"attachment_1509\" style=\"width: 543px\" class=\"wp-caption aligncenter\"><a href=\"http:\/\/www.ellikki.fi\/korut\/wp-content\/uploads\/2016\/07\/Kiviastioita.jpg\"><img decoding=\"async\" aria-describedby=\"caption-attachment-1509\" class=\"wp-image-1509 size-full\" src=\"http:\/\/www.ellikki.fi\/korut\/wp-content\/uploads\/2016\/07\/Kiviastioita.jpg\" alt=\"Kiviastioita\" width=\"533\" height=\"800\" srcset=\"https:\/\/www.ellikki.fi\/korut\/wp-content\/uploads\/2016\/07\/Kiviastioita-200x300.jpg 200w, https:\/\/www.ellikki.fi\/korut\/wp-content\/uploads\/2016\/07\/Kiviastioita-400x600.jpg 400w, https:\/\/www.ellikki.fi\/korut\/wp-content\/uploads\/2016\/07\/Kiviastioita.jpg 533w\" sizes=\"(max-width: 533px) 100vw, 533px\" \/><\/a><p id=\"caption-attachment-1509\" class=\"wp-caption-text\">Kivest\u00e4 tehtyj\u00e4 astioita.<\/p><\/div>\n<p>&nbsp;<\/p>\n<p><a href=\"http:\/\/www.ellikki.fi\/korut\/wp-content\/uploads\/2016\/07\/Kivi-Elvis.jpg\"><img decoding=\"async\" class=\"aligncenter size-full wp-image-1510\" src=\"http:\/\/www.ellikki.fi\/korut\/wp-content\/uploads\/2016\/07\/Kivi-Elvis.jpg\" alt=\"Kivi-Elvis\" width=\"800\" height=\"533\" srcset=\"https:\/\/www.ellikki.fi\/korut\/wp-content\/uploads\/2016\/07\/Kivi-Elvis-200x133.jpg 200w, https:\/\/www.ellikki.fi\/korut\/wp-content\/uploads\/2016\/07\/Kivi-Elvis-300x200.jpg 300w, https:\/\/www.ellikki.fi\/korut\/wp-content\/uploads\/2016\/07\/Kivi-Elvis-400x267.jpg 400w, https:\/\/www.ellikki.fi\/korut\/wp-content\/uploads\/2016\/07\/Kivi-Elvis-600x400.jpg 600w, https:\/\/www.ellikki.fi\/korut\/wp-content\/uploads\/2016\/07\/Kivi-Elvis-768x512.jpg 768w, https:\/\/www.ellikki.fi\/korut\/wp-content\/uploads\/2016\/07\/Kivi-Elvis.jpg 800w\" sizes=\"(max-width: 800px) 100vw, 800px\" \/><\/a><\/p>\n<p>&nbsp;<\/p>\n<p><a href=\"http:\/\/www.ellikki.fi\/korut\/wp-content\/uploads\/2016\/07\/Kivipuu.jpg\"><img decoding=\"async\" class=\"aligncenter size-full wp-image-1511\" src=\"http:\/\/www.ellikki.fi\/korut\/wp-content\/uploads\/2016\/07\/Kivipuu.jpg\" alt=\"Kivipuu\" width=\"731\" height=\"800\" srcset=\"https:\/\/www.ellikki.fi\/korut\/wp-content\/uploads\/2016\/07\/Kivipuu-200x219.jpg 200w, https:\/\/www.ellikki.fi\/korut\/wp-content\/uploads\/2016\/07\/Kivipuu-274x300.jpg 274w, https:\/\/www.ellikki.fi\/korut\/wp-content\/uploads\/2016\/07\/Kivipuu-400x438.jpg 400w, https:\/\/www.ellikki.fi\/korut\/wp-content\/uploads\/2016\/07\/Kivipuu-600x657.jpg 600w, https:\/\/www.ellikki.fi\/korut\/wp-content\/uploads\/2016\/07\/Kivipuu.jpg 731w\" sizes=\"(max-width: 731px) 100vw, 731px\" \/><\/a><\/p>\n<p>&nbsp;<\/p>\n<div class=\"fusion-clearfix\"><\/div><\/div><\/div><div class=\"fusion-layout-column fusion_builder_column fusion-builder-column-5 fusion_builder_column_1_1 1_1 fusion-one-full fusion-column-first fusion-column-last fusion-column-no-min-height\" style=\"--awb-bg-size:cover;--awb-margin-bottom:0px;\"><div class=\"fusion-column-wrapper fusion-flex-column-wrapper-legacy\"><div id=\"attachment_1513\" style=\"width: 810px\" class=\"wp-caption aligncenter\"><a href=\"http:\/\/www.ellikki.fi\/korut\/wp-content\/uploads\/2016\/07\/Perhonen-tutustui-kiviin.jpg\"><img decoding=\"async\" aria-describedby=\"caption-attachment-1513\" class=\"wp-image-1513 size-full\" src=\"http:\/\/www.ellikki.fi\/korut\/wp-content\/uploads\/2016\/07\/Perhonen-tutustui-kiviin.jpg\" alt=\"Perhonen tutustui kiviin\" width=\"800\" height=\"571\" srcset=\"https:\/\/www.ellikki.fi\/korut\/wp-content\/uploads\/2016\/07\/Perhonen-tutustui-kiviin-200x143.jpg 200w, https:\/\/www.ellikki.fi\/korut\/wp-content\/uploads\/2016\/07\/Perhonen-tutustui-kiviin-300x214.jpg 300w, https:\/\/www.ellikki.fi\/korut\/wp-content\/uploads\/2016\/07\/Perhonen-tutustui-kiviin-400x286.jpg 400w, https:\/\/www.ellikki.fi\/korut\/wp-content\/uploads\/2016\/07\/Perhonen-tutustui-kiviin-600x428.jpg 600w, https:\/\/www.ellikki.fi\/korut\/wp-content\/uploads\/2016\/07\/Perhonen-tutustui-kiviin-768x548.jpg 768w, https:\/\/www.ellikki.fi\/korut\/wp-content\/uploads\/2016\/07\/Perhonen-tutustui-kiviin.jpg 800w\" sizes=\"(max-width: 800px) 100vw, 800px\" \/><\/a><p id=\"caption-attachment-1513\" class=\"wp-caption-text\">Perhonen k\u00e4vi ihmettelem\u00e4ss\u00e4 hiomattomia kivi\u00e4.<\/p><\/div>\n<p>&nbsp;<\/p>\n<p><a href=\"http:\/\/www.ellikki.fi\/korut\/wp-content\/uploads\/2016\/07\/Pakollinen-messuheppa.jpg\"><img decoding=\"async\" class=\"aligncenter size-full wp-image-1515\" src=\"http:\/\/www.ellikki.fi\/korut\/wp-content\/uploads\/2016\/07\/Pakollinen-messuheppa.jpg\" alt=\"Pakollinen messuheppa\" width=\"800\" height=\"584\" srcset=\"https:\/\/www.ellikki.fi\/korut\/wp-content\/uploads\/2016\/07\/Pakollinen-messuheppa-200x146.jpg 200w, https:\/\/www.ellikki.fi\/korut\/wp-content\/uploads\/2016\/07\/Pakollinen-messuheppa-300x219.jpg 300w, https:\/\/www.ellikki.fi\/korut\/wp-content\/uploads\/2016\/07\/Pakollinen-messuheppa-400x292.jpg 400w, https:\/\/www.ellikki.fi\/korut\/wp-content\/uploads\/2016\/07\/Pakollinen-messuheppa-600x438.jpg 600w, https:\/\/www.ellikki.fi\/korut\/wp-content\/uploads\/2016\/07\/Pakollinen-messuheppa-768x561.jpg 768w, https:\/\/www.ellikki.fi\/korut\/wp-content\/uploads\/2016\/07\/Pakollinen-messuheppa.jpg 800w\" sizes=\"(max-width: 800px) 100vw, 800px\" \/><\/a><div class=\"fusion-clearfix\"><\/div><\/div><\/div><\/div><\/div>\n","protected":false},"excerpt":{"rendered":"<p>Yl\u00e4maa seisoo kivijaloilla. Nykyisin Lappeenrantaan kuuluva pit\u00e4j\u00e4 on Suomen johtavia kiviteollisuusalueita. Yl\u00e4maan graniitti muodostaa yli puolet Suomen rakennuskiviviennist\u00e4, ja alueella on merkitt\u00e4v\u00e4 spektroliittiesiintym\u00e4. Siksi ei ole mik\u00e4\u00e4n ihme, ett\u00e4 juuri Yl\u00e4maalla on j\u00e4rjestetty kivimessut 1980-luvulta  [&#8230;]<\/p>\n","protected":false},"author":1,"featured_media":1506,"comment_status":"open","ping_status":"closed","sticky":false,"template":"","format":"standard","meta":{"footnotes":""},"categories":[20],"tags":[346,347,349,248,345,348],"class_list":["post-1504","post","type-post","status-publish","format-standard","has-post-thumbnail","hentry","category-tietolaari","tag-esko-hamalainen","tag-hannu-heinonen","tag-jalokiviyhdistys","tag-ylamaa","tag-ylamaan-jalokivimessut","tag-ylamaan-jalokivimuseo"],"yoast_head":"<!-- This site is optimized with the Yoast SEO plugin v27.1.1 - https:\/\/yoast.com\/product\/yoast-seo-wordpress\/ -->\n<title>Yl\u00e4maan jalokivimessut ker\u00e4\u00e4v\u00e4t kivi-ihmiset yhteen - Ellikki.fi<\/title>\n<meta name=\"description\" content=\"Yl\u00e4maan jalokivimessut ovat Suomen ainoa ja Pohjoismaiden suurin korukiviin keskittynyt tapahtuma.\" \/>\n<meta name=\"robots\" content=\"index, follow, max-snippet:-1, max-image-preview:large, max-video-preview:-1\" \/>\n<link rel=\"canonical\" href=\"https:\/\/www.ellikki.fi\/korut\/tietolaari\/ylamaan-jalokivimessut\/\" \/>\n<meta property=\"og:locale\" content=\"fi_FI\" \/>\n<meta property=\"og:type\" content=\"article\" \/>\n<meta property=\"og:title\" content=\"Yl\u00e4maan jalokivimessut ker\u00e4\u00e4v\u00e4t kivi-ihmiset yhteen - Ellikki.fi\" \/>\n<meta property=\"og:description\" content=\"Yl\u00e4maan jalokivimessut ovat Suomen ainoa ja Pohjoismaiden suurin korukiviin keskittynyt tapahtuma.\" \/>\n<meta property=\"og:url\" content=\"https:\/\/www.ellikki.fi\/korut\/tietolaari\/ylamaan-jalokivimessut\/\" \/>\n<meta property=\"og:site_name\" content=\"Ellikki.fi\" \/>\n<meta property=\"article:publisher\" content=\"https:\/\/www.facebook.com\/ellikki\" \/>\n<meta property=\"article:published_time\" content=\"2016-07-03T13:28:27+00:00\" \/>\n<meta property=\"article:modified_time\" content=\"2016-11-02T23:49:04+00:00\" \/>\n<meta property=\"og:image\" content=\"https:\/\/www.ellikki.fi\/korut\/wp-content\/uploads\/2016\/07\/Lapis-lazuli-jalokivimessut.jpg\" \/>\n\t<meta property=\"og:image:width\" content=\"800\" \/>\n\t<meta property=\"og:image:height\" content=\"533\" \/>\n\t<meta property=\"og:image:type\" content=\"image\/jpeg\" \/>\n<meta name=\"author\" content=\"Ellikki\" \/>\n<meta name=\"twitter:card\" content=\"summary_large_image\" \/>\n<meta name=\"twitter:creator\" content=\"@eltalvio\" \/>\n<meta name=\"twitter:site\" content=\"@eltalvio\" \/>\n<meta name=\"twitter:label1\" content=\"Kirjoittanut\" \/>\n\t<meta name=\"twitter:data1\" content=\"Ellikki\" \/>\n\t<meta name=\"twitter:label2\" content=\"Arvioitu lukuaika\" \/>\n\t<meta name=\"twitter:data2\" content=\"4 minuuttia\" \/>\n<script type=\"application\/ld+json\" class=\"yoast-schema-graph\">{\"@context\":\"https:\/\/schema.org\",\"@graph\":[{\"@type\":\"Article\",\"@id\":\"https:\/\/www.ellikki.fi\/korut\/tietolaari\/ylamaan-jalokivimessut\/#article\",\"isPartOf\":{\"@id\":\"https:\/\/www.ellikki.fi\/korut\/tietolaari\/ylamaan-jalokivimessut\/\"},\"author\":{\"name\":\"Ellikki\",\"@id\":\"https:\/\/www.ellikki.fi\/korut\/#\/schema\/person\/4100981f383f4e840417efe2a45a2e13\"},\"headline\":\"Yl\u00e4maan jalokivimessut ker\u00e4\u00e4v\u00e4t kivi-ihmiset yhteen\",\"datePublished\":\"2016-07-03T13:28:27+00:00\",\"dateModified\":\"2016-11-02T23:49:04+00:00\",\"mainEntityOfPage\":{\"@id\":\"https:\/\/www.ellikki.fi\/korut\/tietolaari\/ylamaan-jalokivimessut\/\"},\"wordCount\":864,\"commentCount\":3,\"image\":{\"@id\":\"https:\/\/www.ellikki.fi\/korut\/tietolaari\/ylamaan-jalokivimessut\/#primaryimage\"},\"thumbnailUrl\":\"https:\/\/www.ellikki.fi\/korut\/wp-content\/uploads\/2016\/07\/Lapis-lazuli-jalokivimessut.jpg\",\"keywords\":[\"Esko H\u00e4m\u00e4l\u00e4inen\",\"Hannu Heinonen\",\"jalokiviyhdistys\",\"Yl\u00e4maa\",\"Yl\u00e4maan jalokivimessut\",\"Yl\u00e4maan jalokivimuseo\"],\"articleSection\":[\"Tietolaari\"],\"inLanguage\":\"fi\",\"potentialAction\":[{\"@type\":\"CommentAction\",\"name\":\"Comment\",\"target\":[\"https:\/\/www.ellikki.fi\/korut\/tietolaari\/ylamaan-jalokivimessut\/#respond\"]}]},{\"@type\":\"WebPage\",\"@id\":\"https:\/\/www.ellikki.fi\/korut\/tietolaari\/ylamaan-jalokivimessut\/\",\"url\":\"https:\/\/www.ellikki.fi\/korut\/tietolaari\/ylamaan-jalokivimessut\/\",\"name\":\"Yl\u00e4maan jalokivimessut ker\u00e4\u00e4v\u00e4t kivi-ihmiset yhteen - Ellikki.fi\",\"isPartOf\":{\"@id\":\"https:\/\/www.ellikki.fi\/korut\/#website\"},\"primaryImageOfPage\":{\"@id\":\"https:\/\/www.ellikki.fi\/korut\/tietolaari\/ylamaan-jalokivimessut\/#primaryimage\"},\"image\":{\"@id\":\"https:\/\/www.ellikki.fi\/korut\/tietolaari\/ylamaan-jalokivimessut\/#primaryimage\"},\"thumbnailUrl\":\"https:\/\/www.ellikki.fi\/korut\/wp-content\/uploads\/2016\/07\/Lapis-lazuli-jalokivimessut.jpg\",\"datePublished\":\"2016-07-03T13:28:27+00:00\",\"dateModified\":\"2016-11-02T23:49:04+00:00\",\"author\":{\"@id\":\"https:\/\/www.ellikki.fi\/korut\/#\/schema\/person\/4100981f383f4e840417efe2a45a2e13\"},\"description\":\"Yl\u00e4maan jalokivimessut ovat Suomen ainoa ja Pohjoismaiden suurin korukiviin keskittynyt tapahtuma.\",\"breadcrumb\":{\"@id\":\"https:\/\/www.ellikki.fi\/korut\/tietolaari\/ylamaan-jalokivimessut\/#breadcrumb\"},\"inLanguage\":\"fi\",\"potentialAction\":[{\"@type\":\"ReadAction\",\"target\":[\"https:\/\/www.ellikki.fi\/korut\/tietolaari\/ylamaan-jalokivimessut\/\"]}]},{\"@type\":\"ImageObject\",\"inLanguage\":\"fi\",\"@id\":\"https:\/\/www.ellikki.fi\/korut\/tietolaari\/ylamaan-jalokivimessut\/#primaryimage\",\"url\":\"https:\/\/www.ellikki.fi\/korut\/wp-content\/uploads\/2016\/07\/Lapis-lazuli-jalokivimessut.jpg\",\"contentUrl\":\"https:\/\/www.ellikki.fi\/korut\/wp-content\/uploads\/2016\/07\/Lapis-lazuli-jalokivimessut.jpg\",\"width\":800,\"height\":533,\"caption\":\"Lapis lazuli, jalokivimessut\"},{\"@type\":\"BreadcrumbList\",\"@id\":\"https:\/\/www.ellikki.fi\/korut\/tietolaari\/ylamaan-jalokivimessut\/#breadcrumb\",\"itemListElement\":[{\"@type\":\"ListItem\",\"position\":1,\"name\":\"Ellikki.fi - Helmisuutari\",\"item\":\"https:\/\/www.ellikki.fi\/korut\/\"},{\"@type\":\"ListItem\",\"position\":2,\"name\":\"Yl\u00e4maan jalokivimessut ker\u00e4\u00e4v\u00e4t kivi-ihmiset yhteen\"}]},{\"@type\":\"WebSite\",\"@id\":\"https:\/\/www.ellikki.fi\/korut\/#website\",\"url\":\"https:\/\/www.ellikki.fi\/korut\/\",\"name\":\"Ellikki.fi\",\"description\":\"Helmisuutari\",\"potentialAction\":[{\"@type\":\"SearchAction\",\"target\":{\"@type\":\"EntryPoint\",\"urlTemplate\":\"https:\/\/www.ellikki.fi\/korut\/?s={search_term_string}\"},\"query-input\":{\"@type\":\"PropertyValueSpecification\",\"valueRequired\":true,\"valueName\":\"search_term_string\"}}],\"inLanguage\":\"fi\"},{\"@type\":\"Person\",\"@id\":\"https:\/\/www.ellikki.fi\/korut\/#\/schema\/person\/4100981f383f4e840417efe2a45a2e13\",\"name\":\"Ellikki\",\"image\":{\"@type\":\"ImageObject\",\"inLanguage\":\"fi\",\"@id\":\"https:\/\/www.ellikki.fi\/korut\/#\/schema\/person\/image\/\",\"url\":\"https:\/\/secure.gravatar.com\/avatar\/68459a81492a7fdb3d3e31353836619029f7a695895440f957f81143855d97ee?s=96&d=mm&r=g\",\"contentUrl\":\"https:\/\/secure.gravatar.com\/avatar\/68459a81492a7fdb3d3e31353836619029f7a695895440f957f81143855d97ee?s=96&d=mm&r=g\",\"caption\":\"Ellikki\"},\"description\":\"Loputtoman utelias hevostoimittaja, tarinanmets\u00e4st\u00e4j\u00e4 ja koruharrastaja, joka edelleen ihmettelee maailmaa ja koettaa aina silloin t\u00e4ll\u00f6in tehd\u00e4 jotain ensi kertaa el\u00e4m\u00e4ss\u00e4\u00e4n.\"}]}<\/script>\n<!-- \/ Yoast SEO plugin. -->","yoast_head_json":{"title":"Yl\u00e4maan jalokivimessut ker\u00e4\u00e4v\u00e4t kivi-ihmiset yhteen - Ellikki.fi","description":"Yl\u00e4maan jalokivimessut ovat Suomen ainoa ja Pohjoismaiden suurin korukiviin keskittynyt tapahtuma.","robots":{"index":"index","follow":"follow","max-snippet":"max-snippet:-1","max-image-preview":"max-image-preview:large","max-video-preview":"max-video-preview:-1"},"canonical":"https:\/\/www.ellikki.fi\/korut\/tietolaari\/ylamaan-jalokivimessut\/","og_locale":"fi_FI","og_type":"article","og_title":"Yl\u00e4maan jalokivimessut ker\u00e4\u00e4v\u00e4t kivi-ihmiset yhteen - Ellikki.fi","og_description":"Yl\u00e4maan jalokivimessut ovat Suomen ainoa ja Pohjoismaiden suurin korukiviin keskittynyt tapahtuma.","og_url":"https:\/\/www.ellikki.fi\/korut\/tietolaari\/ylamaan-jalokivimessut\/","og_site_name":"Ellikki.fi","article_publisher":"https:\/\/www.facebook.com\/ellikki","article_published_time":"2016-07-03T13:28:27+00:00","article_modified_time":"2016-11-02T23:49:04+00:00","og_image":[{"width":800,"height":533,"url":"https:\/\/www.ellikki.fi\/korut\/wp-content\/uploads\/2016\/07\/Lapis-lazuli-jalokivimessut.jpg","type":"image\/jpeg"}],"author":"Ellikki","twitter_card":"summary_large_image","twitter_creator":"@eltalvio","twitter_site":"@eltalvio","twitter_misc":{"Kirjoittanut":"Ellikki","Arvioitu lukuaika":"4 minuuttia"},"schema":{"@context":"https:\/\/schema.org","@graph":[{"@type":"Article","@id":"https:\/\/www.ellikki.fi\/korut\/tietolaari\/ylamaan-jalokivimessut\/#article","isPartOf":{"@id":"https:\/\/www.ellikki.fi\/korut\/tietolaari\/ylamaan-jalokivimessut\/"},"author":{"name":"Ellikki","@id":"https:\/\/www.ellikki.fi\/korut\/#\/schema\/person\/4100981f383f4e840417efe2a45a2e13"},"headline":"Yl\u00e4maan jalokivimessut ker\u00e4\u00e4v\u00e4t kivi-ihmiset yhteen","datePublished":"2016-07-03T13:28:27+00:00","dateModified":"2016-11-02T23:49:04+00:00","mainEntityOfPage":{"@id":"https:\/\/www.ellikki.fi\/korut\/tietolaari\/ylamaan-jalokivimessut\/"},"wordCount":864,"commentCount":3,"image":{"@id":"https:\/\/www.ellikki.fi\/korut\/tietolaari\/ylamaan-jalokivimessut\/#primaryimage"},"thumbnailUrl":"https:\/\/www.ellikki.fi\/korut\/wp-content\/uploads\/2016\/07\/Lapis-lazuli-jalokivimessut.jpg","keywords":["Esko H\u00e4m\u00e4l\u00e4inen","Hannu Heinonen","jalokiviyhdistys","Yl\u00e4maa","Yl\u00e4maan jalokivimessut","Yl\u00e4maan jalokivimuseo"],"articleSection":["Tietolaari"],"inLanguage":"fi","potentialAction":[{"@type":"CommentAction","name":"Comment","target":["https:\/\/www.ellikki.fi\/korut\/tietolaari\/ylamaan-jalokivimessut\/#respond"]}]},{"@type":"WebPage","@id":"https:\/\/www.ellikki.fi\/korut\/tietolaari\/ylamaan-jalokivimessut\/","url":"https:\/\/www.ellikki.fi\/korut\/tietolaari\/ylamaan-jalokivimessut\/","name":"Yl\u00e4maan jalokivimessut ker\u00e4\u00e4v\u00e4t kivi-ihmiset yhteen - Ellikki.fi","isPartOf":{"@id":"https:\/\/www.ellikki.fi\/korut\/#website"},"primaryImageOfPage":{"@id":"https:\/\/www.ellikki.fi\/korut\/tietolaari\/ylamaan-jalokivimessut\/#primaryimage"},"image":{"@id":"https:\/\/www.ellikki.fi\/korut\/tietolaari\/ylamaan-jalokivimessut\/#primaryimage"},"thumbnailUrl":"https:\/\/www.ellikki.fi\/korut\/wp-content\/uploads\/2016\/07\/Lapis-lazuli-jalokivimessut.jpg","datePublished":"2016-07-03T13:28:27+00:00","dateModified":"2016-11-02T23:49:04+00:00","author":{"@id":"https:\/\/www.ellikki.fi\/korut\/#\/schema\/person\/4100981f383f4e840417efe2a45a2e13"},"description":"Yl\u00e4maan jalokivimessut ovat Suomen ainoa ja Pohjoismaiden suurin korukiviin keskittynyt tapahtuma.","breadcrumb":{"@id":"https:\/\/www.ellikki.fi\/korut\/tietolaari\/ylamaan-jalokivimessut\/#breadcrumb"},"inLanguage":"fi","potentialAction":[{"@type":"ReadAction","target":["https:\/\/www.ellikki.fi\/korut\/tietolaari\/ylamaan-jalokivimessut\/"]}]},{"@type":"ImageObject","inLanguage":"fi","@id":"https:\/\/www.ellikki.fi\/korut\/tietolaari\/ylamaan-jalokivimessut\/#primaryimage","url":"https:\/\/www.ellikki.fi\/korut\/wp-content\/uploads\/2016\/07\/Lapis-lazuli-jalokivimessut.jpg","contentUrl":"https:\/\/www.ellikki.fi\/korut\/wp-content\/uploads\/2016\/07\/Lapis-lazuli-jalokivimessut.jpg","width":800,"height":533,"caption":"Lapis lazuli, jalokivimessut"},{"@type":"BreadcrumbList","@id":"https:\/\/www.ellikki.fi\/korut\/tietolaari\/ylamaan-jalokivimessut\/#breadcrumb","itemListElement":[{"@type":"ListItem","position":1,"name":"Ellikki.fi - Helmisuutari","item":"https:\/\/www.ellikki.fi\/korut\/"},{"@type":"ListItem","position":2,"name":"Yl\u00e4maan jalokivimessut ker\u00e4\u00e4v\u00e4t kivi-ihmiset yhteen"}]},{"@type":"WebSite","@id":"https:\/\/www.ellikki.fi\/korut\/#website","url":"https:\/\/www.ellikki.fi\/korut\/","name":"Ellikki.fi","description":"Helmisuutari","potentialAction":[{"@type":"SearchAction","target":{"@type":"EntryPoint","urlTemplate":"https:\/\/www.ellikki.fi\/korut\/?s={search_term_string}"},"query-input":{"@type":"PropertyValueSpecification","valueRequired":true,"valueName":"search_term_string"}}],"inLanguage":"fi"},{"@type":"Person","@id":"https:\/\/www.ellikki.fi\/korut\/#\/schema\/person\/4100981f383f4e840417efe2a45a2e13","name":"Ellikki","image":{"@type":"ImageObject","inLanguage":"fi","@id":"https:\/\/www.ellikki.fi\/korut\/#\/schema\/person\/image\/","url":"https:\/\/secure.gravatar.com\/avatar\/68459a81492a7fdb3d3e31353836619029f7a695895440f957f81143855d97ee?s=96&d=mm&r=g","contentUrl":"https:\/\/secure.gravatar.com\/avatar\/68459a81492a7fdb3d3e31353836619029f7a695895440f957f81143855d97ee?s=96&d=mm&r=g","caption":"Ellikki"},"description":"Loputtoman utelias hevostoimittaja, tarinanmets\u00e4st\u00e4j\u00e4 ja koruharrastaja, joka edelleen ihmettelee maailmaa ja koettaa aina silloin t\u00e4ll\u00f6in tehd\u00e4 jotain ensi kertaa el\u00e4m\u00e4ss\u00e4\u00e4n."}]}},"_links":{"self":[{"href":"https:\/\/www.ellikki.fi\/korut\/wp-json\/wp\/v2\/posts\/1504","targetHints":{"allow":["GET"]}}],"collection":[{"href":"https:\/\/www.ellikki.fi\/korut\/wp-json\/wp\/v2\/posts"}],"about":[{"href":"https:\/\/www.ellikki.fi\/korut\/wp-json\/wp\/v2\/types\/post"}],"author":[{"embeddable":true,"href":"https:\/\/www.ellikki.fi\/korut\/wp-json\/wp\/v2\/users\/1"}],"replies":[{"embeddable":true,"href":"https:\/\/www.ellikki.fi\/korut\/wp-json\/wp\/v2\/comments?post=1504"}],"version-history":[{"count":0,"href":"https:\/\/www.ellikki.fi\/korut\/wp-json\/wp\/v2\/posts\/1504\/revisions"}],"wp:featuredmedia":[{"embeddable":true,"href":"https:\/\/www.ellikki.fi\/korut\/wp-json\/wp\/v2\/media\/1506"}],"wp:attachment":[{"href":"https:\/\/www.ellikki.fi\/korut\/wp-json\/wp\/v2\/media?parent=1504"}],"wp:term":[{"taxonomy":"category","embeddable":true,"href":"https:\/\/www.ellikki.fi\/korut\/wp-json\/wp\/v2\/categories?post=1504"},{"taxonomy":"post_tag","embeddable":true,"href":"https:\/\/www.ellikki.fi\/korut\/wp-json\/wp\/v2\/tags?post=1504"}],"curies":[{"name":"wp","href":"https:\/\/api.w.org\/{rel}","templated":true}]}}