{"id":1571,"date":"2016-09-04T18:58:25","date_gmt":"2016-09-04T15:58:25","guid":{"rendered":"http:\/\/www.ellikki.fi\/korut\/?p=1571"},"modified":"2016-11-03T01:49:04","modified_gmt":"2016-11-02T23:49:04","slug":"korukuvausta-makrolla","status":"publish","type":"post","link":"https:\/\/www.ellikki.fi\/korut\/tietolaari\/korukuvausta-makrolla\/","title":{"rendered":"Korukuvausta makrolla"},"content":{"rendered":"<p>Osa 1\/2<\/p>\n<p>N\u00e4ytt\u00e4\u00e4 silt\u00e4, ett\u00e4 Ellikin blogiin putkahtaa valokuvausta k\u00e4sittelev\u00e4 juttu ainakin kerran vuodessa. Kyn\u00e4n \u00e4\u00e4ress\u00e4 on siis j\u00e4lleen Herra Ellikki. Tarkoitukseni on kertoa mahdollisimman yksinkertaisesti mit\u00e4 makrokuvaus on ja miten sit\u00e4 voi hy\u00f6dynt\u00e4\u00e4 korukuvaamisen saralla. <span style=\"color: #993366;\"><strong><a style=\"color: #993366;\" href=\"https:\/\/www.focusnordic.fi\/\" target=\"_blank\">Focus Nordic<\/a><\/strong><\/span> osoitti j\u00e4lleen kerran yst\u00e4v\u00e4llisyytt\u00e4 blogiamme kohtaan antaen testik\u00e4ytt\u00f6\u00f6mme Tamronin uusimman <span style=\"color: #993366;\"><strong><a style=\"color: #993366;\" href=\"https:\/\/www.focusnordic.fi\/Product\/105551\" target=\"_blank\">makro-objektiivin<\/a><\/strong><\/span>.<\/p>\n<p>Jokainen kameraa k\u00e4dess\u00e4\u00e4n pidellyt on varmasti huomannut, ett\u00e4 pokkarista tai jopa puhelimen kamerasta l\u00f6ytyy makrokuvausasetus.\u00a0 T\u00e4ll\u00e4 vaihtoehdolla on mahdollista saada aikaan \u201dmakromaisia\u201d tuloksia, jotka ovat monien mielest\u00e4 riitt\u00e4vi\u00e4. Varsinainen makrokuvaus tuo kohteen yksityiskohdat viel\u00e4kin l\u00e4hemm\u00e4s katsojaa ja alan harrastajat saavat aikaan varsin uskomattomia tuloksia. Jos olet joskus n\u00e4hnyt <span style=\"color: #993366;\"><strong><a style=\"color: #993366;\" href=\"https:\/\/www.flickr.com\/photos\/spettacolopuro\/3780285481\/in\/gallery-regilero-72157633455146483\/\" target=\"_blank\">kuvan<\/a><\/strong><\/span> \u201dp\u00f6rrink\u00e4isen\u201d silmist\u00e4, on se varmasti otettu makrotekniikkaa k\u00e4ytt\u00e4en.<\/p>\n<h3>Mit\u00e4 makrokuvaus tarkoittaa?<\/h3>\n<p>Markettihintaisten j\u00e4rjestelm\u00e4kameroiden kuvakenno, eli sensori johon kuva objektiivin l\u00e4pi piirtyy, on leveydelt\u00e4\u00e4n noin 24 mm (Nikon) tai 22 mm (Canon). Yleinen j\u00e4rjestelm\u00e4kameran mukana myyt\u00e4v\u00e4 objektiivi on polttov\u00e4lilt\u00e4\u00e4n 18-55 mm. Sen suurin kuvaussuhde on noin 1:3. Kuvitellaan, ett\u00e4 otat pystykuvan lyijykyn\u00e4n k\u00e4rjest\u00e4. Jos otat kuvan Nikonin kameralla 18-55 mm objektiivia k\u00e4ytt\u00e4en, tarkennat kuvan niin l\u00e4helle kuin mahdollista, ja tarkastelet kuvaa 24 mm korkeana versiona, niin mit\u00e4 huomaat? K\u00e4rki on kuvassa vain noin 1\/3 suuruinen oikeaan kyn\u00e4nk\u00e4rkeen verrattuna.<\/p>\n<p>Puhuttaessa makro-objektiiveista \u201dpuhdasoppisina\u201d makro-objektiiveina pidet\u00e4\u00e4n yleens\u00e4 linssej\u00e4, joiden kuvaussuhde on 1:1. Niiden avulla kuva pystyt\u00e4\u00e4n toistamaan luonnollisessa koossa. Ett\u00e4 mitenk\u00e4 niin luonnollisessa? Suuret kuvat p\u00f6rrink\u00e4isist\u00e4 n\u00e4ytt\u00e4v\u00e4t hirveilt\u00e4 monstereilta! Otetaanpa toinen kuva, mutta vaihdetaan tilalle makro-objektiivi. Kuvataan j\u00e4lleen mahdollisimman l\u00e4helt\u00e4 ja tarkastellaan kuvaa 24 mm korkeana. Ent\u00e4 nyt? Kuvan k\u00e4rki on samankokoinen oikean kyn\u00e4nk\u00e4rjen kanssa. K\u00e4rki toistui luonnollisessa koossa.<\/p>\n<p><a href=\"http:\/\/www.ellikki.fi\/korut\/wp-content\/uploads\/2016\/09\/Tavallinen-vs-makro.jpg\"><img decoding=\"async\" class=\"aligncenter wp-image-1572 size-full\" src=\"http:\/\/www.ellikki.fi\/korut\/wp-content\/uploads\/2016\/09\/Tavallinen-vs-makro.jpg\" alt=\"makrokuvaus\" width=\"800\" height=\"603\" srcset=\"https:\/\/www.ellikki.fi\/korut\/wp-content\/uploads\/2016\/09\/Tavallinen-vs-makro-200x151.jpg 200w, https:\/\/www.ellikki.fi\/korut\/wp-content\/uploads\/2016\/09\/Tavallinen-vs-makro-300x226.jpg 300w, https:\/\/www.ellikki.fi\/korut\/wp-content\/uploads\/2016\/09\/Tavallinen-vs-makro-400x302.jpg 400w, https:\/\/www.ellikki.fi\/korut\/wp-content\/uploads\/2016\/09\/Tavallinen-vs-makro-600x452.jpg 600w, https:\/\/www.ellikki.fi\/korut\/wp-content\/uploads\/2016\/09\/Tavallinen-vs-makro-768x579.jpg 768w, https:\/\/www.ellikki.fi\/korut\/wp-content\/uploads\/2016\/09\/Tavallinen-vs-makro.jpg 800w\" sizes=\"(max-width: 800px) 100vw, 800px\" \/><\/a><\/p>\n<p>Makro-objektiivilla\u00a0 voidaan p\u00e4\u00e4st\u00e4 niin l\u00e4helle <em>pient\u00e4<\/em> kuvauskohdetta, ett\u00e4 se t\u00e4ytt\u00e4\u00e4 koko kameran etsimen. Kameran kuvakennossa on uskomaton m\u00e4\u00e4r\u00e4 pikseleit\u00e4. Tulostettaessa kuva, vaikkapa 3000 pikseli\u00e4 leve\u00e4n\u00e4 versiona, puhutaan jo sen kokoisesta kuvasta, ett\u00e4 p\u00f6rrink\u00e4inen tosiaan n\u00e4ytt\u00e4\u00e4 monsterilta.<\/p>\n<p>Joku voi nyt ajatella, ett\u00e4 ent\u00e4s sitten? Minun kamerassani on kyll\u00e4 niin paljon pikseleit\u00e4, ett\u00e4 senkun rajaan kuvaa reilusti, niin kyll\u00e4 se p\u00f6rrink\u00e4inen sielt\u00e4 erottuu. Ei siihen makroja tarvita! Osittain totta. Kameran pit\u00e4\u00e4 vain olla todella hyv\u00e4 ja optiikan laadukasta, jotta voimakkaalla rajauksella saatu tulos on muutakin kuin kohinaa, v\u00e4rivirheit\u00e4 ja ep\u00e4ter\u00e4vyytt\u00e4. Kuvakoko on my\u00f6s tuossa vaiheessa jo niin pieni, ett\u00e4 suuremman kuvan tulostaminen k\u00e4y mahdottomaksi.<\/p>\n<h3>Makrokuvauksen sudenkuopat<\/h3>\n<p>Makroilun maailmaan ei kannata heitt\u00e4yty\u00e4 suin p\u00e4in. Perusasiat kannattaa selvitt\u00e4\u00e4 itselleen etuk\u00e4teen. Muutoin voi edess\u00e4 olla nopea turhautuminen. Kuvat n\u00e4ytt\u00e4v\u00e4t ep\u00e4ter\u00e4vilt\u00e4, tummilta ja linssik\u00e4\u00e4n ei tottele. \u00c4\u00e4h, surkea linssi! Makrokuvaus ei ole (ainakaan minun mielest\u00e4ni) h\u00e4t\u00e4isen ihmisen hommaa ja linssi\u00e4 on turha syytt\u00e4\u00e4. Point and shoot \u2013mentaliteetti kannattaa unohtaa, jos tarkoitus on saada aikaan upeita tuloksia.<\/p>\n<h6>Syv\u00e4ter\u00e4vyys<\/h6>\n<p>Kuvan syv\u00e4ter\u00e4vyys tarkoittaa syvyysaluetta, joka kuvassa piirtyy ter\u00e4v\u00e4n\u00e4, ja on sit\u00e4 pienempi mit\u00e4 l\u00e4hemp\u00e4n\u00e4 kuvattava kohde on ja mit\u00e4 suurempi on objektiivin kuvaussuhde. Sama lainalaisuus p\u00e4tee kaikkiin objektiiveihin. Asiaan voi vaikuttaa jonkin verran s\u00e4\u00e4t\u00e4m\u00e4ll\u00e4 kameran aukon mahdollisimman pieneksi, mutta tarkkana piirtyv\u00e4 alue on siltikin vain muutama sentti makro-objektiivia k\u00e4ytett\u00e4ess\u00e4.<\/p>\n<p>Selvennet\u00e4\u00e4n asiaa esimerkein. Seuraavat kuvat on otettu siten, ett\u00e4 kamera on vaakasuorassa kolmijalan varassa. Kuvassa n\u00e4kyv\u00e4n nollan keskikohta on samalla korkeudella objektiivin keskipisteen kanssa ja tarkennus on samassa pisteess\u00e4. Testitaulukko on kameran edess\u00e4, kallistettuna taaksep\u00e4in 45 asteen kulmaan kameraan n\u00e4hden. Nollan oikealla puolella n\u00e4kyv\u00e4t mustat neli\u00f6t ovat kooltaan 3&#215;3 mm.<\/p>\n<div class=\"fusion-fullwidth fullwidth-box fusion-builder-row-1 hundred-percent-fullwidth non-hundred-percent-height-scrolling\" style=\"--awb-border-radius-top-left:0px;--awb-border-radius-top-right:0px;--awb-border-radius-bottom-right:0px;--awb-border-radius-bottom-left:0px;--awb-overflow:visible;--awb-flex-wrap:wrap;\" ><div class=\"fusion-builder-row fusion-row\"><div class=\"fusion-layout-column fusion_builder_column fusion-builder-column-0 fusion_builder_column_1_1 1_1 fusion-one-full fusion-column-first fusion-column-last fusion-column-no-min-height\" style=\"--awb-bg-size:cover;--awb-margin-bottom:0px;\"><div class=\"fusion-column-wrapper fusion-flex-column-wrapper-legacy\"><div id=\"attachment_1573\" style=\"width: 810px\" class=\"wp-caption aligncenter\"><a href=\"http:\/\/www.ellikki.fi\/korut\/wp-content\/uploads\/2016\/09\/90mm_F56.jpg\"><img decoding=\"async\" aria-describedby=\"caption-attachment-1573\" class=\"wp-image-1573 size-full\" src=\"http:\/\/www.ellikki.fi\/korut\/wp-content\/uploads\/2016\/09\/90mm_F56.jpg\" alt=\"90mm_F5,6\" width=\"800\" height=\"533\" srcset=\"https:\/\/www.ellikki.fi\/korut\/wp-content\/uploads\/2016\/09\/90mm_F56-200x133.jpg 200w, https:\/\/www.ellikki.fi\/korut\/wp-content\/uploads\/2016\/09\/90mm_F56-300x200.jpg 300w, https:\/\/www.ellikki.fi\/korut\/wp-content\/uploads\/2016\/09\/90mm_F56-400x267.jpg 400w, https:\/\/www.ellikki.fi\/korut\/wp-content\/uploads\/2016\/09\/90mm_F56-600x400.jpg 600w, https:\/\/www.ellikki.fi\/korut\/wp-content\/uploads\/2016\/09\/90mm_F56-768x512.jpg 768w, https:\/\/www.ellikki.fi\/korut\/wp-content\/uploads\/2016\/09\/90mm_F56.jpg 800w\" sizes=\"(max-width: 800px) 100vw, 800px\" \/><\/a><p id=\"caption-attachment-1573\" class=\"wp-caption-text\">Makro, f\/5,6<\/p><\/div>\n<p>Kuten opimme, suuremman kuvaussuhteen omaava objektiivi tuottaa lyhyemm\u00e4n ter\u00e4vyysalueen. N\u00e4in suuren aukon k\u00e4ytt\u00e4miselle ei tosin juuri ole perusteita pieni\u00e4 yksityiskohtia kuvattaessa, mutta otin kuvan vertailun vuoksi. Tarkennuspisteen edess\u00e4 ja takana on tarkkana piirtyv\u00e4\u00e4 aluetta vain vajaan millimetrin verran.<\/p>\n<div class=\"fusion-clearfix\"><\/div><\/div><\/div><div class=\"fusion-layout-column fusion_builder_column fusion-builder-column-1 fusion_builder_column_1_1 1_1 fusion-one-full fusion-column-first fusion-column-last fusion-column-no-min-height\" style=\"--awb-bg-size:cover;--awb-margin-bottom:0px;\"><div class=\"fusion-column-wrapper fusion-flex-column-wrapper-legacy\"><div id=\"attachment_1574\" style=\"width: 810px\" class=\"wp-caption aligncenter\"><a href=\"http:\/\/www.ellikki.fi\/korut\/wp-content\/uploads\/2016\/09\/18-55mm_F56.jpg\"><img decoding=\"async\" aria-describedby=\"caption-attachment-1574\" class=\"size-full wp-image-1574\" src=\"http:\/\/www.ellikki.fi\/korut\/wp-content\/uploads\/2016\/09\/18-55mm_F56.jpg\" alt=\"18-55mm_F5,6\" width=\"800\" height=\"533\" srcset=\"https:\/\/www.ellikki.fi\/korut\/wp-content\/uploads\/2016\/09\/18-55mm_F56-200x133.jpg 200w, https:\/\/www.ellikki.fi\/korut\/wp-content\/uploads\/2016\/09\/18-55mm_F56-300x200.jpg 300w, https:\/\/www.ellikki.fi\/korut\/wp-content\/uploads\/2016\/09\/18-55mm_F56-400x267.jpg 400w, https:\/\/www.ellikki.fi\/korut\/wp-content\/uploads\/2016\/09\/18-55mm_F56-600x400.jpg 600w, https:\/\/www.ellikki.fi\/korut\/wp-content\/uploads\/2016\/09\/18-55mm_F56-768x512.jpg 768w, https:\/\/www.ellikki.fi\/korut\/wp-content\/uploads\/2016\/09\/18-55mm_F56.jpg 800w\" sizes=\"(max-width: 800px) 100vw, 800px\" \/><\/a><p id=\"caption-attachment-1574\" class=\"wp-caption-text\">Yleisobjektiivi, f\/5,6<\/p><\/div>\n<p>Pienemm\u00e4n kuvaussuhteen omaava objektiivi n\u00e4ytt\u00e4\u00e4 eron selv\u00e4sti. Tarkennuspisteen edess\u00e4 ja takana on tarkkaa aluetta hieman yli 2 millimetri\u00e4, eli tuplasti enemm\u00e4n.<\/p>\n<div class=\"fusion-clearfix\"><\/div><\/div><\/div><div class=\"fusion-layout-column fusion_builder_column fusion-builder-column-2 fusion_builder_column_1_1 1_1 fusion-one-full fusion-column-first fusion-column-last fusion-column-no-min-height\" style=\"--awb-bg-size:cover;--awb-margin-bottom:0px;\"><div class=\"fusion-column-wrapper fusion-flex-column-wrapper-legacy\"><div id=\"attachment_1575\" style=\"width: 810px\" class=\"wp-caption aligncenter\"><a href=\"http:\/\/www.ellikki.fi\/korut\/wp-content\/uploads\/2016\/09\/90mm_F64.jpg\"><img decoding=\"async\" aria-describedby=\"caption-attachment-1575\" class=\"size-full wp-image-1575\" src=\"http:\/\/www.ellikki.fi\/korut\/wp-content\/uploads\/2016\/09\/90mm_F64.jpg\" alt=\"90mm_F64\" width=\"800\" height=\"533\" srcset=\"https:\/\/www.ellikki.fi\/korut\/wp-content\/uploads\/2016\/09\/90mm_F64-200x133.jpg 200w, https:\/\/www.ellikki.fi\/korut\/wp-content\/uploads\/2016\/09\/90mm_F64-300x200.jpg 300w, https:\/\/www.ellikki.fi\/korut\/wp-content\/uploads\/2016\/09\/90mm_F64-400x267.jpg 400w, https:\/\/www.ellikki.fi\/korut\/wp-content\/uploads\/2016\/09\/90mm_F64-600x400.jpg 600w, https:\/\/www.ellikki.fi\/korut\/wp-content\/uploads\/2016\/09\/90mm_F64-768x512.jpg 768w, https:\/\/www.ellikki.fi\/korut\/wp-content\/uploads\/2016\/09\/90mm_F64.jpg 800w\" sizes=\"(max-width: 800px) 100vw, 800px\" \/><\/a><p id=\"caption-attachment-1575\" class=\"wp-caption-text\">Makro, f\/64<\/p><\/div>\n<p>S\u00e4\u00e4det\u00e4\u00e4n makroon pienin mahdollinen aukko, eli aukkoarvo 64. Nyt tilanne paranee, mutta vain v\u00e4h\u00e4n. Tarkennuspisteen edess\u00e4 ja takana on tarkkaa aluetta noin 10 mm.<\/p>\n<div class=\"fusion-clearfix\"><\/div><\/div><\/div><div class=\"fusion-layout-column fusion_builder_column fusion-builder-column-3 fusion_builder_column_1_1 1_1 fusion-one-full fusion-column-first fusion-column-last fusion-column-no-min-height\" style=\"--awb-bg-size:cover;--awb-margin-bottom:0px;\"><div class=\"fusion-column-wrapper fusion-flex-column-wrapper-legacy\"><div id=\"attachment_1577\" style=\"width: 810px\" class=\"wp-caption aligncenter\"><a href=\"http:\/\/www.ellikki.fi\/korut\/wp-content\/uploads\/2016\/09\/18-55mm_F36.jpg\"><img decoding=\"async\" aria-describedby=\"caption-attachment-1577\" class=\"size-full wp-image-1577\" src=\"http:\/\/www.ellikki.fi\/korut\/wp-content\/uploads\/2016\/09\/18-55mm_F36.jpg\" alt=\"18-55mm_F36\" width=\"800\" height=\"533\" srcset=\"https:\/\/www.ellikki.fi\/korut\/wp-content\/uploads\/2016\/09\/18-55mm_F36-200x133.jpg 200w, https:\/\/www.ellikki.fi\/korut\/wp-content\/uploads\/2016\/09\/18-55mm_F36-300x200.jpg 300w, https:\/\/www.ellikki.fi\/korut\/wp-content\/uploads\/2016\/09\/18-55mm_F36-400x267.jpg 400w, https:\/\/www.ellikki.fi\/korut\/wp-content\/uploads\/2016\/09\/18-55mm_F36-600x400.jpg 600w, https:\/\/www.ellikki.fi\/korut\/wp-content\/uploads\/2016\/09\/18-55mm_F36-768x512.jpg 768w, https:\/\/www.ellikki.fi\/korut\/wp-content\/uploads\/2016\/09\/18-55mm_F36.jpg 800w\" sizes=\"(max-width: 800px) 100vw, 800px\" \/><\/a><p id=\"caption-attachment-1577\" class=\"wp-caption-text\">Yleisobjektiivi, f\/36<\/p><\/div>\n<p>Yleisobjektiivimme pienin aukko on aukkoarvoltaan 36. Tarkka alue on jo niin suuri, ett\u00e4 se t\u00e4ytt\u00e4\u00e4 koko kuva-alan. Laskennallinen tarkka alue olisi noin 1,5 cm tarkennuspisteen edess\u00e4 ja takana.<\/p>\n<p>Miksik\u00f6 makro-objektiiveja ei sitten rakenneta siten, ett\u00e4 tarkka alue olisi laajempi? Se ei ole mahdollista. Fysiikan lait m\u00e4\u00e4ritt\u00e4v\u00e4t reunaehdot t\u00e4ss\u00e4kin asiassa.<\/p>\n<h6>Tummat kuvat<\/h6>\n<p>Makroilua kokeileva huomaa pian, ett\u00e4 tarkempaa j\u00e4lke\u00e4 saa aikaan vain pienill\u00e4 aukoilla. Sitten edess\u00e4 onkin jo toinen ongelma. Pienest\u00e4 aukosta p\u00e4\u00e4see kuvakennolle niin v\u00e4h\u00e4n valoa, ett\u00e4 kuvat alivalottuvat. Tarvitaan joko pitk\u00e4\u00e4 valotusaikaa tai runsaasti lis\u00e4valoa. P\u00f6rrink\u00e4isi\u00e4 kuvattaessa pitk\u00e4 <span style=\"color: #000000;\">valotusaika<\/span> ei ole mahdollinen ja ainoaksi vaihtoehdoksi j\u00e4\u00e4 valom\u00e4\u00e4r\u00e4n lis\u00e4\u00e4minen. Hyv\u00e4 uutinen on se, ett\u00e4 kalliita studiovaloja ei sent\u00e4\u00e4n tarvitse t\u00e4m\u00e4n takia hankkia. Moni makroilija k\u00e4ytt\u00e4\u00e4 luontokuvauksessa nk. keh\u00e4salamaa (<span style=\"color: #993366;\"><strong><a style=\"color: #993366;\" href=\"https:\/\/www.google.fi\/search?q=ring+flash&amp;biw=1920&amp;bih=902&amp;source=lnms&amp;tbm=isch&amp;sa=X&amp;ved=0ahUKEwiz66Ggk_TOAhUlL8AKHZRQBCcQ_AUICCgB#tbm=isch&amp;q=macro+ring+flash\" target=\"_blank\">ring flash<\/a><\/strong><\/span>), joka tuottaa riitt\u00e4v\u00e4sti valoa kohteen valaisemiseen. Vaikka t\u00e4llainen salama ei ole valtavan tehokas, sen k\u00e4ytt\u00e4minen aivan kohteen l\u00e4hell\u00e4 takaa sen, ett\u00e4 valoa \u201dei mene hukkaan\u201d. Toinen salaman etu on se, ett\u00e4 se toimii t\u00e4ss\u00e4 tapauksessa ik\u00e4\u00e4n kuin kameran sulkimena. Pienell\u00e4 aukolla ja lyhyell\u00e4 valotusajalla otettu kuva olisi ilman salamaa usein t\u00e4ysin musta. Salaman v\u00e4l\u00e4ht\u00e4ess\u00e4 n. 1\/1000 \u2013 1\/100 sekunnin ajan, se pys\u00e4ytt\u00e4\u00e4 p\u00f6rrink\u00e4isen liikkeen.<\/p>\n<p>T\u00e4ss\u00e4 tuli jo paljon asiaa&#8230; Ymm\u00e4rsitk\u00f6 kaiken? Kysymyksi\u00e4 saa laittaa ja yrit\u00e4n vastata. Osassa 2 k\u00e4sittelen viel\u00e4 er\u00e4\u00e4n sudenkuopan ja p\u00e4\u00e4semme my\u00f6s korujen \u00e4\u00e4relle.<\/p>\n<p>&nbsp;<\/p>\n<p>Korukuvausta makrolla <span style=\"color: #993366;\"><strong><a style=\"color: #993366;\" href=\"http:\/\/www.ellikki.fi\/korut\/tietolaari\/korukuvausta-makrolla-osa-2\/\">osa 2<\/a><\/strong><\/span><div class=\"fusion-clearfix\"><\/div><\/div><\/div><\/div><\/div>\n","protected":false},"excerpt":{"rendered":"<p>Osa 1\/2 N\u00e4ytt\u00e4\u00e4 silt\u00e4, ett\u00e4 Ellikin blogiin putkahtaa valokuvausta k\u00e4sittelev\u00e4 juttu ainakin kerran vuodessa. Kyn\u00e4n \u00e4\u00e4ress\u00e4 on siis j\u00e4lleen Herra Ellikki. Tarkoitukseni on kertoa mahdollisimman yksinkertaisesti mit\u00e4 makrokuvaus on ja miten sit\u00e4 voi hy\u00f6dynt\u00e4\u00e4 korukuvaamisen  [&#8230;]<\/p>\n","protected":false},"author":1,"featured_media":1578,"comment_status":"open","ping_status":"closed","sticky":false,"template":"","format":"standard","meta":{"footnotes":""},"categories":[20],"tags":[368,366,365,367],"class_list":["post-1571","post","type-post","status-publish","format-standard","has-post-thumbnail","hentry","category-tietolaari","tag-korukuvaus","tag-makro-objektiivi","tag-makrokuvaus","tag-tamro-90-mm"],"yoast_head":"<!-- This site is optimized with the Yoast SEO plugin v27.1.1 - https:\/\/yoast.com\/product\/yoast-seo-wordpress\/ -->\n<title>Korukuvausta makrolla - Ellikki.fi<\/title>\n<meta name=\"description\" content=\"Harkitsetko makro-objektiivin hankkimista? Kuvaatko my\u00f6s koruja? T\u00e4m\u00e4 juttu on sinulle.\" \/>\n<meta name=\"robots\" content=\"index, follow, max-snippet:-1, max-image-preview:large, max-video-preview:-1\" \/>\n<link rel=\"canonical\" href=\"https:\/\/www.ellikki.fi\/korut\/tietolaari\/korukuvausta-makrolla\/\" \/>\n<meta property=\"og:locale\" content=\"fi_FI\" \/>\n<meta property=\"og:type\" content=\"article\" \/>\n<meta property=\"og:title\" content=\"Korukuvausta makrolla - Ellikki.fi\" \/>\n<meta property=\"og:description\" content=\"Harkitsetko makro-objektiivin hankkimista? Kuvaatko my\u00f6s koruja? T\u00e4m\u00e4 juttu on sinulle.\" \/>\n<meta property=\"og:url\" content=\"https:\/\/www.ellikki.fi\/korut\/tietolaari\/korukuvausta-makrolla\/\" \/>\n<meta property=\"og:site_name\" content=\"Ellikki.fi\" \/>\n<meta property=\"article:publisher\" content=\"https:\/\/www.facebook.com\/ellikki\" \/>\n<meta property=\"article:published_time\" content=\"2016-09-04T15:58:25+00:00\" \/>\n<meta property=\"article:modified_time\" content=\"2016-11-02T23:49:04+00:00\" \/>\n<meta property=\"og:image\" content=\"https:\/\/www.ellikki.fi\/korut\/wp-content\/uploads\/2016\/09\/P\u00f6rr\u00f6.jpg\" \/>\n\t<meta property=\"og:image:width\" content=\"1000\" \/>\n\t<meta property=\"og:image:height\" content=\"667\" \/>\n\t<meta property=\"og:image:type\" content=\"image\/jpeg\" \/>\n<meta name=\"author\" content=\"Ellikki\" \/>\n<meta name=\"twitter:card\" content=\"summary_large_image\" \/>\n<meta name=\"twitter:creator\" content=\"@eltalvio\" \/>\n<meta name=\"twitter:site\" content=\"@eltalvio\" \/>\n<meta name=\"twitter:label1\" content=\"Kirjoittanut\" \/>\n\t<meta name=\"twitter:data1\" content=\"Ellikki\" \/>\n\t<meta name=\"twitter:label2\" content=\"Arvioitu lukuaika\" \/>\n\t<meta name=\"twitter:data2\" content=\"6 minuuttia\" \/>\n<script type=\"application\/ld+json\" class=\"yoast-schema-graph\">{\"@context\":\"https:\/\/schema.org\",\"@graph\":[{\"@type\":\"Article\",\"@id\":\"https:\/\/www.ellikki.fi\/korut\/tietolaari\/korukuvausta-makrolla\/#article\",\"isPartOf\":{\"@id\":\"https:\/\/www.ellikki.fi\/korut\/tietolaari\/korukuvausta-makrolla\/\"},\"author\":{\"name\":\"Ellikki\",\"@id\":\"https:\/\/www.ellikki.fi\/korut\/#\/schema\/person\/4100981f383f4e840417efe2a45a2e13\"},\"headline\":\"Korukuvausta makrolla\",\"datePublished\":\"2016-09-04T15:58:25+00:00\",\"dateModified\":\"2016-11-02T23:49:04+00:00\",\"mainEntityOfPage\":{\"@id\":\"https:\/\/www.ellikki.fi\/korut\/tietolaari\/korukuvausta-makrolla\/\"},\"wordCount\":1205,\"commentCount\":0,\"image\":{\"@id\":\"https:\/\/www.ellikki.fi\/korut\/tietolaari\/korukuvausta-makrolla\/#primaryimage\"},\"thumbnailUrl\":\"https:\/\/www.ellikki.fi\/korut\/wp-content\/uploads\/2016\/09\/P\u00f6rr\u00f6.jpg\",\"keywords\":[\"korukuvaus\",\"makro-objektiivi\",\"makrokuvaus\",\"Tamro 90 mm\"],\"articleSection\":[\"Tietolaari\"],\"inLanguage\":\"fi\",\"potentialAction\":[{\"@type\":\"CommentAction\",\"name\":\"Comment\",\"target\":[\"https:\/\/www.ellikki.fi\/korut\/tietolaari\/korukuvausta-makrolla\/#respond\"]}]},{\"@type\":\"WebPage\",\"@id\":\"https:\/\/www.ellikki.fi\/korut\/tietolaari\/korukuvausta-makrolla\/\",\"url\":\"https:\/\/www.ellikki.fi\/korut\/tietolaari\/korukuvausta-makrolla\/\",\"name\":\"Korukuvausta makrolla - Ellikki.fi\",\"isPartOf\":{\"@id\":\"https:\/\/www.ellikki.fi\/korut\/#website\"},\"primaryImageOfPage\":{\"@id\":\"https:\/\/www.ellikki.fi\/korut\/tietolaari\/korukuvausta-makrolla\/#primaryimage\"},\"image\":{\"@id\":\"https:\/\/www.ellikki.fi\/korut\/tietolaari\/korukuvausta-makrolla\/#primaryimage\"},\"thumbnailUrl\":\"https:\/\/www.ellikki.fi\/korut\/wp-content\/uploads\/2016\/09\/P\u00f6rr\u00f6.jpg\",\"datePublished\":\"2016-09-04T15:58:25+00:00\",\"dateModified\":\"2016-11-02T23:49:04+00:00\",\"author\":{\"@id\":\"https:\/\/www.ellikki.fi\/korut\/#\/schema\/person\/4100981f383f4e840417efe2a45a2e13\"},\"description\":\"Harkitsetko makro-objektiivin hankkimista? Kuvaatko my\u00f6s koruja? T\u00e4m\u00e4 juttu on sinulle.\",\"breadcrumb\":{\"@id\":\"https:\/\/www.ellikki.fi\/korut\/tietolaari\/korukuvausta-makrolla\/#breadcrumb\"},\"inLanguage\":\"fi\",\"potentialAction\":[{\"@type\":\"ReadAction\",\"target\":[\"https:\/\/www.ellikki.fi\/korut\/tietolaari\/korukuvausta-makrolla\/\"]}]},{\"@type\":\"ImageObject\",\"inLanguage\":\"fi\",\"@id\":\"https:\/\/www.ellikki.fi\/korut\/tietolaari\/korukuvausta-makrolla\/#primaryimage\",\"url\":\"https:\/\/www.ellikki.fi\/korut\/wp-content\/uploads\/2016\/09\/P\u00f6rr\u00f6.jpg\",\"contentUrl\":\"https:\/\/www.ellikki.fi\/korut\/wp-content\/uploads\/2016\/09\/P\u00f6rr\u00f6.jpg\",\"width\":1000,\"height\":667,\"caption\":\"P\u00f6rr\u00f6\"},{\"@type\":\"BreadcrumbList\",\"@id\":\"https:\/\/www.ellikki.fi\/korut\/tietolaari\/korukuvausta-makrolla\/#breadcrumb\",\"itemListElement\":[{\"@type\":\"ListItem\",\"position\":1,\"name\":\"Ellikki.fi - Helmisuutari\",\"item\":\"https:\/\/www.ellikki.fi\/korut\/\"},{\"@type\":\"ListItem\",\"position\":2,\"name\":\"Korukuvausta makrolla\"}]},{\"@type\":\"WebSite\",\"@id\":\"https:\/\/www.ellikki.fi\/korut\/#website\",\"url\":\"https:\/\/www.ellikki.fi\/korut\/\",\"name\":\"Ellikki.fi\",\"description\":\"Helmisuutari\",\"potentialAction\":[{\"@type\":\"SearchAction\",\"target\":{\"@type\":\"EntryPoint\",\"urlTemplate\":\"https:\/\/www.ellikki.fi\/korut\/?s={search_term_string}\"},\"query-input\":{\"@type\":\"PropertyValueSpecification\",\"valueRequired\":true,\"valueName\":\"search_term_string\"}}],\"inLanguage\":\"fi\"},{\"@type\":\"Person\",\"@id\":\"https:\/\/www.ellikki.fi\/korut\/#\/schema\/person\/4100981f383f4e840417efe2a45a2e13\",\"name\":\"Ellikki\",\"image\":{\"@type\":\"ImageObject\",\"inLanguage\":\"fi\",\"@id\":\"https:\/\/www.ellikki.fi\/korut\/#\/schema\/person\/image\/\",\"url\":\"https:\/\/secure.gravatar.com\/avatar\/68459a81492a7fdb3d3e31353836619029f7a695895440f957f81143855d97ee?s=96&d=mm&r=g\",\"contentUrl\":\"https:\/\/secure.gravatar.com\/avatar\/68459a81492a7fdb3d3e31353836619029f7a695895440f957f81143855d97ee?s=96&d=mm&r=g\",\"caption\":\"Ellikki\"},\"description\":\"Loputtoman utelias hevostoimittaja, tarinanmets\u00e4st\u00e4j\u00e4 ja koruharrastaja, joka edelleen ihmettelee maailmaa ja koettaa aina silloin t\u00e4ll\u00f6in tehd\u00e4 jotain ensi kertaa el\u00e4m\u00e4ss\u00e4\u00e4n.\"}]}<\/script>\n<!-- \/ Yoast SEO plugin. -->","yoast_head_json":{"title":"Korukuvausta makrolla - Ellikki.fi","description":"Harkitsetko makro-objektiivin hankkimista? Kuvaatko my\u00f6s koruja? T\u00e4m\u00e4 juttu on sinulle.","robots":{"index":"index","follow":"follow","max-snippet":"max-snippet:-1","max-image-preview":"max-image-preview:large","max-video-preview":"max-video-preview:-1"},"canonical":"https:\/\/www.ellikki.fi\/korut\/tietolaari\/korukuvausta-makrolla\/","og_locale":"fi_FI","og_type":"article","og_title":"Korukuvausta makrolla - Ellikki.fi","og_description":"Harkitsetko makro-objektiivin hankkimista? Kuvaatko my\u00f6s koruja? T\u00e4m\u00e4 juttu on sinulle.","og_url":"https:\/\/www.ellikki.fi\/korut\/tietolaari\/korukuvausta-makrolla\/","og_site_name":"Ellikki.fi","article_publisher":"https:\/\/www.facebook.com\/ellikki","article_published_time":"2016-09-04T15:58:25+00:00","article_modified_time":"2016-11-02T23:49:04+00:00","og_image":[{"width":1000,"height":667,"url":"https:\/\/www.ellikki.fi\/korut\/wp-content\/uploads\/2016\/09\/P\u00f6rr\u00f6.jpg","type":"image\/jpeg"}],"author":"Ellikki","twitter_card":"summary_large_image","twitter_creator":"@eltalvio","twitter_site":"@eltalvio","twitter_misc":{"Kirjoittanut":"Ellikki","Arvioitu lukuaika":"6 minuuttia"},"schema":{"@context":"https:\/\/schema.org","@graph":[{"@type":"Article","@id":"https:\/\/www.ellikki.fi\/korut\/tietolaari\/korukuvausta-makrolla\/#article","isPartOf":{"@id":"https:\/\/www.ellikki.fi\/korut\/tietolaari\/korukuvausta-makrolla\/"},"author":{"name":"Ellikki","@id":"https:\/\/www.ellikki.fi\/korut\/#\/schema\/person\/4100981f383f4e840417efe2a45a2e13"},"headline":"Korukuvausta makrolla","datePublished":"2016-09-04T15:58:25+00:00","dateModified":"2016-11-02T23:49:04+00:00","mainEntityOfPage":{"@id":"https:\/\/www.ellikki.fi\/korut\/tietolaari\/korukuvausta-makrolla\/"},"wordCount":1205,"commentCount":0,"image":{"@id":"https:\/\/www.ellikki.fi\/korut\/tietolaari\/korukuvausta-makrolla\/#primaryimage"},"thumbnailUrl":"https:\/\/www.ellikki.fi\/korut\/wp-content\/uploads\/2016\/09\/P\u00f6rr\u00f6.jpg","keywords":["korukuvaus","makro-objektiivi","makrokuvaus","Tamro 90 mm"],"articleSection":["Tietolaari"],"inLanguage":"fi","potentialAction":[{"@type":"CommentAction","name":"Comment","target":["https:\/\/www.ellikki.fi\/korut\/tietolaari\/korukuvausta-makrolla\/#respond"]}]},{"@type":"WebPage","@id":"https:\/\/www.ellikki.fi\/korut\/tietolaari\/korukuvausta-makrolla\/","url":"https:\/\/www.ellikki.fi\/korut\/tietolaari\/korukuvausta-makrolla\/","name":"Korukuvausta makrolla - Ellikki.fi","isPartOf":{"@id":"https:\/\/www.ellikki.fi\/korut\/#website"},"primaryImageOfPage":{"@id":"https:\/\/www.ellikki.fi\/korut\/tietolaari\/korukuvausta-makrolla\/#primaryimage"},"image":{"@id":"https:\/\/www.ellikki.fi\/korut\/tietolaari\/korukuvausta-makrolla\/#primaryimage"},"thumbnailUrl":"https:\/\/www.ellikki.fi\/korut\/wp-content\/uploads\/2016\/09\/P\u00f6rr\u00f6.jpg","datePublished":"2016-09-04T15:58:25+00:00","dateModified":"2016-11-02T23:49:04+00:00","author":{"@id":"https:\/\/www.ellikki.fi\/korut\/#\/schema\/person\/4100981f383f4e840417efe2a45a2e13"},"description":"Harkitsetko makro-objektiivin hankkimista? Kuvaatko my\u00f6s koruja? T\u00e4m\u00e4 juttu on sinulle.","breadcrumb":{"@id":"https:\/\/www.ellikki.fi\/korut\/tietolaari\/korukuvausta-makrolla\/#breadcrumb"},"inLanguage":"fi","potentialAction":[{"@type":"ReadAction","target":["https:\/\/www.ellikki.fi\/korut\/tietolaari\/korukuvausta-makrolla\/"]}]},{"@type":"ImageObject","inLanguage":"fi","@id":"https:\/\/www.ellikki.fi\/korut\/tietolaari\/korukuvausta-makrolla\/#primaryimage","url":"https:\/\/www.ellikki.fi\/korut\/wp-content\/uploads\/2016\/09\/P\u00f6rr\u00f6.jpg","contentUrl":"https:\/\/www.ellikki.fi\/korut\/wp-content\/uploads\/2016\/09\/P\u00f6rr\u00f6.jpg","width":1000,"height":667,"caption":"P\u00f6rr\u00f6"},{"@type":"BreadcrumbList","@id":"https:\/\/www.ellikki.fi\/korut\/tietolaari\/korukuvausta-makrolla\/#breadcrumb","itemListElement":[{"@type":"ListItem","position":1,"name":"Ellikki.fi - Helmisuutari","item":"https:\/\/www.ellikki.fi\/korut\/"},{"@type":"ListItem","position":2,"name":"Korukuvausta makrolla"}]},{"@type":"WebSite","@id":"https:\/\/www.ellikki.fi\/korut\/#website","url":"https:\/\/www.ellikki.fi\/korut\/","name":"Ellikki.fi","description":"Helmisuutari","potentialAction":[{"@type":"SearchAction","target":{"@type":"EntryPoint","urlTemplate":"https:\/\/www.ellikki.fi\/korut\/?s={search_term_string}"},"query-input":{"@type":"PropertyValueSpecification","valueRequired":true,"valueName":"search_term_string"}}],"inLanguage":"fi"},{"@type":"Person","@id":"https:\/\/www.ellikki.fi\/korut\/#\/schema\/person\/4100981f383f4e840417efe2a45a2e13","name":"Ellikki","image":{"@type":"ImageObject","inLanguage":"fi","@id":"https:\/\/www.ellikki.fi\/korut\/#\/schema\/person\/image\/","url":"https:\/\/secure.gravatar.com\/avatar\/68459a81492a7fdb3d3e31353836619029f7a695895440f957f81143855d97ee?s=96&d=mm&r=g","contentUrl":"https:\/\/secure.gravatar.com\/avatar\/68459a81492a7fdb3d3e31353836619029f7a695895440f957f81143855d97ee?s=96&d=mm&r=g","caption":"Ellikki"},"description":"Loputtoman utelias hevostoimittaja, tarinanmets\u00e4st\u00e4j\u00e4 ja koruharrastaja, joka edelleen ihmettelee maailmaa ja koettaa aina silloin t\u00e4ll\u00f6in tehd\u00e4 jotain ensi kertaa el\u00e4m\u00e4ss\u00e4\u00e4n."}]}},"_links":{"self":[{"href":"https:\/\/www.ellikki.fi\/korut\/wp-json\/wp\/v2\/posts\/1571","targetHints":{"allow":["GET"]}}],"collection":[{"href":"https:\/\/www.ellikki.fi\/korut\/wp-json\/wp\/v2\/posts"}],"about":[{"href":"https:\/\/www.ellikki.fi\/korut\/wp-json\/wp\/v2\/types\/post"}],"author":[{"embeddable":true,"href":"https:\/\/www.ellikki.fi\/korut\/wp-json\/wp\/v2\/users\/1"}],"replies":[{"embeddable":true,"href":"https:\/\/www.ellikki.fi\/korut\/wp-json\/wp\/v2\/comments?post=1571"}],"version-history":[{"count":0,"href":"https:\/\/www.ellikki.fi\/korut\/wp-json\/wp\/v2\/posts\/1571\/revisions"}],"wp:featuredmedia":[{"embeddable":true,"href":"https:\/\/www.ellikki.fi\/korut\/wp-json\/wp\/v2\/media\/1578"}],"wp:attachment":[{"href":"https:\/\/www.ellikki.fi\/korut\/wp-json\/wp\/v2\/media?parent=1571"}],"wp:term":[{"taxonomy":"category","embeddable":true,"href":"https:\/\/www.ellikki.fi\/korut\/wp-json\/wp\/v2\/categories?post=1571"},{"taxonomy":"post_tag","embeddable":true,"href":"https:\/\/www.ellikki.fi\/korut\/wp-json\/wp\/v2\/tags?post=1571"}],"curies":[{"name":"wp","href":"https:\/\/api.w.org\/{rel}","templated":true}]}}