{"id":1585,"date":"2016-09-12T13:54:16","date_gmt":"2016-09-12T10:54:16","guid":{"rendered":"http:\/\/www.ellikki.fi\/korut\/?p=1585"},"modified":"2016-11-03T01:49:03","modified_gmt":"2016-11-02T23:49:03","slug":"korukuvausta-makrolla-osa-2","status":"publish","type":"post","link":"https:\/\/www.ellikki.fi\/korut\/tietolaari\/korukuvausta-makrolla-osa-2\/","title":{"rendered":"Korukuvausta makrolla, osa 2"},"content":{"rendered":"<p>Jatketaan makrokuvauksen parissa. Kuten <span style=\"color: #993366;\"><strong><a style=\"color: #993366;\" href=\"http:\/\/www.ellikki.fi\/korut\/tietolaari\/korukuvausta-makrolla\/\">kerroin<\/a><\/strong><\/span>, k\u00e4sittelen viel\u00e4 er\u00e4\u00e4n sudenkuopan ja sitten siirrymme korujen kuvaamiseen.<\/p>\n<h3>Linssi ei toimi<\/h3>\n<p>Mik\u00e4s nyt on? Himskatin kallis putki ja mik\u00e4\u00e4n ei toimi. T\u00e4ss\u00e4 on aukko jumissa tai jotain\u2026 Totta, paketin kyljess\u00e4 kyll\u00e4 lukee, ett\u00e4 objektiivin suurin aukko on 2,8. Laitat kameran valitsimen manuaaliasentoon ja yrit\u00e4t s\u00e4\u00e4t\u00e4\u00e4. Silti ei tunnu onnistuvan. Toiseen \u00e4\u00e4rip\u00e4\u00e4h\u00e4n ment\u00e4ess\u00e4 n\u00e4yt\u00f6ss\u00e4 n\u00e4kyy lukuja, jotka ovat isompia kuin pienimm\u00e4ksi aukoksi ilmoitettu 32. Mit\u00e4 ihmett\u00e4? Sekosiko kamera? Ennen kuin l\u00e4het\u00e4t objektiivin takuukorjaukseen, on hyv\u00e4 oppia er\u00e4s asia. (HUOM. Kaikki kamerarungot eiv\u00e4t n\u00e4yt\u00e4 aukon efektiivist\u00e4 muutosta n\u00e4ytt\u00f6ruudussa.)<\/p>\n<p>Efektiivinen aukko on termi, joka tulee usein esille makrokuvauksesta puhuttaessa. On ymm\u00e4rrett\u00e4v\u00e4\u00e4, ett\u00e4 kuvausta opetteleva odottaa makrolinssin toimivan aivan samoin kuin muidenkin objektiivien. Makromaailma tuo kuvaukseen kuitenkin oman lis\u00e4ns\u00e4. Kun kuvattava kohde on niin l\u00e4hell\u00e4 kameraa, ett\u00e4 kohde toistuu luonnollisessa koossa, kuvakennolle p\u00e4\u00e4sev\u00e4 valom\u00e4\u00e4r\u00e4 pienenee. Se, miksi n\u00e4in tapahtuu, vaatisi monimutkaisen selityksen kaavioiden kera. T\u00e4rke\u00e4mp\u00e4\u00e4 on tiet\u00e4\u00e4, ett\u00e4 n\u00e4in tapahtuu ja toimia sen mukaan. Esimerkiksi jos kohdetta kuvataan mahdollisimman l\u00e4helt\u00e4 ja aukkoarvo on asetettu 2,8:aan, kennolle p\u00e4\u00e4see saman verran valoa, kuin jos aukkoarvo olisi 5,6. Objektiivin fyysinen aukko ei ole muuttanut kokoaan kuvaajalta kysym\u00e4tt\u00e4, mutta sen suhteellinen vaikutus lopputulokseen on. Jos asiaa ei kompensoida lis\u00e4tyll\u00e4 valolla, pidemm\u00e4ll\u00e4 valotusajalla tai korkeammalla ISO-arvolla, kuvasta tulee heikommin valottunut kuin kuvaaja odotti.<\/p>\n<p>Nyt olemme k\u00e4sitelleet makrokuvauksen teoriaa perusteiden tasolla. Yksinkertaistin joitakin asioita ja oman kamerasi kohdalla tilanne saattaa olla ehk\u00e4 hieman erilainen. Jos haluat oppia lis\u00e4\u00e4, verkosta l\u00f6ytyy runsaasti opettavaista tietoa varsinkin englannin kielell\u00e4.<\/p>\n<h3>Korukuvaus<\/h3>\n<p>Nimens\u00e4 mukaisesti makro-objektiivi on parhaimmillaan pienten kohteiden parissa. Sormukset, korvakorut, rintakorut tai jonkin isomman korun yksityiskohta ovat hyvi\u00e4 kohteita makron k\u00e4ytt\u00f6\u00f6n. Kokonaisia kaulakoruja tai muita suurempia kohteita kuvattaessa kamera t\u00e4ytyy vied\u00e4 jo niin kauas kohteesta, ett\u00e4 muidenkin objektiivien k\u00e4ytt\u00f6\u00e4 kannattaa harkita. T\u00e4ll\u00e4 kertaa aion kuvata sormuksen.<\/p>\n<p>Huolellinen pohjaty\u00f6 on kaiken A ja O monessakin asiassa. Hyvin suunniteltu kuvaus tuottaa paremman lopputuloksen ja j\u00e4lkik\u00e4sittelyn tarve on usein my\u00f6s pienempi. Hyv\u00e4 lopputulos syntyy usein kokemuksen, mutta my\u00f6s kokeilujen avulla. T\u00e4rkeint\u00e4 on luoda korulle oikea valaistus ja sommittelu. N\u00e4kym\u00e4n alkaessa n\u00e4ytt\u00e4\u00e4 hyv\u00e4lt\u00e4 kameran etsimen l\u00e4pi on aika alkaa etsi\u00e4 tilanteeseen sopivia asetuksia. T\u00e4llaista kuvaa otettaessa on parempi s\u00e4\u00e4t\u00e4\u00e4 kaikki itse, eik\u00e4 j\u00e4\u00e4d\u00e4 kameran automatiikan varaan. Valitse sopiva aukkoarvo, valotusaika ja ISO-arvo. \u00c4l\u00e4k\u00e4 unohda valkotasapainon s\u00e4\u00e4t\u00e4misen t\u00e4rkeytt\u00e4. Kokeile ja testaa. Oikea yhdistelm\u00e4 l\u00f6ytyy kyll\u00e4 lopulta ja samalla oppii.<\/p>\n<p>&nbsp;<\/p>\n<div class=\"fusion-fullwidth fullwidth-box fusion-builder-row-1 hundred-percent-fullwidth non-hundred-percent-height-scrolling\" style=\"--awb-border-radius-top-left:0px;--awb-border-radius-top-right:0px;--awb-border-radius-bottom-right:0px;--awb-border-radius-bottom-left:0px;--awb-overflow:visible;--awb-flex-wrap:wrap;\" ><div class=\"fusion-builder-row fusion-row\"><div class=\"fusion-layout-column fusion_builder_column fusion-builder-column-0 fusion_builder_column_1_1 1_1 fusion-one-full fusion-column-first fusion-column-last fusion-column-no-min-height\" style=\"--awb-bg-size:cover;--awb-margin-bottom:0px;\"><div class=\"fusion-column-wrapper fusion-flex-column-wrapper-legacy\"><div id=\"attachment_1586\" style=\"width: 810px\" class=\"wp-caption aligncenter\"><a href=\"http:\/\/www.ellikki.fi\/korut\/wp-content\/uploads\/2016\/09\/Untouched-macro-image-of-a-ring.jpg\"><img decoding=\"async\" aria-describedby=\"caption-attachment-1586\" class=\"wp-image-1586 size-full\" src=\"http:\/\/www.ellikki.fi\/korut\/wp-content\/uploads\/2016\/09\/Untouched-macro-image-of-a-ring.jpg\" alt=\"Korukuvausta makrolla\" width=\"800\" height=\"533\" srcset=\"https:\/\/www.ellikki.fi\/korut\/wp-content\/uploads\/2016\/09\/Untouched-macro-image-of-a-ring-200x133.jpg 200w, https:\/\/www.ellikki.fi\/korut\/wp-content\/uploads\/2016\/09\/Untouched-macro-image-of-a-ring-300x200.jpg 300w, https:\/\/www.ellikki.fi\/korut\/wp-content\/uploads\/2016\/09\/Untouched-macro-image-of-a-ring-400x267.jpg 400w, https:\/\/www.ellikki.fi\/korut\/wp-content\/uploads\/2016\/09\/Untouched-macro-image-of-a-ring-600x400.jpg 600w, https:\/\/www.ellikki.fi\/korut\/wp-content\/uploads\/2016\/09\/Untouched-macro-image-of-a-ring-768x512.jpg 768w, https:\/\/www.ellikki.fi\/korut\/wp-content\/uploads\/2016\/09\/Untouched-macro-image-of-a-ring.jpg 800w\" sizes=\"(max-width: 800px) 100vw, 800px\" \/><\/a><p id=\"caption-attachment-1586\" class=\"wp-caption-text\">Suljinaika 1,3 s, ISO 400, f\/36<\/p><\/div>\n<p>T\u00e4ss\u00e4 on k\u00e4sittelem\u00e4t\u00f6n ja rajaamaton otos sormuksesta. Mit\u00e4 huomaat? Otos ei ole loistava, mutta ihan kiva kuitenkin. Sormus ei ole koko matkaltaan ter\u00e4v\u00e4 ja muutakin ongelmaa on. Rajataanpa hieman.<\/p>\n<div class=\"fusion-clearfix\"><\/div><\/div><\/div><div class=\"fusion-layout-column fusion_builder_column fusion-builder-column-1 fusion_builder_column_1_1 1_1 fusion-one-full fusion-column-first fusion-column-last fusion-column-no-min-height\" style=\"--awb-bg-size:cover;--awb-margin-bottom:0px;\"><div class=\"fusion-column-wrapper fusion-flex-column-wrapper-legacy\"><div id=\"attachment_1587\" style=\"width: 810px\" class=\"wp-caption aligncenter\"><a href=\"http:\/\/www.ellikki.fi\/korut\/wp-content\/uploads\/2016\/09\/P\u00f6ly\u00e4.jpg\"><img decoding=\"async\" aria-describedby=\"caption-attachment-1587\" class=\"size-full wp-image-1587\" src=\"http:\/\/www.ellikki.fi\/korut\/wp-content\/uploads\/2016\/09\/P\u00f6ly\u00e4.jpg\" alt=\"p\u00f6lyhiukkasia lasipinnalla\" width=\"800\" height=\"552\" srcset=\"https:\/\/www.ellikki.fi\/korut\/wp-content\/uploads\/2016\/09\/P\u00f6ly\u00e4-200x138.jpg 200w, https:\/\/www.ellikki.fi\/korut\/wp-content\/uploads\/2016\/09\/P\u00f6ly\u00e4-300x207.jpg 300w, https:\/\/www.ellikki.fi\/korut\/wp-content\/uploads\/2016\/09\/P\u00f6ly\u00e4-400x276.jpg 400w, https:\/\/www.ellikki.fi\/korut\/wp-content\/uploads\/2016\/09\/P\u00f6ly\u00e4-600x414.jpg 600w, https:\/\/www.ellikki.fi\/korut\/wp-content\/uploads\/2016\/09\/P\u00f6ly\u00e4-768x530.jpg 768w, https:\/\/www.ellikki.fi\/korut\/wp-content\/uploads\/2016\/09\/P\u00f6ly\u00e4.jpg 800w\" sizes=\"(max-width: 800px) 100vw, 800px\" \/><\/a><p id=\"caption-attachment-1587\" class=\"wp-caption-text\">P\u00f6ly\u00e4!<\/p><\/div>\n<p>Sormus on heijastavan lasipinnan p\u00e4\u00e4ll\u00e4, joka on puhdistettu huolellisesti mikrokuituliinalla. Silti vasemmassa alareunassa n\u00e4kyy valkoisia pilkkuja. Mit\u00e4 ne ovat? P\u00f6lyhiukkasia! Niin puhtaaksi pintaa on vaikea saadakaan, ettei sen p\u00e4\u00e4ll\u00e4 olisi hetken kuluttua p\u00f6ly\u00e4. Normaalissa kuvauksessa t\u00e4m\u00e4 ei paljon haittaa, mutta makrokuvaus nostaa t\u00e4m\u00e4nkin ongelman pintaan. Kuvaajan paras apuv\u00e4line on silloin spraypurkissa myyt\u00e4v\u00e4 paineilma. Varovainen suihkaus vie p\u00f6lyn usein kokonaan menness\u00e4\u00e4n.<\/p>\n<p>Hyv\u00e4 lopputulos vaatii useamman kuvan yhdist\u00e4mist\u00e4 kuvank\u00e4sittelyohjelmassa, mutta se on prosessi, jonka kuvaileminen vaatisi oman tutoriaalinsa. Lopuksi poistan viimeisetkin p\u00f6lyhiukkaset kuvasta, rajaan hieman ja p\u00e4\u00e4semme t\u00e4llaiseen tulokseen.<\/p>\n<div class=\"fusion-clearfix\"><\/div><\/div><\/div><div class=\"fusion-layout-column fusion_builder_column fusion-builder-column-2 fusion_builder_column_1_1 1_1 fusion-one-full fusion-column-first fusion-column-last fusion-column-no-min-height\" style=\"--awb-bg-size:cover;--awb-margin-bottom:0px;\"><div class=\"fusion-column-wrapper fusion-flex-column-wrapper-legacy\"><div id=\"attachment_1588\" style=\"width: 1010px\" class=\"wp-caption aligncenter\"><a href=\"http:\/\/www.ellikki.fi\/korut\/wp-content\/uploads\/2016\/09\/Makrokuva-sormuksesta.jpg\"><img decoding=\"async\" aria-describedby=\"caption-attachment-1588\" class=\"wp-image-1588 size-full\" src=\"http:\/\/www.ellikki.fi\/korut\/wp-content\/uploads\/2016\/09\/Makrokuva-sormuksesta.jpg\" alt=\"Valmis kuva sormuksesta\" width=\"1000\" height=\"708\" srcset=\"https:\/\/www.ellikki.fi\/korut\/wp-content\/uploads\/2016\/09\/Makrokuva-sormuksesta-200x142.jpg 200w, https:\/\/www.ellikki.fi\/korut\/wp-content\/uploads\/2016\/09\/Makrokuva-sormuksesta-300x212.jpg 300w, https:\/\/www.ellikki.fi\/korut\/wp-content\/uploads\/2016\/09\/Makrokuva-sormuksesta-400x283.jpg 400w, https:\/\/www.ellikki.fi\/korut\/wp-content\/uploads\/2016\/09\/Makrokuva-sormuksesta-600x425.jpg 600w, https:\/\/www.ellikki.fi\/korut\/wp-content\/uploads\/2016\/09\/Makrokuva-sormuksesta-768x544.jpg 768w, https:\/\/www.ellikki.fi\/korut\/wp-content\/uploads\/2016\/09\/Makrokuva-sormuksesta-800x566.jpg 800w, https:\/\/www.ellikki.fi\/korut\/wp-content\/uploads\/2016\/09\/Makrokuva-sormuksesta.jpg 1000w\" sizes=\"(max-width: 1000px) 100vw, 1000px\" \/><\/a><p id=\"caption-attachment-1588\" class=\"wp-caption-text\">Lopputulos<\/p><\/div>\n<p>Kuvan sormus on varsin pieni, vain noin 16 mm halkaisijaltaan. Silti kuvan lukuisat yksityiskohdat tulevat esille selv\u00e4sti. T\u00e4m\u00e4 on mielest\u00e4ni makro-objektiivien suurin hy\u00f6ty. Saman lopputuloksen aikaansaaminen muilla objektiiveilla ei olisi yht\u00e4 helppoa.<\/p>\n<h3>Tutoriaalit<\/h3>\n<p>Toinen blogissamme usein eteen tuleva asia on tutoriaalien kuvaaminen. Ohjekuvat eiv\u00e4t ole olleet kauneimpia mahdollisia otoksia, mutta se ei ole haitannut, koska t\u00e4rke\u00e4mp\u00e4\u00e4 on ollut saada oppi perille. Kuvat on yleens\u00e4 otettu yleisobjektiivilla ja lopputulosta on rajattu voimakkaasti.<\/p>\n<div class=\"fusion-clearfix\"><\/div><\/div><\/div><div class=\"fusion-layout-column fusion_builder_column fusion-builder-column-3 fusion_builder_column_1_1 1_1 fusion-one-full fusion-column-first fusion-column-last fusion-column-no-min-height\" style=\"--awb-bg-size:cover;--awb-margin-bottom:0px;\"><div class=\"fusion-column-wrapper fusion-flex-column-wrapper-legacy\"><div id=\"attachment_1589\" style=\"width: 810px\" class=\"wp-caption aligncenter\"><a href=\"http:\/\/www.ellikki.fi\/korut\/wp-content\/uploads\/2016\/09\/Rajaamaton_yleisobjektiivi.jpg\"><img decoding=\"async\" aria-describedby=\"caption-attachment-1589\" class=\"size-full wp-image-1589\" src=\"http:\/\/www.ellikki.fi\/korut\/wp-content\/uploads\/2016\/09\/Rajaamaton_yleisobjektiivi.jpg\" alt=\"Rajaamaton otos korun osasta\" width=\"800\" height=\"533\" srcset=\"https:\/\/www.ellikki.fi\/korut\/wp-content\/uploads\/2016\/09\/Rajaamaton_yleisobjektiivi-200x133.jpg 200w, https:\/\/www.ellikki.fi\/korut\/wp-content\/uploads\/2016\/09\/Rajaamaton_yleisobjektiivi-300x200.jpg 300w, https:\/\/www.ellikki.fi\/korut\/wp-content\/uploads\/2016\/09\/Rajaamaton_yleisobjektiivi-400x267.jpg 400w, https:\/\/www.ellikki.fi\/korut\/wp-content\/uploads\/2016\/09\/Rajaamaton_yleisobjektiivi-600x400.jpg 600w, https:\/\/www.ellikki.fi\/korut\/wp-content\/uploads\/2016\/09\/Rajaamaton_yleisobjektiivi-768x512.jpg 768w, https:\/\/www.ellikki.fi\/korut\/wp-content\/uploads\/2016\/09\/Rajaamaton_yleisobjektiivi.jpg 800w\" sizes=\"(max-width: 800px) 100vw, 800px\" \/><\/a><p id=\"caption-attachment-1589\" class=\"wp-caption-text\">Yleisobjektiivi, l\u00e4ht\u00f6tilanne<\/p><\/div>\n<div class=\"fusion-clearfix\"><\/div><\/div><\/div><div class=\"fusion-layout-column fusion_builder_column fusion-builder-column-4 fusion_builder_column_1_1 1_1 fusion-one-full fusion-column-first fusion-column-last fusion-column-no-min-height\" style=\"--awb-bg-size:cover;--awb-margin-bottom:0px;\"><div class=\"fusion-column-wrapper fusion-flex-column-wrapper-legacy\"><div id=\"attachment_1590\" style=\"width: 810px\" class=\"wp-caption aligncenter\"><a href=\"http:\/\/www.ellikki.fi\/korut\/wp-content\/uploads\/2016\/09\/Rajattu_yleisobjektiivi.jpg\"><img decoding=\"async\" aria-describedby=\"caption-attachment-1590\" class=\"size-full wp-image-1590\" src=\"http:\/\/www.ellikki.fi\/korut\/wp-content\/uploads\/2016\/09\/Rajattu_yleisobjektiivi.jpg\" alt=\"Suurennos korun osasta\" width=\"800\" height=\"556\" srcset=\"https:\/\/www.ellikki.fi\/korut\/wp-content\/uploads\/2016\/09\/Rajattu_yleisobjektiivi-200x139.jpg 200w, https:\/\/www.ellikki.fi\/korut\/wp-content\/uploads\/2016\/09\/Rajattu_yleisobjektiivi-300x209.jpg 300w, https:\/\/www.ellikki.fi\/korut\/wp-content\/uploads\/2016\/09\/Rajattu_yleisobjektiivi-400x278.jpg 400w, https:\/\/www.ellikki.fi\/korut\/wp-content\/uploads\/2016\/09\/Rajattu_yleisobjektiivi-600x417.jpg 600w, https:\/\/www.ellikki.fi\/korut\/wp-content\/uploads\/2016\/09\/Rajattu_yleisobjektiivi-768x534.jpg 768w, https:\/\/www.ellikki.fi\/korut\/wp-content\/uploads\/2016\/09\/Rajattu_yleisobjektiivi.jpg 800w\" sizes=\"(max-width: 800px) 100vw, 800px\" \/><\/a><p id=\"caption-attachment-1590\" class=\"wp-caption-text\">Tavanomainen, tutoriaaleissa esiintyv\u00e4 suurennos.<\/p><\/div>\n<div class=\"fusion-clearfix\"><\/div><\/div><\/div><div class=\"fusion-layout-column fusion_builder_column fusion-builder-column-5 fusion_builder_column_1_1 1_1 fusion-one-full fusion-column-first fusion-column-last fusion-column-no-min-height\" style=\"--awb-bg-size:cover;--awb-margin-bottom:0px;\"><div class=\"fusion-column-wrapper fusion-flex-column-wrapper-legacy\"><div id=\"attachment_1591\" style=\"width: 810px\" class=\"wp-caption aligncenter\"><a href=\"http:\/\/www.ellikki.fi\/korut\/wp-content\/uploads\/2016\/09\/Rajaamaton_Tamron_makro.jpg\"><img decoding=\"async\" aria-describedby=\"caption-attachment-1591\" class=\"size-full wp-image-1591\" src=\"http:\/\/www.ellikki.fi\/korut\/wp-content\/uploads\/2016\/09\/Rajaamaton_Tamron_makro.jpg\" alt=\"Makrokuva korun osasta\" width=\"800\" height=\"533\" srcset=\"https:\/\/www.ellikki.fi\/korut\/wp-content\/uploads\/2016\/09\/Rajaamaton_Tamron_makro-200x133.jpg 200w, https:\/\/www.ellikki.fi\/korut\/wp-content\/uploads\/2016\/09\/Rajaamaton_Tamron_makro-300x200.jpg 300w, https:\/\/www.ellikki.fi\/korut\/wp-content\/uploads\/2016\/09\/Rajaamaton_Tamron_makro-400x267.jpg 400w, https:\/\/www.ellikki.fi\/korut\/wp-content\/uploads\/2016\/09\/Rajaamaton_Tamron_makro-600x400.jpg 600w, https:\/\/www.ellikki.fi\/korut\/wp-content\/uploads\/2016\/09\/Rajaamaton_Tamron_makro-768x512.jpg 768w, https:\/\/www.ellikki.fi\/korut\/wp-content\/uploads\/2016\/09\/Rajaamaton_Tamron_makro.jpg 800w\" sizes=\"(max-width: 800px) 100vw, 800px\" \/><\/a><p id=\"caption-attachment-1591\" class=\"wp-caption-text\">Makro-objektiivilla otettu, rajaamaton kuva. Jopa tahaton kissankarva erottuu kuvasta ter\u00e4v\u00e4sti.<\/p><\/div>\n<p>Makro-objektiivin k\u00e4ytt\u00e4minen t\u00e4ss\u00e4kin askareessa helpottaa kuvien tuottamista ja my\u00f6s lopputulos on jotenkin visuaalisesti miellytt\u00e4v\u00e4mpi.<\/p>\n<p>Mielipiteeni objektiivista<\/p>\n<p>Tamronin uusi mallisto tekee pes\u00e4eroa vanhempiin malleihin teknisill\u00e4 edistysaskeleillaan ja my\u00f6s ulkon\u00e4\u00f6llisesti. Linssi on laadukas, sit\u00e4 ei voi kielt\u00e4\u00e4. Ainoa asia mist\u00e4 en pid\u00e4 on putken metallinen ulkopinta. Verrattuna 70-200 mm putken mattapintaan, uuden mallin sile\u00e4 pinta tuntuu ik\u00e4v\u00e4lt\u00e4 k\u00e4dess\u00e4, ainakin t\u00e4llaisen hikisormen otteessa. Sormista pintaan j\u00e4\u00e4v\u00e4 kosteus ker\u00e4\u00e4 itseens\u00e4 kaikenlaista n\u00f6ft\u00e4\u00e4 ja putkea saa koko ajan olla pyyhkim\u00e4ss\u00e4. Sile\u00e4 ja kostea pinta tekee putken my\u00f6s liukkaaksi, joten varovainen saa olla. Kokemus oli kuitenkin sen verran hyv\u00e4, ett\u00e4 jossain vaiheessa t\u00e4llainen ehk\u00e4 hankitaan.<\/p>\n<p>&nbsp;<\/p>\n<p>Korukuvausta makrolla <span style=\"color: #993366;\"><a style=\"color: #993366;\" href=\"http:\/\/www.ellikki.fi\/korut\/tietolaari\/korukuvausta-makrolla\/\"><strong>osa 1<\/strong><\/a><\/span><div class=\"fusion-clearfix\"><\/div><\/div><\/div><\/div><\/div>\n","protected":false},"excerpt":{"rendered":"<p>Jatketaan makrokuvauksen parissa. Kuten kerroin, k\u00e4sittelen viel\u00e4 er\u00e4\u00e4n sudenkuopan ja sitten siirrymme korujen kuvaamiseen. Linssi ei toimi Mik\u00e4s nyt on? Himskatin kallis putki ja mik\u00e4\u00e4n ei toimi. T\u00e4ss\u00e4 on aukko jumissa tai jotain\u2026 Totta, paketin  [&#8230;]<\/p>\n","protected":false},"author":1,"featured_media":1588,"comment_status":"open","ping_status":"closed","sticky":false,"template":"","format":"standard","meta":{"footnotes":""},"categories":[20],"tags":[376,368,374,371],"class_list":["post-1585","post","type-post","status-publish","format-standard","has-post-thumbnail","hentry","category-tietolaari","tag-efektiivinen-aukko","tag-korukuvaus","tag-sormuskuvaus","tag-tamron"],"yoast_head":"<!-- This site is optimized with the Yoast SEO plugin v27.1.1 - https:\/\/yoast.com\/product\/yoast-seo-wordpress\/ -->\n<title>Korukuvausta makrolla, osa 2 - Ellikki.fi<\/title>\n<meta name=\"description\" content=\"Onko makro-objektiivilla k\u00e4ytt\u00f6\u00e4 korukuvauksessa? Mit\u00e4 pit\u00e4\u00e4 ottaa huomioon ja mit\u00e4 muistaa? Korukuvausta makrolla aloittelijoille, olkaa hyv\u00e4.\" \/>\n<meta name=\"robots\" content=\"index, follow, max-snippet:-1, max-image-preview:large, max-video-preview:-1\" \/>\n<link rel=\"canonical\" href=\"https:\/\/www.ellikki.fi\/korut\/tietolaari\/korukuvausta-makrolla-osa-2\/\" \/>\n<meta property=\"og:locale\" content=\"fi_FI\" \/>\n<meta property=\"og:type\" content=\"article\" \/>\n<meta property=\"og:title\" content=\"Korukuvausta makrolla, osa 2 - Ellikki.fi\" \/>\n<meta property=\"og:description\" content=\"Onko makro-objektiivilla k\u00e4ytt\u00f6\u00e4 korukuvauksessa? Mit\u00e4 pit\u00e4\u00e4 ottaa huomioon ja mit\u00e4 muistaa? Korukuvausta makrolla aloittelijoille, olkaa hyv\u00e4.\" \/>\n<meta property=\"og:url\" content=\"https:\/\/www.ellikki.fi\/korut\/tietolaari\/korukuvausta-makrolla-osa-2\/\" \/>\n<meta property=\"og:site_name\" content=\"Ellikki.fi\" \/>\n<meta property=\"article:publisher\" content=\"https:\/\/www.facebook.com\/ellikki\" \/>\n<meta property=\"article:published_time\" content=\"2016-09-12T10:54:16+00:00\" \/>\n<meta property=\"article:modified_time\" content=\"2016-11-02T23:49:03+00:00\" \/>\n<meta property=\"og:image\" content=\"https:\/\/www.ellikki.fi\/korut\/wp-content\/uploads\/2016\/09\/Makrokuva-sormuksesta.jpg\" \/>\n\t<meta property=\"og:image:width\" content=\"1000\" \/>\n\t<meta property=\"og:image:height\" content=\"708\" \/>\n\t<meta property=\"og:image:type\" content=\"image\/jpeg\" \/>\n<meta name=\"author\" content=\"Ellikki\" \/>\n<meta name=\"twitter:card\" content=\"summary_large_image\" \/>\n<meta name=\"twitter:creator\" content=\"@eltalvio\" \/>\n<meta name=\"twitter:site\" content=\"@eltalvio\" \/>\n<meta name=\"twitter:label1\" content=\"Kirjoittanut\" \/>\n\t<meta name=\"twitter:data1\" content=\"Ellikki\" \/>\n\t<meta name=\"twitter:label2\" content=\"Arvioitu lukuaika\" \/>\n\t<meta name=\"twitter:data2\" content=\"6 minuuttia\" \/>\n<script type=\"application\/ld+json\" class=\"yoast-schema-graph\">{\"@context\":\"https:\/\/schema.org\",\"@graph\":[{\"@type\":\"Article\",\"@id\":\"https:\/\/www.ellikki.fi\/korut\/tietolaari\/korukuvausta-makrolla-osa-2\/#article\",\"isPartOf\":{\"@id\":\"https:\/\/www.ellikki.fi\/korut\/tietolaari\/korukuvausta-makrolla-osa-2\/\"},\"author\":{\"name\":\"Ellikki\",\"@id\":\"https:\/\/www.ellikki.fi\/korut\/#\/schema\/person\/4100981f383f4e840417efe2a45a2e13\"},\"headline\":\"Korukuvausta makrolla, osa 2\",\"datePublished\":\"2016-09-12T10:54:16+00:00\",\"dateModified\":\"2016-11-02T23:49:03+00:00\",\"mainEntityOfPage\":{\"@id\":\"https:\/\/www.ellikki.fi\/korut\/tietolaari\/korukuvausta-makrolla-osa-2\/\"},\"wordCount\":1180,\"commentCount\":0,\"image\":{\"@id\":\"https:\/\/www.ellikki.fi\/korut\/tietolaari\/korukuvausta-makrolla-osa-2\/#primaryimage\"},\"thumbnailUrl\":\"https:\/\/www.ellikki.fi\/korut\/wp-content\/uploads\/2016\/09\/Makrokuva-sormuksesta.jpg\",\"keywords\":[\"efektiivinen aukko\",\"korukuvaus\",\"sormuskuvaus\",\"Tamron\"],\"articleSection\":[\"Tietolaari\"],\"inLanguage\":\"fi\",\"potentialAction\":[{\"@type\":\"CommentAction\",\"name\":\"Comment\",\"target\":[\"https:\/\/www.ellikki.fi\/korut\/tietolaari\/korukuvausta-makrolla-osa-2\/#respond\"]}]},{\"@type\":\"WebPage\",\"@id\":\"https:\/\/www.ellikki.fi\/korut\/tietolaari\/korukuvausta-makrolla-osa-2\/\",\"url\":\"https:\/\/www.ellikki.fi\/korut\/tietolaari\/korukuvausta-makrolla-osa-2\/\",\"name\":\"Korukuvausta makrolla, osa 2 - Ellikki.fi\",\"isPartOf\":{\"@id\":\"https:\/\/www.ellikki.fi\/korut\/#website\"},\"primaryImageOfPage\":{\"@id\":\"https:\/\/www.ellikki.fi\/korut\/tietolaari\/korukuvausta-makrolla-osa-2\/#primaryimage\"},\"image\":{\"@id\":\"https:\/\/www.ellikki.fi\/korut\/tietolaari\/korukuvausta-makrolla-osa-2\/#primaryimage\"},\"thumbnailUrl\":\"https:\/\/www.ellikki.fi\/korut\/wp-content\/uploads\/2016\/09\/Makrokuva-sormuksesta.jpg\",\"datePublished\":\"2016-09-12T10:54:16+00:00\",\"dateModified\":\"2016-11-02T23:49:03+00:00\",\"author\":{\"@id\":\"https:\/\/www.ellikki.fi\/korut\/#\/schema\/person\/4100981f383f4e840417efe2a45a2e13\"},\"description\":\"Onko makro-objektiivilla k\u00e4ytt\u00f6\u00e4 korukuvauksessa? Mit\u00e4 pit\u00e4\u00e4 ottaa huomioon ja mit\u00e4 muistaa? Korukuvausta makrolla aloittelijoille, olkaa hyv\u00e4.\",\"breadcrumb\":{\"@id\":\"https:\/\/www.ellikki.fi\/korut\/tietolaari\/korukuvausta-makrolla-osa-2\/#breadcrumb\"},\"inLanguage\":\"fi\",\"potentialAction\":[{\"@type\":\"ReadAction\",\"target\":[\"https:\/\/www.ellikki.fi\/korut\/tietolaari\/korukuvausta-makrolla-osa-2\/\"]}]},{\"@type\":\"ImageObject\",\"inLanguage\":\"fi\",\"@id\":\"https:\/\/www.ellikki.fi\/korut\/tietolaari\/korukuvausta-makrolla-osa-2\/#primaryimage\",\"url\":\"https:\/\/www.ellikki.fi\/korut\/wp-content\/uploads\/2016\/09\/Makrokuva-sormuksesta.jpg\",\"contentUrl\":\"https:\/\/www.ellikki.fi\/korut\/wp-content\/uploads\/2016\/09\/Makrokuva-sormuksesta.jpg\",\"width\":1000,\"height\":708,\"caption\":\"Valmis kuva sormuksesta\"},{\"@type\":\"BreadcrumbList\",\"@id\":\"https:\/\/www.ellikki.fi\/korut\/tietolaari\/korukuvausta-makrolla-osa-2\/#breadcrumb\",\"itemListElement\":[{\"@type\":\"ListItem\",\"position\":1,\"name\":\"Ellikki.fi - Helmisuutari\",\"item\":\"https:\/\/www.ellikki.fi\/korut\/\"},{\"@type\":\"ListItem\",\"position\":2,\"name\":\"Korukuvausta makrolla, osa 2\"}]},{\"@type\":\"WebSite\",\"@id\":\"https:\/\/www.ellikki.fi\/korut\/#website\",\"url\":\"https:\/\/www.ellikki.fi\/korut\/\",\"name\":\"Ellikki.fi\",\"description\":\"Helmisuutari\",\"potentialAction\":[{\"@type\":\"SearchAction\",\"target\":{\"@type\":\"EntryPoint\",\"urlTemplate\":\"https:\/\/www.ellikki.fi\/korut\/?s={search_term_string}\"},\"query-input\":{\"@type\":\"PropertyValueSpecification\",\"valueRequired\":true,\"valueName\":\"search_term_string\"}}],\"inLanguage\":\"fi\"},{\"@type\":\"Person\",\"@id\":\"https:\/\/www.ellikki.fi\/korut\/#\/schema\/person\/4100981f383f4e840417efe2a45a2e13\",\"name\":\"Ellikki\",\"image\":{\"@type\":\"ImageObject\",\"inLanguage\":\"fi\",\"@id\":\"https:\/\/www.ellikki.fi\/korut\/#\/schema\/person\/image\/\",\"url\":\"https:\/\/secure.gravatar.com\/avatar\/68459a81492a7fdb3d3e31353836619029f7a695895440f957f81143855d97ee?s=96&d=mm&r=g\",\"contentUrl\":\"https:\/\/secure.gravatar.com\/avatar\/68459a81492a7fdb3d3e31353836619029f7a695895440f957f81143855d97ee?s=96&d=mm&r=g\",\"caption\":\"Ellikki\"},\"description\":\"Loputtoman utelias hevostoimittaja, tarinanmets\u00e4st\u00e4j\u00e4 ja koruharrastaja, joka edelleen ihmettelee maailmaa ja koettaa aina silloin t\u00e4ll\u00f6in tehd\u00e4 jotain ensi kertaa el\u00e4m\u00e4ss\u00e4\u00e4n.\"}]}<\/script>\n<!-- \/ Yoast SEO plugin. -->","yoast_head_json":{"title":"Korukuvausta makrolla, osa 2 - Ellikki.fi","description":"Onko makro-objektiivilla k\u00e4ytt\u00f6\u00e4 korukuvauksessa? Mit\u00e4 pit\u00e4\u00e4 ottaa huomioon ja mit\u00e4 muistaa? Korukuvausta makrolla aloittelijoille, olkaa hyv\u00e4.","robots":{"index":"index","follow":"follow","max-snippet":"max-snippet:-1","max-image-preview":"max-image-preview:large","max-video-preview":"max-video-preview:-1"},"canonical":"https:\/\/www.ellikki.fi\/korut\/tietolaari\/korukuvausta-makrolla-osa-2\/","og_locale":"fi_FI","og_type":"article","og_title":"Korukuvausta makrolla, osa 2 - Ellikki.fi","og_description":"Onko makro-objektiivilla k\u00e4ytt\u00f6\u00e4 korukuvauksessa? Mit\u00e4 pit\u00e4\u00e4 ottaa huomioon ja mit\u00e4 muistaa? Korukuvausta makrolla aloittelijoille, olkaa hyv\u00e4.","og_url":"https:\/\/www.ellikki.fi\/korut\/tietolaari\/korukuvausta-makrolla-osa-2\/","og_site_name":"Ellikki.fi","article_publisher":"https:\/\/www.facebook.com\/ellikki","article_published_time":"2016-09-12T10:54:16+00:00","article_modified_time":"2016-11-02T23:49:03+00:00","og_image":[{"width":1000,"height":708,"url":"https:\/\/www.ellikki.fi\/korut\/wp-content\/uploads\/2016\/09\/Makrokuva-sormuksesta.jpg","type":"image\/jpeg"}],"author":"Ellikki","twitter_card":"summary_large_image","twitter_creator":"@eltalvio","twitter_site":"@eltalvio","twitter_misc":{"Kirjoittanut":"Ellikki","Arvioitu lukuaika":"6 minuuttia"},"schema":{"@context":"https:\/\/schema.org","@graph":[{"@type":"Article","@id":"https:\/\/www.ellikki.fi\/korut\/tietolaari\/korukuvausta-makrolla-osa-2\/#article","isPartOf":{"@id":"https:\/\/www.ellikki.fi\/korut\/tietolaari\/korukuvausta-makrolla-osa-2\/"},"author":{"name":"Ellikki","@id":"https:\/\/www.ellikki.fi\/korut\/#\/schema\/person\/4100981f383f4e840417efe2a45a2e13"},"headline":"Korukuvausta makrolla, osa 2","datePublished":"2016-09-12T10:54:16+00:00","dateModified":"2016-11-02T23:49:03+00:00","mainEntityOfPage":{"@id":"https:\/\/www.ellikki.fi\/korut\/tietolaari\/korukuvausta-makrolla-osa-2\/"},"wordCount":1180,"commentCount":0,"image":{"@id":"https:\/\/www.ellikki.fi\/korut\/tietolaari\/korukuvausta-makrolla-osa-2\/#primaryimage"},"thumbnailUrl":"https:\/\/www.ellikki.fi\/korut\/wp-content\/uploads\/2016\/09\/Makrokuva-sormuksesta.jpg","keywords":["efektiivinen aukko","korukuvaus","sormuskuvaus","Tamron"],"articleSection":["Tietolaari"],"inLanguage":"fi","potentialAction":[{"@type":"CommentAction","name":"Comment","target":["https:\/\/www.ellikki.fi\/korut\/tietolaari\/korukuvausta-makrolla-osa-2\/#respond"]}]},{"@type":"WebPage","@id":"https:\/\/www.ellikki.fi\/korut\/tietolaari\/korukuvausta-makrolla-osa-2\/","url":"https:\/\/www.ellikki.fi\/korut\/tietolaari\/korukuvausta-makrolla-osa-2\/","name":"Korukuvausta makrolla, osa 2 - Ellikki.fi","isPartOf":{"@id":"https:\/\/www.ellikki.fi\/korut\/#website"},"primaryImageOfPage":{"@id":"https:\/\/www.ellikki.fi\/korut\/tietolaari\/korukuvausta-makrolla-osa-2\/#primaryimage"},"image":{"@id":"https:\/\/www.ellikki.fi\/korut\/tietolaari\/korukuvausta-makrolla-osa-2\/#primaryimage"},"thumbnailUrl":"https:\/\/www.ellikki.fi\/korut\/wp-content\/uploads\/2016\/09\/Makrokuva-sormuksesta.jpg","datePublished":"2016-09-12T10:54:16+00:00","dateModified":"2016-11-02T23:49:03+00:00","author":{"@id":"https:\/\/www.ellikki.fi\/korut\/#\/schema\/person\/4100981f383f4e840417efe2a45a2e13"},"description":"Onko makro-objektiivilla k\u00e4ytt\u00f6\u00e4 korukuvauksessa? Mit\u00e4 pit\u00e4\u00e4 ottaa huomioon ja mit\u00e4 muistaa? Korukuvausta makrolla aloittelijoille, olkaa hyv\u00e4.","breadcrumb":{"@id":"https:\/\/www.ellikki.fi\/korut\/tietolaari\/korukuvausta-makrolla-osa-2\/#breadcrumb"},"inLanguage":"fi","potentialAction":[{"@type":"ReadAction","target":["https:\/\/www.ellikki.fi\/korut\/tietolaari\/korukuvausta-makrolla-osa-2\/"]}]},{"@type":"ImageObject","inLanguage":"fi","@id":"https:\/\/www.ellikki.fi\/korut\/tietolaari\/korukuvausta-makrolla-osa-2\/#primaryimage","url":"https:\/\/www.ellikki.fi\/korut\/wp-content\/uploads\/2016\/09\/Makrokuva-sormuksesta.jpg","contentUrl":"https:\/\/www.ellikki.fi\/korut\/wp-content\/uploads\/2016\/09\/Makrokuva-sormuksesta.jpg","width":1000,"height":708,"caption":"Valmis kuva sormuksesta"},{"@type":"BreadcrumbList","@id":"https:\/\/www.ellikki.fi\/korut\/tietolaari\/korukuvausta-makrolla-osa-2\/#breadcrumb","itemListElement":[{"@type":"ListItem","position":1,"name":"Ellikki.fi - Helmisuutari","item":"https:\/\/www.ellikki.fi\/korut\/"},{"@type":"ListItem","position":2,"name":"Korukuvausta makrolla, osa 2"}]},{"@type":"WebSite","@id":"https:\/\/www.ellikki.fi\/korut\/#website","url":"https:\/\/www.ellikki.fi\/korut\/","name":"Ellikki.fi","description":"Helmisuutari","potentialAction":[{"@type":"SearchAction","target":{"@type":"EntryPoint","urlTemplate":"https:\/\/www.ellikki.fi\/korut\/?s={search_term_string}"},"query-input":{"@type":"PropertyValueSpecification","valueRequired":true,"valueName":"search_term_string"}}],"inLanguage":"fi"},{"@type":"Person","@id":"https:\/\/www.ellikki.fi\/korut\/#\/schema\/person\/4100981f383f4e840417efe2a45a2e13","name":"Ellikki","image":{"@type":"ImageObject","inLanguage":"fi","@id":"https:\/\/www.ellikki.fi\/korut\/#\/schema\/person\/image\/","url":"https:\/\/secure.gravatar.com\/avatar\/68459a81492a7fdb3d3e31353836619029f7a695895440f957f81143855d97ee?s=96&d=mm&r=g","contentUrl":"https:\/\/secure.gravatar.com\/avatar\/68459a81492a7fdb3d3e31353836619029f7a695895440f957f81143855d97ee?s=96&d=mm&r=g","caption":"Ellikki"},"description":"Loputtoman utelias hevostoimittaja, tarinanmets\u00e4st\u00e4j\u00e4 ja koruharrastaja, joka edelleen ihmettelee maailmaa ja koettaa aina silloin t\u00e4ll\u00f6in tehd\u00e4 jotain ensi kertaa el\u00e4m\u00e4ss\u00e4\u00e4n."}]}},"_links":{"self":[{"href":"https:\/\/www.ellikki.fi\/korut\/wp-json\/wp\/v2\/posts\/1585","targetHints":{"allow":["GET"]}}],"collection":[{"href":"https:\/\/www.ellikki.fi\/korut\/wp-json\/wp\/v2\/posts"}],"about":[{"href":"https:\/\/www.ellikki.fi\/korut\/wp-json\/wp\/v2\/types\/post"}],"author":[{"embeddable":true,"href":"https:\/\/www.ellikki.fi\/korut\/wp-json\/wp\/v2\/users\/1"}],"replies":[{"embeddable":true,"href":"https:\/\/www.ellikki.fi\/korut\/wp-json\/wp\/v2\/comments?post=1585"}],"version-history":[{"count":0,"href":"https:\/\/www.ellikki.fi\/korut\/wp-json\/wp\/v2\/posts\/1585\/revisions"}],"wp:featuredmedia":[{"embeddable":true,"href":"https:\/\/www.ellikki.fi\/korut\/wp-json\/wp\/v2\/media\/1588"}],"wp:attachment":[{"href":"https:\/\/www.ellikki.fi\/korut\/wp-json\/wp\/v2\/media?parent=1585"}],"wp:term":[{"taxonomy":"category","embeddable":true,"href":"https:\/\/www.ellikki.fi\/korut\/wp-json\/wp\/v2\/categories?post=1585"},{"taxonomy":"post_tag","embeddable":true,"href":"https:\/\/www.ellikki.fi\/korut\/wp-json\/wp\/v2\/tags?post=1585"}],"curies":[{"name":"wp","href":"https:\/\/api.w.org\/{rel}","templated":true}]}}