{"id":1595,"date":"2016-09-29T00:03:21","date_gmt":"2016-09-28T21:03:21","guid":{"rendered":"http:\/\/www.ellikki.fi\/korut\/?p=1595"},"modified":"2016-11-03T01:49:03","modified_gmt":"2016-11-02T23:49:03","slug":"prix-dellikki","status":"publish","type":"post","link":"https:\/\/www.ellikki.fi\/korut\/uutisia-askartelun-maailmasta\/prix-dellikki\/","title":{"rendered":"Prix d&#8217;Ellikki"},"content":{"rendered":"<p>Koruharrastukseni alkaa olla kohtalaisen tunnettua hevosharrastuspiireiss\u00e4. Korut olivat ennen hevosia, ja varmaan tulevat aina olemaan osa minua. Olen mahdollisuuksien mukaan pyrkinyt yhdist\u00e4m\u00e4\u00e4n korut hevosjuttuihin, ja nyt tarjoutui yksi sellainen mahdollisuus. Koska ratsastuskilpailuissa luokka nimet\u00e4\u00e4n sponsorin mukaan, voidaan sanoa ett\u00e4 minulla oli kisoissa oma luokka. Se tuntuu ajatuksena aika huikealta. Prix de Ellikki, tai niin kuin min\u00e4 sen haluan kirjoittaa: Prix d&#8217;Ellikki. Olen kielioppiniuho my\u00f6s ranskaksi.<\/p>\n<p>Kymijoen Ratsastajat l\u00e4hestyi minua kysyen, olisiko minulla lahjoittaa palkintokoruja yhteen ratsastusluokkaan. Luokaksi valikoitui kouluratsastuksen junioriseuramestaruusluokka, sill\u00e4 kouluratsastus on minulle tutumpaa kuin esteet. Luokassa ratsastettiin helppo C -ohjelma. Mestariksi ja kakkoseksi ratsastivat sisarukset Nella ja Jasmin M\u00e4kel\u00e4. Luokkavoiton vei Titta Tihula. Ratsastus tunnetaan tytt\u00f6jen lajina, joten korujen suunnittelu ei ollut erityisen vaikeaa. Vaaleanpunainen on takuuvarma valinta. Mestari sai juuri t\u00e4t\u00e4 p\u00e4iv\u00e4\u00e4 varten tehdyn korusetin, toisille l\u00f6ytyy kauniit korut ehtym\u00e4tt\u00f6m\u00e4st\u00e4 varastostani. Kuten kaikki koruharrastajat, minullakin on se ongelma, ett\u00e4 niit\u00e4 kertyy. Korun tekeminen on se kivoin vaihe ja sitten ne yleens\u00e4 p\u00e4\u00e4tyv\u00e4t s\u00e4il\u00f6\u00f6n tai \u00e4idille.<\/p>\n<div class=\"fusion-fullwidth fullwidth-box fusion-builder-row-1 hundred-percent-fullwidth non-hundred-percent-height-scrolling\" style=\"--awb-border-radius-top-left:0px;--awb-border-radius-top-right:0px;--awb-border-radius-bottom-right:0px;--awb-border-radius-bottom-left:0px;--awb-overflow:visible;--awb-flex-wrap:wrap;\" ><div class=\"fusion-builder-row fusion-row\"><div class=\"fusion-layout-column fusion_builder_column fusion-builder-column-0 fusion_builder_column_1_1 1_1 fusion-one-full fusion-column-first fusion-column-last fusion-column-no-min-height\" style=\"--awb-bg-size:cover;--awb-margin-bottom:0px;\"><div class=\"fusion-column-wrapper fusion-flex-column-wrapper-legacy\"><div id=\"attachment_1597\" style=\"width: 810px\" class=\"wp-caption aligncenter\"><a href=\"http:\/\/www.ellikki.fi\/korut\/wp-content\/uploads\/2016\/09\/Onnittelut-mestarille.jpg\"><img decoding=\"async\" aria-describedby=\"caption-attachment-1597\" class=\"wp-image-1597 size-full\" src=\"http:\/\/www.ellikki.fi\/korut\/wp-content\/uploads\/2016\/09\/Onnittelut-mestarille.jpg\" alt=\"onnittelut-mestarille\" width=\"800\" height=\"617\" srcset=\"https:\/\/www.ellikki.fi\/korut\/wp-content\/uploads\/2016\/09\/Onnittelut-mestarille-200x154.jpg 200w, https:\/\/www.ellikki.fi\/korut\/wp-content\/uploads\/2016\/09\/Onnittelut-mestarille-300x231.jpg 300w, https:\/\/www.ellikki.fi\/korut\/wp-content\/uploads\/2016\/09\/Onnittelut-mestarille-400x309.jpg 400w, https:\/\/www.ellikki.fi\/korut\/wp-content\/uploads\/2016\/09\/Onnittelut-mestarille-600x463.jpg 600w, https:\/\/www.ellikki.fi\/korut\/wp-content\/uploads\/2016\/09\/Onnittelut-mestarille-768x592.jpg 768w, https:\/\/www.ellikki.fi\/korut\/wp-content\/uploads\/2016\/09\/Onnittelut-mestarille.jpg 800w\" sizes=\"(max-width: 800px) 100vw, 800px\" \/><\/a><p id=\"caption-attachment-1597\" class=\"wp-caption-text\">Onnittelut mestarille! Valkea poni oli kovasti ep\u00e4luuloinen palkintojenjaossa. Liehuvat ruusukenauhat olivat ponin mielest\u00e4 jotain, mit\u00e4 on parasta olla p\u00e4\u00e4st\u00e4m\u00e4tt\u00e4 liian l\u00e4helle. Jonkin ajan kuluttua palkitsijat tulivat siihen tulokseen, ett\u00e4 ponin ei tarvitse ottaa ruusuketta korvan juureen, sen saa kiinnitetty\u00e4 my\u00f6s satulaan.<\/p><\/div>\n<p><a href=\"http:\/\/www.ellikki.fi\/korut\/wp-content\/uploads\/2016\/09\/Nella-ja-Jasmin-M\u00e4kel\u00e4.jpg\"><img decoding=\"async\" class=\"aligncenter size-full wp-image-1601\" src=\"http:\/\/www.ellikki.fi\/korut\/wp-content\/uploads\/2016\/09\/Nella-ja-Jasmin-M\u00e4kel\u00e4.jpg\" alt=\"nella-ja-jasmin-makela\" width=\"800\" height=\"598\" srcset=\"https:\/\/www.ellikki.fi\/korut\/wp-content\/uploads\/2016\/09\/Nella-ja-Jasmin-M\u00e4kel\u00e4-200x150.jpg 200w, https:\/\/www.ellikki.fi\/korut\/wp-content\/uploads\/2016\/09\/Nella-ja-Jasmin-M\u00e4kel\u00e4-300x224.jpg 300w, https:\/\/www.ellikki.fi\/korut\/wp-content\/uploads\/2016\/09\/Nella-ja-Jasmin-M\u00e4kel\u00e4-400x299.jpg 400w, https:\/\/www.ellikki.fi\/korut\/wp-content\/uploads\/2016\/09\/Nella-ja-Jasmin-M\u00e4kel\u00e4-600x449.jpg 600w, https:\/\/www.ellikki.fi\/korut\/wp-content\/uploads\/2016\/09\/Nella-ja-Jasmin-M\u00e4kel\u00e4-768x574.jpg 768w, https:\/\/www.ellikki.fi\/korut\/wp-content\/uploads\/2016\/09\/Nella-ja-Jasmin-M\u00e4kel\u00e4.jpg 800w\" sizes=\"(max-width: 800px) 100vw, 800px\" \/><\/a><\/p>\n<p><a href=\"http:\/\/www.ellikki.fi\/korut\/wp-content\/uploads\/2016\/09\/Mestari-radalla.jpg\"><img decoding=\"async\" class=\"aligncenter size-full wp-image-1598\" src=\"http:\/\/www.ellikki.fi\/korut\/wp-content\/uploads\/2016\/09\/Mestari-radalla.jpg\" alt=\"mestari-radalla\" width=\"800\" height=\"632\" srcset=\"https:\/\/www.ellikki.fi\/korut\/wp-content\/uploads\/2016\/09\/Mestari-radalla-200x158.jpg 200w, https:\/\/www.ellikki.fi\/korut\/wp-content\/uploads\/2016\/09\/Mestari-radalla-300x237.jpg 300w, https:\/\/www.ellikki.fi\/korut\/wp-content\/uploads\/2016\/09\/Mestari-radalla-400x316.jpg 400w, https:\/\/www.ellikki.fi\/korut\/wp-content\/uploads\/2016\/09\/Mestari-radalla-600x474.jpg 600w, https:\/\/www.ellikki.fi\/korut\/wp-content\/uploads\/2016\/09\/Mestari-radalla-768x607.jpg 768w, https:\/\/www.ellikki.fi\/korut\/wp-content\/uploads\/2016\/09\/Mestari-radalla.jpg 800w\" sizes=\"(max-width: 800px) 100vw, 800px\" \/><\/a><\/p>\n<p><a href=\"http:\/\/www.ellikki.fi\/korut\/wp-content\/uploads\/2016\/09\/Hopeamitalisti-radalla.jpg\"><img decoding=\"async\" class=\"aligncenter size-full wp-image-1599\" src=\"http:\/\/www.ellikki.fi\/korut\/wp-content\/uploads\/2016\/09\/Hopeamitalisti-radalla.jpg\" alt=\"hopeamitalisti-radalla\" width=\"800\" height=\"602\" srcset=\"https:\/\/www.ellikki.fi\/korut\/wp-content\/uploads\/2016\/09\/Hopeamitalisti-radalla-200x151.jpg 200w, https:\/\/www.ellikki.fi\/korut\/wp-content\/uploads\/2016\/09\/Hopeamitalisti-radalla-300x226.jpg 300w, https:\/\/www.ellikki.fi\/korut\/wp-content\/uploads\/2016\/09\/Hopeamitalisti-radalla-400x301.jpg 400w, https:\/\/www.ellikki.fi\/korut\/wp-content\/uploads\/2016\/09\/Hopeamitalisti-radalla-600x452.jpg 600w, https:\/\/www.ellikki.fi\/korut\/wp-content\/uploads\/2016\/09\/Hopeamitalisti-radalla-768x578.jpg 768w, https:\/\/www.ellikki.fi\/korut\/wp-content\/uploads\/2016\/09\/Hopeamitalisti-radalla.jpg 800w\" sizes=\"(max-width: 800px) 100vw, 800px\" \/><\/a><\/p>\n<p><a href=\"http:\/\/www.ellikki.fi\/korut\/wp-content\/uploads\/2016\/09\/Kiara-ja-Titta-Tihula.jpg\"><img decoding=\"async\" class=\"aligncenter size-full wp-image-1603\" src=\"http:\/\/www.ellikki.fi\/korut\/wp-content\/uploads\/2016\/09\/Kiara-ja-Titta-Tihula.jpg\" alt=\"kiara-ja-titta-tihula\" width=\"560\" height=\"800\" srcset=\"https:\/\/www.ellikki.fi\/korut\/wp-content\/uploads\/2016\/09\/Kiara-ja-Titta-Tihula-200x286.jpg 200w, https:\/\/www.ellikki.fi\/korut\/wp-content\/uploads\/2016\/09\/Kiara-ja-Titta-Tihula-210x300.jpg 210w, https:\/\/www.ellikki.fi\/korut\/wp-content\/uploads\/2016\/09\/Kiara-ja-Titta-Tihula-400x571.jpg 400w, https:\/\/www.ellikki.fi\/korut\/wp-content\/uploads\/2016\/09\/Kiara-ja-Titta-Tihula.jpg 560w\" sizes=\"(max-width: 560px) 100vw, 560px\" \/><\/a><div class=\"fusion-clearfix\"><\/div><\/div><\/div><\/div><\/div>\n","protected":false},"excerpt":{"rendered":"<p>Koruharrastukseni alkaa olla kohtalaisen tunnettua hevosharrastuspiireiss\u00e4. Korut olivat ennen hevosia, ja varmaan tulevat aina olemaan osa minua. Olen mahdollisuuksien mukaan pyrkinyt yhdist\u00e4m\u00e4\u00e4n korut hevosjuttuihin, ja nyt tarjoutui yksi sellainen mahdollisuus. Koska ratsastuskilpailuissa luokka nimet\u00e4\u00e4n sponsorin  [&#8230;]<\/p>\n","protected":false},"author":1,"featured_media":1596,"comment_status":"open","ping_status":"closed","sticky":false,"template":"","format":"standard","meta":{"footnotes":""},"categories":[7],"tags":[380,382,381],"class_list":["post-1595","post","type-post","status-publish","format-standard","has-post-thumbnail","hentry","category-uutisia-askartelun-maailmasta","tag-kjr","tag-kouluratsastus","tag-prix-de-ellikki"],"yoast_head":"<!-- This site is optimized with the Yoast SEO plugin v27.1.1 - https:\/\/yoast.com\/product\/yoast-seo-wordpress\/ -->\n<title>Prix d&#039;Ellikki - Ellikki.fi<\/title>\n<meta name=\"description\" content=\"Koruharrastaja oli otettu, kun sai itsens\u00e4 mukaan nimetyn luokan seurakisoihin. Prix d&#039;Ellikki oli mielenkiintoinen kokemus.\" \/>\n<meta name=\"robots\" content=\"index, follow, max-snippet:-1, max-image-preview:large, max-video-preview:-1\" \/>\n<link rel=\"canonical\" href=\"https:\/\/www.ellikki.fi\/korut\/uutisia-askartelun-maailmasta\/prix-dellikki\/\" \/>\n<meta property=\"og:locale\" content=\"fi_FI\" \/>\n<meta property=\"og:type\" content=\"article\" \/>\n<meta property=\"og:title\" content=\"Prix d&#039;Ellikki - Ellikki.fi\" \/>\n<meta property=\"og:description\" content=\"Koruharrastaja oli otettu, kun sai itsens\u00e4 mukaan nimetyn luokan seurakisoihin. Prix d&#039;Ellikki oli mielenkiintoinen kokemus.\" \/>\n<meta property=\"og:url\" content=\"https:\/\/www.ellikki.fi\/korut\/uutisia-askartelun-maailmasta\/prix-dellikki\/\" \/>\n<meta property=\"og:site_name\" content=\"Ellikki.fi\" \/>\n<meta property=\"article:publisher\" content=\"https:\/\/www.facebook.com\/ellikki\" \/>\n<meta property=\"article:published_time\" content=\"2016-09-28T21:03:21+00:00\" \/>\n<meta property=\"article:modified_time\" content=\"2016-11-02T23:49:03+00:00\" \/>\n<meta property=\"og:image\" content=\"https:\/\/www.ellikki.fi\/korut\/wp-content\/uploads\/2016\/09\/Korupalkinnot.jpg\" \/>\n\t<meta property=\"og:image:width\" content=\"719\" \/>\n\t<meta property=\"og:image:height\" content=\"796\" \/>\n\t<meta property=\"og:image:type\" content=\"image\/jpeg\" \/>\n<meta name=\"author\" content=\"Ellikki\" \/>\n<meta name=\"twitter:card\" content=\"summary_large_image\" \/>\n<meta name=\"twitter:creator\" content=\"@eltalvio\" \/>\n<meta name=\"twitter:site\" content=\"@eltalvio\" \/>\n<meta name=\"twitter:label1\" content=\"Kirjoittanut\" \/>\n\t<meta name=\"twitter:data1\" content=\"Ellikki\" \/>\n\t<meta name=\"twitter:label2\" content=\"Arvioitu lukuaika\" \/>\n\t<meta name=\"twitter:data2\" content=\"1 minuutti\" \/>\n<script type=\"application\/ld+json\" class=\"yoast-schema-graph\">{\"@context\":\"https:\/\/schema.org\",\"@graph\":[{\"@type\":\"Article\",\"@id\":\"https:\/\/www.ellikki.fi\/korut\/uutisia-askartelun-maailmasta\/prix-dellikki\/#article\",\"isPartOf\":{\"@id\":\"https:\/\/www.ellikki.fi\/korut\/uutisia-askartelun-maailmasta\/prix-dellikki\/\"},\"author\":{\"name\":\"Ellikki\",\"@id\":\"https:\/\/www.ellikki.fi\/korut\/#\/schema\/person\/4100981f383f4e840417efe2a45a2e13\"},\"headline\":\"Prix d&#8217;Ellikki\",\"datePublished\":\"2016-09-28T21:03:21+00:00\",\"dateModified\":\"2016-11-02T23:49:03+00:00\",\"mainEntityOfPage\":{\"@id\":\"https:\/\/www.ellikki.fi\/korut\/uutisia-askartelun-maailmasta\/prix-dellikki\/\"},\"wordCount\":303,\"commentCount\":0,\"image\":{\"@id\":\"https:\/\/www.ellikki.fi\/korut\/uutisia-askartelun-maailmasta\/prix-dellikki\/#primaryimage\"},\"thumbnailUrl\":\"https:\/\/www.ellikki.fi\/korut\/wp-content\/uploads\/2016\/09\/Korupalkinnot.jpg\",\"keywords\":[\"KJR\",\"kouluratsastus\",\"Prix de Ellikki\"],\"articleSection\":[\"Uutisia askartelun maailmasta\"],\"inLanguage\":\"fi\",\"potentialAction\":[{\"@type\":\"CommentAction\",\"name\":\"Comment\",\"target\":[\"https:\/\/www.ellikki.fi\/korut\/uutisia-askartelun-maailmasta\/prix-dellikki\/#respond\"]}]},{\"@type\":\"WebPage\",\"@id\":\"https:\/\/www.ellikki.fi\/korut\/uutisia-askartelun-maailmasta\/prix-dellikki\/\",\"url\":\"https:\/\/www.ellikki.fi\/korut\/uutisia-askartelun-maailmasta\/prix-dellikki\/\",\"name\":\"Prix d'Ellikki - Ellikki.fi\",\"isPartOf\":{\"@id\":\"https:\/\/www.ellikki.fi\/korut\/#website\"},\"primaryImageOfPage\":{\"@id\":\"https:\/\/www.ellikki.fi\/korut\/uutisia-askartelun-maailmasta\/prix-dellikki\/#primaryimage\"},\"image\":{\"@id\":\"https:\/\/www.ellikki.fi\/korut\/uutisia-askartelun-maailmasta\/prix-dellikki\/#primaryimage\"},\"thumbnailUrl\":\"https:\/\/www.ellikki.fi\/korut\/wp-content\/uploads\/2016\/09\/Korupalkinnot.jpg\",\"datePublished\":\"2016-09-28T21:03:21+00:00\",\"dateModified\":\"2016-11-02T23:49:03+00:00\",\"author\":{\"@id\":\"https:\/\/www.ellikki.fi\/korut\/#\/schema\/person\/4100981f383f4e840417efe2a45a2e13\"},\"description\":\"Koruharrastaja oli otettu, kun sai itsens\u00e4 mukaan nimetyn luokan seurakisoihin. Prix d'Ellikki oli mielenkiintoinen kokemus.\",\"breadcrumb\":{\"@id\":\"https:\/\/www.ellikki.fi\/korut\/uutisia-askartelun-maailmasta\/prix-dellikki\/#breadcrumb\"},\"inLanguage\":\"fi\",\"potentialAction\":[{\"@type\":\"ReadAction\",\"target\":[\"https:\/\/www.ellikki.fi\/korut\/uutisia-askartelun-maailmasta\/prix-dellikki\/\"]}]},{\"@type\":\"ImageObject\",\"inLanguage\":\"fi\",\"@id\":\"https:\/\/www.ellikki.fi\/korut\/uutisia-askartelun-maailmasta\/prix-dellikki\/#primaryimage\",\"url\":\"https:\/\/www.ellikki.fi\/korut\/wp-content\/uploads\/2016\/09\/Korupalkinnot.jpg\",\"contentUrl\":\"https:\/\/www.ellikki.fi\/korut\/wp-content\/uploads\/2016\/09\/Korupalkinnot.jpg\",\"width\":719,\"height\":796,\"caption\":\"Prix d'Ellikki\"},{\"@type\":\"BreadcrumbList\",\"@id\":\"https:\/\/www.ellikki.fi\/korut\/uutisia-askartelun-maailmasta\/prix-dellikki\/#breadcrumb\",\"itemListElement\":[{\"@type\":\"ListItem\",\"position\":1,\"name\":\"Ellikki.fi - Helmisuutari\",\"item\":\"https:\/\/www.ellikki.fi\/korut\/\"},{\"@type\":\"ListItem\",\"position\":2,\"name\":\"Prix d&#8217;Ellikki\"}]},{\"@type\":\"WebSite\",\"@id\":\"https:\/\/www.ellikki.fi\/korut\/#website\",\"url\":\"https:\/\/www.ellikki.fi\/korut\/\",\"name\":\"Ellikki.fi\",\"description\":\"Helmisuutari\",\"potentialAction\":[{\"@type\":\"SearchAction\",\"target\":{\"@type\":\"EntryPoint\",\"urlTemplate\":\"https:\/\/www.ellikki.fi\/korut\/?s={search_term_string}\"},\"query-input\":{\"@type\":\"PropertyValueSpecification\",\"valueRequired\":true,\"valueName\":\"search_term_string\"}}],\"inLanguage\":\"fi\"},{\"@type\":\"Person\",\"@id\":\"https:\/\/www.ellikki.fi\/korut\/#\/schema\/person\/4100981f383f4e840417efe2a45a2e13\",\"name\":\"Ellikki\",\"image\":{\"@type\":\"ImageObject\",\"inLanguage\":\"fi\",\"@id\":\"https:\/\/www.ellikki.fi\/korut\/#\/schema\/person\/image\/\",\"url\":\"https:\/\/secure.gravatar.com\/avatar\/68459a81492a7fdb3d3e31353836619029f7a695895440f957f81143855d97ee?s=96&d=mm&r=g\",\"contentUrl\":\"https:\/\/secure.gravatar.com\/avatar\/68459a81492a7fdb3d3e31353836619029f7a695895440f957f81143855d97ee?s=96&d=mm&r=g\",\"caption\":\"Ellikki\"},\"description\":\"Loputtoman utelias hevostoimittaja, tarinanmets\u00e4st\u00e4j\u00e4 ja koruharrastaja, joka edelleen ihmettelee maailmaa ja koettaa aina silloin t\u00e4ll\u00f6in tehd\u00e4 jotain ensi kertaa el\u00e4m\u00e4ss\u00e4\u00e4n.\"}]}<\/script>\n<!-- \/ Yoast SEO plugin. -->","yoast_head_json":{"title":"Prix d'Ellikki - Ellikki.fi","description":"Koruharrastaja oli otettu, kun sai itsens\u00e4 mukaan nimetyn luokan seurakisoihin. Prix d'Ellikki oli mielenkiintoinen kokemus.","robots":{"index":"index","follow":"follow","max-snippet":"max-snippet:-1","max-image-preview":"max-image-preview:large","max-video-preview":"max-video-preview:-1"},"canonical":"https:\/\/www.ellikki.fi\/korut\/uutisia-askartelun-maailmasta\/prix-dellikki\/","og_locale":"fi_FI","og_type":"article","og_title":"Prix d'Ellikki - Ellikki.fi","og_description":"Koruharrastaja oli otettu, kun sai itsens\u00e4 mukaan nimetyn luokan seurakisoihin. Prix d'Ellikki oli mielenkiintoinen kokemus.","og_url":"https:\/\/www.ellikki.fi\/korut\/uutisia-askartelun-maailmasta\/prix-dellikki\/","og_site_name":"Ellikki.fi","article_publisher":"https:\/\/www.facebook.com\/ellikki","article_published_time":"2016-09-28T21:03:21+00:00","article_modified_time":"2016-11-02T23:49:03+00:00","og_image":[{"width":719,"height":796,"url":"https:\/\/www.ellikki.fi\/korut\/wp-content\/uploads\/2016\/09\/Korupalkinnot.jpg","type":"image\/jpeg"}],"author":"Ellikki","twitter_card":"summary_large_image","twitter_creator":"@eltalvio","twitter_site":"@eltalvio","twitter_misc":{"Kirjoittanut":"Ellikki","Arvioitu lukuaika":"1 minuutti"},"schema":{"@context":"https:\/\/schema.org","@graph":[{"@type":"Article","@id":"https:\/\/www.ellikki.fi\/korut\/uutisia-askartelun-maailmasta\/prix-dellikki\/#article","isPartOf":{"@id":"https:\/\/www.ellikki.fi\/korut\/uutisia-askartelun-maailmasta\/prix-dellikki\/"},"author":{"name":"Ellikki","@id":"https:\/\/www.ellikki.fi\/korut\/#\/schema\/person\/4100981f383f4e840417efe2a45a2e13"},"headline":"Prix d&#8217;Ellikki","datePublished":"2016-09-28T21:03:21+00:00","dateModified":"2016-11-02T23:49:03+00:00","mainEntityOfPage":{"@id":"https:\/\/www.ellikki.fi\/korut\/uutisia-askartelun-maailmasta\/prix-dellikki\/"},"wordCount":303,"commentCount":0,"image":{"@id":"https:\/\/www.ellikki.fi\/korut\/uutisia-askartelun-maailmasta\/prix-dellikki\/#primaryimage"},"thumbnailUrl":"https:\/\/www.ellikki.fi\/korut\/wp-content\/uploads\/2016\/09\/Korupalkinnot.jpg","keywords":["KJR","kouluratsastus","Prix de Ellikki"],"articleSection":["Uutisia askartelun maailmasta"],"inLanguage":"fi","potentialAction":[{"@type":"CommentAction","name":"Comment","target":["https:\/\/www.ellikki.fi\/korut\/uutisia-askartelun-maailmasta\/prix-dellikki\/#respond"]}]},{"@type":"WebPage","@id":"https:\/\/www.ellikki.fi\/korut\/uutisia-askartelun-maailmasta\/prix-dellikki\/","url":"https:\/\/www.ellikki.fi\/korut\/uutisia-askartelun-maailmasta\/prix-dellikki\/","name":"Prix d'Ellikki - Ellikki.fi","isPartOf":{"@id":"https:\/\/www.ellikki.fi\/korut\/#website"},"primaryImageOfPage":{"@id":"https:\/\/www.ellikki.fi\/korut\/uutisia-askartelun-maailmasta\/prix-dellikki\/#primaryimage"},"image":{"@id":"https:\/\/www.ellikki.fi\/korut\/uutisia-askartelun-maailmasta\/prix-dellikki\/#primaryimage"},"thumbnailUrl":"https:\/\/www.ellikki.fi\/korut\/wp-content\/uploads\/2016\/09\/Korupalkinnot.jpg","datePublished":"2016-09-28T21:03:21+00:00","dateModified":"2016-11-02T23:49:03+00:00","author":{"@id":"https:\/\/www.ellikki.fi\/korut\/#\/schema\/person\/4100981f383f4e840417efe2a45a2e13"},"description":"Koruharrastaja oli otettu, kun sai itsens\u00e4 mukaan nimetyn luokan seurakisoihin. Prix d'Ellikki oli mielenkiintoinen kokemus.","breadcrumb":{"@id":"https:\/\/www.ellikki.fi\/korut\/uutisia-askartelun-maailmasta\/prix-dellikki\/#breadcrumb"},"inLanguage":"fi","potentialAction":[{"@type":"ReadAction","target":["https:\/\/www.ellikki.fi\/korut\/uutisia-askartelun-maailmasta\/prix-dellikki\/"]}]},{"@type":"ImageObject","inLanguage":"fi","@id":"https:\/\/www.ellikki.fi\/korut\/uutisia-askartelun-maailmasta\/prix-dellikki\/#primaryimage","url":"https:\/\/www.ellikki.fi\/korut\/wp-content\/uploads\/2016\/09\/Korupalkinnot.jpg","contentUrl":"https:\/\/www.ellikki.fi\/korut\/wp-content\/uploads\/2016\/09\/Korupalkinnot.jpg","width":719,"height":796,"caption":"Prix d'Ellikki"},{"@type":"BreadcrumbList","@id":"https:\/\/www.ellikki.fi\/korut\/uutisia-askartelun-maailmasta\/prix-dellikki\/#breadcrumb","itemListElement":[{"@type":"ListItem","position":1,"name":"Ellikki.fi - Helmisuutari","item":"https:\/\/www.ellikki.fi\/korut\/"},{"@type":"ListItem","position":2,"name":"Prix d&#8217;Ellikki"}]},{"@type":"WebSite","@id":"https:\/\/www.ellikki.fi\/korut\/#website","url":"https:\/\/www.ellikki.fi\/korut\/","name":"Ellikki.fi","description":"Helmisuutari","potentialAction":[{"@type":"SearchAction","target":{"@type":"EntryPoint","urlTemplate":"https:\/\/www.ellikki.fi\/korut\/?s={search_term_string}"},"query-input":{"@type":"PropertyValueSpecification","valueRequired":true,"valueName":"search_term_string"}}],"inLanguage":"fi"},{"@type":"Person","@id":"https:\/\/www.ellikki.fi\/korut\/#\/schema\/person\/4100981f383f4e840417efe2a45a2e13","name":"Ellikki","image":{"@type":"ImageObject","inLanguage":"fi","@id":"https:\/\/www.ellikki.fi\/korut\/#\/schema\/person\/image\/","url":"https:\/\/secure.gravatar.com\/avatar\/68459a81492a7fdb3d3e31353836619029f7a695895440f957f81143855d97ee?s=96&d=mm&r=g","contentUrl":"https:\/\/secure.gravatar.com\/avatar\/68459a81492a7fdb3d3e31353836619029f7a695895440f957f81143855d97ee?s=96&d=mm&r=g","caption":"Ellikki"},"description":"Loputtoman utelias hevostoimittaja, tarinanmets\u00e4st\u00e4j\u00e4 ja koruharrastaja, joka edelleen ihmettelee maailmaa ja koettaa aina silloin t\u00e4ll\u00f6in tehd\u00e4 jotain ensi kertaa el\u00e4m\u00e4ss\u00e4\u00e4n."}]}},"_links":{"self":[{"href":"https:\/\/www.ellikki.fi\/korut\/wp-json\/wp\/v2\/posts\/1595","targetHints":{"allow":["GET"]}}],"collection":[{"href":"https:\/\/www.ellikki.fi\/korut\/wp-json\/wp\/v2\/posts"}],"about":[{"href":"https:\/\/www.ellikki.fi\/korut\/wp-json\/wp\/v2\/types\/post"}],"author":[{"embeddable":true,"href":"https:\/\/www.ellikki.fi\/korut\/wp-json\/wp\/v2\/users\/1"}],"replies":[{"embeddable":true,"href":"https:\/\/www.ellikki.fi\/korut\/wp-json\/wp\/v2\/comments?post=1595"}],"version-history":[{"count":0,"href":"https:\/\/www.ellikki.fi\/korut\/wp-json\/wp\/v2\/posts\/1595\/revisions"}],"wp:featuredmedia":[{"embeddable":true,"href":"https:\/\/www.ellikki.fi\/korut\/wp-json\/wp\/v2\/media\/1596"}],"wp:attachment":[{"href":"https:\/\/www.ellikki.fi\/korut\/wp-json\/wp\/v2\/media?parent=1595"}],"wp:term":[{"taxonomy":"category","embeddable":true,"href":"https:\/\/www.ellikki.fi\/korut\/wp-json\/wp\/v2\/categories?post=1595"},{"taxonomy":"post_tag","embeddable":true,"href":"https:\/\/www.ellikki.fi\/korut\/wp-json\/wp\/v2\/tags?post=1595"}],"curies":[{"name":"wp","href":"https:\/\/api.w.org\/{rel}","templated":true}]}}