{"id":1620,"date":"2016-11-05T23:31:17","date_gmt":"2016-11-05T21:31:17","guid":{"rendered":"http:\/\/www.ellikki.fi\/korut\/?p=1620"},"modified":"2016-11-05T23:31:17","modified_gmt":"2016-11-05T21:31:17","slug":"kateva-tekeva","status":"publish","type":"post","link":"https:\/\/www.ellikki.fi\/korut\/puffiboksi\/kateva-tekeva\/","title":{"rendered":"K\u00e4tevi\u00e4 ja tekevi\u00e4 k\u00e4si\u00e4"},"content":{"rendered":"<p>Lahdessa j\u00e4rjestetyt K\u00e4tev\u00e4 &amp; Tekev\u00e4 -messut esitteliv\u00e4t k\u00e4dentaitajia laidasta laitaan. Perinteisen lis\u00e4ksi messuilla oli uutta n\u00e4ht\u00e4v\u00e4\u00e4. Sellaiseen messut ovat oiva paikka. Tekij\u00e4 l\u00f6yt\u00e4\u00e4 yleis\u00f6\u00e4 ja messuj\u00e4rjest\u00e4j\u00e4n kannalta on hyv\u00e4, jos messuilla on jotain uutta ja kiinnostavaa. Oli kankaita, jotka oli tehty merest\u00e4 ker\u00e4tyst\u00e4 muovista, &#8221;maalauksia&#8221; langoista ompeleva taiteilija ja pukuja, jotka eiv\u00e4t olleet paikalla fyysisesti vaan virtuaalitodellisuudessa. Mukana oli my\u00f6s 11-vuotias koruyritt\u00e4j\u00e4 KoruMies Arvi. Yksi ja toinen taisi ostaa lipun ihan vain n\u00e4hd\u00e4kseen Arvin.<\/p>\n<p>P\u00e4\u00e4osassa olivat k\u00e4dentaidot ja k\u00e4sill\u00e4 tekeminen, mutta muutakin mahtui saman katon alle. Omanlaista k\u00e4dentaitoa ja koordinaatiota vaatii sekin, ett\u00e4 oppii ajamaan radio-ohjattavaa autoa. 80 km\/h kulkevat radio-ohjattavat ovat jo melkoisia ohjuksia.<\/p>\n<div id=\"attachment_1622\" style=\"width: 576px\" class=\"wp-caption aligncenter\"><a href=\"http:\/\/www.ellikki.fi\/korut\/wp-content\/uploads\/2016\/11\/Muovimekko.jpg\"><img decoding=\"async\" aria-describedby=\"caption-attachment-1622\" class=\"wp-image-1622 size-full\" src=\"http:\/\/www.ellikki.fi\/korut\/wp-content\/uploads\/2016\/11\/Muovimekko.jpg\" alt=\"muovimekko\" width=\"566\" height=\"800\" srcset=\"https:\/\/www.ellikki.fi\/korut\/wp-content\/uploads\/2016\/11\/Muovimekko-200x283.jpg 200w, https:\/\/www.ellikki.fi\/korut\/wp-content\/uploads\/2016\/11\/Muovimekko-212x300.jpg 212w, https:\/\/www.ellikki.fi\/korut\/wp-content\/uploads\/2016\/11\/Muovimekko-400x565.jpg 400w, https:\/\/www.ellikki.fi\/korut\/wp-content\/uploads\/2016\/11\/Muovimekko.jpg 566w\" sizes=\"(max-width: 566px) 100vw, 566px\" \/><\/a><p id=\"caption-attachment-1622\" class=\"wp-caption-text\">Merest\u00e4 muovia ja muovista kangasta. Kaksi nuorta suunnittelijaa lanseerasi kangasmallistonsa Lahden K\u00e4tev\u00e4 &amp; Tekev\u00e4 -messuilla ja n\u00e4ytti, ett\u00e4 maailman voi pelastaa tyylikk\u00e4\u00e4sti, jos niin haluaa.<\/p><\/div>\n<p>&nbsp;<\/p>\n<div id=\"attachment_1623\" style=\"width: 810px\" class=\"wp-caption aligncenter\"><a href=\"http:\/\/www.ellikki.fi\/korut\/wp-content\/uploads\/2016\/11\/Luonnon-antimia.jpg\"><img decoding=\"async\" aria-describedby=\"caption-attachment-1623\" class=\"wp-image-1623 size-full\" src=\"http:\/\/www.ellikki.fi\/korut\/wp-content\/uploads\/2016\/11\/Luonnon-antimia.jpg\" alt=\"luonnon-antimia\" width=\"800\" height=\"533\" srcset=\"https:\/\/www.ellikki.fi\/korut\/wp-content\/uploads\/2016\/11\/Luonnon-antimia-200x133.jpg 200w, https:\/\/www.ellikki.fi\/korut\/wp-content\/uploads\/2016\/11\/Luonnon-antimia-300x200.jpg 300w, https:\/\/www.ellikki.fi\/korut\/wp-content\/uploads\/2016\/11\/Luonnon-antimia-400x267.jpg 400w, https:\/\/www.ellikki.fi\/korut\/wp-content\/uploads\/2016\/11\/Luonnon-antimia-600x400.jpg 600w, https:\/\/www.ellikki.fi\/korut\/wp-content\/uploads\/2016\/11\/Luonnon-antimia-768x512.jpg 768w, https:\/\/www.ellikki.fi\/korut\/wp-content\/uploads\/2016\/11\/Luonnon-antimia.jpg 800w\" sizes=\"(max-width: 800px) 100vw, 800px\" \/><\/a><p id=\"caption-attachment-1623\" class=\"wp-caption-text\">Luonnon antimista tehtyj\u00e4 el\u00e4inhahmoja.<\/p><\/div>\n<p>&nbsp;<\/p>\n<div id=\"attachment_1624\" style=\"width: 810px\" class=\"wp-caption aligncenter\"><a href=\"http:\/\/www.ellikki.fi\/korut\/wp-content\/uploads\/2016\/11\/Polkupy\u00f6r\u00e4-palasina.jpg\"><img decoding=\"async\" aria-describedby=\"caption-attachment-1624\" class=\"wp-image-1624 size-full\" src=\"http:\/\/www.ellikki.fi\/korut\/wp-content\/uploads\/2016\/11\/Polkupy\u00f6r\u00e4-palasina.jpg\" alt=\"polkupyora-palasina\" width=\"800\" height=\"548\" srcset=\"https:\/\/www.ellikki.fi\/korut\/wp-content\/uploads\/2016\/11\/Polkupy\u00f6r\u00e4-palasina-200x137.jpg 200w, https:\/\/www.ellikki.fi\/korut\/wp-content\/uploads\/2016\/11\/Polkupy\u00f6r\u00e4-palasina-300x206.jpg 300w, https:\/\/www.ellikki.fi\/korut\/wp-content\/uploads\/2016\/11\/Polkupy\u00f6r\u00e4-palasina-400x274.jpg 400w, https:\/\/www.ellikki.fi\/korut\/wp-content\/uploads\/2016\/11\/Polkupy\u00f6r\u00e4-palasina-600x411.jpg 600w, https:\/\/www.ellikki.fi\/korut\/wp-content\/uploads\/2016\/11\/Polkupy\u00f6r\u00e4-palasina-768x526.jpg 768w, https:\/\/www.ellikki.fi\/korut\/wp-content\/uploads\/2016\/11\/Polkupy\u00f6r\u00e4-palasina.jpg 800w\" sizes=\"(max-width: 800px) 100vw, 800px\" \/><\/a><p id=\"caption-attachment-1624\" class=\"wp-caption-text\">Kiinnostava erikoisuus olivat polkupy\u00f6r\u00e4n osista tehdyt korut ja somisteet. Py\u00f6r\u00e4nkumi muuntui vy\u00f6ksi, ketjut avaimenperiksi ja miehekk\u00e4iksi rannekoruiksi.<\/p><\/div>\n<p>&nbsp;<\/p>\n<div id=\"attachment_1625\" style=\"width: 810px\" class=\"wp-caption aligncenter\"><a href=\"http:\/\/www.ellikki.fi\/korut\/wp-content\/uploads\/2016\/11\/Pupu-tohveleita.jpg\"><img decoding=\"async\" aria-describedby=\"caption-attachment-1625\" class=\"wp-image-1625 size-full\" src=\"http:\/\/www.ellikki.fi\/korut\/wp-content\/uploads\/2016\/11\/Pupu-tohveleita.jpg\" alt=\"pupu-tohveleita\" width=\"800\" height=\"533\" srcset=\"https:\/\/www.ellikki.fi\/korut\/wp-content\/uploads\/2016\/11\/Pupu-tohveleita-200x133.jpg 200w, https:\/\/www.ellikki.fi\/korut\/wp-content\/uploads\/2016\/11\/Pupu-tohveleita-300x200.jpg 300w, https:\/\/www.ellikki.fi\/korut\/wp-content\/uploads\/2016\/11\/Pupu-tohveleita-400x267.jpg 400w, https:\/\/www.ellikki.fi\/korut\/wp-content\/uploads\/2016\/11\/Pupu-tohveleita-600x400.jpg 600w, https:\/\/www.ellikki.fi\/korut\/wp-content\/uploads\/2016\/11\/Pupu-tohveleita-768x512.jpg 768w, https:\/\/www.ellikki.fi\/korut\/wp-content\/uploads\/2016\/11\/Pupu-tohveleita.jpg 800w\" sizes=\"(max-width: 800px) 100vw, 800px\" \/><\/a><p id=\"caption-attachment-1625\" class=\"wp-caption-text\">Huopatohveleita. Puput ja nallet nokosilla sulassa sovussa.<\/p><\/div>\n<p>&nbsp;<\/p>\n<div id=\"attachment_1626\" style=\"width: 810px\" class=\"wp-caption aligncenter\"><a href=\"http:\/\/www.ellikki.fi\/korut\/wp-content\/uploads\/2016\/11\/Korumessuilla-ty\u00f6kalut.jpg\"><img decoding=\"async\" aria-describedby=\"caption-attachment-1626\" class=\"wp-image-1626 size-full\" src=\"http:\/\/www.ellikki.fi\/korut\/wp-content\/uploads\/2016\/11\/Korumessuilla-ty\u00f6kalut.jpg\" alt=\"korumessuilla-tyokalut\" width=\"800\" height=\"533\" srcset=\"https:\/\/www.ellikki.fi\/korut\/wp-content\/uploads\/2016\/11\/Korumessuilla-ty\u00f6kalut-200x133.jpg 200w, https:\/\/www.ellikki.fi\/korut\/wp-content\/uploads\/2016\/11\/Korumessuilla-ty\u00f6kalut-300x200.jpg 300w, https:\/\/www.ellikki.fi\/korut\/wp-content\/uploads\/2016\/11\/Korumessuilla-ty\u00f6kalut-400x267.jpg 400w, https:\/\/www.ellikki.fi\/korut\/wp-content\/uploads\/2016\/11\/Korumessuilla-ty\u00f6kalut-600x400.jpg 600w, https:\/\/www.ellikki.fi\/korut\/wp-content\/uploads\/2016\/11\/Korumessuilla-ty\u00f6kalut-768x512.jpg 768w, https:\/\/www.ellikki.fi\/korut\/wp-content\/uploads\/2016\/11\/Korumessuilla-ty\u00f6kalut.jpg 800w\" sizes=\"(max-width: 800px) 100vw, 800px\" \/><\/a><p id=\"caption-attachment-1626\" class=\"wp-caption-text\">Korutarvike- ja kivipuoli oli saanut aivan oman alueensa. Myyt\u00e4v\u00e4n\u00e4 oli erilaisia kivi\u00e4 ja jonkin verran korutarvikkeita, mutta my\u00f6s ty\u00f6kaluja. Osa oli jykevi\u00e4 takomisty\u00f6kaluja, toiset hienopiirteiseen ty\u00f6h\u00f6n tarkoitettuja. Kivimyyjien ohella k\u00e4ytett\u00e4viss\u00e4 oli my\u00f6s maksuton geologin arvio. Lahden kivikerhon geologi lausui valistuneen arvionsa siit\u00e4, mit\u00e4 kive\u00e4 rannekoruni saattaisi olla. Arvaukseni oli, ett\u00e4 se olisi marmoria, mutta ilmeisesti se on jotain kovempaa.<\/p><\/div>\n<p>&nbsp;<\/p>\n<div id=\"attachment_1627\" style=\"width: 810px\" class=\"wp-caption aligncenter\"><a href=\"http:\/\/www.ellikki.fi\/korut\/wp-content\/uploads\/2016\/11\/Hiiri-juustokaupan-vartijana.jpg\"><img decoding=\"async\" aria-describedby=\"caption-attachment-1627\" class=\"wp-image-1627 size-full\" src=\"http:\/\/www.ellikki.fi\/korut\/wp-content\/uploads\/2016\/11\/Hiiri-juustokaupan-vartijana.jpg\" alt=\"hiiri-juustokaupan-vartijana\" width=\"800\" height=\"533\" srcset=\"https:\/\/www.ellikki.fi\/korut\/wp-content\/uploads\/2016\/11\/Hiiri-juustokaupan-vartijana-200x133.jpg 200w, https:\/\/www.ellikki.fi\/korut\/wp-content\/uploads\/2016\/11\/Hiiri-juustokaupan-vartijana-300x200.jpg 300w, https:\/\/www.ellikki.fi\/korut\/wp-content\/uploads\/2016\/11\/Hiiri-juustokaupan-vartijana-400x267.jpg 400w, https:\/\/www.ellikki.fi\/korut\/wp-content\/uploads\/2016\/11\/Hiiri-juustokaupan-vartijana-600x400.jpg 600w, https:\/\/www.ellikki.fi\/korut\/wp-content\/uploads\/2016\/11\/Hiiri-juustokaupan-vartijana-768x512.jpg 768w, https:\/\/www.ellikki.fi\/korut\/wp-content\/uploads\/2016\/11\/Hiiri-juustokaupan-vartijana.jpg 800w\" sizes=\"(max-width: 800px) 100vw, 800px\" \/><\/a><p id=\"caption-attachment-1627\" class=\"wp-caption-text\">Koskaan ei ole liian vanha leikkim\u00e4\u00e4n nukkekodeilla. Nukkekotiyhdistysten j\u00e4senet olivat tehneet hienoja pikkutarkasti varusteltuja huoneita. Joka vuodella on oma teemansa. Artikkelikuvassa oleva Punahilkka oli viimevuotista satuteemaa. T\u00e4ss\u00e4 taas hiiri on unelma-ammatissaan juustokauppiaana. Malttaakohan hiiri olla maistamatta niit\u00e4?<\/p><\/div>\n","protected":false},"excerpt":{"rendered":"<p>Lahdessa j\u00e4rjestetyt K\u00e4tev\u00e4 &amp; Tekev\u00e4 -messut esitteliv\u00e4t k\u00e4dentaitajia laidasta laitaan. Perinteisen lis\u00e4ksi messuilla oli uutta n\u00e4ht\u00e4v\u00e4\u00e4. Sellaiseen messut ovat oiva paikka. Tekij\u00e4 l\u00f6yt\u00e4\u00e4 yleis\u00f6\u00e4 ja messuj\u00e4rjest\u00e4j\u00e4n kannalta on hyv\u00e4, jos messuilla on jotain uutta ja  [&#8230;]<\/p>\n","protected":false},"author":1,"featured_media":1621,"comment_status":"open","ping_status":"closed","sticky":false,"template":"","format":"standard","meta":{"footnotes":""},"categories":[8],"tags":[387,389,388],"class_list":["post-1620","post","type-post","status-publish","format-standard","has-post-thumbnail","hentry","category-puffiboksi","tag-kateva-tekeva","tag-lahden-messut","tag-lahti"],"yoast_head":"<!-- This site is optimized with the Yoast SEO plugin v27.1.1 - https:\/\/yoast.com\/product\/yoast-seo-wordpress\/ -->\n<title>K\u00e4tevi\u00e4 ja tekevi\u00e4 k\u00e4si\u00e4 - Ellikki.fi<\/title>\n<meta name=\"description\" content=\"Lahden K\u00e4tev\u00e4 &amp; tekev\u00e4 messuilla oli omanlaisensa kattaus. K\u00e4dentaidot yhdistyiv\u00e4t ymp\u00e4rist\u00f6nsuojeluun, uusi teknologia kohtasi perinteiset taidot.\" \/>\n<meta name=\"robots\" content=\"index, follow, max-snippet:-1, max-image-preview:large, max-video-preview:-1\" \/>\n<link rel=\"canonical\" href=\"https:\/\/www.ellikki.fi\/korut\/puffiboksi\/kateva-tekeva\/\" \/>\n<meta property=\"og:locale\" content=\"fi_FI\" \/>\n<meta property=\"og:type\" content=\"article\" \/>\n<meta property=\"og:title\" content=\"K\u00e4tevi\u00e4 ja tekevi\u00e4 k\u00e4si\u00e4 - Ellikki.fi\" \/>\n<meta property=\"og:description\" content=\"Lahden K\u00e4tev\u00e4 &amp; tekev\u00e4 messuilla oli omanlaisensa kattaus. K\u00e4dentaidot yhdistyiv\u00e4t ymp\u00e4rist\u00f6nsuojeluun, uusi teknologia kohtasi perinteiset taidot.\" \/>\n<meta property=\"og:url\" content=\"https:\/\/www.ellikki.fi\/korut\/puffiboksi\/kateva-tekeva\/\" \/>\n<meta property=\"og:site_name\" content=\"Ellikki.fi\" \/>\n<meta property=\"article:publisher\" content=\"https:\/\/www.facebook.com\/ellikki\" \/>\n<meta property=\"article:published_time\" content=\"2016-11-05T21:31:17+00:00\" \/>\n<meta property=\"og:image\" content=\"https:\/\/www.ellikki.fi\/korut\/wp-content\/uploads\/2016\/11\/K\u00e4tev\u00e4-ja-tekev\u00e4.jpg\" \/>\n\t<meta property=\"og:image:width\" content=\"800\" \/>\n\t<meta property=\"og:image:height\" content=\"533\" \/>\n\t<meta property=\"og:image:type\" content=\"image\/jpeg\" \/>\n<meta name=\"author\" content=\"Ellikki\" \/>\n<meta name=\"twitter:card\" content=\"summary_large_image\" \/>\n<meta name=\"twitter:creator\" content=\"@eltalvio\" \/>\n<meta name=\"twitter:site\" content=\"@eltalvio\" \/>\n<meta name=\"twitter:label1\" content=\"Kirjoittanut\" \/>\n\t<meta name=\"twitter:data1\" content=\"Ellikki\" \/>\n\t<meta name=\"twitter:label2\" content=\"Arvioitu lukuaika\" \/>\n\t<meta name=\"twitter:data2\" content=\"2 minuuttia\" \/>\n<script type=\"application\/ld+json\" class=\"yoast-schema-graph\">{\"@context\":\"https:\/\/schema.org\",\"@graph\":[{\"@type\":\"Article\",\"@id\":\"https:\/\/www.ellikki.fi\/korut\/puffiboksi\/kateva-tekeva\/#article\",\"isPartOf\":{\"@id\":\"https:\/\/www.ellikki.fi\/korut\/puffiboksi\/kateva-tekeva\/\"},\"author\":{\"name\":\"Ellikki\",\"@id\":\"https:\/\/www.ellikki.fi\/korut\/#\/schema\/person\/4100981f383f4e840417efe2a45a2e13\"},\"headline\":\"K\u00e4tevi\u00e4 ja tekevi\u00e4 k\u00e4si\u00e4\",\"datePublished\":\"2016-11-05T21:31:17+00:00\",\"mainEntityOfPage\":{\"@id\":\"https:\/\/www.ellikki.fi\/korut\/puffiboksi\/kateva-tekeva\/\"},\"wordCount\":351,\"commentCount\":0,\"image\":{\"@id\":\"https:\/\/www.ellikki.fi\/korut\/puffiboksi\/kateva-tekeva\/#primaryimage\"},\"thumbnailUrl\":\"https:\/\/www.ellikki.fi\/korut\/wp-content\/uploads\/2016\/11\/K\u00e4tev\u00e4-ja-tekev\u00e4.jpg\",\"keywords\":[\"K\u00e4tev\u00e4 Tekev\u00e4\",\"Lahden Messut\",\"Lahti\"],\"articleSection\":[\"Puffiboksi\"],\"inLanguage\":\"fi\",\"potentialAction\":[{\"@type\":\"CommentAction\",\"name\":\"Comment\",\"target\":[\"https:\/\/www.ellikki.fi\/korut\/puffiboksi\/kateva-tekeva\/#respond\"]}]},{\"@type\":\"WebPage\",\"@id\":\"https:\/\/www.ellikki.fi\/korut\/puffiboksi\/kateva-tekeva\/\",\"url\":\"https:\/\/www.ellikki.fi\/korut\/puffiboksi\/kateva-tekeva\/\",\"name\":\"K\u00e4tevi\u00e4 ja tekevi\u00e4 k\u00e4si\u00e4 - Ellikki.fi\",\"isPartOf\":{\"@id\":\"https:\/\/www.ellikki.fi\/korut\/#website\"},\"primaryImageOfPage\":{\"@id\":\"https:\/\/www.ellikki.fi\/korut\/puffiboksi\/kateva-tekeva\/#primaryimage\"},\"image\":{\"@id\":\"https:\/\/www.ellikki.fi\/korut\/puffiboksi\/kateva-tekeva\/#primaryimage\"},\"thumbnailUrl\":\"https:\/\/www.ellikki.fi\/korut\/wp-content\/uploads\/2016\/11\/K\u00e4tev\u00e4-ja-tekev\u00e4.jpg\",\"datePublished\":\"2016-11-05T21:31:17+00:00\",\"author\":{\"@id\":\"https:\/\/www.ellikki.fi\/korut\/#\/schema\/person\/4100981f383f4e840417efe2a45a2e13\"},\"description\":\"Lahden K\u00e4tev\u00e4 & tekev\u00e4 messuilla oli omanlaisensa kattaus. K\u00e4dentaidot yhdistyiv\u00e4t ymp\u00e4rist\u00f6nsuojeluun, uusi teknologia kohtasi perinteiset taidot.\",\"breadcrumb\":{\"@id\":\"https:\/\/www.ellikki.fi\/korut\/puffiboksi\/kateva-tekeva\/#breadcrumb\"},\"inLanguage\":\"fi\",\"potentialAction\":[{\"@type\":\"ReadAction\",\"target\":[\"https:\/\/www.ellikki.fi\/korut\/puffiboksi\/kateva-tekeva\/\"]}]},{\"@type\":\"ImageObject\",\"inLanguage\":\"fi\",\"@id\":\"https:\/\/www.ellikki.fi\/korut\/puffiboksi\/kateva-tekeva\/#primaryimage\",\"url\":\"https:\/\/www.ellikki.fi\/korut\/wp-content\/uploads\/2016\/11\/K\u00e4tev\u00e4-ja-tekev\u00e4.jpg\",\"contentUrl\":\"https:\/\/www.ellikki.fi\/korut\/wp-content\/uploads\/2016\/11\/K\u00e4tev\u00e4-ja-tekev\u00e4.jpg\",\"width\":800,\"height\":533,\"caption\":\"K\u00e4tev\u00e4 ja tekev\u00e4\"},{\"@type\":\"BreadcrumbList\",\"@id\":\"https:\/\/www.ellikki.fi\/korut\/puffiboksi\/kateva-tekeva\/#breadcrumb\",\"itemListElement\":[{\"@type\":\"ListItem\",\"position\":1,\"name\":\"Ellikki.fi - Helmisuutari\",\"item\":\"https:\/\/www.ellikki.fi\/korut\/\"},{\"@type\":\"ListItem\",\"position\":2,\"name\":\"K\u00e4tevi\u00e4 ja tekevi\u00e4 k\u00e4si\u00e4\"}]},{\"@type\":\"WebSite\",\"@id\":\"https:\/\/www.ellikki.fi\/korut\/#website\",\"url\":\"https:\/\/www.ellikki.fi\/korut\/\",\"name\":\"Ellikki.fi\",\"description\":\"Helmisuutari\",\"potentialAction\":[{\"@type\":\"SearchAction\",\"target\":{\"@type\":\"EntryPoint\",\"urlTemplate\":\"https:\/\/www.ellikki.fi\/korut\/?s={search_term_string}\"},\"query-input\":{\"@type\":\"PropertyValueSpecification\",\"valueRequired\":true,\"valueName\":\"search_term_string\"}}],\"inLanguage\":\"fi\"},{\"@type\":\"Person\",\"@id\":\"https:\/\/www.ellikki.fi\/korut\/#\/schema\/person\/4100981f383f4e840417efe2a45a2e13\",\"name\":\"Ellikki\",\"image\":{\"@type\":\"ImageObject\",\"inLanguage\":\"fi\",\"@id\":\"https:\/\/www.ellikki.fi\/korut\/#\/schema\/person\/image\/\",\"url\":\"https:\/\/secure.gravatar.com\/avatar\/68459a81492a7fdb3d3e31353836619029f7a695895440f957f81143855d97ee?s=96&d=mm&r=g\",\"contentUrl\":\"https:\/\/secure.gravatar.com\/avatar\/68459a81492a7fdb3d3e31353836619029f7a695895440f957f81143855d97ee?s=96&d=mm&r=g\",\"caption\":\"Ellikki\"},\"description\":\"Loputtoman utelias hevostoimittaja, tarinanmets\u00e4st\u00e4j\u00e4 ja koruharrastaja, joka edelleen ihmettelee maailmaa ja koettaa aina silloin t\u00e4ll\u00f6in tehd\u00e4 jotain ensi kertaa el\u00e4m\u00e4ss\u00e4\u00e4n.\"}]}<\/script>\n<!-- \/ Yoast SEO plugin. -->","yoast_head_json":{"title":"K\u00e4tevi\u00e4 ja tekevi\u00e4 k\u00e4si\u00e4 - Ellikki.fi","description":"Lahden K\u00e4tev\u00e4 & tekev\u00e4 messuilla oli omanlaisensa kattaus. K\u00e4dentaidot yhdistyiv\u00e4t ymp\u00e4rist\u00f6nsuojeluun, uusi teknologia kohtasi perinteiset taidot.","robots":{"index":"index","follow":"follow","max-snippet":"max-snippet:-1","max-image-preview":"max-image-preview:large","max-video-preview":"max-video-preview:-1"},"canonical":"https:\/\/www.ellikki.fi\/korut\/puffiboksi\/kateva-tekeva\/","og_locale":"fi_FI","og_type":"article","og_title":"K\u00e4tevi\u00e4 ja tekevi\u00e4 k\u00e4si\u00e4 - Ellikki.fi","og_description":"Lahden K\u00e4tev\u00e4 & tekev\u00e4 messuilla oli omanlaisensa kattaus. K\u00e4dentaidot yhdistyiv\u00e4t ymp\u00e4rist\u00f6nsuojeluun, uusi teknologia kohtasi perinteiset taidot.","og_url":"https:\/\/www.ellikki.fi\/korut\/puffiboksi\/kateva-tekeva\/","og_site_name":"Ellikki.fi","article_publisher":"https:\/\/www.facebook.com\/ellikki","article_published_time":"2016-11-05T21:31:17+00:00","og_image":[{"width":800,"height":533,"url":"https:\/\/www.ellikki.fi\/korut\/wp-content\/uploads\/2016\/11\/K\u00e4tev\u00e4-ja-tekev\u00e4.jpg","type":"image\/jpeg"}],"author":"Ellikki","twitter_card":"summary_large_image","twitter_creator":"@eltalvio","twitter_site":"@eltalvio","twitter_misc":{"Kirjoittanut":"Ellikki","Arvioitu lukuaika":"2 minuuttia"},"schema":{"@context":"https:\/\/schema.org","@graph":[{"@type":"Article","@id":"https:\/\/www.ellikki.fi\/korut\/puffiboksi\/kateva-tekeva\/#article","isPartOf":{"@id":"https:\/\/www.ellikki.fi\/korut\/puffiboksi\/kateva-tekeva\/"},"author":{"name":"Ellikki","@id":"https:\/\/www.ellikki.fi\/korut\/#\/schema\/person\/4100981f383f4e840417efe2a45a2e13"},"headline":"K\u00e4tevi\u00e4 ja tekevi\u00e4 k\u00e4si\u00e4","datePublished":"2016-11-05T21:31:17+00:00","mainEntityOfPage":{"@id":"https:\/\/www.ellikki.fi\/korut\/puffiboksi\/kateva-tekeva\/"},"wordCount":351,"commentCount":0,"image":{"@id":"https:\/\/www.ellikki.fi\/korut\/puffiboksi\/kateva-tekeva\/#primaryimage"},"thumbnailUrl":"https:\/\/www.ellikki.fi\/korut\/wp-content\/uploads\/2016\/11\/K\u00e4tev\u00e4-ja-tekev\u00e4.jpg","keywords":["K\u00e4tev\u00e4 Tekev\u00e4","Lahden Messut","Lahti"],"articleSection":["Puffiboksi"],"inLanguage":"fi","potentialAction":[{"@type":"CommentAction","name":"Comment","target":["https:\/\/www.ellikki.fi\/korut\/puffiboksi\/kateva-tekeva\/#respond"]}]},{"@type":"WebPage","@id":"https:\/\/www.ellikki.fi\/korut\/puffiboksi\/kateva-tekeva\/","url":"https:\/\/www.ellikki.fi\/korut\/puffiboksi\/kateva-tekeva\/","name":"K\u00e4tevi\u00e4 ja tekevi\u00e4 k\u00e4si\u00e4 - Ellikki.fi","isPartOf":{"@id":"https:\/\/www.ellikki.fi\/korut\/#website"},"primaryImageOfPage":{"@id":"https:\/\/www.ellikki.fi\/korut\/puffiboksi\/kateva-tekeva\/#primaryimage"},"image":{"@id":"https:\/\/www.ellikki.fi\/korut\/puffiboksi\/kateva-tekeva\/#primaryimage"},"thumbnailUrl":"https:\/\/www.ellikki.fi\/korut\/wp-content\/uploads\/2016\/11\/K\u00e4tev\u00e4-ja-tekev\u00e4.jpg","datePublished":"2016-11-05T21:31:17+00:00","author":{"@id":"https:\/\/www.ellikki.fi\/korut\/#\/schema\/person\/4100981f383f4e840417efe2a45a2e13"},"description":"Lahden K\u00e4tev\u00e4 & tekev\u00e4 messuilla oli omanlaisensa kattaus. K\u00e4dentaidot yhdistyiv\u00e4t ymp\u00e4rist\u00f6nsuojeluun, uusi teknologia kohtasi perinteiset taidot.","breadcrumb":{"@id":"https:\/\/www.ellikki.fi\/korut\/puffiboksi\/kateva-tekeva\/#breadcrumb"},"inLanguage":"fi","potentialAction":[{"@type":"ReadAction","target":["https:\/\/www.ellikki.fi\/korut\/puffiboksi\/kateva-tekeva\/"]}]},{"@type":"ImageObject","inLanguage":"fi","@id":"https:\/\/www.ellikki.fi\/korut\/puffiboksi\/kateva-tekeva\/#primaryimage","url":"https:\/\/www.ellikki.fi\/korut\/wp-content\/uploads\/2016\/11\/K\u00e4tev\u00e4-ja-tekev\u00e4.jpg","contentUrl":"https:\/\/www.ellikki.fi\/korut\/wp-content\/uploads\/2016\/11\/K\u00e4tev\u00e4-ja-tekev\u00e4.jpg","width":800,"height":533,"caption":"K\u00e4tev\u00e4 ja tekev\u00e4"},{"@type":"BreadcrumbList","@id":"https:\/\/www.ellikki.fi\/korut\/puffiboksi\/kateva-tekeva\/#breadcrumb","itemListElement":[{"@type":"ListItem","position":1,"name":"Ellikki.fi - Helmisuutari","item":"https:\/\/www.ellikki.fi\/korut\/"},{"@type":"ListItem","position":2,"name":"K\u00e4tevi\u00e4 ja tekevi\u00e4 k\u00e4si\u00e4"}]},{"@type":"WebSite","@id":"https:\/\/www.ellikki.fi\/korut\/#website","url":"https:\/\/www.ellikki.fi\/korut\/","name":"Ellikki.fi","description":"Helmisuutari","potentialAction":[{"@type":"SearchAction","target":{"@type":"EntryPoint","urlTemplate":"https:\/\/www.ellikki.fi\/korut\/?s={search_term_string}"},"query-input":{"@type":"PropertyValueSpecification","valueRequired":true,"valueName":"search_term_string"}}],"inLanguage":"fi"},{"@type":"Person","@id":"https:\/\/www.ellikki.fi\/korut\/#\/schema\/person\/4100981f383f4e840417efe2a45a2e13","name":"Ellikki","image":{"@type":"ImageObject","inLanguage":"fi","@id":"https:\/\/www.ellikki.fi\/korut\/#\/schema\/person\/image\/","url":"https:\/\/secure.gravatar.com\/avatar\/68459a81492a7fdb3d3e31353836619029f7a695895440f957f81143855d97ee?s=96&d=mm&r=g","contentUrl":"https:\/\/secure.gravatar.com\/avatar\/68459a81492a7fdb3d3e31353836619029f7a695895440f957f81143855d97ee?s=96&d=mm&r=g","caption":"Ellikki"},"description":"Loputtoman utelias hevostoimittaja, tarinanmets\u00e4st\u00e4j\u00e4 ja koruharrastaja, joka edelleen ihmettelee maailmaa ja koettaa aina silloin t\u00e4ll\u00f6in tehd\u00e4 jotain ensi kertaa el\u00e4m\u00e4ss\u00e4\u00e4n."}]}},"_links":{"self":[{"href":"https:\/\/www.ellikki.fi\/korut\/wp-json\/wp\/v2\/posts\/1620","targetHints":{"allow":["GET"]}}],"collection":[{"href":"https:\/\/www.ellikki.fi\/korut\/wp-json\/wp\/v2\/posts"}],"about":[{"href":"https:\/\/www.ellikki.fi\/korut\/wp-json\/wp\/v2\/types\/post"}],"author":[{"embeddable":true,"href":"https:\/\/www.ellikki.fi\/korut\/wp-json\/wp\/v2\/users\/1"}],"replies":[{"embeddable":true,"href":"https:\/\/www.ellikki.fi\/korut\/wp-json\/wp\/v2\/comments?post=1620"}],"version-history":[{"count":0,"href":"https:\/\/www.ellikki.fi\/korut\/wp-json\/wp\/v2\/posts\/1620\/revisions"}],"wp:featuredmedia":[{"embeddable":true,"href":"https:\/\/www.ellikki.fi\/korut\/wp-json\/wp\/v2\/media\/1621"}],"wp:attachment":[{"href":"https:\/\/www.ellikki.fi\/korut\/wp-json\/wp\/v2\/media?parent=1620"}],"wp:term":[{"taxonomy":"category","embeddable":true,"href":"https:\/\/www.ellikki.fi\/korut\/wp-json\/wp\/v2\/categories?post=1620"},{"taxonomy":"post_tag","embeddable":true,"href":"https:\/\/www.ellikki.fi\/korut\/wp-json\/wp\/v2\/tags?post=1620"}],"curies":[{"name":"wp","href":"https:\/\/api.w.org\/{rel}","templated":true}]}}