{"id":1738,"date":"2017-05-31T01:05:25","date_gmt":"2017-05-30T22:05:25","guid":{"rendered":"https:\/\/www.ellikki.fi\/korut\/?p=1738"},"modified":"2017-05-31T01:14:04","modified_gmt":"2017-05-30T22:14:04","slug":"itsetehty-otsapanta-tila-helmia-nahkaurassa","status":"publish","type":"post","link":"https:\/\/www.ellikki.fi\/korut\/kokeilut\/itsetehty-otsapanta-tila-helmia-nahkaurassa\/","title":{"rendered":"Itsetehty otsapanta, tila-helmi\u00e4 nahkaurassa"},"content":{"rendered":"<p>Hevosten suitsissa on osa nimelt\u00e4 otsapanta. Sen teht\u00e4v\u00e4 on est\u00e4\u00e4 niskan takana kulkevaa hihnaa valumasta taaksep\u00e4in. Otsapannalla on toinenkin, v\u00e4hint\u00e4\u00e4n yht\u00e4 t\u00e4rke\u00e4 teht\u00e4v\u00e4: se tuo yksil\u00f6llisen s\u00e4v\u00e4yksen suitsiin, jotka muuten noudattelevat hyvin perinteist\u00e4 kaavaa. Otsapantoja on erilaisia pelkistetyist\u00e4 nahkahihnoista kimaltaviin luomuksiin. Hevosella voi olla kaksi tai useampi otsapantaa: arkisempi kotik\u00e4ytt\u00f6\u00f6n ja hienompi n\u00e4yttelyihin tai kilpailuihin.<\/p>\n<p>Olen tehnyt sit\u00e4 sun t\u00e4t\u00e4 helmist\u00e4, mutta nahkak\u00e4sity\u00f6t ovat minulle vieraita. T\u00e4h\u00e4nk\u00e4\u00e4n otsapantapohjaan itsell\u00e4ni ei olisi ollut v\u00e4lineit\u00e4 eik\u00e4 osaamista, mutta onneksi Valjasverstas Bridan yritt\u00e4j\u00e4ll\u00e4 oli molempia. H\u00e4n teki valmiiksi pohjan, joka oli niin millintarkkaa ja siisti\u00e4 ty\u00f6t\u00e4, ett\u00e4 sit\u00e4 ei voinut olla ihailematta. H\u00e4n ideoi lis\u00e4ksi p\u00e4ihin kiinnitysmekanismin, jolloin koko suitsisetti\u00e4 ei tarvitse purkaa, jos haluaa vaihtaa pelk\u00e4n otsapannan. K\u00e4ytin ty\u00f6h\u00f6n 5 mm tila-helmi\u00e4 ja nahkauran leveydess\u00e4 oli heittoa korkeintaan puoli milli\u00e4 koko matkalla. Tila-helmet tulivat sinivihre\u00e4st\u00e4 helmiseoksesta, jossa jostain syyst\u00e4 noin 80 % oli vihreit\u00e4 ja 20 % sinisi\u00e4.<\/p>\n<p><a href=\"https:\/\/www.ellikki.fi\/korut\/wp-content\/uploads\/2017\/05\/Otsapanta-nahkapohja.jpg\"><img decoding=\"async\" class=\"aligncenter wp-image-1740 size-full\" src=\"https:\/\/www.ellikki.fi\/korut\/wp-content\/uploads\/2017\/05\/Otsapanta-nahkapohja.jpg\" alt=\"Otsapanta-nahkapohja\" width=\"800\" height=\"612\" srcset=\"https:\/\/www.ellikki.fi\/korut\/wp-content\/uploads\/2017\/05\/Otsapanta-nahkapohja-200x153.jpg 200w, https:\/\/www.ellikki.fi\/korut\/wp-content\/uploads\/2017\/05\/Otsapanta-nahkapohja-300x230.jpg 300w, https:\/\/www.ellikki.fi\/korut\/wp-content\/uploads\/2017\/05\/Otsapanta-nahkapohja-400x306.jpg 400w, https:\/\/www.ellikki.fi\/korut\/wp-content\/uploads\/2017\/05\/Otsapanta-nahkapohja-600x459.jpg 600w, https:\/\/www.ellikki.fi\/korut\/wp-content\/uploads\/2017\/05\/Otsapanta-nahkapohja-768x588.jpg 768w, https:\/\/www.ellikki.fi\/korut\/wp-content\/uploads\/2017\/05\/Otsapanta-nahkapohja.jpg 800w\" sizes=\"(max-width: 800px) 100vw, 800px\" \/><\/a><\/p>\n<p>Suitsia on p\u00e4\u00e4asiassa kahta v\u00e4ri\u00e4: ruskeaa ja mustaa. Uskallan v\u00e4itt\u00e4\u00e4, ett\u00e4 valtaosa suitsista on mustia. Mustat suitset sopivat hyvin yhteen sinisten helmien kanssa, ruskeat suitset vihreiden helmien kanssa. P\u00e4\u00e4dyimme mustaan, sill\u00e4 se oli varmempi valinta. Valjasverstaan yritt\u00e4j\u00e4 nimitt\u00e4in kertoi, ett\u00e4 koska otsapanta on lis\u00e4osa, nahan v\u00e4rin pit\u00e4\u00e4 olla samanv\u00e4rinen kuin muu osa suitsista tai se pist\u00e4\u00e4 silm\u00e4\u00e4n. Musta on aina mustaa, mutta ruskean kohdalla on jo l\u00e4ht\u00f6kohtaisesti paljon enemm\u00e4n s\u00e4vyeroja konjakista suklaaseen. Toiseksi ruskea nahka saattaa patinoitua tai tummua ajan my\u00f6t\u00e4, mutta mustassa ik\u00e4 ei n\u00e4y samalla lailla.<\/p>\n<p>Sain lainaksi naskalin, muut tarvikkeet l\u00f6ytyiv\u00e4t kotoa. Naskalilla nahkaan tehtiin reik\u00e4, joka helpotti neulan saamista nahan l\u00e4pi. Alkuper\u00e4inen suunnitelma (kuva alla) oli muodostaa helmist\u00e4 rivi, ja kiinnitt\u00e4\u00e4 se nahkapohjaan joka viidennen helmen j\u00e4lkeen. Kiva idea, mutta se ei toiminut. Ongelmaksi muodostui se, ett\u00e4 pannan piti saada taipua. Sen piti n\u00e4ytt\u00e4\u00e4 hyv\u00e4lt\u00e4 sek\u00e4 suorana ett\u00e4 k\u00e4yt\u00f6ss\u00e4. Lopulta p\u00e4\u00e4dyin siihen, ett\u00e4 kiinnitin jokaisen helmen yksitellen sek\u00e4 yl\u00e4- ett\u00e4 alareunaan ja j\u00e4tin pienen v\u00e4lin jokaisen helmen v\u00e4liin. Naskalin lis\u00e4ksi ty\u00f6h\u00f6n tarvittiin lankaa (tummanharmaa\/smoke Fireline 0,8 mm), kaksi neulaa ja yhdet pihdit. Neulat olivat helmineula ja tavallinen ter\u00e4ksinen silm\u00e4neula. Helmineula mahtui tila-helmien rei&#8217;ist\u00e4 ja silm\u00e4neula oli riitt\u00e4v\u00e4n jykev\u00e4 menem\u00e4\u00e4n nahasta l\u00e4pi naskalin avustuksella. Tarvittaessa tartuin pihdeill\u00e4 neulaan ja vedin sen nahasta l\u00e4pi.<\/p>\n<p><a href=\"https:\/\/www.ellikki.fi\/korut\/wp-content\/uploads\/2017\/05\/Otsapanta-naskali.jpg\"><img decoding=\"async\" class=\"aligncenter wp-image-1741 size-full\" src=\"https:\/\/www.ellikki.fi\/korut\/wp-content\/uploads\/2017\/05\/Otsapanta-naskali.jpg\" alt=\"Otsapanta-naskali\" width=\"800\" height=\"533\" srcset=\"https:\/\/www.ellikki.fi\/korut\/wp-content\/uploads\/2017\/05\/Otsapanta-naskali-200x133.jpg 200w, https:\/\/www.ellikki.fi\/korut\/wp-content\/uploads\/2017\/05\/Otsapanta-naskali-300x200.jpg 300w, https:\/\/www.ellikki.fi\/korut\/wp-content\/uploads\/2017\/05\/Otsapanta-naskali-400x267.jpg 400w, https:\/\/www.ellikki.fi\/korut\/wp-content\/uploads\/2017\/05\/Otsapanta-naskali-600x400.jpg 600w, https:\/\/www.ellikki.fi\/korut\/wp-content\/uploads\/2017\/05\/Otsapanta-naskali-768x512.jpg 768w, https:\/\/www.ellikki.fi\/korut\/wp-content\/uploads\/2017\/05\/Otsapanta-naskali.jpg 800w\" sizes=\"(max-width: 800px) 100vw, 800px\" \/><\/a><\/p>\n<p><a href=\"https:\/\/www.ellikki.fi\/korut\/wp-content\/uploads\/2017\/05\/Otsapanta-neula.jpg\"><img decoding=\"async\" class=\"aligncenter size-full wp-image-1742\" src=\"https:\/\/www.ellikki.fi\/korut\/wp-content\/uploads\/2017\/05\/Otsapanta-neula.jpg\" alt=\"Otsapanta-neula\" width=\"800\" height=\"533\" srcset=\"https:\/\/www.ellikki.fi\/korut\/wp-content\/uploads\/2017\/05\/Otsapanta-neula-200x133.jpg 200w, https:\/\/www.ellikki.fi\/korut\/wp-content\/uploads\/2017\/05\/Otsapanta-neula-300x200.jpg 300w, https:\/\/www.ellikki.fi\/korut\/wp-content\/uploads\/2017\/05\/Otsapanta-neula-400x267.jpg 400w, https:\/\/www.ellikki.fi\/korut\/wp-content\/uploads\/2017\/05\/Otsapanta-neula-600x400.jpg 600w, https:\/\/www.ellikki.fi\/korut\/wp-content\/uploads\/2017\/05\/Otsapanta-neula-768x512.jpg 768w, https:\/\/www.ellikki.fi\/korut\/wp-content\/uploads\/2017\/05\/Otsapanta-neula.jpg 800w\" sizes=\"(max-width: 800px) 100vw, 800px\" \/><\/a><\/p>\n<div id=\"attachment_1743\" style=\"width: 733px\" class=\"wp-caption aligncenter\"><a href=\"https:\/\/www.ellikki.fi\/korut\/wp-content\/uploads\/2017\/05\/Otsapanta-malli-Pena.jpg\"><img decoding=\"async\" aria-describedby=\"caption-attachment-1743\" class=\"wp-image-1743 size-full\" src=\"https:\/\/www.ellikki.fi\/korut\/wp-content\/uploads\/2017\/05\/Otsapanta-malli-Pena.jpg\" alt=\"Otsapanta-malli-Pena\" width=\"723\" height=\"800\" srcset=\"https:\/\/www.ellikki.fi\/korut\/wp-content\/uploads\/2017\/05\/Otsapanta-malli-Pena-200x221.jpg 200w, https:\/\/www.ellikki.fi\/korut\/wp-content\/uploads\/2017\/05\/Otsapanta-malli-Pena-271x300.jpg 271w, https:\/\/www.ellikki.fi\/korut\/wp-content\/uploads\/2017\/05\/Otsapanta-malli-Pena-400x443.jpg 400w, https:\/\/www.ellikki.fi\/korut\/wp-content\/uploads\/2017\/05\/Otsapanta-malli-Pena-600x664.jpg 600w, https:\/\/www.ellikki.fi\/korut\/wp-content\/uploads\/2017\/05\/Otsapanta-malli-Pena.jpg 723w\" sizes=\"(max-width: 723px) 100vw, 723px\" \/><\/a><p id=\"caption-attachment-1743\" class=\"wp-caption-text\">Otsapanta on valmis, sit\u00e4 testattiin ruskean ruunan ruskeisiin suitsiin. Mallina on hoitohevosemme Polar, josta olen <a href=\"https:\/\/www.ellikki.fi\/hevoset\/\"><span style=\"color: #993366;\"><strong>hevosblogin<\/strong><\/span><\/a> puolella tarinoinut useasti.<\/p><\/div>\n","protected":false},"excerpt":{"rendered":"<p>Hevosten suitsissa on osa nimelt\u00e4 otsapanta. Sen teht\u00e4v\u00e4 on est\u00e4\u00e4 niskan takana kulkevaa hihnaa valumasta taaksep\u00e4in. Otsapannalla on toinenkin, v\u00e4hint\u00e4\u00e4n yht\u00e4 t\u00e4rke\u00e4 teht\u00e4v\u00e4: se tuo yksil\u00f6llisen s\u00e4v\u00e4yksen suitsiin, jotka muuten noudattelevat hyvin perinteist\u00e4 kaavaa. Otsapantoja  [&#8230;]<\/p>\n","protected":false},"author":1,"featured_media":1739,"comment_status":"open","ping_status":"closed","sticky":false,"template":"","format":"standard","meta":{"footnotes":""},"categories":[1],"tags":[424,423,408],"class_list":["post-1738","post","type-post","status-publish","format-standard","has-post-thumbnail","hentry","category-kokeilut","tag-nahkatyot","tag-otsapanta","tag-tila-helmet"],"yoast_head":"<!-- This site is optimized with the Yoast SEO plugin v27.1.1 - https:\/\/yoast.com\/product\/yoast-seo-wordpress\/ -->\n<title>Itsetehty otsapanta, tila-helmi\u00e4 nahkaurassa - Ellikki.fi<\/title>\n<meta name=\"description\" content=\"Nahkaa ja tilahelmi\u00e4, niist\u00e4 koostuu k\u00e4sity\u00f6n\u00e4 tehty otsapanta.\" \/>\n<meta name=\"robots\" content=\"index, follow, max-snippet:-1, max-image-preview:large, max-video-preview:-1\" \/>\n<link rel=\"canonical\" href=\"https:\/\/www.ellikki.fi\/korut\/kokeilut\/itsetehty-otsapanta-tila-helmia-nahkaurassa\/\" \/>\n<meta property=\"og:locale\" content=\"fi_FI\" \/>\n<meta property=\"og:type\" content=\"article\" \/>\n<meta property=\"og:title\" content=\"Itsetehty otsapanta, tila-helmi\u00e4 nahkaurassa - Ellikki.fi\" \/>\n<meta property=\"og:description\" content=\"Nahkaa ja tilahelmi\u00e4, niist\u00e4 koostuu k\u00e4sity\u00f6n\u00e4 tehty otsapanta.\" \/>\n<meta property=\"og:url\" content=\"https:\/\/www.ellikki.fi\/korut\/kokeilut\/itsetehty-otsapanta-tila-helmia-nahkaurassa\/\" \/>\n<meta property=\"og:site_name\" content=\"Ellikki.fi\" \/>\n<meta property=\"article:publisher\" content=\"https:\/\/www.facebook.com\/ellikki\" \/>\n<meta property=\"article:published_time\" content=\"2017-05-30T22:05:25+00:00\" \/>\n<meta property=\"article:modified_time\" content=\"2017-05-30T22:14:04+00:00\" \/>\n<meta property=\"og:image\" content=\"https:\/\/www.ellikki.fi\/korut\/wp-content\/uploads\/2017\/05\/Otsapanta.jpg\" \/>\n\t<meta property=\"og:image:width\" content=\"800\" \/>\n\t<meta property=\"og:image:height\" content=\"610\" \/>\n\t<meta property=\"og:image:type\" content=\"image\/jpeg\" \/>\n<meta name=\"author\" content=\"Ellikki\" \/>\n<meta name=\"twitter:card\" content=\"summary_large_image\" \/>\n<meta name=\"twitter:creator\" content=\"@eltalvio\" \/>\n<meta name=\"twitter:site\" content=\"@eltalvio\" \/>\n<meta name=\"twitter:label1\" content=\"Kirjoittanut\" \/>\n\t<meta name=\"twitter:data1\" content=\"Ellikki\" \/>\n\t<meta name=\"twitter:label2\" content=\"Arvioitu lukuaika\" \/>\n\t<meta name=\"twitter:data2\" content=\"2 minuuttia\" \/>\n<script type=\"application\/ld+json\" class=\"yoast-schema-graph\">{\"@context\":\"https:\/\/schema.org\",\"@graph\":[{\"@type\":\"Article\",\"@id\":\"https:\/\/www.ellikki.fi\/korut\/kokeilut\/itsetehty-otsapanta-tila-helmia-nahkaurassa\/#article\",\"isPartOf\":{\"@id\":\"https:\/\/www.ellikki.fi\/korut\/kokeilut\/itsetehty-otsapanta-tila-helmia-nahkaurassa\/\"},\"author\":{\"name\":\"Ellikki\",\"@id\":\"https:\/\/www.ellikki.fi\/korut\/#\/schema\/person\/4100981f383f4e840417efe2a45a2e13\"},\"headline\":\"Itsetehty otsapanta, tila-helmi\u00e4 nahkaurassa\",\"datePublished\":\"2017-05-30T22:05:25+00:00\",\"dateModified\":\"2017-05-30T22:14:04+00:00\",\"mainEntityOfPage\":{\"@id\":\"https:\/\/www.ellikki.fi\/korut\/kokeilut\/itsetehty-otsapanta-tila-helmia-nahkaurassa\/\"},\"wordCount\":451,\"commentCount\":0,\"image\":{\"@id\":\"https:\/\/www.ellikki.fi\/korut\/kokeilut\/itsetehty-otsapanta-tila-helmia-nahkaurassa\/#primaryimage\"},\"thumbnailUrl\":\"https:\/\/www.ellikki.fi\/korut\/wp-content\/uploads\/2017\/05\/Otsapanta.jpg\",\"keywords\":[\"nahkaty\u00f6t\",\"otsapanta\",\"tila-helmet\"],\"articleSection\":[\"Kokeilut\"],\"inLanguage\":\"fi\",\"potentialAction\":[{\"@type\":\"CommentAction\",\"name\":\"Comment\",\"target\":[\"https:\/\/www.ellikki.fi\/korut\/kokeilut\/itsetehty-otsapanta-tila-helmia-nahkaurassa\/#respond\"]}]},{\"@type\":\"WebPage\",\"@id\":\"https:\/\/www.ellikki.fi\/korut\/kokeilut\/itsetehty-otsapanta-tila-helmia-nahkaurassa\/\",\"url\":\"https:\/\/www.ellikki.fi\/korut\/kokeilut\/itsetehty-otsapanta-tila-helmia-nahkaurassa\/\",\"name\":\"Itsetehty otsapanta, tila-helmi\u00e4 nahkaurassa - Ellikki.fi\",\"isPartOf\":{\"@id\":\"https:\/\/www.ellikki.fi\/korut\/#website\"},\"primaryImageOfPage\":{\"@id\":\"https:\/\/www.ellikki.fi\/korut\/kokeilut\/itsetehty-otsapanta-tila-helmia-nahkaurassa\/#primaryimage\"},\"image\":{\"@id\":\"https:\/\/www.ellikki.fi\/korut\/kokeilut\/itsetehty-otsapanta-tila-helmia-nahkaurassa\/#primaryimage\"},\"thumbnailUrl\":\"https:\/\/www.ellikki.fi\/korut\/wp-content\/uploads\/2017\/05\/Otsapanta.jpg\",\"datePublished\":\"2017-05-30T22:05:25+00:00\",\"dateModified\":\"2017-05-30T22:14:04+00:00\",\"author\":{\"@id\":\"https:\/\/www.ellikki.fi\/korut\/#\/schema\/person\/4100981f383f4e840417efe2a45a2e13\"},\"description\":\"Nahkaa ja tilahelmi\u00e4, niist\u00e4 koostuu k\u00e4sity\u00f6n\u00e4 tehty otsapanta.\",\"breadcrumb\":{\"@id\":\"https:\/\/www.ellikki.fi\/korut\/kokeilut\/itsetehty-otsapanta-tila-helmia-nahkaurassa\/#breadcrumb\"},\"inLanguage\":\"fi\",\"potentialAction\":[{\"@type\":\"ReadAction\",\"target\":[\"https:\/\/www.ellikki.fi\/korut\/kokeilut\/itsetehty-otsapanta-tila-helmia-nahkaurassa\/\"]}]},{\"@type\":\"ImageObject\",\"inLanguage\":\"fi\",\"@id\":\"https:\/\/www.ellikki.fi\/korut\/kokeilut\/itsetehty-otsapanta-tila-helmia-nahkaurassa\/#primaryimage\",\"url\":\"https:\/\/www.ellikki.fi\/korut\/wp-content\/uploads\/2017\/05\/Otsapanta.jpg\",\"contentUrl\":\"https:\/\/www.ellikki.fi\/korut\/wp-content\/uploads\/2017\/05\/Otsapanta.jpg\",\"width\":800,\"height\":610,\"caption\":\"Otsapanta\"},{\"@type\":\"BreadcrumbList\",\"@id\":\"https:\/\/www.ellikki.fi\/korut\/kokeilut\/itsetehty-otsapanta-tila-helmia-nahkaurassa\/#breadcrumb\",\"itemListElement\":[{\"@type\":\"ListItem\",\"position\":1,\"name\":\"Ellikki.fi - Helmisuutari\",\"item\":\"https:\/\/www.ellikki.fi\/korut\/\"},{\"@type\":\"ListItem\",\"position\":2,\"name\":\"Itsetehty otsapanta, tila-helmi\u00e4 nahkaurassa\"}]},{\"@type\":\"WebSite\",\"@id\":\"https:\/\/www.ellikki.fi\/korut\/#website\",\"url\":\"https:\/\/www.ellikki.fi\/korut\/\",\"name\":\"Ellikki.fi\",\"description\":\"Helmisuutari\",\"potentialAction\":[{\"@type\":\"SearchAction\",\"target\":{\"@type\":\"EntryPoint\",\"urlTemplate\":\"https:\/\/www.ellikki.fi\/korut\/?s={search_term_string}\"},\"query-input\":{\"@type\":\"PropertyValueSpecification\",\"valueRequired\":true,\"valueName\":\"search_term_string\"}}],\"inLanguage\":\"fi\"},{\"@type\":\"Person\",\"@id\":\"https:\/\/www.ellikki.fi\/korut\/#\/schema\/person\/4100981f383f4e840417efe2a45a2e13\",\"name\":\"Ellikki\",\"image\":{\"@type\":\"ImageObject\",\"inLanguage\":\"fi\",\"@id\":\"https:\/\/www.ellikki.fi\/korut\/#\/schema\/person\/image\/\",\"url\":\"https:\/\/secure.gravatar.com\/avatar\/68459a81492a7fdb3d3e31353836619029f7a695895440f957f81143855d97ee?s=96&d=mm&r=g\",\"contentUrl\":\"https:\/\/secure.gravatar.com\/avatar\/68459a81492a7fdb3d3e31353836619029f7a695895440f957f81143855d97ee?s=96&d=mm&r=g\",\"caption\":\"Ellikki\"},\"description\":\"Loputtoman utelias hevostoimittaja, tarinanmets\u00e4st\u00e4j\u00e4 ja koruharrastaja, joka edelleen ihmettelee maailmaa ja koettaa aina silloin t\u00e4ll\u00f6in tehd\u00e4 jotain ensi kertaa el\u00e4m\u00e4ss\u00e4\u00e4n.\"}]}<\/script>\n<!-- \/ Yoast SEO plugin. -->","yoast_head_json":{"title":"Itsetehty otsapanta, tila-helmi\u00e4 nahkaurassa - Ellikki.fi","description":"Nahkaa ja tilahelmi\u00e4, niist\u00e4 koostuu k\u00e4sity\u00f6n\u00e4 tehty otsapanta.","robots":{"index":"index","follow":"follow","max-snippet":"max-snippet:-1","max-image-preview":"max-image-preview:large","max-video-preview":"max-video-preview:-1"},"canonical":"https:\/\/www.ellikki.fi\/korut\/kokeilut\/itsetehty-otsapanta-tila-helmia-nahkaurassa\/","og_locale":"fi_FI","og_type":"article","og_title":"Itsetehty otsapanta, tila-helmi\u00e4 nahkaurassa - Ellikki.fi","og_description":"Nahkaa ja tilahelmi\u00e4, niist\u00e4 koostuu k\u00e4sity\u00f6n\u00e4 tehty otsapanta.","og_url":"https:\/\/www.ellikki.fi\/korut\/kokeilut\/itsetehty-otsapanta-tila-helmia-nahkaurassa\/","og_site_name":"Ellikki.fi","article_publisher":"https:\/\/www.facebook.com\/ellikki","article_published_time":"2017-05-30T22:05:25+00:00","article_modified_time":"2017-05-30T22:14:04+00:00","og_image":[{"width":800,"height":610,"url":"https:\/\/www.ellikki.fi\/korut\/wp-content\/uploads\/2017\/05\/Otsapanta.jpg","type":"image\/jpeg"}],"author":"Ellikki","twitter_card":"summary_large_image","twitter_creator":"@eltalvio","twitter_site":"@eltalvio","twitter_misc":{"Kirjoittanut":"Ellikki","Arvioitu lukuaika":"2 minuuttia"},"schema":{"@context":"https:\/\/schema.org","@graph":[{"@type":"Article","@id":"https:\/\/www.ellikki.fi\/korut\/kokeilut\/itsetehty-otsapanta-tila-helmia-nahkaurassa\/#article","isPartOf":{"@id":"https:\/\/www.ellikki.fi\/korut\/kokeilut\/itsetehty-otsapanta-tila-helmia-nahkaurassa\/"},"author":{"name":"Ellikki","@id":"https:\/\/www.ellikki.fi\/korut\/#\/schema\/person\/4100981f383f4e840417efe2a45a2e13"},"headline":"Itsetehty otsapanta, tila-helmi\u00e4 nahkaurassa","datePublished":"2017-05-30T22:05:25+00:00","dateModified":"2017-05-30T22:14:04+00:00","mainEntityOfPage":{"@id":"https:\/\/www.ellikki.fi\/korut\/kokeilut\/itsetehty-otsapanta-tila-helmia-nahkaurassa\/"},"wordCount":451,"commentCount":0,"image":{"@id":"https:\/\/www.ellikki.fi\/korut\/kokeilut\/itsetehty-otsapanta-tila-helmia-nahkaurassa\/#primaryimage"},"thumbnailUrl":"https:\/\/www.ellikki.fi\/korut\/wp-content\/uploads\/2017\/05\/Otsapanta.jpg","keywords":["nahkaty\u00f6t","otsapanta","tila-helmet"],"articleSection":["Kokeilut"],"inLanguage":"fi","potentialAction":[{"@type":"CommentAction","name":"Comment","target":["https:\/\/www.ellikki.fi\/korut\/kokeilut\/itsetehty-otsapanta-tila-helmia-nahkaurassa\/#respond"]}]},{"@type":"WebPage","@id":"https:\/\/www.ellikki.fi\/korut\/kokeilut\/itsetehty-otsapanta-tila-helmia-nahkaurassa\/","url":"https:\/\/www.ellikki.fi\/korut\/kokeilut\/itsetehty-otsapanta-tila-helmia-nahkaurassa\/","name":"Itsetehty otsapanta, tila-helmi\u00e4 nahkaurassa - Ellikki.fi","isPartOf":{"@id":"https:\/\/www.ellikki.fi\/korut\/#website"},"primaryImageOfPage":{"@id":"https:\/\/www.ellikki.fi\/korut\/kokeilut\/itsetehty-otsapanta-tila-helmia-nahkaurassa\/#primaryimage"},"image":{"@id":"https:\/\/www.ellikki.fi\/korut\/kokeilut\/itsetehty-otsapanta-tila-helmia-nahkaurassa\/#primaryimage"},"thumbnailUrl":"https:\/\/www.ellikki.fi\/korut\/wp-content\/uploads\/2017\/05\/Otsapanta.jpg","datePublished":"2017-05-30T22:05:25+00:00","dateModified":"2017-05-30T22:14:04+00:00","author":{"@id":"https:\/\/www.ellikki.fi\/korut\/#\/schema\/person\/4100981f383f4e840417efe2a45a2e13"},"description":"Nahkaa ja tilahelmi\u00e4, niist\u00e4 koostuu k\u00e4sity\u00f6n\u00e4 tehty otsapanta.","breadcrumb":{"@id":"https:\/\/www.ellikki.fi\/korut\/kokeilut\/itsetehty-otsapanta-tila-helmia-nahkaurassa\/#breadcrumb"},"inLanguage":"fi","potentialAction":[{"@type":"ReadAction","target":["https:\/\/www.ellikki.fi\/korut\/kokeilut\/itsetehty-otsapanta-tila-helmia-nahkaurassa\/"]}]},{"@type":"ImageObject","inLanguage":"fi","@id":"https:\/\/www.ellikki.fi\/korut\/kokeilut\/itsetehty-otsapanta-tila-helmia-nahkaurassa\/#primaryimage","url":"https:\/\/www.ellikki.fi\/korut\/wp-content\/uploads\/2017\/05\/Otsapanta.jpg","contentUrl":"https:\/\/www.ellikki.fi\/korut\/wp-content\/uploads\/2017\/05\/Otsapanta.jpg","width":800,"height":610,"caption":"Otsapanta"},{"@type":"BreadcrumbList","@id":"https:\/\/www.ellikki.fi\/korut\/kokeilut\/itsetehty-otsapanta-tila-helmia-nahkaurassa\/#breadcrumb","itemListElement":[{"@type":"ListItem","position":1,"name":"Ellikki.fi - Helmisuutari","item":"https:\/\/www.ellikki.fi\/korut\/"},{"@type":"ListItem","position":2,"name":"Itsetehty otsapanta, tila-helmi\u00e4 nahkaurassa"}]},{"@type":"WebSite","@id":"https:\/\/www.ellikki.fi\/korut\/#website","url":"https:\/\/www.ellikki.fi\/korut\/","name":"Ellikki.fi","description":"Helmisuutari","potentialAction":[{"@type":"SearchAction","target":{"@type":"EntryPoint","urlTemplate":"https:\/\/www.ellikki.fi\/korut\/?s={search_term_string}"},"query-input":{"@type":"PropertyValueSpecification","valueRequired":true,"valueName":"search_term_string"}}],"inLanguage":"fi"},{"@type":"Person","@id":"https:\/\/www.ellikki.fi\/korut\/#\/schema\/person\/4100981f383f4e840417efe2a45a2e13","name":"Ellikki","image":{"@type":"ImageObject","inLanguage":"fi","@id":"https:\/\/www.ellikki.fi\/korut\/#\/schema\/person\/image\/","url":"https:\/\/secure.gravatar.com\/avatar\/68459a81492a7fdb3d3e31353836619029f7a695895440f957f81143855d97ee?s=96&d=mm&r=g","contentUrl":"https:\/\/secure.gravatar.com\/avatar\/68459a81492a7fdb3d3e31353836619029f7a695895440f957f81143855d97ee?s=96&d=mm&r=g","caption":"Ellikki"},"description":"Loputtoman utelias hevostoimittaja, tarinanmets\u00e4st\u00e4j\u00e4 ja koruharrastaja, joka edelleen ihmettelee maailmaa ja koettaa aina silloin t\u00e4ll\u00f6in tehd\u00e4 jotain ensi kertaa el\u00e4m\u00e4ss\u00e4\u00e4n."}]}},"_links":{"self":[{"href":"https:\/\/www.ellikki.fi\/korut\/wp-json\/wp\/v2\/posts\/1738","targetHints":{"allow":["GET"]}}],"collection":[{"href":"https:\/\/www.ellikki.fi\/korut\/wp-json\/wp\/v2\/posts"}],"about":[{"href":"https:\/\/www.ellikki.fi\/korut\/wp-json\/wp\/v2\/types\/post"}],"author":[{"embeddable":true,"href":"https:\/\/www.ellikki.fi\/korut\/wp-json\/wp\/v2\/users\/1"}],"replies":[{"embeddable":true,"href":"https:\/\/www.ellikki.fi\/korut\/wp-json\/wp\/v2\/comments?post=1738"}],"version-history":[{"count":0,"href":"https:\/\/www.ellikki.fi\/korut\/wp-json\/wp\/v2\/posts\/1738\/revisions"}],"wp:featuredmedia":[{"embeddable":true,"href":"https:\/\/www.ellikki.fi\/korut\/wp-json\/wp\/v2\/media\/1739"}],"wp:attachment":[{"href":"https:\/\/www.ellikki.fi\/korut\/wp-json\/wp\/v2\/media?parent=1738"}],"wp:term":[{"taxonomy":"category","embeddable":true,"href":"https:\/\/www.ellikki.fi\/korut\/wp-json\/wp\/v2\/categories?post=1738"},{"taxonomy":"post_tag","embeddable":true,"href":"https:\/\/www.ellikki.fi\/korut\/wp-json\/wp\/v2\/tags?post=1738"}],"curies":[{"name":"wp","href":"https:\/\/api.w.org\/{rel}","templated":true}]}}