{"id":180,"date":"2014-02-16T20:28:46","date_gmt":"2014-02-16T18:28:46","guid":{"rendered":"http:\/\/www.ellikki.fi\/korut\/?p=180"},"modified":"2016-11-03T01:49:09","modified_gmt":"2016-11-02T23:49:09","slug":"neula-lankaa-ja-siemenhelmia-ja-paanvaivaa","status":"publish","type":"post","link":"https:\/\/www.ellikki.fi\/korut\/tietolaari\/neula-lankaa-ja-siemenhelmia-ja-paanvaivaa\/","title":{"rendered":"Neula, lankaa ja siemenhelmi\u00e4 (ja p\u00e4\u00e4nvaivaa)"},"content":{"rendered":"<p>Siemenhelmet ovat pieni\u00e4 helmi\u00e4, joista voidaan neulan ja langan avulla kutoa vaikka paita, jos kiinnostusta riitt\u00e4\u00e4. Siemenhelmet ovat pieni\u00e4 kuin siemenet. Yleens\u00e4 niist\u00e4 kudotaan kuitenkin koruja tai niill\u00e4 koristellaan tekstiilej\u00e4, kuten h\u00e4\u00e4pukuja. Siemenhelmity\u00f6skentely on muualla maailmassa suositumpaa kuin Suomessa, aiheesta julkaistaan muutamia lehti\u00e4, kuten amerikkalainen Bead &amp; Button, joka melko usein tarttuu mukaan kaupan lehtihyllyst\u00e4. Lehdess\u00e4 julkaistaan my\u00f6s lukijoiden toinen toistaan mielikuvituksellisimpia luomuksia, joihin minulla ei riitt\u00e4isi taito eik\u00e4 k\u00e4rsiv\u00e4llisyys. Pienen k\u00e4sityksen saa kirjoittamalla hakukoneeseen \u201d<strong><a title=\"Googlen hakuun...\" href=\"https:\/\/www.google.fi\/search?q=seed+bead+designs&amp;source=lnms&amp;tbm=isch&amp;sa=X&amp;ei=0gEBU_7FNOLhywOIn4LQAg&amp;sqi=2&amp;ved=0CAcQ_AUoAQ&amp;biw=1399&amp;bih=888\" target=\"_blank\">seed bead designs<\/a><\/strong>\u201d.<\/p>\n<p>Siemenhelmet on valmistettu tavallisimmin lasista, joten v\u00e4rivalikoima on laaja. Helmien koko ilmoitetaan yleens\u00e4 tuuman (2,54 cm) matkalle mahtuvien helmien lukum\u00e4\u00e4r\u00e4n\u00e4. Esimerkiksi jos kooksi ilmoitetaan 10\/o, se tarkoittaa ett\u00e4 riviin aseteltuna t\u00e4llaisia helmi\u00e4 mahtuu kymmenen kappaletta tuumaan, jolloin yhden helmen l\u00e4pimitta on 2,5 mm. \u00c4lk\u00e4\u00e4 kysyk\u00f6, mit\u00e4 o-kirjain numeron j\u00e4lkeen tarkoittaa, se ei ole viel\u00e4 selvinnyt, eik\u00e4 kyseisen tiedon puute ole menoa haitannut.<\/p>\n<p><a href=\"http:\/\/www.ellikki.fi\/korut\/wp-content\/uploads\/2014\/02\/siemenhelmi\u00e4.jpg\"><img decoding=\"async\" class=\"aligncenter size-full wp-image-183\" alt=\"siemenhelmi\u00e4\" src=\"http:\/\/www.ellikki.fi\/korut\/wp-content\/uploads\/2014\/02\/siemenhelmi\u00e4.jpg\" width=\"1000\" height=\"666\" srcset=\"https:\/\/www.ellikki.fi\/korut\/wp-content\/uploads\/2014\/02\/siemenhelmi\u00e4-200x133.jpg 200w, https:\/\/www.ellikki.fi\/korut\/wp-content\/uploads\/2014\/02\/siemenhelmi\u00e4-300x200.jpg 300w, https:\/\/www.ellikki.fi\/korut\/wp-content\/uploads\/2014\/02\/siemenhelmi\u00e4-400x266.jpg 400w, https:\/\/www.ellikki.fi\/korut\/wp-content\/uploads\/2014\/02\/siemenhelmi\u00e4-600x400.jpg 600w, https:\/\/www.ellikki.fi\/korut\/wp-content\/uploads\/2014\/02\/siemenhelmi\u00e4-768x511.jpg 768w, https:\/\/www.ellikki.fi\/korut\/wp-content\/uploads\/2014\/02\/siemenhelmi\u00e4-800x533.jpg 800w, https:\/\/www.ellikki.fi\/korut\/wp-content\/uploads\/2014\/02\/siemenhelmi\u00e4.jpg 1000w\" sizes=\"(max-width: 1000px) 100vw, 1000px\" \/><\/a><\/p>\n<p><a href=\"http:\/\/www.ellikki.fi\/korut\/wp-content\/uploads\/2014\/02\/siemenhelmipusseja.jpg\"><img decoding=\"async\" class=\"aligncenter size-full wp-image-185\" alt=\"siemenhelmipusseja\" src=\"http:\/\/www.ellikki.fi\/korut\/wp-content\/uploads\/2014\/02\/siemenhelmipusseja.jpg\" width=\"1000\" height=\"667\" srcset=\"https:\/\/www.ellikki.fi\/korut\/wp-content\/uploads\/2014\/02\/siemenhelmipusseja-200x133.jpg 200w, https:\/\/www.ellikki.fi\/korut\/wp-content\/uploads\/2014\/02\/siemenhelmipusseja-300x200.jpg 300w, https:\/\/www.ellikki.fi\/korut\/wp-content\/uploads\/2014\/02\/siemenhelmipusseja-400x267.jpg 400w, https:\/\/www.ellikki.fi\/korut\/wp-content\/uploads\/2014\/02\/siemenhelmipusseja-600x400.jpg 600w, https:\/\/www.ellikki.fi\/korut\/wp-content\/uploads\/2014\/02\/siemenhelmipusseja-768x512.jpg 768w, https:\/\/www.ellikki.fi\/korut\/wp-content\/uploads\/2014\/02\/siemenhelmipusseja-800x534.jpg 800w, https:\/\/www.ellikki.fi\/korut\/wp-content\/uploads\/2014\/02\/siemenhelmipusseja.jpg 1000w\" sizes=\"(max-width: 1000px) 100vw, 1000px\" \/><\/a><\/p>\n<p>Hyv\u00e4laatuisen ja huonolaatuisen siemenhelmen suurin on se, ett\u00e4 hyv\u00e4laatuisessa paketissa helmet ovat mahdollisimman samankokoisia. Siin\u00e4, miss\u00e4 tavallisia helmi\u00e4 myyd\u00e4\u00e4n kappalehinnalla, siemenhelmi\u00e4 myyd\u00e4\u00e4n painon mukaan. Pieness\u00e4 pussillisessa on 10-20 g helmi\u00e4, mutta m\u00e4\u00e4r\u00e4n\u00e4 se voi olla yli tuhat kappaletta.<\/p>\n<p>Aiemmassa blogissani kirjoitin jutun mainitusta Bead &amp; Button \u2013lehdest\u00e4, ja julkaisin mallin mukaan tekem\u00e4ni kivann\u00e4k\u00f6isen kaulakorun. Nyt on tullut se vaihe, ett\u00e4 haluan suunnitella itse siemenhelmikoruni. Rajoitukseni kuitenkin tiedostaen tavoitteenani on kehitt\u00e4\u00e4 edes yksi malli, joka on 1) ihan itse suunniteltu, 2) suhteellisen helppo ja 3) kaunis. Kun t\u00e4m\u00e4n tavoitteen saavutan, lupaan kertoa siihen yksityiskohtaiset ohjeet kuvineen kaikkineen.<\/p>\n<p>Ensimm\u00e4iseksi on tarkoitus tehd\u00e4 korvakorumalli, sill\u00e4 pienet tekeleet ovat helpommin l\u00e4hestytt\u00e4vi\u00e4. T\u00e4h\u00e4n asti suurin osa korvakoruista on ollut sit\u00e4, ett\u00e4 laitan helmen korupiikkiin, taivutan piikist\u00e4 renkaan ja laitan koukkuun roikkumaan. V\u00e4hitellen on alkanut tuntua silt\u00e4, ett\u00e4 haluan kasvattaa oman k\u00e4denj\u00e4ljen osuutta valmiiden, vaikkakin usein kauniiden, ratkaisujen sijaan. Kokonaan en perinteisist\u00e4 tekniikoista luovu, mutta niiden rinnalle on tuotava aina silloin t\u00e4ll\u00f6in uutta ja kehityksen on ment\u00e4v\u00e4 eteenp\u00e4in. On viel\u00e4 niin paljon, mit\u00e4 en osaa mutta haluaisin oppia.<\/p>\n","protected":false},"excerpt":{"rendered":"<p>Siemenhelmet ovat pieni\u00e4 helmi\u00e4, joista voidaan neulan ja langan avulla kutoa vaikka paita, jos kiinnostusta riitt\u00e4\u00e4. Siemenhelmet ovat pieni\u00e4 kuin siemenet. Yleens\u00e4 niist\u00e4 kudotaan kuitenkin koruja tai niill\u00e4 koristellaan tekstiilej\u00e4, kuten h\u00e4\u00e4pukuja. Siemenhelmity\u00f6skentely on muualla  [&#8230;]<\/p>\n","protected":false},"author":1,"featured_media":182,"comment_status":"open","ping_status":"open","sticky":false,"template":"","format":"standard","meta":{"footnotes":""},"categories":[20],"tags":[19],"class_list":["post-180","post","type-post","status-publish","format-standard","has-post-thumbnail","hentry","category-tietolaari","tag-siemenhelmi"],"yoast_head":"<!-- This site is optimized with the Yoast SEO plugin v27.1.1 - https:\/\/yoast.com\/product\/yoast-seo-wordpress\/ -->\n<title>Neula, lankaa ja siemenhelmi\u00e4 (ja p\u00e4\u00e4nvaivaa) - Ellikki.fi<\/title>\n<meta name=\"description\" content=\"Mit\u00e4 siemenhelmet ovat ja mihin niit\u00e4 voidaan k\u00e4ytt\u00e4\u00e4?\" \/>\n<meta name=\"robots\" content=\"index, follow, max-snippet:-1, max-image-preview:large, max-video-preview:-1\" \/>\n<link rel=\"canonical\" href=\"https:\/\/www.ellikki.fi\/korut\/tietolaari\/neula-lankaa-ja-siemenhelmia-ja-paanvaivaa\/\" \/>\n<meta property=\"og:locale\" content=\"fi_FI\" \/>\n<meta property=\"og:type\" content=\"article\" \/>\n<meta property=\"og:title\" content=\"Neula, lankaa ja siemenhelmi\u00e4 (ja p\u00e4\u00e4nvaivaa) - Ellikki.fi\" \/>\n<meta property=\"og:description\" content=\"Mit\u00e4 siemenhelmet ovat ja mihin niit\u00e4 voidaan k\u00e4ytt\u00e4\u00e4?\" \/>\n<meta property=\"og:url\" content=\"https:\/\/www.ellikki.fi\/korut\/tietolaari\/neula-lankaa-ja-siemenhelmia-ja-paanvaivaa\/\" \/>\n<meta property=\"og:site_name\" content=\"Ellikki.fi\" \/>\n<meta property=\"article:publisher\" content=\"https:\/\/www.facebook.com\/ellikki\" \/>\n<meta property=\"article:published_time\" content=\"2014-02-16T18:28:46+00:00\" \/>\n<meta property=\"article:modified_time\" content=\"2016-11-02T23:49:09+00:00\" \/>\n<meta property=\"og:image\" content=\"https:\/\/www.ellikki.fi\/korut\/wp-content\/uploads\/2014\/02\/siemenhelmilajitelma.jpg\" \/>\n\t<meta property=\"og:image:width\" content=\"1000\" \/>\n\t<meta property=\"og:image:height\" content=\"667\" \/>\n\t<meta property=\"og:image:type\" content=\"image\/jpeg\" \/>\n<meta name=\"author\" content=\"Ellikki\" \/>\n<meta name=\"twitter:card\" content=\"summary_large_image\" \/>\n<meta name=\"twitter:creator\" content=\"@eltalvio\" \/>\n<meta name=\"twitter:site\" content=\"@eltalvio\" \/>\n<meta name=\"twitter:label1\" content=\"Kirjoittanut\" \/>\n\t<meta name=\"twitter:data1\" content=\"Ellikki\" \/>\n\t<meta name=\"twitter:label2\" content=\"Arvioitu lukuaika\" \/>\n\t<meta name=\"twitter:data2\" content=\"2 minuuttia\" \/>\n<script type=\"application\/ld+json\" class=\"yoast-schema-graph\">{\"@context\":\"https:\/\/schema.org\",\"@graph\":[{\"@type\":\"Article\",\"@id\":\"https:\/\/www.ellikki.fi\/korut\/tietolaari\/neula-lankaa-ja-siemenhelmia-ja-paanvaivaa\/#article\",\"isPartOf\":{\"@id\":\"https:\/\/www.ellikki.fi\/korut\/tietolaari\/neula-lankaa-ja-siemenhelmia-ja-paanvaivaa\/\"},\"author\":{\"name\":\"Ellikki\",\"@id\":\"https:\/\/www.ellikki.fi\/korut\/#\/schema\/person\/4100981f383f4e840417efe2a45a2e13\"},\"headline\":\"Neula, lankaa ja siemenhelmi\u00e4 (ja p\u00e4\u00e4nvaivaa)\",\"datePublished\":\"2014-02-16T18:28:46+00:00\",\"dateModified\":\"2016-11-02T23:49:09+00:00\",\"mainEntityOfPage\":{\"@id\":\"https:\/\/www.ellikki.fi\/korut\/tietolaari\/neula-lankaa-ja-siemenhelmia-ja-paanvaivaa\/\"},\"wordCount\":350,\"commentCount\":0,\"image\":{\"@id\":\"https:\/\/www.ellikki.fi\/korut\/tietolaari\/neula-lankaa-ja-siemenhelmia-ja-paanvaivaa\/#primaryimage\"},\"thumbnailUrl\":\"https:\/\/www.ellikki.fi\/korut\/wp-content\/uploads\/2014\/02\/siemenhelmilajitelma.jpg\",\"keywords\":[\"siemenhelmi\"],\"articleSection\":[\"Tietolaari\"],\"inLanguage\":\"fi\",\"potentialAction\":[{\"@type\":\"CommentAction\",\"name\":\"Comment\",\"target\":[\"https:\/\/www.ellikki.fi\/korut\/tietolaari\/neula-lankaa-ja-siemenhelmia-ja-paanvaivaa\/#respond\"]}]},{\"@type\":\"WebPage\",\"@id\":\"https:\/\/www.ellikki.fi\/korut\/tietolaari\/neula-lankaa-ja-siemenhelmia-ja-paanvaivaa\/\",\"url\":\"https:\/\/www.ellikki.fi\/korut\/tietolaari\/neula-lankaa-ja-siemenhelmia-ja-paanvaivaa\/\",\"name\":\"Neula, lankaa ja siemenhelmi\u00e4 (ja p\u00e4\u00e4nvaivaa) - Ellikki.fi\",\"isPartOf\":{\"@id\":\"https:\/\/www.ellikki.fi\/korut\/#website\"},\"primaryImageOfPage\":{\"@id\":\"https:\/\/www.ellikki.fi\/korut\/tietolaari\/neula-lankaa-ja-siemenhelmia-ja-paanvaivaa\/#primaryimage\"},\"image\":{\"@id\":\"https:\/\/www.ellikki.fi\/korut\/tietolaari\/neula-lankaa-ja-siemenhelmia-ja-paanvaivaa\/#primaryimage\"},\"thumbnailUrl\":\"https:\/\/www.ellikki.fi\/korut\/wp-content\/uploads\/2014\/02\/siemenhelmilajitelma.jpg\",\"datePublished\":\"2014-02-16T18:28:46+00:00\",\"dateModified\":\"2016-11-02T23:49:09+00:00\",\"author\":{\"@id\":\"https:\/\/www.ellikki.fi\/korut\/#\/schema\/person\/4100981f383f4e840417efe2a45a2e13\"},\"description\":\"Mit\u00e4 siemenhelmet ovat ja mihin niit\u00e4 voidaan k\u00e4ytt\u00e4\u00e4?\",\"breadcrumb\":{\"@id\":\"https:\/\/www.ellikki.fi\/korut\/tietolaari\/neula-lankaa-ja-siemenhelmia-ja-paanvaivaa\/#breadcrumb\"},\"inLanguage\":\"fi\",\"potentialAction\":[{\"@type\":\"ReadAction\",\"target\":[\"https:\/\/www.ellikki.fi\/korut\/tietolaari\/neula-lankaa-ja-siemenhelmia-ja-paanvaivaa\/\"]}]},{\"@type\":\"ImageObject\",\"inLanguage\":\"fi\",\"@id\":\"https:\/\/www.ellikki.fi\/korut\/tietolaari\/neula-lankaa-ja-siemenhelmia-ja-paanvaivaa\/#primaryimage\",\"url\":\"https:\/\/www.ellikki.fi\/korut\/wp-content\/uploads\/2014\/02\/siemenhelmilajitelma.jpg\",\"contentUrl\":\"https:\/\/www.ellikki.fi\/korut\/wp-content\/uploads\/2014\/02\/siemenhelmilajitelma.jpg\",\"width\":1000,\"height\":667,\"caption\":\"siemenhelmilajitelma\"},{\"@type\":\"BreadcrumbList\",\"@id\":\"https:\/\/www.ellikki.fi\/korut\/tietolaari\/neula-lankaa-ja-siemenhelmia-ja-paanvaivaa\/#breadcrumb\",\"itemListElement\":[{\"@type\":\"ListItem\",\"position\":1,\"name\":\"Ellikki.fi - Helmisuutari\",\"item\":\"https:\/\/www.ellikki.fi\/korut\/\"},{\"@type\":\"ListItem\",\"position\":2,\"name\":\"Neula, lankaa ja siemenhelmi\u00e4 (ja p\u00e4\u00e4nvaivaa)\"}]},{\"@type\":\"WebSite\",\"@id\":\"https:\/\/www.ellikki.fi\/korut\/#website\",\"url\":\"https:\/\/www.ellikki.fi\/korut\/\",\"name\":\"Ellikki.fi\",\"description\":\"Helmisuutari\",\"potentialAction\":[{\"@type\":\"SearchAction\",\"target\":{\"@type\":\"EntryPoint\",\"urlTemplate\":\"https:\/\/www.ellikki.fi\/korut\/?s={search_term_string}\"},\"query-input\":{\"@type\":\"PropertyValueSpecification\",\"valueRequired\":true,\"valueName\":\"search_term_string\"}}],\"inLanguage\":\"fi\"},{\"@type\":\"Person\",\"@id\":\"https:\/\/www.ellikki.fi\/korut\/#\/schema\/person\/4100981f383f4e840417efe2a45a2e13\",\"name\":\"Ellikki\",\"image\":{\"@type\":\"ImageObject\",\"inLanguage\":\"fi\",\"@id\":\"https:\/\/www.ellikki.fi\/korut\/#\/schema\/person\/image\/\",\"url\":\"https:\/\/secure.gravatar.com\/avatar\/68459a81492a7fdb3d3e31353836619029f7a695895440f957f81143855d97ee?s=96&d=mm&r=g\",\"contentUrl\":\"https:\/\/secure.gravatar.com\/avatar\/68459a81492a7fdb3d3e31353836619029f7a695895440f957f81143855d97ee?s=96&d=mm&r=g\",\"caption\":\"Ellikki\"},\"description\":\"Loputtoman utelias hevostoimittaja, tarinanmets\u00e4st\u00e4j\u00e4 ja koruharrastaja, joka edelleen ihmettelee maailmaa ja koettaa aina silloin t\u00e4ll\u00f6in tehd\u00e4 jotain ensi kertaa el\u00e4m\u00e4ss\u00e4\u00e4n.\"}]}<\/script>\n<!-- \/ Yoast SEO plugin. -->","yoast_head_json":{"title":"Neula, lankaa ja siemenhelmi\u00e4 (ja p\u00e4\u00e4nvaivaa) - Ellikki.fi","description":"Mit\u00e4 siemenhelmet ovat ja mihin niit\u00e4 voidaan k\u00e4ytt\u00e4\u00e4?","robots":{"index":"index","follow":"follow","max-snippet":"max-snippet:-1","max-image-preview":"max-image-preview:large","max-video-preview":"max-video-preview:-1"},"canonical":"https:\/\/www.ellikki.fi\/korut\/tietolaari\/neula-lankaa-ja-siemenhelmia-ja-paanvaivaa\/","og_locale":"fi_FI","og_type":"article","og_title":"Neula, lankaa ja siemenhelmi\u00e4 (ja p\u00e4\u00e4nvaivaa) - Ellikki.fi","og_description":"Mit\u00e4 siemenhelmet ovat ja mihin niit\u00e4 voidaan k\u00e4ytt\u00e4\u00e4?","og_url":"https:\/\/www.ellikki.fi\/korut\/tietolaari\/neula-lankaa-ja-siemenhelmia-ja-paanvaivaa\/","og_site_name":"Ellikki.fi","article_publisher":"https:\/\/www.facebook.com\/ellikki","article_published_time":"2014-02-16T18:28:46+00:00","article_modified_time":"2016-11-02T23:49:09+00:00","og_image":[{"width":1000,"height":667,"url":"https:\/\/www.ellikki.fi\/korut\/wp-content\/uploads\/2014\/02\/siemenhelmilajitelma.jpg","type":"image\/jpeg"}],"author":"Ellikki","twitter_card":"summary_large_image","twitter_creator":"@eltalvio","twitter_site":"@eltalvio","twitter_misc":{"Kirjoittanut":"Ellikki","Arvioitu lukuaika":"2 minuuttia"},"schema":{"@context":"https:\/\/schema.org","@graph":[{"@type":"Article","@id":"https:\/\/www.ellikki.fi\/korut\/tietolaari\/neula-lankaa-ja-siemenhelmia-ja-paanvaivaa\/#article","isPartOf":{"@id":"https:\/\/www.ellikki.fi\/korut\/tietolaari\/neula-lankaa-ja-siemenhelmia-ja-paanvaivaa\/"},"author":{"name":"Ellikki","@id":"https:\/\/www.ellikki.fi\/korut\/#\/schema\/person\/4100981f383f4e840417efe2a45a2e13"},"headline":"Neula, lankaa ja siemenhelmi\u00e4 (ja p\u00e4\u00e4nvaivaa)","datePublished":"2014-02-16T18:28:46+00:00","dateModified":"2016-11-02T23:49:09+00:00","mainEntityOfPage":{"@id":"https:\/\/www.ellikki.fi\/korut\/tietolaari\/neula-lankaa-ja-siemenhelmia-ja-paanvaivaa\/"},"wordCount":350,"commentCount":0,"image":{"@id":"https:\/\/www.ellikki.fi\/korut\/tietolaari\/neula-lankaa-ja-siemenhelmia-ja-paanvaivaa\/#primaryimage"},"thumbnailUrl":"https:\/\/www.ellikki.fi\/korut\/wp-content\/uploads\/2014\/02\/siemenhelmilajitelma.jpg","keywords":["siemenhelmi"],"articleSection":["Tietolaari"],"inLanguage":"fi","potentialAction":[{"@type":"CommentAction","name":"Comment","target":["https:\/\/www.ellikki.fi\/korut\/tietolaari\/neula-lankaa-ja-siemenhelmia-ja-paanvaivaa\/#respond"]}]},{"@type":"WebPage","@id":"https:\/\/www.ellikki.fi\/korut\/tietolaari\/neula-lankaa-ja-siemenhelmia-ja-paanvaivaa\/","url":"https:\/\/www.ellikki.fi\/korut\/tietolaari\/neula-lankaa-ja-siemenhelmia-ja-paanvaivaa\/","name":"Neula, lankaa ja siemenhelmi\u00e4 (ja p\u00e4\u00e4nvaivaa) - Ellikki.fi","isPartOf":{"@id":"https:\/\/www.ellikki.fi\/korut\/#website"},"primaryImageOfPage":{"@id":"https:\/\/www.ellikki.fi\/korut\/tietolaari\/neula-lankaa-ja-siemenhelmia-ja-paanvaivaa\/#primaryimage"},"image":{"@id":"https:\/\/www.ellikki.fi\/korut\/tietolaari\/neula-lankaa-ja-siemenhelmia-ja-paanvaivaa\/#primaryimage"},"thumbnailUrl":"https:\/\/www.ellikki.fi\/korut\/wp-content\/uploads\/2014\/02\/siemenhelmilajitelma.jpg","datePublished":"2014-02-16T18:28:46+00:00","dateModified":"2016-11-02T23:49:09+00:00","author":{"@id":"https:\/\/www.ellikki.fi\/korut\/#\/schema\/person\/4100981f383f4e840417efe2a45a2e13"},"description":"Mit\u00e4 siemenhelmet ovat ja mihin niit\u00e4 voidaan k\u00e4ytt\u00e4\u00e4?","breadcrumb":{"@id":"https:\/\/www.ellikki.fi\/korut\/tietolaari\/neula-lankaa-ja-siemenhelmia-ja-paanvaivaa\/#breadcrumb"},"inLanguage":"fi","potentialAction":[{"@type":"ReadAction","target":["https:\/\/www.ellikki.fi\/korut\/tietolaari\/neula-lankaa-ja-siemenhelmia-ja-paanvaivaa\/"]}]},{"@type":"ImageObject","inLanguage":"fi","@id":"https:\/\/www.ellikki.fi\/korut\/tietolaari\/neula-lankaa-ja-siemenhelmia-ja-paanvaivaa\/#primaryimage","url":"https:\/\/www.ellikki.fi\/korut\/wp-content\/uploads\/2014\/02\/siemenhelmilajitelma.jpg","contentUrl":"https:\/\/www.ellikki.fi\/korut\/wp-content\/uploads\/2014\/02\/siemenhelmilajitelma.jpg","width":1000,"height":667,"caption":"siemenhelmilajitelma"},{"@type":"BreadcrumbList","@id":"https:\/\/www.ellikki.fi\/korut\/tietolaari\/neula-lankaa-ja-siemenhelmia-ja-paanvaivaa\/#breadcrumb","itemListElement":[{"@type":"ListItem","position":1,"name":"Ellikki.fi - Helmisuutari","item":"https:\/\/www.ellikki.fi\/korut\/"},{"@type":"ListItem","position":2,"name":"Neula, lankaa ja siemenhelmi\u00e4 (ja p\u00e4\u00e4nvaivaa)"}]},{"@type":"WebSite","@id":"https:\/\/www.ellikki.fi\/korut\/#website","url":"https:\/\/www.ellikki.fi\/korut\/","name":"Ellikki.fi","description":"Helmisuutari","potentialAction":[{"@type":"SearchAction","target":{"@type":"EntryPoint","urlTemplate":"https:\/\/www.ellikki.fi\/korut\/?s={search_term_string}"},"query-input":{"@type":"PropertyValueSpecification","valueRequired":true,"valueName":"search_term_string"}}],"inLanguage":"fi"},{"@type":"Person","@id":"https:\/\/www.ellikki.fi\/korut\/#\/schema\/person\/4100981f383f4e840417efe2a45a2e13","name":"Ellikki","image":{"@type":"ImageObject","inLanguage":"fi","@id":"https:\/\/www.ellikki.fi\/korut\/#\/schema\/person\/image\/","url":"https:\/\/secure.gravatar.com\/avatar\/68459a81492a7fdb3d3e31353836619029f7a695895440f957f81143855d97ee?s=96&d=mm&r=g","contentUrl":"https:\/\/secure.gravatar.com\/avatar\/68459a81492a7fdb3d3e31353836619029f7a695895440f957f81143855d97ee?s=96&d=mm&r=g","caption":"Ellikki"},"description":"Loputtoman utelias hevostoimittaja, tarinanmets\u00e4st\u00e4j\u00e4 ja koruharrastaja, joka edelleen ihmettelee maailmaa ja koettaa aina silloin t\u00e4ll\u00f6in tehd\u00e4 jotain ensi kertaa el\u00e4m\u00e4ss\u00e4\u00e4n."}]}},"_links":{"self":[{"href":"https:\/\/www.ellikki.fi\/korut\/wp-json\/wp\/v2\/posts\/180","targetHints":{"allow":["GET"]}}],"collection":[{"href":"https:\/\/www.ellikki.fi\/korut\/wp-json\/wp\/v2\/posts"}],"about":[{"href":"https:\/\/www.ellikki.fi\/korut\/wp-json\/wp\/v2\/types\/post"}],"author":[{"embeddable":true,"href":"https:\/\/www.ellikki.fi\/korut\/wp-json\/wp\/v2\/users\/1"}],"replies":[{"embeddable":true,"href":"https:\/\/www.ellikki.fi\/korut\/wp-json\/wp\/v2\/comments?post=180"}],"version-history":[{"count":0,"href":"https:\/\/www.ellikki.fi\/korut\/wp-json\/wp\/v2\/posts\/180\/revisions"}],"wp:featuredmedia":[{"embeddable":true,"href":"https:\/\/www.ellikki.fi\/korut\/wp-json\/wp\/v2\/media\/182"}],"wp:attachment":[{"href":"https:\/\/www.ellikki.fi\/korut\/wp-json\/wp\/v2\/media?parent=180"}],"wp:term":[{"taxonomy":"category","embeddable":true,"href":"https:\/\/www.ellikki.fi\/korut\/wp-json\/wp\/v2\/categories?post=180"},{"taxonomy":"post_tag","embeddable":true,"href":"https:\/\/www.ellikki.fi\/korut\/wp-json\/wp\/v2\/tags?post=180"}],"curies":[{"name":"wp","href":"https:\/\/api.w.org\/{rel}","templated":true}]}}