{"id":1843,"date":"2019-01-27T21:32:33","date_gmt":"2019-01-27T19:32:33","guid":{"rendered":"https:\/\/www.ellikki.fi\/korut\/?p=1843"},"modified":"2019-01-27T21:32:33","modified_gmt":"2019-01-27T19:32:33","slug":"reiat-korviin","status":"publish","type":"post","link":"https:\/\/www.ellikki.fi\/korut\/kokeilut\/reiat-korviin\/","title":{"rendered":"Korvakoruja taiteillut koruharrastaja hankki viimein omiin korviinsa rei\u00e4t"},"content":{"rendered":"<p>Minulla on ollut korvissa rei\u00e4t joskus ala-asteella eli noin 30 vuotta sitten. Kolmannen luokan luokkakuva on ainoa, miss\u00e4 n\u00e4kyy korvakorut. En muista mit\u00e4 sitten tapahtui, tulehtuiko reik\u00e4 vai eik\u00e4 muuten vain huvittanut, ja lakkasin k\u00e4ytt\u00e4m\u00e4st\u00e4. Rei\u00e4t meniv\u00e4t umpeen.\u00a0 Ainoastaan kerran minulle on ihmetelty, miss\u00e4 koruharrastajan omat korval\u00e4vistykset ovat.<\/p>\n<p>Muutama vuosi sitten aloin tehd\u00e4 koruja itselleni ja muille, ja kun harrastuksena tein, niist\u00e4 tuli aika pitk\u00e4lti omien mieltymysten mukaiset. Tietenkin jos mieless\u00e4 oli erityinen ihminen, joka oli saava korut, tein h\u00e4nen n\u00e4k\u00f6isens\u00e4.<\/p>\n<p>Aina silloin t\u00e4ll\u00f6in mieless\u00e4 k\u00e4v\u00e4isi jonkin erityisen hienon korvakoruparin kohdalla ajatus, ett\u00e4 jos minulla olisi rei\u00e4t korvissa, voisin itsekin pit\u00e4\u00e4 n\u00e4it\u00e4. Erilaisia kiinnitysmalleja olen testannut l\u00e4hipiiriss\u00e4. Olen pyyt\u00e4nyt palautetta siit\u00e4, allergisoivatko koukut eli ovatko ne todella hopeaa, asettuuko koru n\u00e4tisti tai onko siit\u00e4 mit\u00e4\u00e4n muuta sanottavaa.<\/p>\n<p>Kahdeksan vuotta siin\u00e4 kesti, mutta lopulta helmisuutari sai itse keng\u00e4t!<\/p>\n<p>Muutaman p\u00e4iv\u00e4n korvakorukokemuksella voin sanoa, ett\u00e4 jotkin tilanteet ovat yll\u00e4tt\u00e4neet. Esimerkiksi se, ett\u00e4 isojen kuulokkeiden pit\u00e4minen elokuvaa katsellessa painaa tapin kallon juureen nahkaa vasten. Ja ett\u00e4 viile\u00e4ss\u00e4 makuuhuoneessa napakka tyyny painaa my\u00f6s. Pari ensimm\u00e4ist\u00e4 y\u00f6t\u00e4 nukkuminen tuntuu hankalalta. Tosin tuntuu silt\u00e4, ett\u00e4 iho alkaa tottua tapin painamiseen, eik\u00e4 se tunnu en\u00e4\u00e4 niin ik\u00e4v\u00e4lt\u00e4.<\/p>\n<p>Koruharrastukseen rei\u00e4t tuovat mukavan omakohtaisen lis\u00e4n. En\u00e4\u00e4 ei tarvitse ajatella, ett\u00e4 k\u00e4ytt\u00e4isin jotain paria, jos voisin, vaan voin suunnitella ihan itselleni ja k\u00e4ytt\u00e4\u00e4 niit\u00e4. Se on innostava ajatus.<\/p>\n<p>(Kuvassa olevat tappikorvikset ostin Glitterist\u00e4 kauan sitten. Ne ovat 925-hopeaa, ja niit\u00e4 sai tuolloin 3 paria 10 eurolla. Ajattelin, ett\u00e4 niille saattaa tulla viel\u00e4 jonain p\u00e4iv\u00e4n\u00e4 olla tarvetta, mutta en osannut ostohetkell\u00e4 arvata, ett\u00e4 tarvitsija olisin min\u00e4 itse. Tykk\u00e4\u00e4n.)<\/p>\n","protected":false},"excerpt":{"rendered":"<p>Minulla on ollut korvissa rei\u00e4t joskus ala-asteella eli noin 30 vuotta sitten. Kolmannen luokan luokkakuva on ainoa, miss\u00e4 n\u00e4kyy korvakorut. En muista mit\u00e4 sitten tapahtui, tulehtuiko reik\u00e4 vai eik\u00e4 muuten vain huvittanut, ja lakkasin k\u00e4ytt\u00e4m\u00e4st\u00e4.  [&#8230;]<\/p>\n","protected":false},"author":1,"featured_media":1844,"comment_status":"open","ping_status":"closed","sticky":false,"template":"","format":"standard","meta":{"footnotes":""},"categories":[1],"tags":[22,440],"class_list":["post-1843","post","type-post","status-publish","format-standard","has-post-thumbnail","hentry","category-kokeilut","tag-korvakorut","tag-reiat-korviin"],"yoast_head":"<!-- This site is optimized with the Yoast SEO plugin v27.1.1 - https:\/\/yoast.com\/product\/yoast-seo-wordpress\/ -->\n<title>Korvakoruja taiteillut koruharrastaja hankki viimein omiin korviinsa rei\u00e4t - Ellikki.fi<\/title>\n<meta name=\"description\" content=\"Suutarin lapsi sai keng\u00e4t, kun hankin itselleni rei\u00e4t korviin. K\u00e4ytin neulaa ihan korkeimman omak\u00e4tisesti.\" \/>\n<meta name=\"robots\" content=\"index, follow, max-snippet:-1, max-image-preview:large, max-video-preview:-1\" \/>\n<link rel=\"canonical\" href=\"https:\/\/www.ellikki.fi\/korut\/kokeilut\/reiat-korviin\/\" \/>\n<meta property=\"og:locale\" content=\"fi_FI\" \/>\n<meta property=\"og:type\" content=\"article\" \/>\n<meta property=\"og:title\" content=\"Korvakoruja taiteillut koruharrastaja hankki viimein omiin korviinsa rei\u00e4t - Ellikki.fi\" \/>\n<meta property=\"og:description\" content=\"Suutarin lapsi sai keng\u00e4t, kun hankin itselleni rei\u00e4t korviin. K\u00e4ytin neulaa ihan korkeimman omak\u00e4tisesti.\" \/>\n<meta property=\"og:url\" content=\"https:\/\/www.ellikki.fi\/korut\/kokeilut\/reiat-korviin\/\" \/>\n<meta property=\"og:site_name\" content=\"Ellikki.fi\" \/>\n<meta property=\"article:publisher\" content=\"https:\/\/www.facebook.com\/ellikki\" \/>\n<meta property=\"article:published_time\" content=\"2019-01-27T19:32:33+00:00\" \/>\n<meta property=\"og:image\" content=\"https:\/\/www.ellikki.fi\/korut\/wp-content\/uploads\/2019\/01\/Omiin-korviin-rei\u00e4t.jpg\" \/>\n\t<meta property=\"og:image:width\" content=\"800\" \/>\n\t<meta property=\"og:image:height\" content=\"600\" \/>\n\t<meta property=\"og:image:type\" content=\"image\/jpeg\" \/>\n<meta name=\"author\" content=\"Ellikki\" \/>\n<meta name=\"twitter:card\" content=\"summary_large_image\" \/>\n<meta name=\"twitter:creator\" content=\"@eltalvio\" \/>\n<meta name=\"twitter:site\" content=\"@eltalvio\" \/>\n<meta name=\"twitter:label1\" content=\"Kirjoittanut\" \/>\n\t<meta name=\"twitter:data1\" content=\"Ellikki\" \/>\n\t<meta name=\"twitter:label2\" content=\"Arvioitu lukuaika\" \/>\n\t<meta name=\"twitter:data2\" content=\"1 minuutti\" \/>\n<script type=\"application\/ld+json\" class=\"yoast-schema-graph\">{\"@context\":\"https:\/\/schema.org\",\"@graph\":[{\"@type\":\"Article\",\"@id\":\"https:\/\/www.ellikki.fi\/korut\/kokeilut\/reiat-korviin\/#article\",\"isPartOf\":{\"@id\":\"https:\/\/www.ellikki.fi\/korut\/kokeilut\/reiat-korviin\/\"},\"author\":{\"name\":\"Ellikki\",\"@id\":\"https:\/\/www.ellikki.fi\/korut\/#\/schema\/person\/4100981f383f4e840417efe2a45a2e13\"},\"headline\":\"Korvakoruja taiteillut koruharrastaja hankki viimein omiin korviinsa rei\u00e4t\",\"datePublished\":\"2019-01-27T19:32:33+00:00\",\"mainEntityOfPage\":{\"@id\":\"https:\/\/www.ellikki.fi\/korut\/kokeilut\/reiat-korviin\/\"},\"wordCount\":305,\"commentCount\":0,\"image\":{\"@id\":\"https:\/\/www.ellikki.fi\/korut\/kokeilut\/reiat-korviin\/#primaryimage\"},\"thumbnailUrl\":\"https:\/\/www.ellikki.fi\/korut\/wp-content\/uploads\/2019\/01\/Omiin-korviin-rei\u00e4t.jpg\",\"keywords\":[\"korvakorut\",\"rei\u00e4t korviin\"],\"articleSection\":[\"Kokeilut\"],\"inLanguage\":\"fi\",\"potentialAction\":[{\"@type\":\"CommentAction\",\"name\":\"Comment\",\"target\":[\"https:\/\/www.ellikki.fi\/korut\/kokeilut\/reiat-korviin\/#respond\"]}]},{\"@type\":\"WebPage\",\"@id\":\"https:\/\/www.ellikki.fi\/korut\/kokeilut\/reiat-korviin\/\",\"url\":\"https:\/\/www.ellikki.fi\/korut\/kokeilut\/reiat-korviin\/\",\"name\":\"Korvakoruja taiteillut koruharrastaja hankki viimein omiin korviinsa rei\u00e4t - Ellikki.fi\",\"isPartOf\":{\"@id\":\"https:\/\/www.ellikki.fi\/korut\/#website\"},\"primaryImageOfPage\":{\"@id\":\"https:\/\/www.ellikki.fi\/korut\/kokeilut\/reiat-korviin\/#primaryimage\"},\"image\":{\"@id\":\"https:\/\/www.ellikki.fi\/korut\/kokeilut\/reiat-korviin\/#primaryimage\"},\"thumbnailUrl\":\"https:\/\/www.ellikki.fi\/korut\/wp-content\/uploads\/2019\/01\/Omiin-korviin-rei\u00e4t.jpg\",\"datePublished\":\"2019-01-27T19:32:33+00:00\",\"author\":{\"@id\":\"https:\/\/www.ellikki.fi\/korut\/#\/schema\/person\/4100981f383f4e840417efe2a45a2e13\"},\"description\":\"Suutarin lapsi sai keng\u00e4t, kun hankin itselleni rei\u00e4t korviin. K\u00e4ytin neulaa ihan korkeimman omak\u00e4tisesti.\",\"breadcrumb\":{\"@id\":\"https:\/\/www.ellikki.fi\/korut\/kokeilut\/reiat-korviin\/#breadcrumb\"},\"inLanguage\":\"fi\",\"potentialAction\":[{\"@type\":\"ReadAction\",\"target\":[\"https:\/\/www.ellikki.fi\/korut\/kokeilut\/reiat-korviin\/\"]}]},{\"@type\":\"ImageObject\",\"inLanguage\":\"fi\",\"@id\":\"https:\/\/www.ellikki.fi\/korut\/kokeilut\/reiat-korviin\/#primaryimage\",\"url\":\"https:\/\/www.ellikki.fi\/korut\/wp-content\/uploads\/2019\/01\/Omiin-korviin-rei\u00e4t.jpg\",\"contentUrl\":\"https:\/\/www.ellikki.fi\/korut\/wp-content\/uploads\/2019\/01\/Omiin-korviin-rei\u00e4t.jpg\",\"width\":800,\"height\":600,\"caption\":\"Omiin-korviin-rei\u00e4t\"},{\"@type\":\"BreadcrumbList\",\"@id\":\"https:\/\/www.ellikki.fi\/korut\/kokeilut\/reiat-korviin\/#breadcrumb\",\"itemListElement\":[{\"@type\":\"ListItem\",\"position\":1,\"name\":\"Ellikki.fi - Helmisuutari\",\"item\":\"https:\/\/www.ellikki.fi\/korut\/\"},{\"@type\":\"ListItem\",\"position\":2,\"name\":\"Korvakoruja taiteillut koruharrastaja hankki viimein omiin korviinsa rei\u00e4t\"}]},{\"@type\":\"WebSite\",\"@id\":\"https:\/\/www.ellikki.fi\/korut\/#website\",\"url\":\"https:\/\/www.ellikki.fi\/korut\/\",\"name\":\"Ellikki.fi\",\"description\":\"Helmisuutari\",\"potentialAction\":[{\"@type\":\"SearchAction\",\"target\":{\"@type\":\"EntryPoint\",\"urlTemplate\":\"https:\/\/www.ellikki.fi\/korut\/?s={search_term_string}\"},\"query-input\":{\"@type\":\"PropertyValueSpecification\",\"valueRequired\":true,\"valueName\":\"search_term_string\"}}],\"inLanguage\":\"fi\"},{\"@type\":\"Person\",\"@id\":\"https:\/\/www.ellikki.fi\/korut\/#\/schema\/person\/4100981f383f4e840417efe2a45a2e13\",\"name\":\"Ellikki\",\"image\":{\"@type\":\"ImageObject\",\"inLanguage\":\"fi\",\"@id\":\"https:\/\/www.ellikki.fi\/korut\/#\/schema\/person\/image\/\",\"url\":\"https:\/\/secure.gravatar.com\/avatar\/68459a81492a7fdb3d3e31353836619029f7a695895440f957f81143855d97ee?s=96&d=mm&r=g\",\"contentUrl\":\"https:\/\/secure.gravatar.com\/avatar\/68459a81492a7fdb3d3e31353836619029f7a695895440f957f81143855d97ee?s=96&d=mm&r=g\",\"caption\":\"Ellikki\"},\"description\":\"Loputtoman utelias hevostoimittaja, tarinanmets\u00e4st\u00e4j\u00e4 ja koruharrastaja, joka edelleen ihmettelee maailmaa ja koettaa aina silloin t\u00e4ll\u00f6in tehd\u00e4 jotain ensi kertaa el\u00e4m\u00e4ss\u00e4\u00e4n.\"}]}<\/script>\n<!-- \/ Yoast SEO plugin. -->","yoast_head_json":{"title":"Korvakoruja taiteillut koruharrastaja hankki viimein omiin korviinsa rei\u00e4t - Ellikki.fi","description":"Suutarin lapsi sai keng\u00e4t, kun hankin itselleni rei\u00e4t korviin. K\u00e4ytin neulaa ihan korkeimman omak\u00e4tisesti.","robots":{"index":"index","follow":"follow","max-snippet":"max-snippet:-1","max-image-preview":"max-image-preview:large","max-video-preview":"max-video-preview:-1"},"canonical":"https:\/\/www.ellikki.fi\/korut\/kokeilut\/reiat-korviin\/","og_locale":"fi_FI","og_type":"article","og_title":"Korvakoruja taiteillut koruharrastaja hankki viimein omiin korviinsa rei\u00e4t - Ellikki.fi","og_description":"Suutarin lapsi sai keng\u00e4t, kun hankin itselleni rei\u00e4t korviin. K\u00e4ytin neulaa ihan korkeimman omak\u00e4tisesti.","og_url":"https:\/\/www.ellikki.fi\/korut\/kokeilut\/reiat-korviin\/","og_site_name":"Ellikki.fi","article_publisher":"https:\/\/www.facebook.com\/ellikki","article_published_time":"2019-01-27T19:32:33+00:00","og_image":[{"width":800,"height":600,"url":"https:\/\/www.ellikki.fi\/korut\/wp-content\/uploads\/2019\/01\/Omiin-korviin-rei\u00e4t.jpg","type":"image\/jpeg"}],"author":"Ellikki","twitter_card":"summary_large_image","twitter_creator":"@eltalvio","twitter_site":"@eltalvio","twitter_misc":{"Kirjoittanut":"Ellikki","Arvioitu lukuaika":"1 minuutti"},"schema":{"@context":"https:\/\/schema.org","@graph":[{"@type":"Article","@id":"https:\/\/www.ellikki.fi\/korut\/kokeilut\/reiat-korviin\/#article","isPartOf":{"@id":"https:\/\/www.ellikki.fi\/korut\/kokeilut\/reiat-korviin\/"},"author":{"name":"Ellikki","@id":"https:\/\/www.ellikki.fi\/korut\/#\/schema\/person\/4100981f383f4e840417efe2a45a2e13"},"headline":"Korvakoruja taiteillut koruharrastaja hankki viimein omiin korviinsa rei\u00e4t","datePublished":"2019-01-27T19:32:33+00:00","mainEntityOfPage":{"@id":"https:\/\/www.ellikki.fi\/korut\/kokeilut\/reiat-korviin\/"},"wordCount":305,"commentCount":0,"image":{"@id":"https:\/\/www.ellikki.fi\/korut\/kokeilut\/reiat-korviin\/#primaryimage"},"thumbnailUrl":"https:\/\/www.ellikki.fi\/korut\/wp-content\/uploads\/2019\/01\/Omiin-korviin-rei\u00e4t.jpg","keywords":["korvakorut","rei\u00e4t korviin"],"articleSection":["Kokeilut"],"inLanguage":"fi","potentialAction":[{"@type":"CommentAction","name":"Comment","target":["https:\/\/www.ellikki.fi\/korut\/kokeilut\/reiat-korviin\/#respond"]}]},{"@type":"WebPage","@id":"https:\/\/www.ellikki.fi\/korut\/kokeilut\/reiat-korviin\/","url":"https:\/\/www.ellikki.fi\/korut\/kokeilut\/reiat-korviin\/","name":"Korvakoruja taiteillut koruharrastaja hankki viimein omiin korviinsa rei\u00e4t - Ellikki.fi","isPartOf":{"@id":"https:\/\/www.ellikki.fi\/korut\/#website"},"primaryImageOfPage":{"@id":"https:\/\/www.ellikki.fi\/korut\/kokeilut\/reiat-korviin\/#primaryimage"},"image":{"@id":"https:\/\/www.ellikki.fi\/korut\/kokeilut\/reiat-korviin\/#primaryimage"},"thumbnailUrl":"https:\/\/www.ellikki.fi\/korut\/wp-content\/uploads\/2019\/01\/Omiin-korviin-rei\u00e4t.jpg","datePublished":"2019-01-27T19:32:33+00:00","author":{"@id":"https:\/\/www.ellikki.fi\/korut\/#\/schema\/person\/4100981f383f4e840417efe2a45a2e13"},"description":"Suutarin lapsi sai keng\u00e4t, kun hankin itselleni rei\u00e4t korviin. K\u00e4ytin neulaa ihan korkeimman omak\u00e4tisesti.","breadcrumb":{"@id":"https:\/\/www.ellikki.fi\/korut\/kokeilut\/reiat-korviin\/#breadcrumb"},"inLanguage":"fi","potentialAction":[{"@type":"ReadAction","target":["https:\/\/www.ellikki.fi\/korut\/kokeilut\/reiat-korviin\/"]}]},{"@type":"ImageObject","inLanguage":"fi","@id":"https:\/\/www.ellikki.fi\/korut\/kokeilut\/reiat-korviin\/#primaryimage","url":"https:\/\/www.ellikki.fi\/korut\/wp-content\/uploads\/2019\/01\/Omiin-korviin-rei\u00e4t.jpg","contentUrl":"https:\/\/www.ellikki.fi\/korut\/wp-content\/uploads\/2019\/01\/Omiin-korviin-rei\u00e4t.jpg","width":800,"height":600,"caption":"Omiin-korviin-rei\u00e4t"},{"@type":"BreadcrumbList","@id":"https:\/\/www.ellikki.fi\/korut\/kokeilut\/reiat-korviin\/#breadcrumb","itemListElement":[{"@type":"ListItem","position":1,"name":"Ellikki.fi - Helmisuutari","item":"https:\/\/www.ellikki.fi\/korut\/"},{"@type":"ListItem","position":2,"name":"Korvakoruja taiteillut koruharrastaja hankki viimein omiin korviinsa rei\u00e4t"}]},{"@type":"WebSite","@id":"https:\/\/www.ellikki.fi\/korut\/#website","url":"https:\/\/www.ellikki.fi\/korut\/","name":"Ellikki.fi","description":"Helmisuutari","potentialAction":[{"@type":"SearchAction","target":{"@type":"EntryPoint","urlTemplate":"https:\/\/www.ellikki.fi\/korut\/?s={search_term_string}"},"query-input":{"@type":"PropertyValueSpecification","valueRequired":true,"valueName":"search_term_string"}}],"inLanguage":"fi"},{"@type":"Person","@id":"https:\/\/www.ellikki.fi\/korut\/#\/schema\/person\/4100981f383f4e840417efe2a45a2e13","name":"Ellikki","image":{"@type":"ImageObject","inLanguage":"fi","@id":"https:\/\/www.ellikki.fi\/korut\/#\/schema\/person\/image\/","url":"https:\/\/secure.gravatar.com\/avatar\/68459a81492a7fdb3d3e31353836619029f7a695895440f957f81143855d97ee?s=96&d=mm&r=g","contentUrl":"https:\/\/secure.gravatar.com\/avatar\/68459a81492a7fdb3d3e31353836619029f7a695895440f957f81143855d97ee?s=96&d=mm&r=g","caption":"Ellikki"},"description":"Loputtoman utelias hevostoimittaja, tarinanmets\u00e4st\u00e4j\u00e4 ja koruharrastaja, joka edelleen ihmettelee maailmaa ja koettaa aina silloin t\u00e4ll\u00f6in tehd\u00e4 jotain ensi kertaa el\u00e4m\u00e4ss\u00e4\u00e4n."}]}},"_links":{"self":[{"href":"https:\/\/www.ellikki.fi\/korut\/wp-json\/wp\/v2\/posts\/1843","targetHints":{"allow":["GET"]}}],"collection":[{"href":"https:\/\/www.ellikki.fi\/korut\/wp-json\/wp\/v2\/posts"}],"about":[{"href":"https:\/\/www.ellikki.fi\/korut\/wp-json\/wp\/v2\/types\/post"}],"author":[{"embeddable":true,"href":"https:\/\/www.ellikki.fi\/korut\/wp-json\/wp\/v2\/users\/1"}],"replies":[{"embeddable":true,"href":"https:\/\/www.ellikki.fi\/korut\/wp-json\/wp\/v2\/comments?post=1843"}],"version-history":[{"count":0,"href":"https:\/\/www.ellikki.fi\/korut\/wp-json\/wp\/v2\/posts\/1843\/revisions"}],"wp:featuredmedia":[{"embeddable":true,"href":"https:\/\/www.ellikki.fi\/korut\/wp-json\/wp\/v2\/media\/1844"}],"wp:attachment":[{"href":"https:\/\/www.ellikki.fi\/korut\/wp-json\/wp\/v2\/media?parent=1843"}],"wp:term":[{"taxonomy":"category","embeddable":true,"href":"https:\/\/www.ellikki.fi\/korut\/wp-json\/wp\/v2\/categories?post=1843"},{"taxonomy":"post_tag","embeddable":true,"href":"https:\/\/www.ellikki.fi\/korut\/wp-json\/wp\/v2\/tags?post=1843"}],"curies":[{"name":"wp","href":"https:\/\/api.w.org\/{rel}","templated":true}]}}