{"id":288,"date":"2014-06-02T14:53:25","date_gmt":"2014-06-02T11:53:25","guid":{"rendered":"http:\/\/www.ellikki.fi\/korut\/?p=288"},"modified":"2016-11-03T01:49:09","modified_gmt":"2016-11-02T23:49:09","slug":"tervetuloa-kirjastoon","status":"publish","type":"post","link":"https:\/\/www.ellikki.fi\/korut\/uutisia-askartelun-maailmasta\/tervetuloa-kirjastoon\/","title":{"rendered":"Tervetuloa kirjastoon!"},"content":{"rendered":"<p>Kirjastot seuraavat aikaansa, ja monista kirjastoista on tullut kulttuurin ja vapaa-ajan monitoimitaloja. J\u00e4ljell\u00e4 vanhasta ajasta lienee en\u00e4\u00e4 toivomus hiljaisuudesta. Kotkan p\u00e4\u00e4kirjastossa voi lastenosastolla leikki\u00e4 leluilla, pelata Nintendon Wii-konsolipeli\u00e4 ja lukea koiralle. Toisinaan kirjastossa j\u00e4rjestet\u00e4\u00e4n elokuvailtoja ja kirjailijatapaamisia. Kirjastosta voi lainata kirjojen lis\u00e4ksi energiankulutusmittareita, liikuntav\u00e4lineit\u00e4 ja tablettitietokoneita tai muita lukulaitteita e-kirjojen lukemista varten. Kirjastossa on my\u00f6s n\u00e4ht\u00e4vill\u00e4 taiden\u00e4yttelyit\u00e4 ja erillisi\u00e4 ilmoitustauluja on varattu tietoiskuihin, jotka voivat k\u00e4sitell\u00e4 historiaa tai vaikkapa jonkin yhdistyksen toimintaa. Kirjasto on todellakin muuttunut.<\/p>\n<p>P\u00e4\u00e4kirjaston lainausaulassa n\u00e4kyv\u00e4ll\u00e4 paikalla on <strong><a title=\"Kirjaston sivulle\" href=\"http:\/\/www.kyyti.fi\/nayttelyt\/kotkan-paakirjaston-vitriini-nayttelyt-2014\" target=\"_blank\">n\u00e4yttelypaikka<\/a><\/strong>, jota voisi kutsua vaikka kansalaisvitriiniksi. Sen voi kuka tahansa harrastaja varata kuukaudeksi ja esitell\u00e4 omaa harrastustaan. Vitriiniss\u00e4 on n\u00e4hty postimerkkej\u00e4, postikortteja, kyni\u00e4 ja k\u00e4sit\u00f6it\u00e4. Se on hyvin suosittu, se on yleens\u00e4 varattuna kuukausiksi eteenp\u00e4in. Nyt vitriiniss\u00e4 on koruja! Jo pystytysvaiheessa korut her\u00e4ttiv\u00e4t mielenkiintoa, p\u00e4\u00e4sin kertomaan harrastuksestani parille rohkealle ihmiselle, jotka tulivat niit\u00e4 katsomaan.<\/p>\n<p><a href=\"http:\/\/www.ellikki.fi\/korut\/wp-content\/uploads\/2014\/06\/vitriini-sivulta.jpg\"><img decoding=\"async\" class=\"aligncenter size-full wp-image-290\" alt=\"vitriini sivulta\" src=\"http:\/\/www.ellikki.fi\/korut\/wp-content\/uploads\/2014\/06\/vitriini-sivulta.jpg\" width=\"667\" height=\"1000\" srcset=\"https:\/\/www.ellikki.fi\/korut\/wp-content\/uploads\/2014\/06\/vitriini-sivulta-200x300.jpg 200w, https:\/\/www.ellikki.fi\/korut\/wp-content\/uploads\/2014\/06\/vitriini-sivulta-400x600.jpg 400w, https:\/\/www.ellikki.fi\/korut\/wp-content\/uploads\/2014\/06\/vitriini-sivulta-600x900.jpg 600w, https:\/\/www.ellikki.fi\/korut\/wp-content\/uploads\/2014\/06\/vitriini-sivulta.jpg 667w\" sizes=\"(max-width: 667px) 100vw, 667px\" \/><\/a><\/p>\n<p>N\u00e4itk\u00f6 korujani kirjastossa? Her\u00e4sik\u00f6 mieless\u00e4si ajatuksia, kysymyksi\u00e4 tai ideoita? Mit\u00e4 pidit? Kerro mielipiteesi!<\/p>\n","protected":false},"excerpt":{"rendered":"<p>Kirjastot seuraavat aikaansa, ja monista kirjastoista on tullut kulttuurin ja vapaa-ajan monitoimitaloja. J\u00e4ljell\u00e4 vanhasta ajasta lienee en\u00e4\u00e4 toivomus hiljaisuudesta. Kotkan p\u00e4\u00e4kirjastossa voi lastenosastolla leikki\u00e4 leluilla, pelata Nintendon Wii-konsolipeli\u00e4 ja lukea koiralle. Toisinaan kirjastossa j\u00e4rjestet\u00e4\u00e4n elokuvailtoja  [&#8230;]<\/p>\n","protected":false},"author":1,"featured_media":289,"comment_status":"open","ping_status":"open","sticky":false,"template":"","format":"standard","meta":{"footnotes":""},"categories":[7],"tags":[34,36,35],"class_list":["post-288","post","type-post","status-publish","format-standard","has-post-thumbnail","hentry","category-uutisia-askartelun-maailmasta","tag-kirjasto","tag-korut","tag-nayttely"],"yoast_head":"<!-- This site is optimized with the Yoast SEO plugin v27.1.1 - https:\/\/yoast.com\/product\/yoast-seo-wordpress\/ -->\n<title>Tervetuloa kirjastoon! - Ellikki.fi<\/title>\n<meta name=\"description\" content=\"Kes\u00e4kuussa Ellikin korut saapuivat Kotkan p\u00e4\u00e4kirjastoon! Joko k\u00e4vit katsomassa?\" \/>\n<meta name=\"robots\" content=\"index, follow, max-snippet:-1, max-image-preview:large, max-video-preview:-1\" \/>\n<link rel=\"canonical\" href=\"https:\/\/www.ellikki.fi\/korut\/uutisia-askartelun-maailmasta\/tervetuloa-kirjastoon\/\" \/>\n<meta property=\"og:locale\" content=\"fi_FI\" \/>\n<meta property=\"og:type\" content=\"article\" \/>\n<meta property=\"og:title\" content=\"Tervetuloa kirjastoon! - Ellikki.fi\" \/>\n<meta property=\"og:description\" content=\"Kes\u00e4kuussa Ellikin korut saapuivat Kotkan p\u00e4\u00e4kirjastoon! Joko k\u00e4vit katsomassa?\" \/>\n<meta property=\"og:url\" content=\"https:\/\/www.ellikki.fi\/korut\/uutisia-askartelun-maailmasta\/tervetuloa-kirjastoon\/\" \/>\n<meta property=\"og:site_name\" content=\"Ellikki.fi\" \/>\n<meta property=\"article:publisher\" content=\"https:\/\/www.facebook.com\/ellikki\" \/>\n<meta property=\"article:published_time\" content=\"2014-06-02T11:53:25+00:00\" \/>\n<meta property=\"article:modified_time\" content=\"2016-11-02T23:49:09+00:00\" \/>\n<meta property=\"og:image\" content=\"https:\/\/www.ellikki.fi\/korut\/wp-content\/uploads\/2014\/06\/ylin-hylly.jpg\" \/>\n\t<meta property=\"og:image:width\" content=\"1000\" \/>\n\t<meta property=\"og:image:height\" content=\"667\" \/>\n\t<meta property=\"og:image:type\" content=\"image\/jpeg\" \/>\n<meta name=\"author\" content=\"Ellikki\" \/>\n<meta name=\"twitter:card\" content=\"summary_large_image\" \/>\n<meta name=\"twitter:creator\" content=\"@eltalvio\" \/>\n<meta name=\"twitter:site\" content=\"@eltalvio\" \/>\n<meta name=\"twitter:label1\" content=\"Kirjoittanut\" \/>\n\t<meta name=\"twitter:data1\" content=\"Ellikki\" \/>\n\t<meta name=\"twitter:label2\" content=\"Arvioitu lukuaika\" \/>\n\t<meta name=\"twitter:data2\" content=\"1 minuutti\" \/>\n<script type=\"application\/ld+json\" class=\"yoast-schema-graph\">{\"@context\":\"https:\/\/schema.org\",\"@graph\":[{\"@type\":\"Article\",\"@id\":\"https:\/\/www.ellikki.fi\/korut\/uutisia-askartelun-maailmasta\/tervetuloa-kirjastoon\/#article\",\"isPartOf\":{\"@id\":\"https:\/\/www.ellikki.fi\/korut\/uutisia-askartelun-maailmasta\/tervetuloa-kirjastoon\/\"},\"author\":{\"name\":\"Ellikki\",\"@id\":\"https:\/\/www.ellikki.fi\/korut\/#\/schema\/person\/4100981f383f4e840417efe2a45a2e13\"},\"headline\":\"Tervetuloa kirjastoon!\",\"datePublished\":\"2014-06-02T11:53:25+00:00\",\"dateModified\":\"2016-11-02T23:49:09+00:00\",\"mainEntityOfPage\":{\"@id\":\"https:\/\/www.ellikki.fi\/korut\/uutisia-askartelun-maailmasta\/tervetuloa-kirjastoon\/\"},\"wordCount\":175,\"commentCount\":0,\"image\":{\"@id\":\"https:\/\/www.ellikki.fi\/korut\/uutisia-askartelun-maailmasta\/tervetuloa-kirjastoon\/#primaryimage\"},\"thumbnailUrl\":\"https:\/\/www.ellikki.fi\/korut\/wp-content\/uploads\/2014\/06\/ylin-hylly.jpg\",\"keywords\":[\"kirjasto\",\"korut\",\"n\u00e4yttely\"],\"articleSection\":[\"Uutisia askartelun maailmasta\"],\"inLanguage\":\"fi\",\"potentialAction\":[{\"@type\":\"CommentAction\",\"name\":\"Comment\",\"target\":[\"https:\/\/www.ellikki.fi\/korut\/uutisia-askartelun-maailmasta\/tervetuloa-kirjastoon\/#respond\"]}]},{\"@type\":\"WebPage\",\"@id\":\"https:\/\/www.ellikki.fi\/korut\/uutisia-askartelun-maailmasta\/tervetuloa-kirjastoon\/\",\"url\":\"https:\/\/www.ellikki.fi\/korut\/uutisia-askartelun-maailmasta\/tervetuloa-kirjastoon\/\",\"name\":\"Tervetuloa kirjastoon! - Ellikki.fi\",\"isPartOf\":{\"@id\":\"https:\/\/www.ellikki.fi\/korut\/#website\"},\"primaryImageOfPage\":{\"@id\":\"https:\/\/www.ellikki.fi\/korut\/uutisia-askartelun-maailmasta\/tervetuloa-kirjastoon\/#primaryimage\"},\"image\":{\"@id\":\"https:\/\/www.ellikki.fi\/korut\/uutisia-askartelun-maailmasta\/tervetuloa-kirjastoon\/#primaryimage\"},\"thumbnailUrl\":\"https:\/\/www.ellikki.fi\/korut\/wp-content\/uploads\/2014\/06\/ylin-hylly.jpg\",\"datePublished\":\"2014-06-02T11:53:25+00:00\",\"dateModified\":\"2016-11-02T23:49:09+00:00\",\"author\":{\"@id\":\"https:\/\/www.ellikki.fi\/korut\/#\/schema\/person\/4100981f383f4e840417efe2a45a2e13\"},\"description\":\"Kes\u00e4kuussa Ellikin korut saapuivat Kotkan p\u00e4\u00e4kirjastoon! Joko k\u00e4vit katsomassa?\",\"breadcrumb\":{\"@id\":\"https:\/\/www.ellikki.fi\/korut\/uutisia-askartelun-maailmasta\/tervetuloa-kirjastoon\/#breadcrumb\"},\"inLanguage\":\"fi\",\"potentialAction\":[{\"@type\":\"ReadAction\",\"target\":[\"https:\/\/www.ellikki.fi\/korut\/uutisia-askartelun-maailmasta\/tervetuloa-kirjastoon\/\"]}]},{\"@type\":\"ImageObject\",\"inLanguage\":\"fi\",\"@id\":\"https:\/\/www.ellikki.fi\/korut\/uutisia-askartelun-maailmasta\/tervetuloa-kirjastoon\/#primaryimage\",\"url\":\"https:\/\/www.ellikki.fi\/korut\/wp-content\/uploads\/2014\/06\/ylin-hylly.jpg\",\"contentUrl\":\"https:\/\/www.ellikki.fi\/korut\/wp-content\/uploads\/2014\/06\/ylin-hylly.jpg\",\"width\":1000,\"height\":667,\"caption\":\"ylin hylly\"},{\"@type\":\"BreadcrumbList\",\"@id\":\"https:\/\/www.ellikki.fi\/korut\/uutisia-askartelun-maailmasta\/tervetuloa-kirjastoon\/#breadcrumb\",\"itemListElement\":[{\"@type\":\"ListItem\",\"position\":1,\"name\":\"Ellikki.fi - Helmisuutari\",\"item\":\"https:\/\/www.ellikki.fi\/korut\/\"},{\"@type\":\"ListItem\",\"position\":2,\"name\":\"Tervetuloa kirjastoon!\"}]},{\"@type\":\"WebSite\",\"@id\":\"https:\/\/www.ellikki.fi\/korut\/#website\",\"url\":\"https:\/\/www.ellikki.fi\/korut\/\",\"name\":\"Ellikki.fi\",\"description\":\"Helmisuutari\",\"potentialAction\":[{\"@type\":\"SearchAction\",\"target\":{\"@type\":\"EntryPoint\",\"urlTemplate\":\"https:\/\/www.ellikki.fi\/korut\/?s={search_term_string}\"},\"query-input\":{\"@type\":\"PropertyValueSpecification\",\"valueRequired\":true,\"valueName\":\"search_term_string\"}}],\"inLanguage\":\"fi\"},{\"@type\":\"Person\",\"@id\":\"https:\/\/www.ellikki.fi\/korut\/#\/schema\/person\/4100981f383f4e840417efe2a45a2e13\",\"name\":\"Ellikki\",\"image\":{\"@type\":\"ImageObject\",\"inLanguage\":\"fi\",\"@id\":\"https:\/\/www.ellikki.fi\/korut\/#\/schema\/person\/image\/\",\"url\":\"https:\/\/secure.gravatar.com\/avatar\/68459a81492a7fdb3d3e31353836619029f7a695895440f957f81143855d97ee?s=96&d=mm&r=g\",\"contentUrl\":\"https:\/\/secure.gravatar.com\/avatar\/68459a81492a7fdb3d3e31353836619029f7a695895440f957f81143855d97ee?s=96&d=mm&r=g\",\"caption\":\"Ellikki\"},\"description\":\"Loputtoman utelias hevostoimittaja, tarinanmets\u00e4st\u00e4j\u00e4 ja koruharrastaja, joka edelleen ihmettelee maailmaa ja koettaa aina silloin t\u00e4ll\u00f6in tehd\u00e4 jotain ensi kertaa el\u00e4m\u00e4ss\u00e4\u00e4n.\"}]}<\/script>\n<!-- \/ Yoast SEO plugin. -->","yoast_head_json":{"title":"Tervetuloa kirjastoon! - Ellikki.fi","description":"Kes\u00e4kuussa Ellikin korut saapuivat Kotkan p\u00e4\u00e4kirjastoon! Joko k\u00e4vit katsomassa?","robots":{"index":"index","follow":"follow","max-snippet":"max-snippet:-1","max-image-preview":"max-image-preview:large","max-video-preview":"max-video-preview:-1"},"canonical":"https:\/\/www.ellikki.fi\/korut\/uutisia-askartelun-maailmasta\/tervetuloa-kirjastoon\/","og_locale":"fi_FI","og_type":"article","og_title":"Tervetuloa kirjastoon! - Ellikki.fi","og_description":"Kes\u00e4kuussa Ellikin korut saapuivat Kotkan p\u00e4\u00e4kirjastoon! Joko k\u00e4vit katsomassa?","og_url":"https:\/\/www.ellikki.fi\/korut\/uutisia-askartelun-maailmasta\/tervetuloa-kirjastoon\/","og_site_name":"Ellikki.fi","article_publisher":"https:\/\/www.facebook.com\/ellikki","article_published_time":"2014-06-02T11:53:25+00:00","article_modified_time":"2016-11-02T23:49:09+00:00","og_image":[{"width":1000,"height":667,"url":"https:\/\/www.ellikki.fi\/korut\/wp-content\/uploads\/2014\/06\/ylin-hylly.jpg","type":"image\/jpeg"}],"author":"Ellikki","twitter_card":"summary_large_image","twitter_creator":"@eltalvio","twitter_site":"@eltalvio","twitter_misc":{"Kirjoittanut":"Ellikki","Arvioitu lukuaika":"1 minuutti"},"schema":{"@context":"https:\/\/schema.org","@graph":[{"@type":"Article","@id":"https:\/\/www.ellikki.fi\/korut\/uutisia-askartelun-maailmasta\/tervetuloa-kirjastoon\/#article","isPartOf":{"@id":"https:\/\/www.ellikki.fi\/korut\/uutisia-askartelun-maailmasta\/tervetuloa-kirjastoon\/"},"author":{"name":"Ellikki","@id":"https:\/\/www.ellikki.fi\/korut\/#\/schema\/person\/4100981f383f4e840417efe2a45a2e13"},"headline":"Tervetuloa kirjastoon!","datePublished":"2014-06-02T11:53:25+00:00","dateModified":"2016-11-02T23:49:09+00:00","mainEntityOfPage":{"@id":"https:\/\/www.ellikki.fi\/korut\/uutisia-askartelun-maailmasta\/tervetuloa-kirjastoon\/"},"wordCount":175,"commentCount":0,"image":{"@id":"https:\/\/www.ellikki.fi\/korut\/uutisia-askartelun-maailmasta\/tervetuloa-kirjastoon\/#primaryimage"},"thumbnailUrl":"https:\/\/www.ellikki.fi\/korut\/wp-content\/uploads\/2014\/06\/ylin-hylly.jpg","keywords":["kirjasto","korut","n\u00e4yttely"],"articleSection":["Uutisia askartelun maailmasta"],"inLanguage":"fi","potentialAction":[{"@type":"CommentAction","name":"Comment","target":["https:\/\/www.ellikki.fi\/korut\/uutisia-askartelun-maailmasta\/tervetuloa-kirjastoon\/#respond"]}]},{"@type":"WebPage","@id":"https:\/\/www.ellikki.fi\/korut\/uutisia-askartelun-maailmasta\/tervetuloa-kirjastoon\/","url":"https:\/\/www.ellikki.fi\/korut\/uutisia-askartelun-maailmasta\/tervetuloa-kirjastoon\/","name":"Tervetuloa kirjastoon! - Ellikki.fi","isPartOf":{"@id":"https:\/\/www.ellikki.fi\/korut\/#website"},"primaryImageOfPage":{"@id":"https:\/\/www.ellikki.fi\/korut\/uutisia-askartelun-maailmasta\/tervetuloa-kirjastoon\/#primaryimage"},"image":{"@id":"https:\/\/www.ellikki.fi\/korut\/uutisia-askartelun-maailmasta\/tervetuloa-kirjastoon\/#primaryimage"},"thumbnailUrl":"https:\/\/www.ellikki.fi\/korut\/wp-content\/uploads\/2014\/06\/ylin-hylly.jpg","datePublished":"2014-06-02T11:53:25+00:00","dateModified":"2016-11-02T23:49:09+00:00","author":{"@id":"https:\/\/www.ellikki.fi\/korut\/#\/schema\/person\/4100981f383f4e840417efe2a45a2e13"},"description":"Kes\u00e4kuussa Ellikin korut saapuivat Kotkan p\u00e4\u00e4kirjastoon! Joko k\u00e4vit katsomassa?","breadcrumb":{"@id":"https:\/\/www.ellikki.fi\/korut\/uutisia-askartelun-maailmasta\/tervetuloa-kirjastoon\/#breadcrumb"},"inLanguage":"fi","potentialAction":[{"@type":"ReadAction","target":["https:\/\/www.ellikki.fi\/korut\/uutisia-askartelun-maailmasta\/tervetuloa-kirjastoon\/"]}]},{"@type":"ImageObject","inLanguage":"fi","@id":"https:\/\/www.ellikki.fi\/korut\/uutisia-askartelun-maailmasta\/tervetuloa-kirjastoon\/#primaryimage","url":"https:\/\/www.ellikki.fi\/korut\/wp-content\/uploads\/2014\/06\/ylin-hylly.jpg","contentUrl":"https:\/\/www.ellikki.fi\/korut\/wp-content\/uploads\/2014\/06\/ylin-hylly.jpg","width":1000,"height":667,"caption":"ylin hylly"},{"@type":"BreadcrumbList","@id":"https:\/\/www.ellikki.fi\/korut\/uutisia-askartelun-maailmasta\/tervetuloa-kirjastoon\/#breadcrumb","itemListElement":[{"@type":"ListItem","position":1,"name":"Ellikki.fi - Helmisuutari","item":"https:\/\/www.ellikki.fi\/korut\/"},{"@type":"ListItem","position":2,"name":"Tervetuloa kirjastoon!"}]},{"@type":"WebSite","@id":"https:\/\/www.ellikki.fi\/korut\/#website","url":"https:\/\/www.ellikki.fi\/korut\/","name":"Ellikki.fi","description":"Helmisuutari","potentialAction":[{"@type":"SearchAction","target":{"@type":"EntryPoint","urlTemplate":"https:\/\/www.ellikki.fi\/korut\/?s={search_term_string}"},"query-input":{"@type":"PropertyValueSpecification","valueRequired":true,"valueName":"search_term_string"}}],"inLanguage":"fi"},{"@type":"Person","@id":"https:\/\/www.ellikki.fi\/korut\/#\/schema\/person\/4100981f383f4e840417efe2a45a2e13","name":"Ellikki","image":{"@type":"ImageObject","inLanguage":"fi","@id":"https:\/\/www.ellikki.fi\/korut\/#\/schema\/person\/image\/","url":"https:\/\/secure.gravatar.com\/avatar\/68459a81492a7fdb3d3e31353836619029f7a695895440f957f81143855d97ee?s=96&d=mm&r=g","contentUrl":"https:\/\/secure.gravatar.com\/avatar\/68459a81492a7fdb3d3e31353836619029f7a695895440f957f81143855d97ee?s=96&d=mm&r=g","caption":"Ellikki"},"description":"Loputtoman utelias hevostoimittaja, tarinanmets\u00e4st\u00e4j\u00e4 ja koruharrastaja, joka edelleen ihmettelee maailmaa ja koettaa aina silloin t\u00e4ll\u00f6in tehd\u00e4 jotain ensi kertaa el\u00e4m\u00e4ss\u00e4\u00e4n."}]}},"_links":{"self":[{"href":"https:\/\/www.ellikki.fi\/korut\/wp-json\/wp\/v2\/posts\/288","targetHints":{"allow":["GET"]}}],"collection":[{"href":"https:\/\/www.ellikki.fi\/korut\/wp-json\/wp\/v2\/posts"}],"about":[{"href":"https:\/\/www.ellikki.fi\/korut\/wp-json\/wp\/v2\/types\/post"}],"author":[{"embeddable":true,"href":"https:\/\/www.ellikki.fi\/korut\/wp-json\/wp\/v2\/users\/1"}],"replies":[{"embeddable":true,"href":"https:\/\/www.ellikki.fi\/korut\/wp-json\/wp\/v2\/comments?post=288"}],"version-history":[{"count":0,"href":"https:\/\/www.ellikki.fi\/korut\/wp-json\/wp\/v2\/posts\/288\/revisions"}],"wp:featuredmedia":[{"embeddable":true,"href":"https:\/\/www.ellikki.fi\/korut\/wp-json\/wp\/v2\/media\/289"}],"wp:attachment":[{"href":"https:\/\/www.ellikki.fi\/korut\/wp-json\/wp\/v2\/media?parent=288"}],"wp:term":[{"taxonomy":"category","embeddable":true,"href":"https:\/\/www.ellikki.fi\/korut\/wp-json\/wp\/v2\/categories?post=288"},{"taxonomy":"post_tag","embeddable":true,"href":"https:\/\/www.ellikki.fi\/korut\/wp-json\/wp\/v2\/tags?post=288"}],"curies":[{"name":"wp","href":"https:\/\/api.w.org\/{rel}","templated":true}]}}