{"id":362,"date":"2014-07-24T21:21:50","date_gmt":"2014-07-24T18:21:50","guid":{"rendered":"http:\/\/www.ellikki.fi\/korut\/?p=362"},"modified":"2014-07-24T21:21:50","modified_gmt":"2014-07-24T18:21:50","slug":"koruttomat-meripaivat","status":"publish","type":"post","link":"https:\/\/www.ellikki.fi\/korut\/uutisia-askartelun-maailmasta\/koruttomat-meripaivat\/","title":{"rendered":"Koruttomat Merip\u00e4iv\u00e4t"},"content":{"rendered":"<p>Kotkan Merip\u00e4iv\u00e4t on lakumarkkinatapahtuma ja rellestysviikonloppu, jonka aikana joku v\u00e4lill\u00e4 jopa kuolee \u2013 kuin paikallinen juhannus siis. Erikoisinta tapahtumassa lienee se, ett\u00e4 viel\u00e4 koskaan historiassa ei ole tainnut olla koleita ja tuulisia s\u00e4it\u00e4 merip\u00e4iv\u00e4viikonloppuna, ainakaan kukaan ei my\u00f6nn\u00e4 sellaisista kuulleensa. Viime vuosina on ollut pari koleaa kes\u00e4\u00e4, mutta niin\u00e4kin vuosina harvat l\u00e4mpim\u00e4t p\u00e4iv\u00e4t ovat osuneet markkinoille. Viime vuonna tapahtumassa k\u00e4vi yli 200 000 ihmist\u00e4 ja se oli Suomen suosituin kes\u00e4tapahtuma. Paikallisena asukkaana on v\u00e4h\u00e4n varaa jopa ihmetell\u00e4 sit\u00e4, sill\u00e4 tarjonta ei juuri poikkea vaikkapa Laitilan Munamarkkinoista, kokoluokka vain on suurempi.<\/p>\n<p>Merip\u00e4ivill\u00e4 on kuitenkin my\u00f6s kauniimpi puolensa, jota haluan t\u00e4ss\u00e4 esitell\u00e4, siit\u00e4 huolimatta ett\u00e4 t\u00e4n\u00e4 vuonna sen puolen osallistuminen vaikutti olevan melko heikkoa. Niin\u00e4 vuosina kun olen koruntekoa harrastanut, olen joka vuosi l\u00f6yt\u00e4nyt jotain kivaa korutarviketta Merip\u00e4ivilt\u00e4. Nyt korutarvikemyyji\u00e4 ei n\u00e4kynyt, koruntekij\u00f6it\u00e4kin melko v\u00e4h\u00e4n. Parhaimpina vuosina k\u00e4sit\u00f6iden ja korujen kauppiaita on ollut saman verran kuin keskikokoisilla k\u00e4dentaitomessuilla, mutta t\u00e4n\u00e4 vuonna paikalle oli vaivautunut vain kourallinen. Syyt\u00e4 ei tarvinnut hakea kaukaa: k\u00e4sity\u00f6l\u00e4iset oli ty\u00f6nnetty hyvilt\u00e4 paikoilta meren \u00e4\u00e4rest\u00e4 py\u00f6r\u00e4tielle, jonka erottaa muusta huvialueesta aita. K\u00e4sity\u00f6kojut eiv\u00e4t ole en\u00e4\u00e4 kivasti reitin varrella, vaan niiden takia t\u00e4ytyy tehd\u00e4 oma pieni kierroksensa. Vain muutama koru- ja k\u00e4sity\u00f6koju oli entisill\u00e4 paikoillaan, veikkaan ett\u00e4 siirtym\u00e4 liittyy jotenkin paikkojen hintoihin, ne ovat saattaneet nousta ja k\u00e4sity\u00f6l\u00e4isille on tarjottu edullista ja samalla huonompaa paikkaa aidan takaa. Moni on sitten laskeskellut, ett\u00e4 reissu voi j\u00e4\u00e4d\u00e4 tappion puolelle ja j\u00e4\u00e4nyt pois. Se on s\u00e4\u00e4li. Kimalteen puutetta t\u00e4ytynee paikata Elvis-valokuvan\u00e4yttelyss\u00e4. Puvut s\u00e4ihkyv\u00e4t ja t\u00e4hti loistaa kirkkaana. N\u00e4yttelyn on tuonut Kotkaan itse Elviksen valokuvaaja Ed Bonja. Osuin paikalle, kun maanantaina sit\u00e4 pystytettiin ja ty\u00f6nsin nokkani sis\u00e4lle. Olen nyt k\u00e4tellyt miest\u00e4, joka tunsi Elviksen. How cool is that!<\/p>\n","protected":false},"excerpt":{"rendered":"<p>Kotkan Merip\u00e4iv\u00e4t on lakumarkkinatapahtuma ja rellestysviikonloppu, jonka aikana joku v\u00e4lill\u00e4 jopa kuolee \u2013 kuin paikallinen juhannus siis. Erikoisinta tapahtumassa lienee se, ett\u00e4 viel\u00e4 koskaan historiassa ei ole tainnut olla koleita ja tuulisia s\u00e4it\u00e4 merip\u00e4iv\u00e4viikonloppuna, ainakaan  [&#8230;]<\/p>\n","protected":false},"author":1,"featured_media":363,"comment_status":"open","ping_status":"open","sticky":false,"template":"","format":"standard","meta":{"footnotes":""},"categories":[7],"tags":[51,50,49],"class_list":["post-362","post","type-post","status-publish","format-standard","has-post-thumbnail","hentry","category-uutisia-askartelun-maailmasta","tag-kasityo","tag-korumyyjat","tag-meripaivat"],"yoast_head":"<!-- This site is optimized with the Yoast SEO plugin v27.1.1 - https:\/\/yoast.com\/product\/yoast-seo-wordpress\/ -->\n<title>Koruttomat Merip\u00e4iv\u00e4t - Ellikki.fi<\/title>\n<meta name=\"description\" content=\"Merip\u00e4ivill\u00e4 myyd\u00e4\u00e4n paitsi lakritsia ja hassuja t-paitoja, my\u00f6s koruja, korutarvikkeita ja k\u00e4sit\u00f6it\u00e4 - tai ainakin myytiin.\" \/>\n<meta name=\"robots\" content=\"index, follow, max-snippet:-1, max-image-preview:large, max-video-preview:-1\" \/>\n<link rel=\"canonical\" href=\"https:\/\/www.ellikki.fi\/korut\/uutisia-askartelun-maailmasta\/koruttomat-meripaivat\/\" \/>\n<meta property=\"og:locale\" content=\"fi_FI\" \/>\n<meta property=\"og:type\" content=\"article\" \/>\n<meta property=\"og:title\" content=\"Koruttomat Merip\u00e4iv\u00e4t - Ellikki.fi\" \/>\n<meta property=\"og:description\" content=\"Merip\u00e4ivill\u00e4 myyd\u00e4\u00e4n paitsi lakritsia ja hassuja t-paitoja, my\u00f6s koruja, korutarvikkeita ja k\u00e4sit\u00f6it\u00e4 - tai ainakin myytiin.\" \/>\n<meta property=\"og:url\" content=\"https:\/\/www.ellikki.fi\/korut\/uutisia-askartelun-maailmasta\/koruttomat-meripaivat\/\" \/>\n<meta property=\"og:site_name\" content=\"Ellikki.fi\" \/>\n<meta property=\"article:publisher\" content=\"https:\/\/www.facebook.com\/ellikki\" \/>\n<meta property=\"article:published_time\" content=\"2014-07-24T18:21:50+00:00\" \/>\n<meta property=\"og:image\" content=\"https:\/\/www.ellikki.fi\/korut\/wp-content\/uploads\/2014\/07\/Torikoju.jpg\" \/>\n\t<meta property=\"og:image:width\" content=\"1000\" \/>\n\t<meta property=\"og:image:height\" content=\"667\" \/>\n\t<meta property=\"og:image:type\" content=\"image\/jpeg\" \/>\n<meta name=\"author\" content=\"Ellikki\" \/>\n<meta name=\"twitter:card\" content=\"summary_large_image\" \/>\n<meta name=\"twitter:creator\" content=\"@eltalvio\" \/>\n<meta name=\"twitter:site\" content=\"@eltalvio\" \/>\n<meta name=\"twitter:label1\" content=\"Kirjoittanut\" \/>\n\t<meta name=\"twitter:data1\" content=\"Ellikki\" \/>\n\t<meta name=\"twitter:label2\" content=\"Arvioitu lukuaika\" \/>\n\t<meta name=\"twitter:data2\" content=\"2 minuuttia\" \/>\n<script type=\"application\/ld+json\" class=\"yoast-schema-graph\">{\"@context\":\"https:\/\/schema.org\",\"@graph\":[{\"@type\":\"Article\",\"@id\":\"https:\/\/www.ellikki.fi\/korut\/uutisia-askartelun-maailmasta\/koruttomat-meripaivat\/#article\",\"isPartOf\":{\"@id\":\"https:\/\/www.ellikki.fi\/korut\/uutisia-askartelun-maailmasta\/koruttomat-meripaivat\/\"},\"author\":{\"name\":\"Ellikki\",\"@id\":\"https:\/\/www.ellikki.fi\/korut\/#\/schema\/person\/4100981f383f4e840417efe2a45a2e13\"},\"headline\":\"Koruttomat Merip\u00e4iv\u00e4t\",\"datePublished\":\"2014-07-24T18:21:50+00:00\",\"mainEntityOfPage\":{\"@id\":\"https:\/\/www.ellikki.fi\/korut\/uutisia-askartelun-maailmasta\/koruttomat-meripaivat\/\"},\"wordCount\":334,\"commentCount\":0,\"image\":{\"@id\":\"https:\/\/www.ellikki.fi\/korut\/uutisia-askartelun-maailmasta\/koruttomat-meripaivat\/#primaryimage\"},\"thumbnailUrl\":\"https:\/\/www.ellikki.fi\/korut\/wp-content\/uploads\/2014\/07\/Torikoju.jpg\",\"keywords\":[\"k\u00e4sity\u00f6\",\"korumyyj\u00e4t\",\"Merip\u00e4iv\u00e4t\"],\"articleSection\":[\"Uutisia askartelun maailmasta\"],\"inLanguage\":\"fi\",\"potentialAction\":[{\"@type\":\"CommentAction\",\"name\":\"Comment\",\"target\":[\"https:\/\/www.ellikki.fi\/korut\/uutisia-askartelun-maailmasta\/koruttomat-meripaivat\/#respond\"]}]},{\"@type\":\"WebPage\",\"@id\":\"https:\/\/www.ellikki.fi\/korut\/uutisia-askartelun-maailmasta\/koruttomat-meripaivat\/\",\"url\":\"https:\/\/www.ellikki.fi\/korut\/uutisia-askartelun-maailmasta\/koruttomat-meripaivat\/\",\"name\":\"Koruttomat Merip\u00e4iv\u00e4t - Ellikki.fi\",\"isPartOf\":{\"@id\":\"https:\/\/www.ellikki.fi\/korut\/#website\"},\"primaryImageOfPage\":{\"@id\":\"https:\/\/www.ellikki.fi\/korut\/uutisia-askartelun-maailmasta\/koruttomat-meripaivat\/#primaryimage\"},\"image\":{\"@id\":\"https:\/\/www.ellikki.fi\/korut\/uutisia-askartelun-maailmasta\/koruttomat-meripaivat\/#primaryimage\"},\"thumbnailUrl\":\"https:\/\/www.ellikki.fi\/korut\/wp-content\/uploads\/2014\/07\/Torikoju.jpg\",\"datePublished\":\"2014-07-24T18:21:50+00:00\",\"author\":{\"@id\":\"https:\/\/www.ellikki.fi\/korut\/#\/schema\/person\/4100981f383f4e840417efe2a45a2e13\"},\"description\":\"Merip\u00e4ivill\u00e4 myyd\u00e4\u00e4n paitsi lakritsia ja hassuja t-paitoja, my\u00f6s koruja, korutarvikkeita ja k\u00e4sit\u00f6it\u00e4 - tai ainakin myytiin.\",\"breadcrumb\":{\"@id\":\"https:\/\/www.ellikki.fi\/korut\/uutisia-askartelun-maailmasta\/koruttomat-meripaivat\/#breadcrumb\"},\"inLanguage\":\"fi\",\"potentialAction\":[{\"@type\":\"ReadAction\",\"target\":[\"https:\/\/www.ellikki.fi\/korut\/uutisia-askartelun-maailmasta\/koruttomat-meripaivat\/\"]}]},{\"@type\":\"ImageObject\",\"inLanguage\":\"fi\",\"@id\":\"https:\/\/www.ellikki.fi\/korut\/uutisia-askartelun-maailmasta\/koruttomat-meripaivat\/#primaryimage\",\"url\":\"https:\/\/www.ellikki.fi\/korut\/wp-content\/uploads\/2014\/07\/Torikoju.jpg\",\"contentUrl\":\"https:\/\/www.ellikki.fi\/korut\/wp-content\/uploads\/2014\/07\/Torikoju.jpg\",\"width\":1000,\"height\":667,\"caption\":\"Torikoju\"},{\"@type\":\"BreadcrumbList\",\"@id\":\"https:\/\/www.ellikki.fi\/korut\/uutisia-askartelun-maailmasta\/koruttomat-meripaivat\/#breadcrumb\",\"itemListElement\":[{\"@type\":\"ListItem\",\"position\":1,\"name\":\"Ellikki.fi - Helmisuutari\",\"item\":\"https:\/\/www.ellikki.fi\/korut\/\"},{\"@type\":\"ListItem\",\"position\":2,\"name\":\"Koruttomat Merip\u00e4iv\u00e4t\"}]},{\"@type\":\"WebSite\",\"@id\":\"https:\/\/www.ellikki.fi\/korut\/#website\",\"url\":\"https:\/\/www.ellikki.fi\/korut\/\",\"name\":\"Ellikki.fi\",\"description\":\"Helmisuutari\",\"potentialAction\":[{\"@type\":\"SearchAction\",\"target\":{\"@type\":\"EntryPoint\",\"urlTemplate\":\"https:\/\/www.ellikki.fi\/korut\/?s={search_term_string}\"},\"query-input\":{\"@type\":\"PropertyValueSpecification\",\"valueRequired\":true,\"valueName\":\"search_term_string\"}}],\"inLanguage\":\"fi\"},{\"@type\":\"Person\",\"@id\":\"https:\/\/www.ellikki.fi\/korut\/#\/schema\/person\/4100981f383f4e840417efe2a45a2e13\",\"name\":\"Ellikki\",\"image\":{\"@type\":\"ImageObject\",\"inLanguage\":\"fi\",\"@id\":\"https:\/\/www.ellikki.fi\/korut\/#\/schema\/person\/image\/\",\"url\":\"https:\/\/secure.gravatar.com\/avatar\/68459a81492a7fdb3d3e31353836619029f7a695895440f957f81143855d97ee?s=96&d=mm&r=g\",\"contentUrl\":\"https:\/\/secure.gravatar.com\/avatar\/68459a81492a7fdb3d3e31353836619029f7a695895440f957f81143855d97ee?s=96&d=mm&r=g\",\"caption\":\"Ellikki\"},\"description\":\"Loputtoman utelias hevostoimittaja, tarinanmets\u00e4st\u00e4j\u00e4 ja koruharrastaja, joka edelleen ihmettelee maailmaa ja koettaa aina silloin t\u00e4ll\u00f6in tehd\u00e4 jotain ensi kertaa el\u00e4m\u00e4ss\u00e4\u00e4n.\"}]}<\/script>\n<!-- \/ Yoast SEO plugin. -->","yoast_head_json":{"title":"Koruttomat Merip\u00e4iv\u00e4t - Ellikki.fi","description":"Merip\u00e4ivill\u00e4 myyd\u00e4\u00e4n paitsi lakritsia ja hassuja t-paitoja, my\u00f6s koruja, korutarvikkeita ja k\u00e4sit\u00f6it\u00e4 - tai ainakin myytiin.","robots":{"index":"index","follow":"follow","max-snippet":"max-snippet:-1","max-image-preview":"max-image-preview:large","max-video-preview":"max-video-preview:-1"},"canonical":"https:\/\/www.ellikki.fi\/korut\/uutisia-askartelun-maailmasta\/koruttomat-meripaivat\/","og_locale":"fi_FI","og_type":"article","og_title":"Koruttomat Merip\u00e4iv\u00e4t - Ellikki.fi","og_description":"Merip\u00e4ivill\u00e4 myyd\u00e4\u00e4n paitsi lakritsia ja hassuja t-paitoja, my\u00f6s koruja, korutarvikkeita ja k\u00e4sit\u00f6it\u00e4 - tai ainakin myytiin.","og_url":"https:\/\/www.ellikki.fi\/korut\/uutisia-askartelun-maailmasta\/koruttomat-meripaivat\/","og_site_name":"Ellikki.fi","article_publisher":"https:\/\/www.facebook.com\/ellikki","article_published_time":"2014-07-24T18:21:50+00:00","og_image":[{"width":1000,"height":667,"url":"https:\/\/www.ellikki.fi\/korut\/wp-content\/uploads\/2014\/07\/Torikoju.jpg","type":"image\/jpeg"}],"author":"Ellikki","twitter_card":"summary_large_image","twitter_creator":"@eltalvio","twitter_site":"@eltalvio","twitter_misc":{"Kirjoittanut":"Ellikki","Arvioitu lukuaika":"2 minuuttia"},"schema":{"@context":"https:\/\/schema.org","@graph":[{"@type":"Article","@id":"https:\/\/www.ellikki.fi\/korut\/uutisia-askartelun-maailmasta\/koruttomat-meripaivat\/#article","isPartOf":{"@id":"https:\/\/www.ellikki.fi\/korut\/uutisia-askartelun-maailmasta\/koruttomat-meripaivat\/"},"author":{"name":"Ellikki","@id":"https:\/\/www.ellikki.fi\/korut\/#\/schema\/person\/4100981f383f4e840417efe2a45a2e13"},"headline":"Koruttomat Merip\u00e4iv\u00e4t","datePublished":"2014-07-24T18:21:50+00:00","mainEntityOfPage":{"@id":"https:\/\/www.ellikki.fi\/korut\/uutisia-askartelun-maailmasta\/koruttomat-meripaivat\/"},"wordCount":334,"commentCount":0,"image":{"@id":"https:\/\/www.ellikki.fi\/korut\/uutisia-askartelun-maailmasta\/koruttomat-meripaivat\/#primaryimage"},"thumbnailUrl":"https:\/\/www.ellikki.fi\/korut\/wp-content\/uploads\/2014\/07\/Torikoju.jpg","keywords":["k\u00e4sity\u00f6","korumyyj\u00e4t","Merip\u00e4iv\u00e4t"],"articleSection":["Uutisia askartelun maailmasta"],"inLanguage":"fi","potentialAction":[{"@type":"CommentAction","name":"Comment","target":["https:\/\/www.ellikki.fi\/korut\/uutisia-askartelun-maailmasta\/koruttomat-meripaivat\/#respond"]}]},{"@type":"WebPage","@id":"https:\/\/www.ellikki.fi\/korut\/uutisia-askartelun-maailmasta\/koruttomat-meripaivat\/","url":"https:\/\/www.ellikki.fi\/korut\/uutisia-askartelun-maailmasta\/koruttomat-meripaivat\/","name":"Koruttomat Merip\u00e4iv\u00e4t - Ellikki.fi","isPartOf":{"@id":"https:\/\/www.ellikki.fi\/korut\/#website"},"primaryImageOfPage":{"@id":"https:\/\/www.ellikki.fi\/korut\/uutisia-askartelun-maailmasta\/koruttomat-meripaivat\/#primaryimage"},"image":{"@id":"https:\/\/www.ellikki.fi\/korut\/uutisia-askartelun-maailmasta\/koruttomat-meripaivat\/#primaryimage"},"thumbnailUrl":"https:\/\/www.ellikki.fi\/korut\/wp-content\/uploads\/2014\/07\/Torikoju.jpg","datePublished":"2014-07-24T18:21:50+00:00","author":{"@id":"https:\/\/www.ellikki.fi\/korut\/#\/schema\/person\/4100981f383f4e840417efe2a45a2e13"},"description":"Merip\u00e4ivill\u00e4 myyd\u00e4\u00e4n paitsi lakritsia ja hassuja t-paitoja, my\u00f6s koruja, korutarvikkeita ja k\u00e4sit\u00f6it\u00e4 - tai ainakin myytiin.","breadcrumb":{"@id":"https:\/\/www.ellikki.fi\/korut\/uutisia-askartelun-maailmasta\/koruttomat-meripaivat\/#breadcrumb"},"inLanguage":"fi","potentialAction":[{"@type":"ReadAction","target":["https:\/\/www.ellikki.fi\/korut\/uutisia-askartelun-maailmasta\/koruttomat-meripaivat\/"]}]},{"@type":"ImageObject","inLanguage":"fi","@id":"https:\/\/www.ellikki.fi\/korut\/uutisia-askartelun-maailmasta\/koruttomat-meripaivat\/#primaryimage","url":"https:\/\/www.ellikki.fi\/korut\/wp-content\/uploads\/2014\/07\/Torikoju.jpg","contentUrl":"https:\/\/www.ellikki.fi\/korut\/wp-content\/uploads\/2014\/07\/Torikoju.jpg","width":1000,"height":667,"caption":"Torikoju"},{"@type":"BreadcrumbList","@id":"https:\/\/www.ellikki.fi\/korut\/uutisia-askartelun-maailmasta\/koruttomat-meripaivat\/#breadcrumb","itemListElement":[{"@type":"ListItem","position":1,"name":"Ellikki.fi - Helmisuutari","item":"https:\/\/www.ellikki.fi\/korut\/"},{"@type":"ListItem","position":2,"name":"Koruttomat Merip\u00e4iv\u00e4t"}]},{"@type":"WebSite","@id":"https:\/\/www.ellikki.fi\/korut\/#website","url":"https:\/\/www.ellikki.fi\/korut\/","name":"Ellikki.fi","description":"Helmisuutari","potentialAction":[{"@type":"SearchAction","target":{"@type":"EntryPoint","urlTemplate":"https:\/\/www.ellikki.fi\/korut\/?s={search_term_string}"},"query-input":{"@type":"PropertyValueSpecification","valueRequired":true,"valueName":"search_term_string"}}],"inLanguage":"fi"},{"@type":"Person","@id":"https:\/\/www.ellikki.fi\/korut\/#\/schema\/person\/4100981f383f4e840417efe2a45a2e13","name":"Ellikki","image":{"@type":"ImageObject","inLanguage":"fi","@id":"https:\/\/www.ellikki.fi\/korut\/#\/schema\/person\/image\/","url":"https:\/\/secure.gravatar.com\/avatar\/68459a81492a7fdb3d3e31353836619029f7a695895440f957f81143855d97ee?s=96&d=mm&r=g","contentUrl":"https:\/\/secure.gravatar.com\/avatar\/68459a81492a7fdb3d3e31353836619029f7a695895440f957f81143855d97ee?s=96&d=mm&r=g","caption":"Ellikki"},"description":"Loputtoman utelias hevostoimittaja, tarinanmets\u00e4st\u00e4j\u00e4 ja koruharrastaja, joka edelleen ihmettelee maailmaa ja koettaa aina silloin t\u00e4ll\u00f6in tehd\u00e4 jotain ensi kertaa el\u00e4m\u00e4ss\u00e4\u00e4n."}]}},"_links":{"self":[{"href":"https:\/\/www.ellikki.fi\/korut\/wp-json\/wp\/v2\/posts\/362","targetHints":{"allow":["GET"]}}],"collection":[{"href":"https:\/\/www.ellikki.fi\/korut\/wp-json\/wp\/v2\/posts"}],"about":[{"href":"https:\/\/www.ellikki.fi\/korut\/wp-json\/wp\/v2\/types\/post"}],"author":[{"embeddable":true,"href":"https:\/\/www.ellikki.fi\/korut\/wp-json\/wp\/v2\/users\/1"}],"replies":[{"embeddable":true,"href":"https:\/\/www.ellikki.fi\/korut\/wp-json\/wp\/v2\/comments?post=362"}],"version-history":[{"count":0,"href":"https:\/\/www.ellikki.fi\/korut\/wp-json\/wp\/v2\/posts\/362\/revisions"}],"wp:featuredmedia":[{"embeddable":true,"href":"https:\/\/www.ellikki.fi\/korut\/wp-json\/wp\/v2\/media\/363"}],"wp:attachment":[{"href":"https:\/\/www.ellikki.fi\/korut\/wp-json\/wp\/v2\/media?parent=362"}],"wp:term":[{"taxonomy":"category","embeddable":true,"href":"https:\/\/www.ellikki.fi\/korut\/wp-json\/wp\/v2\/categories?post=362"},{"taxonomy":"post_tag","embeddable":true,"href":"https:\/\/www.ellikki.fi\/korut\/wp-json\/wp\/v2\/tags?post=362"}],"curies":[{"name":"wp","href":"https:\/\/api.w.org\/{rel}","templated":true}]}}