{"id":373,"date":"2014-08-17T15:53:37","date_gmt":"2014-08-17T12:53:37","guid":{"rendered":"http:\/\/www.ellikki.fi\/korut\/?p=373"},"modified":"2016-11-03T01:49:09","modified_gmt":"2016-11-02T23:49:09","slug":"greytest-colour","status":"publish","type":"post","link":"https:\/\/www.ellikki.fi\/korut\/in-english\/greytest-colour\/","title":{"rendered":"Greytest colour of them all"},"content":{"rendered":"<p>What do you associate with grey? Dull? Dark and grey? Rainy days? Grey is the most underrated of all colours. To me, it\u2019s the most fabulous colour in the world. It\u2019s a colour I\u2019ve gradually grown fond of, especially dark grey. Now I consider grey the greatest colour of them all.<\/p>\n<p>One of goals in this blog is to bring that certain silent knowledge that you just learn when you\u2019re dealing with beads. Colours are inseparable part of each creation. One of the things I\u2019ve learned by doing is that dark grey looks classy on its own but it also goes nicely with almost any other colour.\u00a0 On top of that, it&#8217;s a discreet colour for bead wire or thread that goes unnoticed. I use grey thread in most of my seed bead works.<\/p>\n<p>These days I\u2019ve learned to always keep grey beads in my bead box. See for yourself and fall in love with grey. It\u2019s so greyt!<\/p>\n<p><a href=\"http:\/\/www.ellikki.fi\/korut\/wp-content\/uploads\/2014\/08\/J\u00e4\u00e4syd\u00e4n.jpg\"><img decoding=\"async\" class=\"aligncenter size-full wp-image-375\" src=\"http:\/\/www.ellikki.fi\/korut\/wp-content\/uploads\/2014\/08\/J\u00e4\u00e4syd\u00e4n.jpg\" alt=\"J\u00e4\u00e4syd\u00e4n\" width=\"1000\" height=\"667\" srcset=\"https:\/\/www.ellikki.fi\/korut\/wp-content\/uploads\/2014\/08\/J\u00e4\u00e4syd\u00e4n-200x133.jpg 200w, https:\/\/www.ellikki.fi\/korut\/wp-content\/uploads\/2014\/08\/J\u00e4\u00e4syd\u00e4n-300x200.jpg 300w, https:\/\/www.ellikki.fi\/korut\/wp-content\/uploads\/2014\/08\/J\u00e4\u00e4syd\u00e4n-400x267.jpg 400w, https:\/\/www.ellikki.fi\/korut\/wp-content\/uploads\/2014\/08\/J\u00e4\u00e4syd\u00e4n-600x400.jpg 600w, https:\/\/www.ellikki.fi\/korut\/wp-content\/uploads\/2014\/08\/J\u00e4\u00e4syd\u00e4n-768x512.jpg 768w, https:\/\/www.ellikki.fi\/korut\/wp-content\/uploads\/2014\/08\/J\u00e4\u00e4syd\u00e4n-800x534.jpg 800w, https:\/\/www.ellikki.fi\/korut\/wp-content\/uploads\/2014\/08\/J\u00e4\u00e4syd\u00e4n.jpg 1000w\" sizes=\"(max-width: 1000px) 100vw, 1000px\" \/><\/a><\/p>\n<p><a href=\"http:\/\/www.ellikki.fi\/korut\/wp-content\/uploads\/2014\/08\/sointu.jpg\"><img decoding=\"async\" class=\"aligncenter size-full wp-image-368\" src=\"http:\/\/www.ellikki.fi\/korut\/wp-content\/uploads\/2014\/08\/sointu.jpg\" alt=\"sointu\" width=\"1000\" height=\"684\" srcset=\"https:\/\/www.ellikki.fi\/korut\/wp-content\/uploads\/2014\/08\/sointu-200x137.jpg 200w, https:\/\/www.ellikki.fi\/korut\/wp-content\/uploads\/2014\/08\/sointu-300x205.jpg 300w, https:\/\/www.ellikki.fi\/korut\/wp-content\/uploads\/2014\/08\/sointu-400x274.jpg 400w, https:\/\/www.ellikki.fi\/korut\/wp-content\/uploads\/2014\/08\/sointu-600x410.jpg 600w, https:\/\/www.ellikki.fi\/korut\/wp-content\/uploads\/2014\/08\/sointu-768x525.jpg 768w, https:\/\/www.ellikki.fi\/korut\/wp-content\/uploads\/2014\/08\/sointu-800x547.jpg 800w, https:\/\/www.ellikki.fi\/korut\/wp-content\/uploads\/2014\/08\/sointu.jpg 1000w\" sizes=\"(max-width: 1000px) 100vw, 1000px\" \/><\/a><\/p>\n<p><a href=\"http:\/\/www.ellikki.fi\/korut\/wp-content\/uploads\/2014\/01\/Vaniljasavu.jpg\"><img decoding=\"async\" class=\"aligncenter size-full wp-image-266\" src=\"http:\/\/www.ellikki.fi\/korut\/wp-content\/uploads\/2014\/01\/Vaniljasavu.jpg\" alt=\"Vaniljasavu\" width=\"1000\" height=\"667\" srcset=\"https:\/\/www.ellikki.fi\/korut\/wp-content\/uploads\/2014\/01\/Vaniljasavu-200x133.jpg 200w, https:\/\/www.ellikki.fi\/korut\/wp-content\/uploads\/2014\/01\/Vaniljasavu-300x200.jpg 300w, https:\/\/www.ellikki.fi\/korut\/wp-content\/uploads\/2014\/01\/Vaniljasavu-400x267.jpg 400w, https:\/\/www.ellikki.fi\/korut\/wp-content\/uploads\/2014\/01\/Vaniljasavu-600x400.jpg 600w, https:\/\/www.ellikki.fi\/korut\/wp-content\/uploads\/2014\/01\/Vaniljasavu-768x512.jpg 768w, https:\/\/www.ellikki.fi\/korut\/wp-content\/uploads\/2014\/01\/Vaniljasavu-800x534.jpg 800w, https:\/\/www.ellikki.fi\/korut\/wp-content\/uploads\/2014\/01\/Vaniljasavu.jpg 1000w\" sizes=\"(max-width: 1000px) 100vw, 1000px\" \/><\/a><\/p>\n<p><a href=\"http:\/\/www.ellikki.fi\/korut\/wp-content\/uploads\/2013\/12\/Kivilumo.jpg\"><img decoding=\"async\" class=\"aligncenter size-full wp-image-34\" src=\"http:\/\/www.ellikki.fi\/korut\/wp-content\/uploads\/2013\/12\/Kivilumo.jpg\" alt=\"Kivilumo\" width=\"1000\" height=\"667\" srcset=\"https:\/\/www.ellikki.fi\/korut\/wp-content\/uploads\/2013\/12\/Kivilumo-200x133.jpg 200w, https:\/\/www.ellikki.fi\/korut\/wp-content\/uploads\/2013\/12\/Kivilumo-300x200.jpg 300w, https:\/\/www.ellikki.fi\/korut\/wp-content\/uploads\/2013\/12\/Kivilumo-400x267.jpg 400w, https:\/\/www.ellikki.fi\/korut\/wp-content\/uploads\/2013\/12\/Kivilumo-600x400.jpg 600w, https:\/\/www.ellikki.fi\/korut\/wp-content\/uploads\/2013\/12\/Kivilumo-768x512.jpg 768w, https:\/\/www.ellikki.fi\/korut\/wp-content\/uploads\/2013\/12\/Kivilumo-800x534.jpg 800w, https:\/\/www.ellikki.fi\/korut\/wp-content\/uploads\/2013\/12\/Kivilumo.jpg 1000w\" sizes=\"(max-width: 1000px) 100vw, 1000px\" \/><\/a><\/p>\n","protected":false},"excerpt":{"rendered":"<p>What do you associate with grey? Dull? Dark and grey? Rainy days? Grey is the most underrated of all colours. To me, it\u2019s the most fabulous colour in the world. It\u2019s a colour I\u2019ve gradually  [&#8230;]<\/p>\n","protected":false},"author":1,"featured_media":374,"comment_status":"open","ping_status":"open","sticky":false,"template":"","format":"standard","meta":{"footnotes":""},"categories":[53],"tags":[44,54,56,55],"class_list":["post-373","post","type-post","status-publish","format-standard","has-post-thumbnail","hentry","category-in-english","tag-beading","tag-colours","tag-fashion","tag-grey"],"yoast_head":"<!-- This site is optimized with the Yoast SEO plugin v27.1.1 - https:\/\/yoast.com\/product\/yoast-seo-wordpress\/ -->\n<title>Greytest colour of them all - Ellikki.fi<\/title>\n<meta name=\"description\" content=\"Grey is so great that it&#039;s unbelievable. It looks good with any other colour.\" \/>\n<meta name=\"robots\" content=\"index, follow, max-snippet:-1, max-image-preview:large, max-video-preview:-1\" \/>\n<link rel=\"canonical\" href=\"https:\/\/www.ellikki.fi\/korut\/in-english\/greytest-colour\/\" \/>\n<meta property=\"og:locale\" content=\"fi_FI\" \/>\n<meta property=\"og:type\" content=\"article\" \/>\n<meta property=\"og:title\" content=\"Greytest colour of them all - Ellikki.fi\" \/>\n<meta property=\"og:description\" content=\"Grey is so great that it&#039;s unbelievable. It looks good with any other colour.\" \/>\n<meta property=\"og:url\" content=\"https:\/\/www.ellikki.fi\/korut\/in-english\/greytest-colour\/\" \/>\n<meta property=\"og:site_name\" content=\"Ellikki.fi\" \/>\n<meta property=\"article:publisher\" content=\"https:\/\/www.facebook.com\/ellikki\" \/>\n<meta property=\"article:published_time\" content=\"2014-08-17T12:53:37+00:00\" \/>\n<meta property=\"article:modified_time\" content=\"2016-11-02T23:49:09+00:00\" \/>\n<meta property=\"og:image\" content=\"https:\/\/www.ellikki.fi\/korut\/wp-content\/uploads\/2014\/08\/DSC0039_1381.jpg\" \/>\n\t<meta property=\"og:image:width\" content=\"1000\" \/>\n\t<meta property=\"og:image:height\" content=\"667\" \/>\n\t<meta property=\"og:image:type\" content=\"image\/jpeg\" \/>\n<meta name=\"author\" content=\"Ellikki\" \/>\n<meta name=\"twitter:card\" content=\"summary_large_image\" \/>\n<meta name=\"twitter:creator\" content=\"@eltalvio\" \/>\n<meta name=\"twitter:site\" content=\"@eltalvio\" \/>\n<meta name=\"twitter:label1\" content=\"Kirjoittanut\" \/>\n\t<meta name=\"twitter:data1\" content=\"Ellikki\" \/>\n\t<meta name=\"twitter:label2\" content=\"Arvioitu lukuaika\" \/>\n\t<meta name=\"twitter:data2\" content=\"1 minuutti\" \/>\n<script type=\"application\/ld+json\" class=\"yoast-schema-graph\">{\"@context\":\"https:\/\/schema.org\",\"@graph\":[{\"@type\":\"Article\",\"@id\":\"https:\/\/www.ellikki.fi\/korut\/in-english\/greytest-colour\/#article\",\"isPartOf\":{\"@id\":\"https:\/\/www.ellikki.fi\/korut\/in-english\/greytest-colour\/\"},\"author\":{\"name\":\"Ellikki\",\"@id\":\"https:\/\/www.ellikki.fi\/korut\/#\/schema\/person\/4100981f383f4e840417efe2a45a2e13\"},\"headline\":\"Greytest colour of them all\",\"datePublished\":\"2014-08-17T12:53:37+00:00\",\"dateModified\":\"2016-11-02T23:49:09+00:00\",\"mainEntityOfPage\":{\"@id\":\"https:\/\/www.ellikki.fi\/korut\/in-english\/greytest-colour\/\"},\"wordCount\":172,\"commentCount\":0,\"image\":{\"@id\":\"https:\/\/www.ellikki.fi\/korut\/in-english\/greytest-colour\/#primaryimage\"},\"thumbnailUrl\":\"https:\/\/www.ellikki.fi\/korut\/wp-content\/uploads\/2014\/08\/DSC0039_1381.jpg\",\"keywords\":[\"beading\",\"colours\",\"fashion\",\"grey\"],\"articleSection\":[\"In English\"],\"inLanguage\":\"fi\",\"potentialAction\":[{\"@type\":\"CommentAction\",\"name\":\"Comment\",\"target\":[\"https:\/\/www.ellikki.fi\/korut\/in-english\/greytest-colour\/#respond\"]}]},{\"@type\":\"WebPage\",\"@id\":\"https:\/\/www.ellikki.fi\/korut\/in-english\/greytest-colour\/\",\"url\":\"https:\/\/www.ellikki.fi\/korut\/in-english\/greytest-colour\/\",\"name\":\"Greytest colour of them all - Ellikki.fi\",\"isPartOf\":{\"@id\":\"https:\/\/www.ellikki.fi\/korut\/#website\"},\"primaryImageOfPage\":{\"@id\":\"https:\/\/www.ellikki.fi\/korut\/in-english\/greytest-colour\/#primaryimage\"},\"image\":{\"@id\":\"https:\/\/www.ellikki.fi\/korut\/in-english\/greytest-colour\/#primaryimage\"},\"thumbnailUrl\":\"https:\/\/www.ellikki.fi\/korut\/wp-content\/uploads\/2014\/08\/DSC0039_1381.jpg\",\"datePublished\":\"2014-08-17T12:53:37+00:00\",\"dateModified\":\"2016-11-02T23:49:09+00:00\",\"author\":{\"@id\":\"https:\/\/www.ellikki.fi\/korut\/#\/schema\/person\/4100981f383f4e840417efe2a45a2e13\"},\"description\":\"Grey is so great that it's unbelievable. It looks good with any other colour.\",\"breadcrumb\":{\"@id\":\"https:\/\/www.ellikki.fi\/korut\/in-english\/greytest-colour\/#breadcrumb\"},\"inLanguage\":\"fi\",\"potentialAction\":[{\"@type\":\"ReadAction\",\"target\":[\"https:\/\/www.ellikki.fi\/korut\/in-english\/greytest-colour\/\"]}]},{\"@type\":\"ImageObject\",\"inLanguage\":\"fi\",\"@id\":\"https:\/\/www.ellikki.fi\/korut\/in-english\/greytest-colour\/#primaryimage\",\"url\":\"https:\/\/www.ellikki.fi\/korut\/wp-content\/uploads\/2014\/08\/DSC0039_1381.jpg\",\"contentUrl\":\"https:\/\/www.ellikki.fi\/korut\/wp-content\/uploads\/2014\/08\/DSC0039_1381.jpg\",\"width\":1000,\"height\":667,\"caption\":\"Hattu\"},{\"@type\":\"BreadcrumbList\",\"@id\":\"https:\/\/www.ellikki.fi\/korut\/in-english\/greytest-colour\/#breadcrumb\",\"itemListElement\":[{\"@type\":\"ListItem\",\"position\":1,\"name\":\"Ellikki.fi - Helmisuutari\",\"item\":\"https:\/\/www.ellikki.fi\/korut\/\"},{\"@type\":\"ListItem\",\"position\":2,\"name\":\"Greytest colour of them all\"}]},{\"@type\":\"WebSite\",\"@id\":\"https:\/\/www.ellikki.fi\/korut\/#website\",\"url\":\"https:\/\/www.ellikki.fi\/korut\/\",\"name\":\"Ellikki.fi\",\"description\":\"Helmisuutari\",\"potentialAction\":[{\"@type\":\"SearchAction\",\"target\":{\"@type\":\"EntryPoint\",\"urlTemplate\":\"https:\/\/www.ellikki.fi\/korut\/?s={search_term_string}\"},\"query-input\":{\"@type\":\"PropertyValueSpecification\",\"valueRequired\":true,\"valueName\":\"search_term_string\"}}],\"inLanguage\":\"fi\"},{\"@type\":\"Person\",\"@id\":\"https:\/\/www.ellikki.fi\/korut\/#\/schema\/person\/4100981f383f4e840417efe2a45a2e13\",\"name\":\"Ellikki\",\"image\":{\"@type\":\"ImageObject\",\"inLanguage\":\"fi\",\"@id\":\"https:\/\/www.ellikki.fi\/korut\/#\/schema\/person\/image\/\",\"url\":\"https:\/\/secure.gravatar.com\/avatar\/68459a81492a7fdb3d3e31353836619029f7a695895440f957f81143855d97ee?s=96&d=mm&r=g\",\"contentUrl\":\"https:\/\/secure.gravatar.com\/avatar\/68459a81492a7fdb3d3e31353836619029f7a695895440f957f81143855d97ee?s=96&d=mm&r=g\",\"caption\":\"Ellikki\"},\"description\":\"Loputtoman utelias hevostoimittaja, tarinanmets\u00e4st\u00e4j\u00e4 ja koruharrastaja, joka edelleen ihmettelee maailmaa ja koettaa aina silloin t\u00e4ll\u00f6in tehd\u00e4 jotain ensi kertaa el\u00e4m\u00e4ss\u00e4\u00e4n.\"}]}<\/script>\n<!-- \/ Yoast SEO plugin. -->","yoast_head_json":{"title":"Greytest colour of them all - Ellikki.fi","description":"Grey is so great that it's unbelievable. It looks good with any other colour.","robots":{"index":"index","follow":"follow","max-snippet":"max-snippet:-1","max-image-preview":"max-image-preview:large","max-video-preview":"max-video-preview:-1"},"canonical":"https:\/\/www.ellikki.fi\/korut\/in-english\/greytest-colour\/","og_locale":"fi_FI","og_type":"article","og_title":"Greytest colour of them all - Ellikki.fi","og_description":"Grey is so great that it's unbelievable. It looks good with any other colour.","og_url":"https:\/\/www.ellikki.fi\/korut\/in-english\/greytest-colour\/","og_site_name":"Ellikki.fi","article_publisher":"https:\/\/www.facebook.com\/ellikki","article_published_time":"2014-08-17T12:53:37+00:00","article_modified_time":"2016-11-02T23:49:09+00:00","og_image":[{"width":1000,"height":667,"url":"https:\/\/www.ellikki.fi\/korut\/wp-content\/uploads\/2014\/08\/DSC0039_1381.jpg","type":"image\/jpeg"}],"author":"Ellikki","twitter_card":"summary_large_image","twitter_creator":"@eltalvio","twitter_site":"@eltalvio","twitter_misc":{"Kirjoittanut":"Ellikki","Arvioitu lukuaika":"1 minuutti"},"schema":{"@context":"https:\/\/schema.org","@graph":[{"@type":"Article","@id":"https:\/\/www.ellikki.fi\/korut\/in-english\/greytest-colour\/#article","isPartOf":{"@id":"https:\/\/www.ellikki.fi\/korut\/in-english\/greytest-colour\/"},"author":{"name":"Ellikki","@id":"https:\/\/www.ellikki.fi\/korut\/#\/schema\/person\/4100981f383f4e840417efe2a45a2e13"},"headline":"Greytest colour of them all","datePublished":"2014-08-17T12:53:37+00:00","dateModified":"2016-11-02T23:49:09+00:00","mainEntityOfPage":{"@id":"https:\/\/www.ellikki.fi\/korut\/in-english\/greytest-colour\/"},"wordCount":172,"commentCount":0,"image":{"@id":"https:\/\/www.ellikki.fi\/korut\/in-english\/greytest-colour\/#primaryimage"},"thumbnailUrl":"https:\/\/www.ellikki.fi\/korut\/wp-content\/uploads\/2014\/08\/DSC0039_1381.jpg","keywords":["beading","colours","fashion","grey"],"articleSection":["In English"],"inLanguage":"fi","potentialAction":[{"@type":"CommentAction","name":"Comment","target":["https:\/\/www.ellikki.fi\/korut\/in-english\/greytest-colour\/#respond"]}]},{"@type":"WebPage","@id":"https:\/\/www.ellikki.fi\/korut\/in-english\/greytest-colour\/","url":"https:\/\/www.ellikki.fi\/korut\/in-english\/greytest-colour\/","name":"Greytest colour of them all - Ellikki.fi","isPartOf":{"@id":"https:\/\/www.ellikki.fi\/korut\/#website"},"primaryImageOfPage":{"@id":"https:\/\/www.ellikki.fi\/korut\/in-english\/greytest-colour\/#primaryimage"},"image":{"@id":"https:\/\/www.ellikki.fi\/korut\/in-english\/greytest-colour\/#primaryimage"},"thumbnailUrl":"https:\/\/www.ellikki.fi\/korut\/wp-content\/uploads\/2014\/08\/DSC0039_1381.jpg","datePublished":"2014-08-17T12:53:37+00:00","dateModified":"2016-11-02T23:49:09+00:00","author":{"@id":"https:\/\/www.ellikki.fi\/korut\/#\/schema\/person\/4100981f383f4e840417efe2a45a2e13"},"description":"Grey is so great that it's unbelievable. It looks good with any other colour.","breadcrumb":{"@id":"https:\/\/www.ellikki.fi\/korut\/in-english\/greytest-colour\/#breadcrumb"},"inLanguage":"fi","potentialAction":[{"@type":"ReadAction","target":["https:\/\/www.ellikki.fi\/korut\/in-english\/greytest-colour\/"]}]},{"@type":"ImageObject","inLanguage":"fi","@id":"https:\/\/www.ellikki.fi\/korut\/in-english\/greytest-colour\/#primaryimage","url":"https:\/\/www.ellikki.fi\/korut\/wp-content\/uploads\/2014\/08\/DSC0039_1381.jpg","contentUrl":"https:\/\/www.ellikki.fi\/korut\/wp-content\/uploads\/2014\/08\/DSC0039_1381.jpg","width":1000,"height":667,"caption":"Hattu"},{"@type":"BreadcrumbList","@id":"https:\/\/www.ellikki.fi\/korut\/in-english\/greytest-colour\/#breadcrumb","itemListElement":[{"@type":"ListItem","position":1,"name":"Ellikki.fi - Helmisuutari","item":"https:\/\/www.ellikki.fi\/korut\/"},{"@type":"ListItem","position":2,"name":"Greytest colour of them all"}]},{"@type":"WebSite","@id":"https:\/\/www.ellikki.fi\/korut\/#website","url":"https:\/\/www.ellikki.fi\/korut\/","name":"Ellikki.fi","description":"Helmisuutari","potentialAction":[{"@type":"SearchAction","target":{"@type":"EntryPoint","urlTemplate":"https:\/\/www.ellikki.fi\/korut\/?s={search_term_string}"},"query-input":{"@type":"PropertyValueSpecification","valueRequired":true,"valueName":"search_term_string"}}],"inLanguage":"fi"},{"@type":"Person","@id":"https:\/\/www.ellikki.fi\/korut\/#\/schema\/person\/4100981f383f4e840417efe2a45a2e13","name":"Ellikki","image":{"@type":"ImageObject","inLanguage":"fi","@id":"https:\/\/www.ellikki.fi\/korut\/#\/schema\/person\/image\/","url":"https:\/\/secure.gravatar.com\/avatar\/68459a81492a7fdb3d3e31353836619029f7a695895440f957f81143855d97ee?s=96&d=mm&r=g","contentUrl":"https:\/\/secure.gravatar.com\/avatar\/68459a81492a7fdb3d3e31353836619029f7a695895440f957f81143855d97ee?s=96&d=mm&r=g","caption":"Ellikki"},"description":"Loputtoman utelias hevostoimittaja, tarinanmets\u00e4st\u00e4j\u00e4 ja koruharrastaja, joka edelleen ihmettelee maailmaa ja koettaa aina silloin t\u00e4ll\u00f6in tehd\u00e4 jotain ensi kertaa el\u00e4m\u00e4ss\u00e4\u00e4n."}]}},"_links":{"self":[{"href":"https:\/\/www.ellikki.fi\/korut\/wp-json\/wp\/v2\/posts\/373","targetHints":{"allow":["GET"]}}],"collection":[{"href":"https:\/\/www.ellikki.fi\/korut\/wp-json\/wp\/v2\/posts"}],"about":[{"href":"https:\/\/www.ellikki.fi\/korut\/wp-json\/wp\/v2\/types\/post"}],"author":[{"embeddable":true,"href":"https:\/\/www.ellikki.fi\/korut\/wp-json\/wp\/v2\/users\/1"}],"replies":[{"embeddable":true,"href":"https:\/\/www.ellikki.fi\/korut\/wp-json\/wp\/v2\/comments?post=373"}],"version-history":[{"count":0,"href":"https:\/\/www.ellikki.fi\/korut\/wp-json\/wp\/v2\/posts\/373\/revisions"}],"wp:featuredmedia":[{"embeddable":true,"href":"https:\/\/www.ellikki.fi\/korut\/wp-json\/wp\/v2\/media\/374"}],"wp:attachment":[{"href":"https:\/\/www.ellikki.fi\/korut\/wp-json\/wp\/v2\/media?parent=373"}],"wp:term":[{"taxonomy":"category","embeddable":true,"href":"https:\/\/www.ellikki.fi\/korut\/wp-json\/wp\/v2\/categories?post=373"},{"taxonomy":"post_tag","embeddable":true,"href":"https:\/\/www.ellikki.fi\/korut\/wp-json\/wp\/v2\/tags?post=373"}],"curies":[{"name":"wp","href":"https:\/\/api.w.org\/{rel}","templated":true}]}}