{"id":380,"date":"2014-08-17T16:40:06","date_gmt":"2014-08-17T13:40:06","guid":{"rendered":"http:\/\/www.ellikki.fi\/korut\/?p=380"},"modified":"2016-11-03T01:49:09","modified_gmt":"2016-11-02T23:49:09","slug":"harmaako-tylsa-ei-ikina","status":"publish","type":"post","link":"https:\/\/www.ellikki.fi\/korut\/tietolaari\/harmaako-tylsa-ei-ikina\/","title":{"rendered":"Harmaako tyls\u00e4? Ei ikin\u00e4!"},"content":{"rendered":"<p>Mit\u00e4 tulee mieleen, kun kuulet sanan harmaa? Tyls\u00e4? Synkk\u00e4\u00e4 ja harmaata? Marraskuun auringottomat p\u00e4iv\u00e4t? V\u00e4\u00e4rin. Harmaa, etenkin tummanharmaa, on maailman hienoin ja tyylikk\u00e4in v\u00e4ri.<\/p>\n<p>T\u00e4m\u00e4n blogin tarkoitus er\u00e4s perustamisajatuksista on ollut jakaa koruista kiinnostuneille ihmisille sit\u00e4 hiljaista tietoa, joka hiljalleen kokemuksen my\u00f6t\u00e4 kertyy. Er\u00e4s t\u00e4llainen hiljainen oivallus on, ett\u00e4 harmaa on mit\u00e4 k\u00e4ytt\u00f6kelpoisin v\u00e4ri. Se on aivan turhaan tyls\u00e4n v\u00e4rin maineessa. Se sopii l\u00e4hes mink\u00e4 tahansa muun v\u00e4rin kanssa: turkoosin, vaaleanpunaisen, ruskean, keltaisen\u2026 Se korostaa muita v\u00e4rej\u00e4 ja n\u00e4ytt\u00e4\u00e4 tyylikk\u00e4\u00e4lt\u00e4 my\u00f6s yksin\u00e4\u00e4n. Jos sinulla ei ole viel\u00e4 harmaata korupakissasi, sit\u00e4 kannattaa hankkia. Harmaa on paitsi hyv\u00e4 kaveri mille tahansa v\u00e4rille, se on my\u00f6s huomaamaton langan tai vaijerin v\u00e4ri korut\u00f6iss\u00e4.<\/p>\n<p>Jos et ole viel\u00e4 ihastunut harmaaseen, nyt on aika korjata asennetta.<\/p>\n<p><a href=\"http:\/\/www.ellikki.fi\/korut\/wp-content\/uploads\/2014\/08\/J\u00e4\u00e4syd\u00e4n.jpg\"><br \/>\n<\/a><a href=\"http:\/\/www.ellikki.fi\/korut\/wp-content\/uploads\/2014\/08\/J\u00e4\u00e4syd\u00e4n.jpg\"><img decoding=\"async\" class=\"aligncenter size-full wp-image-375\" src=\"http:\/\/www.ellikki.fi\/korut\/wp-content\/uploads\/2014\/08\/J\u00e4\u00e4syd\u00e4n.jpg\" alt=\"J\u00e4\u00e4syd\u00e4n\" width=\"1000\" height=\"667\" srcset=\"https:\/\/www.ellikki.fi\/korut\/wp-content\/uploads\/2014\/08\/J\u00e4\u00e4syd\u00e4n-200x133.jpg 200w, https:\/\/www.ellikki.fi\/korut\/wp-content\/uploads\/2014\/08\/J\u00e4\u00e4syd\u00e4n-300x200.jpg 300w, https:\/\/www.ellikki.fi\/korut\/wp-content\/uploads\/2014\/08\/J\u00e4\u00e4syd\u00e4n-400x267.jpg 400w, https:\/\/www.ellikki.fi\/korut\/wp-content\/uploads\/2014\/08\/J\u00e4\u00e4syd\u00e4n-600x400.jpg 600w, https:\/\/www.ellikki.fi\/korut\/wp-content\/uploads\/2014\/08\/J\u00e4\u00e4syd\u00e4n-768x512.jpg 768w, https:\/\/www.ellikki.fi\/korut\/wp-content\/uploads\/2014\/08\/J\u00e4\u00e4syd\u00e4n-800x534.jpg 800w, https:\/\/www.ellikki.fi\/korut\/wp-content\/uploads\/2014\/08\/J\u00e4\u00e4syd\u00e4n.jpg 1000w\" sizes=\"(max-width: 1000px) 100vw, 1000px\" \/><\/a><\/p>\n<p><a href=\"http:\/\/www.ellikki.fi\/korut\/wp-content\/uploads\/2014\/08\/sointu.jpg\"><img decoding=\"async\" class=\"aligncenter size-full wp-image-368\" src=\"http:\/\/www.ellikki.fi\/korut\/wp-content\/uploads\/2014\/08\/sointu.jpg\" alt=\"sointu\" width=\"1000\" height=\"684\" srcset=\"https:\/\/www.ellikki.fi\/korut\/wp-content\/uploads\/2014\/08\/sointu-200x137.jpg 200w, https:\/\/www.ellikki.fi\/korut\/wp-content\/uploads\/2014\/08\/sointu-300x205.jpg 300w, https:\/\/www.ellikki.fi\/korut\/wp-content\/uploads\/2014\/08\/sointu-400x274.jpg 400w, https:\/\/www.ellikki.fi\/korut\/wp-content\/uploads\/2014\/08\/sointu-600x410.jpg 600w, https:\/\/www.ellikki.fi\/korut\/wp-content\/uploads\/2014\/08\/sointu-768x525.jpg 768w, https:\/\/www.ellikki.fi\/korut\/wp-content\/uploads\/2014\/08\/sointu-800x547.jpg 800w, https:\/\/www.ellikki.fi\/korut\/wp-content\/uploads\/2014\/08\/sointu.jpg 1000w\" sizes=\"(max-width: 1000px) 100vw, 1000px\" \/><\/a><\/p>\n<p><a href=\"http:\/\/www.ellikki.fi\/korut\/wp-content\/uploads\/2014\/01\/Vaniljasavu.jpg\"><img decoding=\"async\" class=\"aligncenter size-full wp-image-266\" src=\"http:\/\/www.ellikki.fi\/korut\/wp-content\/uploads\/2014\/01\/Vaniljasavu.jpg\" alt=\"Vaniljasavu\" width=\"1000\" height=\"667\" srcset=\"https:\/\/www.ellikki.fi\/korut\/wp-content\/uploads\/2014\/01\/Vaniljasavu-200x133.jpg 200w, https:\/\/www.ellikki.fi\/korut\/wp-content\/uploads\/2014\/01\/Vaniljasavu-300x200.jpg 300w, https:\/\/www.ellikki.fi\/korut\/wp-content\/uploads\/2014\/01\/Vaniljasavu-400x267.jpg 400w, https:\/\/www.ellikki.fi\/korut\/wp-content\/uploads\/2014\/01\/Vaniljasavu-600x400.jpg 600w, https:\/\/www.ellikki.fi\/korut\/wp-content\/uploads\/2014\/01\/Vaniljasavu-768x512.jpg 768w, https:\/\/www.ellikki.fi\/korut\/wp-content\/uploads\/2014\/01\/Vaniljasavu-800x534.jpg 800w, https:\/\/www.ellikki.fi\/korut\/wp-content\/uploads\/2014\/01\/Vaniljasavu.jpg 1000w\" sizes=\"(max-width: 1000px) 100vw, 1000px\" \/><\/a><\/p>\n<p><a href=\"http:\/\/www.ellikki.fi\/korut\/wp-content\/uploads\/2013\/12\/Kivilumo.jpg\"><img decoding=\"async\" class=\"aligncenter size-full wp-image-34\" src=\"http:\/\/www.ellikki.fi\/korut\/wp-content\/uploads\/2013\/12\/Kivilumo.jpg\" alt=\"Kivilumo\" width=\"1000\" height=\"667\" srcset=\"https:\/\/www.ellikki.fi\/korut\/wp-content\/uploads\/2013\/12\/Kivilumo-200x133.jpg 200w, https:\/\/www.ellikki.fi\/korut\/wp-content\/uploads\/2013\/12\/Kivilumo-300x200.jpg 300w, https:\/\/www.ellikki.fi\/korut\/wp-content\/uploads\/2013\/12\/Kivilumo-400x267.jpg 400w, https:\/\/www.ellikki.fi\/korut\/wp-content\/uploads\/2013\/12\/Kivilumo-600x400.jpg 600w, https:\/\/www.ellikki.fi\/korut\/wp-content\/uploads\/2013\/12\/Kivilumo-768x512.jpg 768w, https:\/\/www.ellikki.fi\/korut\/wp-content\/uploads\/2013\/12\/Kivilumo-800x534.jpg 800w, https:\/\/www.ellikki.fi\/korut\/wp-content\/uploads\/2013\/12\/Kivilumo.jpg 1000w\" sizes=\"(max-width: 1000px) 100vw, 1000px\" \/><\/a><\/p>\n<p>&nbsp;<\/p>\n<p>&nbsp;<\/p>\n","protected":false},"excerpt":{"rendered":"<p>Mit\u00e4 tulee mieleen, kun kuulet sanan harmaa? Tyls\u00e4? Synkk\u00e4\u00e4 ja harmaata? Marraskuun auringottomat p\u00e4iv\u00e4t? V\u00e4\u00e4rin. Harmaa, etenkin tummanharmaa, on maailman hienoin ja tyylikk\u00e4in v\u00e4ri. T\u00e4m\u00e4n blogin tarkoitus er\u00e4s perustamisajatuksista on ollut jakaa koruista kiinnostuneille ihmisille  [&#8230;]<\/p>\n","protected":false},"author":1,"featured_media":374,"comment_status":"open","ping_status":"open","sticky":false,"template":"","format":"standard","meta":{"footnotes":""},"categories":[20],"tags":[57,59,58],"class_list":["post-380","post","type-post","status-publish","format-standard","has-post-thumbnail","hentry","category-tietolaari","tag-harmaa","tag-oivallus","tag-varit"],"yoast_head":"<!-- This site is optimized with the Yoast SEO plugin v27.1.1 - https:\/\/yoast.com\/product\/yoast-seo-wordpress\/ -->\n<title>Harmaako tyls\u00e4? Ei ikin\u00e4! - Ellikki.fi<\/title>\n<meta name=\"description\" content=\"Harmaa on v\u00e4reist\u00e4 upein ja k\u00e4ytt\u00f6kelpoisin, kaikki eiv\u00e4t sit\u00e4 vain viel\u00e4 tied\u00e4.\" \/>\n<meta name=\"robots\" content=\"index, follow, max-snippet:-1, max-image-preview:large, max-video-preview:-1\" \/>\n<link rel=\"canonical\" href=\"https:\/\/www.ellikki.fi\/korut\/tietolaari\/harmaako-tylsa-ei-ikina\/\" \/>\n<meta property=\"og:locale\" content=\"fi_FI\" \/>\n<meta property=\"og:type\" content=\"article\" \/>\n<meta property=\"og:title\" content=\"Harmaako tyls\u00e4? Ei ikin\u00e4! - Ellikki.fi\" \/>\n<meta property=\"og:description\" content=\"Harmaa on v\u00e4reist\u00e4 upein ja k\u00e4ytt\u00f6kelpoisin, kaikki eiv\u00e4t sit\u00e4 vain viel\u00e4 tied\u00e4.\" \/>\n<meta property=\"og:url\" content=\"https:\/\/www.ellikki.fi\/korut\/tietolaari\/harmaako-tylsa-ei-ikina\/\" \/>\n<meta property=\"og:site_name\" content=\"Ellikki.fi\" \/>\n<meta property=\"article:publisher\" content=\"https:\/\/www.facebook.com\/ellikki\" \/>\n<meta property=\"article:published_time\" content=\"2014-08-17T13:40:06+00:00\" \/>\n<meta property=\"article:modified_time\" content=\"2016-11-02T23:49:09+00:00\" \/>\n<meta property=\"og:image\" content=\"https:\/\/www.ellikki.fi\/korut\/wp-content\/uploads\/2014\/08\/DSC0039_1381.jpg\" \/>\n\t<meta property=\"og:image:width\" content=\"1000\" \/>\n\t<meta property=\"og:image:height\" content=\"667\" \/>\n\t<meta property=\"og:image:type\" content=\"image\/jpeg\" \/>\n<meta name=\"author\" content=\"Ellikki\" \/>\n<meta name=\"twitter:card\" content=\"summary_large_image\" \/>\n<meta name=\"twitter:creator\" content=\"@eltalvio\" \/>\n<meta name=\"twitter:site\" content=\"@eltalvio\" \/>\n<meta name=\"twitter:label1\" content=\"Kirjoittanut\" \/>\n\t<meta name=\"twitter:data1\" content=\"Ellikki\" \/>\n\t<meta name=\"twitter:label2\" content=\"Arvioitu lukuaika\" \/>\n\t<meta name=\"twitter:data2\" content=\"1 minuutti\" \/>\n<script type=\"application\/ld+json\" class=\"yoast-schema-graph\">{\"@context\":\"https:\/\/schema.org\",\"@graph\":[{\"@type\":\"Article\",\"@id\":\"https:\/\/www.ellikki.fi\/korut\/tietolaari\/harmaako-tylsa-ei-ikina\/#article\",\"isPartOf\":{\"@id\":\"https:\/\/www.ellikki.fi\/korut\/tietolaari\/harmaako-tylsa-ei-ikina\/\"},\"author\":{\"name\":\"Ellikki\",\"@id\":\"https:\/\/www.ellikki.fi\/korut\/#\/schema\/person\/4100981f383f4e840417efe2a45a2e13\"},\"headline\":\"Harmaako tyls\u00e4? Ei ikin\u00e4!\",\"datePublished\":\"2014-08-17T13:40:06+00:00\",\"dateModified\":\"2016-11-02T23:49:09+00:00\",\"mainEntityOfPage\":{\"@id\":\"https:\/\/www.ellikki.fi\/korut\/tietolaari\/harmaako-tylsa-ei-ikina\/\"},\"wordCount\":153,\"commentCount\":0,\"image\":{\"@id\":\"https:\/\/www.ellikki.fi\/korut\/tietolaari\/harmaako-tylsa-ei-ikina\/#primaryimage\"},\"thumbnailUrl\":\"https:\/\/www.ellikki.fi\/korut\/wp-content\/uploads\/2014\/08\/DSC0039_1381.jpg\",\"keywords\":[\"harmaa\",\"oivallus\",\"v\u00e4rit\"],\"articleSection\":[\"Tietolaari\"],\"inLanguage\":\"fi\",\"potentialAction\":[{\"@type\":\"CommentAction\",\"name\":\"Comment\",\"target\":[\"https:\/\/www.ellikki.fi\/korut\/tietolaari\/harmaako-tylsa-ei-ikina\/#respond\"]}]},{\"@type\":\"WebPage\",\"@id\":\"https:\/\/www.ellikki.fi\/korut\/tietolaari\/harmaako-tylsa-ei-ikina\/\",\"url\":\"https:\/\/www.ellikki.fi\/korut\/tietolaari\/harmaako-tylsa-ei-ikina\/\",\"name\":\"Harmaako tyls\u00e4? Ei ikin\u00e4! - Ellikki.fi\",\"isPartOf\":{\"@id\":\"https:\/\/www.ellikki.fi\/korut\/#website\"},\"primaryImageOfPage\":{\"@id\":\"https:\/\/www.ellikki.fi\/korut\/tietolaari\/harmaako-tylsa-ei-ikina\/#primaryimage\"},\"image\":{\"@id\":\"https:\/\/www.ellikki.fi\/korut\/tietolaari\/harmaako-tylsa-ei-ikina\/#primaryimage\"},\"thumbnailUrl\":\"https:\/\/www.ellikki.fi\/korut\/wp-content\/uploads\/2014\/08\/DSC0039_1381.jpg\",\"datePublished\":\"2014-08-17T13:40:06+00:00\",\"dateModified\":\"2016-11-02T23:49:09+00:00\",\"author\":{\"@id\":\"https:\/\/www.ellikki.fi\/korut\/#\/schema\/person\/4100981f383f4e840417efe2a45a2e13\"},\"description\":\"Harmaa on v\u00e4reist\u00e4 upein ja k\u00e4ytt\u00f6kelpoisin, kaikki eiv\u00e4t sit\u00e4 vain viel\u00e4 tied\u00e4.\",\"breadcrumb\":{\"@id\":\"https:\/\/www.ellikki.fi\/korut\/tietolaari\/harmaako-tylsa-ei-ikina\/#breadcrumb\"},\"inLanguage\":\"fi\",\"potentialAction\":[{\"@type\":\"ReadAction\",\"target\":[\"https:\/\/www.ellikki.fi\/korut\/tietolaari\/harmaako-tylsa-ei-ikina\/\"]}]},{\"@type\":\"ImageObject\",\"inLanguage\":\"fi\",\"@id\":\"https:\/\/www.ellikki.fi\/korut\/tietolaari\/harmaako-tylsa-ei-ikina\/#primaryimage\",\"url\":\"https:\/\/www.ellikki.fi\/korut\/wp-content\/uploads\/2014\/08\/DSC0039_1381.jpg\",\"contentUrl\":\"https:\/\/www.ellikki.fi\/korut\/wp-content\/uploads\/2014\/08\/DSC0039_1381.jpg\",\"width\":1000,\"height\":667,\"caption\":\"Hattu\"},{\"@type\":\"BreadcrumbList\",\"@id\":\"https:\/\/www.ellikki.fi\/korut\/tietolaari\/harmaako-tylsa-ei-ikina\/#breadcrumb\",\"itemListElement\":[{\"@type\":\"ListItem\",\"position\":1,\"name\":\"Ellikki.fi - Helmisuutari\",\"item\":\"https:\/\/www.ellikki.fi\/korut\/\"},{\"@type\":\"ListItem\",\"position\":2,\"name\":\"Harmaako tyls\u00e4? Ei ikin\u00e4!\"}]},{\"@type\":\"WebSite\",\"@id\":\"https:\/\/www.ellikki.fi\/korut\/#website\",\"url\":\"https:\/\/www.ellikki.fi\/korut\/\",\"name\":\"Ellikki.fi\",\"description\":\"Helmisuutari\",\"potentialAction\":[{\"@type\":\"SearchAction\",\"target\":{\"@type\":\"EntryPoint\",\"urlTemplate\":\"https:\/\/www.ellikki.fi\/korut\/?s={search_term_string}\"},\"query-input\":{\"@type\":\"PropertyValueSpecification\",\"valueRequired\":true,\"valueName\":\"search_term_string\"}}],\"inLanguage\":\"fi\"},{\"@type\":\"Person\",\"@id\":\"https:\/\/www.ellikki.fi\/korut\/#\/schema\/person\/4100981f383f4e840417efe2a45a2e13\",\"name\":\"Ellikki\",\"image\":{\"@type\":\"ImageObject\",\"inLanguage\":\"fi\",\"@id\":\"https:\/\/www.ellikki.fi\/korut\/#\/schema\/person\/image\/\",\"url\":\"https:\/\/secure.gravatar.com\/avatar\/68459a81492a7fdb3d3e31353836619029f7a695895440f957f81143855d97ee?s=96&d=mm&r=g\",\"contentUrl\":\"https:\/\/secure.gravatar.com\/avatar\/68459a81492a7fdb3d3e31353836619029f7a695895440f957f81143855d97ee?s=96&d=mm&r=g\",\"caption\":\"Ellikki\"},\"description\":\"Loputtoman utelias hevostoimittaja, tarinanmets\u00e4st\u00e4j\u00e4 ja koruharrastaja, joka edelleen ihmettelee maailmaa ja koettaa aina silloin t\u00e4ll\u00f6in tehd\u00e4 jotain ensi kertaa el\u00e4m\u00e4ss\u00e4\u00e4n.\"}]}<\/script>\n<!-- \/ Yoast SEO plugin. -->","yoast_head_json":{"title":"Harmaako tyls\u00e4? Ei ikin\u00e4! - Ellikki.fi","description":"Harmaa on v\u00e4reist\u00e4 upein ja k\u00e4ytt\u00f6kelpoisin, kaikki eiv\u00e4t sit\u00e4 vain viel\u00e4 tied\u00e4.","robots":{"index":"index","follow":"follow","max-snippet":"max-snippet:-1","max-image-preview":"max-image-preview:large","max-video-preview":"max-video-preview:-1"},"canonical":"https:\/\/www.ellikki.fi\/korut\/tietolaari\/harmaako-tylsa-ei-ikina\/","og_locale":"fi_FI","og_type":"article","og_title":"Harmaako tyls\u00e4? Ei ikin\u00e4! - Ellikki.fi","og_description":"Harmaa on v\u00e4reist\u00e4 upein ja k\u00e4ytt\u00f6kelpoisin, kaikki eiv\u00e4t sit\u00e4 vain viel\u00e4 tied\u00e4.","og_url":"https:\/\/www.ellikki.fi\/korut\/tietolaari\/harmaako-tylsa-ei-ikina\/","og_site_name":"Ellikki.fi","article_publisher":"https:\/\/www.facebook.com\/ellikki","article_published_time":"2014-08-17T13:40:06+00:00","article_modified_time":"2016-11-02T23:49:09+00:00","og_image":[{"width":1000,"height":667,"url":"https:\/\/www.ellikki.fi\/korut\/wp-content\/uploads\/2014\/08\/DSC0039_1381.jpg","type":"image\/jpeg"}],"author":"Ellikki","twitter_card":"summary_large_image","twitter_creator":"@eltalvio","twitter_site":"@eltalvio","twitter_misc":{"Kirjoittanut":"Ellikki","Arvioitu lukuaika":"1 minuutti"},"schema":{"@context":"https:\/\/schema.org","@graph":[{"@type":"Article","@id":"https:\/\/www.ellikki.fi\/korut\/tietolaari\/harmaako-tylsa-ei-ikina\/#article","isPartOf":{"@id":"https:\/\/www.ellikki.fi\/korut\/tietolaari\/harmaako-tylsa-ei-ikina\/"},"author":{"name":"Ellikki","@id":"https:\/\/www.ellikki.fi\/korut\/#\/schema\/person\/4100981f383f4e840417efe2a45a2e13"},"headline":"Harmaako tyls\u00e4? Ei ikin\u00e4!","datePublished":"2014-08-17T13:40:06+00:00","dateModified":"2016-11-02T23:49:09+00:00","mainEntityOfPage":{"@id":"https:\/\/www.ellikki.fi\/korut\/tietolaari\/harmaako-tylsa-ei-ikina\/"},"wordCount":153,"commentCount":0,"image":{"@id":"https:\/\/www.ellikki.fi\/korut\/tietolaari\/harmaako-tylsa-ei-ikina\/#primaryimage"},"thumbnailUrl":"https:\/\/www.ellikki.fi\/korut\/wp-content\/uploads\/2014\/08\/DSC0039_1381.jpg","keywords":["harmaa","oivallus","v\u00e4rit"],"articleSection":["Tietolaari"],"inLanguage":"fi","potentialAction":[{"@type":"CommentAction","name":"Comment","target":["https:\/\/www.ellikki.fi\/korut\/tietolaari\/harmaako-tylsa-ei-ikina\/#respond"]}]},{"@type":"WebPage","@id":"https:\/\/www.ellikki.fi\/korut\/tietolaari\/harmaako-tylsa-ei-ikina\/","url":"https:\/\/www.ellikki.fi\/korut\/tietolaari\/harmaako-tylsa-ei-ikina\/","name":"Harmaako tyls\u00e4? Ei ikin\u00e4! - Ellikki.fi","isPartOf":{"@id":"https:\/\/www.ellikki.fi\/korut\/#website"},"primaryImageOfPage":{"@id":"https:\/\/www.ellikki.fi\/korut\/tietolaari\/harmaako-tylsa-ei-ikina\/#primaryimage"},"image":{"@id":"https:\/\/www.ellikki.fi\/korut\/tietolaari\/harmaako-tylsa-ei-ikina\/#primaryimage"},"thumbnailUrl":"https:\/\/www.ellikki.fi\/korut\/wp-content\/uploads\/2014\/08\/DSC0039_1381.jpg","datePublished":"2014-08-17T13:40:06+00:00","dateModified":"2016-11-02T23:49:09+00:00","author":{"@id":"https:\/\/www.ellikki.fi\/korut\/#\/schema\/person\/4100981f383f4e840417efe2a45a2e13"},"description":"Harmaa on v\u00e4reist\u00e4 upein ja k\u00e4ytt\u00f6kelpoisin, kaikki eiv\u00e4t sit\u00e4 vain viel\u00e4 tied\u00e4.","breadcrumb":{"@id":"https:\/\/www.ellikki.fi\/korut\/tietolaari\/harmaako-tylsa-ei-ikina\/#breadcrumb"},"inLanguage":"fi","potentialAction":[{"@type":"ReadAction","target":["https:\/\/www.ellikki.fi\/korut\/tietolaari\/harmaako-tylsa-ei-ikina\/"]}]},{"@type":"ImageObject","inLanguage":"fi","@id":"https:\/\/www.ellikki.fi\/korut\/tietolaari\/harmaako-tylsa-ei-ikina\/#primaryimage","url":"https:\/\/www.ellikki.fi\/korut\/wp-content\/uploads\/2014\/08\/DSC0039_1381.jpg","contentUrl":"https:\/\/www.ellikki.fi\/korut\/wp-content\/uploads\/2014\/08\/DSC0039_1381.jpg","width":1000,"height":667,"caption":"Hattu"},{"@type":"BreadcrumbList","@id":"https:\/\/www.ellikki.fi\/korut\/tietolaari\/harmaako-tylsa-ei-ikina\/#breadcrumb","itemListElement":[{"@type":"ListItem","position":1,"name":"Ellikki.fi - Helmisuutari","item":"https:\/\/www.ellikki.fi\/korut\/"},{"@type":"ListItem","position":2,"name":"Harmaako tyls\u00e4? Ei ikin\u00e4!"}]},{"@type":"WebSite","@id":"https:\/\/www.ellikki.fi\/korut\/#website","url":"https:\/\/www.ellikki.fi\/korut\/","name":"Ellikki.fi","description":"Helmisuutari","potentialAction":[{"@type":"SearchAction","target":{"@type":"EntryPoint","urlTemplate":"https:\/\/www.ellikki.fi\/korut\/?s={search_term_string}"},"query-input":{"@type":"PropertyValueSpecification","valueRequired":true,"valueName":"search_term_string"}}],"inLanguage":"fi"},{"@type":"Person","@id":"https:\/\/www.ellikki.fi\/korut\/#\/schema\/person\/4100981f383f4e840417efe2a45a2e13","name":"Ellikki","image":{"@type":"ImageObject","inLanguage":"fi","@id":"https:\/\/www.ellikki.fi\/korut\/#\/schema\/person\/image\/","url":"https:\/\/secure.gravatar.com\/avatar\/68459a81492a7fdb3d3e31353836619029f7a695895440f957f81143855d97ee?s=96&d=mm&r=g","contentUrl":"https:\/\/secure.gravatar.com\/avatar\/68459a81492a7fdb3d3e31353836619029f7a695895440f957f81143855d97ee?s=96&d=mm&r=g","caption":"Ellikki"},"description":"Loputtoman utelias hevostoimittaja, tarinanmets\u00e4st\u00e4j\u00e4 ja koruharrastaja, joka edelleen ihmettelee maailmaa ja koettaa aina silloin t\u00e4ll\u00f6in tehd\u00e4 jotain ensi kertaa el\u00e4m\u00e4ss\u00e4\u00e4n."}]}},"_links":{"self":[{"href":"https:\/\/www.ellikki.fi\/korut\/wp-json\/wp\/v2\/posts\/380","targetHints":{"allow":["GET"]}}],"collection":[{"href":"https:\/\/www.ellikki.fi\/korut\/wp-json\/wp\/v2\/posts"}],"about":[{"href":"https:\/\/www.ellikki.fi\/korut\/wp-json\/wp\/v2\/types\/post"}],"author":[{"embeddable":true,"href":"https:\/\/www.ellikki.fi\/korut\/wp-json\/wp\/v2\/users\/1"}],"replies":[{"embeddable":true,"href":"https:\/\/www.ellikki.fi\/korut\/wp-json\/wp\/v2\/comments?post=380"}],"version-history":[{"count":0,"href":"https:\/\/www.ellikki.fi\/korut\/wp-json\/wp\/v2\/posts\/380\/revisions"}],"wp:featuredmedia":[{"embeddable":true,"href":"https:\/\/www.ellikki.fi\/korut\/wp-json\/wp\/v2\/media\/374"}],"wp:attachment":[{"href":"https:\/\/www.ellikki.fi\/korut\/wp-json\/wp\/v2\/media?parent=380"}],"wp:term":[{"taxonomy":"category","embeddable":true,"href":"https:\/\/www.ellikki.fi\/korut\/wp-json\/wp\/v2\/categories?post=380"},{"taxonomy":"post_tag","embeddable":true,"href":"https:\/\/www.ellikki.fi\/korut\/wp-json\/wp\/v2\/tags?post=380"}],"curies":[{"name":"wp","href":"https:\/\/api.w.org\/{rel}","templated":true}]}}