{"id":384,"date":"2014-08-20T15:23:04","date_gmt":"2014-08-20T12:23:04","guid":{"rendered":"http:\/\/www.ellikki.fi\/korut\/?p=384"},"modified":"2016-11-03T01:49:09","modified_gmt":"2016-11-02T23:49:09","slug":"tiimari-tulee-takaisin-hurraa","status":"publish","type":"post","link":"https:\/\/www.ellikki.fi\/korut\/uutisia-askartelun-maailmasta\/tiimari-tulee-takaisin-hurraa\/","title":{"rendered":"Tiimari tulee takaisin, hurraa!"},"content":{"rendered":"<p>Yhdess\u00e4 sun toisessa penaalissa on ollut t\u00e4n\u00e4 syksyn\u00e4 vajausta, tai ainakin sis\u00e4lt\u00f6 on ollut tylsemp\u00e4\u00e4, kun Tiimaria ei ole en\u00e4\u00e4 ollut. T\u00e4m\u00e4 oli ensimm\u00e4inen koulunaloitus liki 40 vuoteen ilman tuota koko kansan tilpeh\u00f6\u00f6riyrityst\u00e4. Sit\u00e4 on j\u00e4\u00e4ty kaipaamaan, muutkin kuin min\u00e4. Tiistaina 19.8. kerrottiin ilouutinen, ett\u00e4 Tiimari on tekem\u00e4ss\u00e4 paluun. Uusi yritt\u00e4j\u00e4 on Petri Rantanen ja h\u00e4n on ostanut Tiimarista pelk\u00e4n nimen, kiinteist\u00f6t eiv\u00e4t h\u00e4nt\u00e4 kiinnostaneet. Viel\u00e4 ei ole tiedossa, mit\u00e4 tavaravalikoimaan on luvassa, mutta toivon kovasti, ett\u00e4 se on jotain vanhan hajukumintuoksuisen Tiimarin tapaista lis\u00e4ttyn\u00e4 korutarvikkeilla. Rantanen kertoo Ylelle, ett\u00e4 h\u00e4n hankki tavaramerkin nimenomaan siksi, ett\u00e4 haluaa avata Tiimarit uudelleen, tosin ei ehk\u00e4 yht\u00e4 laajassa mitassa kuin edelt\u00e4j\u00e4n k\u00e4siss\u00e4. Rantanen on saanut neuvoja Tiimarin alkuper\u00e4iselt\u00e4 perustajalta Kari Sulkaselta, mutta muuten miehet ovat niukkasanaisia. Se tiedet\u00e4\u00e4n, ett\u00e4 ensimm\u00e4inen liike on m\u00e4\u00e4r\u00e4 avata Kouvolaan. Toinen toivomukseni uudelle yritt\u00e4j\u00e4lle on, ett\u00e4 Kouvolan j\u00e4lkeen olisi heti per\u00e4\u00e4n vuorossa muu Kymenlaakso.<\/p>\n<p><a title=\"Kouvolan Sanomat\" href=\"http:\/\/www.kouvolansanomat.fi\/m\/Online\/2014\/08\/19\/Yle%3A%20Tiimari%20palaa%20ja%20aloittaa%20Kouvolasta\/20143158\/456\" target=\"_blank\">Kouvolan Sanomat: Tiimari palaa ja aloittaa Kouvolasta<\/a><\/p>\n<p><a title=\"Yle\" href=\"http:\/\/yle.fi\/uutiset\/tiimari_tekee_paluuta__en_olisi_tavaramerkkia_muuten_hankkinut\/7419527\" target=\"_blank\">Yle: Tiimari tekee paluuta<\/a><\/p>\n<p>&nbsp;<\/p>\n","protected":false},"excerpt":{"rendered":"<p>Yhdess\u00e4 sun toisessa penaalissa on ollut t\u00e4n\u00e4 syksyn\u00e4 vajausta, tai ainakin sis\u00e4lt\u00f6 on ollut tylsemp\u00e4\u00e4, kun Tiimaria ei ole en\u00e4\u00e4 ollut. T\u00e4m\u00e4 oli ensimm\u00e4inen koulunaloitus liki 40 vuoteen ilman tuota koko kansan tilpeh\u00f6\u00f6riyrityst\u00e4. Sit\u00e4 on  [&#8230;]<\/p>\n","protected":false},"author":1,"featured_media":154,"comment_status":"closed","ping_status":"open","sticky":false,"template":"","format":"standard","meta":{"footnotes":""},"categories":[7],"tags":[12,60],"class_list":["post-384","post","type-post","status-publish","format-standard","has-post-thumbnail","hentry","category-uutisia-askartelun-maailmasta","tag-tiimari","tag-uutiset"],"yoast_head":"<!-- This site is optimized with the Yoast SEO plugin v27.1.1 - https:\/\/yoast.com\/product\/yoast-seo-wordpress\/ -->\n<title>Tiimari tulee takaisin, hurraa! - Ellikki.fi<\/title>\n<meta name=\"description\" content=\"Joskus sent\u00e4\u00e4n on my\u00f6s hyvi\u00e4 uutisia. Aika n\u00e4ytt\u00e4\u00e4, mit\u00e4 uusi Tiimari pit\u00e4\u00e4 sis\u00e4ll\u00e4\u00e4n.\" \/>\n<meta name=\"robots\" content=\"index, follow, max-snippet:-1, max-image-preview:large, max-video-preview:-1\" \/>\n<link rel=\"canonical\" href=\"https:\/\/www.ellikki.fi\/korut\/uutisia-askartelun-maailmasta\/tiimari-tulee-takaisin-hurraa\/\" \/>\n<meta property=\"og:locale\" content=\"fi_FI\" \/>\n<meta property=\"og:type\" content=\"article\" \/>\n<meta property=\"og:title\" content=\"Tiimari tulee takaisin, hurraa! - Ellikki.fi\" \/>\n<meta property=\"og:description\" content=\"Joskus sent\u00e4\u00e4n on my\u00f6s hyvi\u00e4 uutisia. Aika n\u00e4ytt\u00e4\u00e4, mit\u00e4 uusi Tiimari pit\u00e4\u00e4 sis\u00e4ll\u00e4\u00e4n.\" \/>\n<meta property=\"og:url\" content=\"https:\/\/www.ellikki.fi\/korut\/uutisia-askartelun-maailmasta\/tiimari-tulee-takaisin-hurraa\/\" \/>\n<meta property=\"og:site_name\" content=\"Ellikki.fi\" \/>\n<meta property=\"article:publisher\" content=\"https:\/\/www.facebook.com\/ellikki\" \/>\n<meta property=\"article:published_time\" content=\"2014-08-20T12:23:04+00:00\" \/>\n<meta property=\"article:modified_time\" content=\"2016-11-02T23:49:09+00:00\" \/>\n<meta property=\"og:image\" content=\"https:\/\/www.ellikki.fi\/korut\/wp-content\/uploads\/2014\/01\/suljettu-tiimari.jpg\" \/>\n\t<meta property=\"og:image:width\" content=\"1000\" \/>\n\t<meta property=\"og:image:height\" content=\"711\" \/>\n\t<meta property=\"og:image:type\" content=\"image\/jpeg\" \/>\n<meta name=\"author\" content=\"Ellikki\" \/>\n<meta name=\"twitter:card\" content=\"summary_large_image\" \/>\n<meta name=\"twitter:creator\" content=\"@eltalvio\" \/>\n<meta name=\"twitter:site\" content=\"@eltalvio\" \/>\n<meta name=\"twitter:label1\" content=\"Kirjoittanut\" \/>\n\t<meta name=\"twitter:data1\" content=\"Ellikki\" \/>\n\t<meta name=\"twitter:label2\" content=\"Arvioitu lukuaika\" \/>\n\t<meta name=\"twitter:data2\" content=\"1 minuutti\" \/>\n<script type=\"application\/ld+json\" class=\"yoast-schema-graph\">{\"@context\":\"https:\/\/schema.org\",\"@graph\":[{\"@type\":\"Article\",\"@id\":\"https:\/\/www.ellikki.fi\/korut\/uutisia-askartelun-maailmasta\/tiimari-tulee-takaisin-hurraa\/#article\",\"isPartOf\":{\"@id\":\"https:\/\/www.ellikki.fi\/korut\/uutisia-askartelun-maailmasta\/tiimari-tulee-takaisin-hurraa\/\"},\"author\":{\"name\":\"Ellikki\",\"@id\":\"https:\/\/www.ellikki.fi\/korut\/#\/schema\/person\/4100981f383f4e840417efe2a45a2e13\"},\"headline\":\"Tiimari tulee takaisin, hurraa!\",\"datePublished\":\"2014-08-20T12:23:04+00:00\",\"dateModified\":\"2016-11-02T23:49:09+00:00\",\"mainEntityOfPage\":{\"@id\":\"https:\/\/www.ellikki.fi\/korut\/uutisia-askartelun-maailmasta\/tiimari-tulee-takaisin-hurraa\/\"},\"wordCount\":186,\"image\":{\"@id\":\"https:\/\/www.ellikki.fi\/korut\/uutisia-askartelun-maailmasta\/tiimari-tulee-takaisin-hurraa\/#primaryimage\"},\"thumbnailUrl\":\"https:\/\/www.ellikki.fi\/korut\/wp-content\/uploads\/2014\/01\/suljettu-tiimari.jpg\",\"keywords\":[\"tiimari\",\"uutiset\"],\"articleSection\":[\"Uutisia askartelun maailmasta\"],\"inLanguage\":\"fi\"},{\"@type\":\"WebPage\",\"@id\":\"https:\/\/www.ellikki.fi\/korut\/uutisia-askartelun-maailmasta\/tiimari-tulee-takaisin-hurraa\/\",\"url\":\"https:\/\/www.ellikki.fi\/korut\/uutisia-askartelun-maailmasta\/tiimari-tulee-takaisin-hurraa\/\",\"name\":\"Tiimari tulee takaisin, hurraa! - Ellikki.fi\",\"isPartOf\":{\"@id\":\"https:\/\/www.ellikki.fi\/korut\/#website\"},\"primaryImageOfPage\":{\"@id\":\"https:\/\/www.ellikki.fi\/korut\/uutisia-askartelun-maailmasta\/tiimari-tulee-takaisin-hurraa\/#primaryimage\"},\"image\":{\"@id\":\"https:\/\/www.ellikki.fi\/korut\/uutisia-askartelun-maailmasta\/tiimari-tulee-takaisin-hurraa\/#primaryimage\"},\"thumbnailUrl\":\"https:\/\/www.ellikki.fi\/korut\/wp-content\/uploads\/2014\/01\/suljettu-tiimari.jpg\",\"datePublished\":\"2014-08-20T12:23:04+00:00\",\"dateModified\":\"2016-11-02T23:49:09+00:00\",\"author\":{\"@id\":\"https:\/\/www.ellikki.fi\/korut\/#\/schema\/person\/4100981f383f4e840417efe2a45a2e13\"},\"description\":\"Joskus sent\u00e4\u00e4n on my\u00f6s hyvi\u00e4 uutisia. Aika n\u00e4ytt\u00e4\u00e4, mit\u00e4 uusi Tiimari pit\u00e4\u00e4 sis\u00e4ll\u00e4\u00e4n.\",\"breadcrumb\":{\"@id\":\"https:\/\/www.ellikki.fi\/korut\/uutisia-askartelun-maailmasta\/tiimari-tulee-takaisin-hurraa\/#breadcrumb\"},\"inLanguage\":\"fi\",\"potentialAction\":[{\"@type\":\"ReadAction\",\"target\":[\"https:\/\/www.ellikki.fi\/korut\/uutisia-askartelun-maailmasta\/tiimari-tulee-takaisin-hurraa\/\"]}]},{\"@type\":\"ImageObject\",\"inLanguage\":\"fi\",\"@id\":\"https:\/\/www.ellikki.fi\/korut\/uutisia-askartelun-maailmasta\/tiimari-tulee-takaisin-hurraa\/#primaryimage\",\"url\":\"https:\/\/www.ellikki.fi\/korut\/wp-content\/uploads\/2014\/01\/suljettu-tiimari.jpg\",\"contentUrl\":\"https:\/\/www.ellikki.fi\/korut\/wp-content\/uploads\/2014\/01\/suljettu-tiimari.jpg\",\"width\":1000,\"height\":711,\"caption\":\"suljettu tiimari\"},{\"@type\":\"BreadcrumbList\",\"@id\":\"https:\/\/www.ellikki.fi\/korut\/uutisia-askartelun-maailmasta\/tiimari-tulee-takaisin-hurraa\/#breadcrumb\",\"itemListElement\":[{\"@type\":\"ListItem\",\"position\":1,\"name\":\"Ellikki.fi - Helmisuutari\",\"item\":\"https:\/\/www.ellikki.fi\/korut\/\"},{\"@type\":\"ListItem\",\"position\":2,\"name\":\"Tiimari tulee takaisin, hurraa!\"}]},{\"@type\":\"WebSite\",\"@id\":\"https:\/\/www.ellikki.fi\/korut\/#website\",\"url\":\"https:\/\/www.ellikki.fi\/korut\/\",\"name\":\"Ellikki.fi\",\"description\":\"Helmisuutari\",\"potentialAction\":[{\"@type\":\"SearchAction\",\"target\":{\"@type\":\"EntryPoint\",\"urlTemplate\":\"https:\/\/www.ellikki.fi\/korut\/?s={search_term_string}\"},\"query-input\":{\"@type\":\"PropertyValueSpecification\",\"valueRequired\":true,\"valueName\":\"search_term_string\"}}],\"inLanguage\":\"fi\"},{\"@type\":\"Person\",\"@id\":\"https:\/\/www.ellikki.fi\/korut\/#\/schema\/person\/4100981f383f4e840417efe2a45a2e13\",\"name\":\"Ellikki\",\"image\":{\"@type\":\"ImageObject\",\"inLanguage\":\"fi\",\"@id\":\"https:\/\/www.ellikki.fi\/korut\/#\/schema\/person\/image\/\",\"url\":\"https:\/\/secure.gravatar.com\/avatar\/68459a81492a7fdb3d3e31353836619029f7a695895440f957f81143855d97ee?s=96&d=mm&r=g\",\"contentUrl\":\"https:\/\/secure.gravatar.com\/avatar\/68459a81492a7fdb3d3e31353836619029f7a695895440f957f81143855d97ee?s=96&d=mm&r=g\",\"caption\":\"Ellikki\"},\"description\":\"Loputtoman utelias hevostoimittaja, tarinanmets\u00e4st\u00e4j\u00e4 ja koruharrastaja, joka edelleen ihmettelee maailmaa ja koettaa aina silloin t\u00e4ll\u00f6in tehd\u00e4 jotain ensi kertaa el\u00e4m\u00e4ss\u00e4\u00e4n.\"}]}<\/script>\n<!-- \/ Yoast SEO plugin. -->","yoast_head_json":{"title":"Tiimari tulee takaisin, hurraa! - Ellikki.fi","description":"Joskus sent\u00e4\u00e4n on my\u00f6s hyvi\u00e4 uutisia. Aika n\u00e4ytt\u00e4\u00e4, mit\u00e4 uusi Tiimari pit\u00e4\u00e4 sis\u00e4ll\u00e4\u00e4n.","robots":{"index":"index","follow":"follow","max-snippet":"max-snippet:-1","max-image-preview":"max-image-preview:large","max-video-preview":"max-video-preview:-1"},"canonical":"https:\/\/www.ellikki.fi\/korut\/uutisia-askartelun-maailmasta\/tiimari-tulee-takaisin-hurraa\/","og_locale":"fi_FI","og_type":"article","og_title":"Tiimari tulee takaisin, hurraa! - Ellikki.fi","og_description":"Joskus sent\u00e4\u00e4n on my\u00f6s hyvi\u00e4 uutisia. Aika n\u00e4ytt\u00e4\u00e4, mit\u00e4 uusi Tiimari pit\u00e4\u00e4 sis\u00e4ll\u00e4\u00e4n.","og_url":"https:\/\/www.ellikki.fi\/korut\/uutisia-askartelun-maailmasta\/tiimari-tulee-takaisin-hurraa\/","og_site_name":"Ellikki.fi","article_publisher":"https:\/\/www.facebook.com\/ellikki","article_published_time":"2014-08-20T12:23:04+00:00","article_modified_time":"2016-11-02T23:49:09+00:00","og_image":[{"width":1000,"height":711,"url":"https:\/\/www.ellikki.fi\/korut\/wp-content\/uploads\/2014\/01\/suljettu-tiimari.jpg","type":"image\/jpeg"}],"author":"Ellikki","twitter_card":"summary_large_image","twitter_creator":"@eltalvio","twitter_site":"@eltalvio","twitter_misc":{"Kirjoittanut":"Ellikki","Arvioitu lukuaika":"1 minuutti"},"schema":{"@context":"https:\/\/schema.org","@graph":[{"@type":"Article","@id":"https:\/\/www.ellikki.fi\/korut\/uutisia-askartelun-maailmasta\/tiimari-tulee-takaisin-hurraa\/#article","isPartOf":{"@id":"https:\/\/www.ellikki.fi\/korut\/uutisia-askartelun-maailmasta\/tiimari-tulee-takaisin-hurraa\/"},"author":{"name":"Ellikki","@id":"https:\/\/www.ellikki.fi\/korut\/#\/schema\/person\/4100981f383f4e840417efe2a45a2e13"},"headline":"Tiimari tulee takaisin, hurraa!","datePublished":"2014-08-20T12:23:04+00:00","dateModified":"2016-11-02T23:49:09+00:00","mainEntityOfPage":{"@id":"https:\/\/www.ellikki.fi\/korut\/uutisia-askartelun-maailmasta\/tiimari-tulee-takaisin-hurraa\/"},"wordCount":186,"image":{"@id":"https:\/\/www.ellikki.fi\/korut\/uutisia-askartelun-maailmasta\/tiimari-tulee-takaisin-hurraa\/#primaryimage"},"thumbnailUrl":"https:\/\/www.ellikki.fi\/korut\/wp-content\/uploads\/2014\/01\/suljettu-tiimari.jpg","keywords":["tiimari","uutiset"],"articleSection":["Uutisia askartelun maailmasta"],"inLanguage":"fi"},{"@type":"WebPage","@id":"https:\/\/www.ellikki.fi\/korut\/uutisia-askartelun-maailmasta\/tiimari-tulee-takaisin-hurraa\/","url":"https:\/\/www.ellikki.fi\/korut\/uutisia-askartelun-maailmasta\/tiimari-tulee-takaisin-hurraa\/","name":"Tiimari tulee takaisin, hurraa! - Ellikki.fi","isPartOf":{"@id":"https:\/\/www.ellikki.fi\/korut\/#website"},"primaryImageOfPage":{"@id":"https:\/\/www.ellikki.fi\/korut\/uutisia-askartelun-maailmasta\/tiimari-tulee-takaisin-hurraa\/#primaryimage"},"image":{"@id":"https:\/\/www.ellikki.fi\/korut\/uutisia-askartelun-maailmasta\/tiimari-tulee-takaisin-hurraa\/#primaryimage"},"thumbnailUrl":"https:\/\/www.ellikki.fi\/korut\/wp-content\/uploads\/2014\/01\/suljettu-tiimari.jpg","datePublished":"2014-08-20T12:23:04+00:00","dateModified":"2016-11-02T23:49:09+00:00","author":{"@id":"https:\/\/www.ellikki.fi\/korut\/#\/schema\/person\/4100981f383f4e840417efe2a45a2e13"},"description":"Joskus sent\u00e4\u00e4n on my\u00f6s hyvi\u00e4 uutisia. Aika n\u00e4ytt\u00e4\u00e4, mit\u00e4 uusi Tiimari pit\u00e4\u00e4 sis\u00e4ll\u00e4\u00e4n.","breadcrumb":{"@id":"https:\/\/www.ellikki.fi\/korut\/uutisia-askartelun-maailmasta\/tiimari-tulee-takaisin-hurraa\/#breadcrumb"},"inLanguage":"fi","potentialAction":[{"@type":"ReadAction","target":["https:\/\/www.ellikki.fi\/korut\/uutisia-askartelun-maailmasta\/tiimari-tulee-takaisin-hurraa\/"]}]},{"@type":"ImageObject","inLanguage":"fi","@id":"https:\/\/www.ellikki.fi\/korut\/uutisia-askartelun-maailmasta\/tiimari-tulee-takaisin-hurraa\/#primaryimage","url":"https:\/\/www.ellikki.fi\/korut\/wp-content\/uploads\/2014\/01\/suljettu-tiimari.jpg","contentUrl":"https:\/\/www.ellikki.fi\/korut\/wp-content\/uploads\/2014\/01\/suljettu-tiimari.jpg","width":1000,"height":711,"caption":"suljettu tiimari"},{"@type":"BreadcrumbList","@id":"https:\/\/www.ellikki.fi\/korut\/uutisia-askartelun-maailmasta\/tiimari-tulee-takaisin-hurraa\/#breadcrumb","itemListElement":[{"@type":"ListItem","position":1,"name":"Ellikki.fi - Helmisuutari","item":"https:\/\/www.ellikki.fi\/korut\/"},{"@type":"ListItem","position":2,"name":"Tiimari tulee takaisin, hurraa!"}]},{"@type":"WebSite","@id":"https:\/\/www.ellikki.fi\/korut\/#website","url":"https:\/\/www.ellikki.fi\/korut\/","name":"Ellikki.fi","description":"Helmisuutari","potentialAction":[{"@type":"SearchAction","target":{"@type":"EntryPoint","urlTemplate":"https:\/\/www.ellikki.fi\/korut\/?s={search_term_string}"},"query-input":{"@type":"PropertyValueSpecification","valueRequired":true,"valueName":"search_term_string"}}],"inLanguage":"fi"},{"@type":"Person","@id":"https:\/\/www.ellikki.fi\/korut\/#\/schema\/person\/4100981f383f4e840417efe2a45a2e13","name":"Ellikki","image":{"@type":"ImageObject","inLanguage":"fi","@id":"https:\/\/www.ellikki.fi\/korut\/#\/schema\/person\/image\/","url":"https:\/\/secure.gravatar.com\/avatar\/68459a81492a7fdb3d3e31353836619029f7a695895440f957f81143855d97ee?s=96&d=mm&r=g","contentUrl":"https:\/\/secure.gravatar.com\/avatar\/68459a81492a7fdb3d3e31353836619029f7a695895440f957f81143855d97ee?s=96&d=mm&r=g","caption":"Ellikki"},"description":"Loputtoman utelias hevostoimittaja, tarinanmets\u00e4st\u00e4j\u00e4 ja koruharrastaja, joka edelleen ihmettelee maailmaa ja koettaa aina silloin t\u00e4ll\u00f6in tehd\u00e4 jotain ensi kertaa el\u00e4m\u00e4ss\u00e4\u00e4n."}]}},"_links":{"self":[{"href":"https:\/\/www.ellikki.fi\/korut\/wp-json\/wp\/v2\/posts\/384","targetHints":{"allow":["GET"]}}],"collection":[{"href":"https:\/\/www.ellikki.fi\/korut\/wp-json\/wp\/v2\/posts"}],"about":[{"href":"https:\/\/www.ellikki.fi\/korut\/wp-json\/wp\/v2\/types\/post"}],"author":[{"embeddable":true,"href":"https:\/\/www.ellikki.fi\/korut\/wp-json\/wp\/v2\/users\/1"}],"replies":[{"embeddable":true,"href":"https:\/\/www.ellikki.fi\/korut\/wp-json\/wp\/v2\/comments?post=384"}],"version-history":[{"count":0,"href":"https:\/\/www.ellikki.fi\/korut\/wp-json\/wp\/v2\/posts\/384\/revisions"}],"wp:featuredmedia":[{"embeddable":true,"href":"https:\/\/www.ellikki.fi\/korut\/wp-json\/wp\/v2\/media\/154"}],"wp:attachment":[{"href":"https:\/\/www.ellikki.fi\/korut\/wp-json\/wp\/v2\/media?parent=384"}],"wp:term":[{"taxonomy":"category","embeddable":true,"href":"https:\/\/www.ellikki.fi\/korut\/wp-json\/wp\/v2\/categories?post=384"},{"taxonomy":"post_tag","embeddable":true,"href":"https:\/\/www.ellikki.fi\/korut\/wp-json\/wp\/v2\/tags?post=384"}],"curies":[{"name":"wp","href":"https:\/\/api.w.org\/{rel}","templated":true}]}}