{"id":410,"date":"2014-09-29T03:40:30","date_gmt":"2014-09-29T00:40:30","guid":{"rendered":"http:\/\/www.ellikki.fi\/korut\/?p=410"},"modified":"2016-11-03T01:49:09","modified_gmt":"2016-11-02T23:49:09","slug":"korujen-matkassa-eurooppa","status":"publish","type":"post","link":"https:\/\/www.ellikki.fi\/korut\/kokeilut\/korujen-matkassa-eurooppa\/","title":{"rendered":"Korujen matkassa: Eurooppa"},"content":{"rendered":"<p>Jokaisella maanosalla on korujen suhteen oma tyylins\u00e4 ja omat suosikkiaineksensa. Meill\u00e4 Euroopassa tyyli on melko hillitty, pastellit ja tummat s\u00e4vyt ovat olleet suosittuja. Koruja on k\u00e4ytetty l\u00e4hes yht\u00e4 kauan kuin ihmisi\u00e4 on ollut. Koru on ollut aseman ja vaurauden merkki niin <a title=\"Wikipedia\" href=\"http:\/\/upload.wikimedia.org\/wikipedia\/commons\/c\/c4\/Anjou_1570louvre.jpg\" target=\"_blank\"><strong>miehill\u00e4<\/strong><\/a> kuin <a title=\"Wikipedia\" href=\"http:\/\/upload.wikimedia.org\/wikipedia\/commons\/thumb\/e\/e5\/Elizabeth1England.jpg\/800px-Elizabeth1England.jpg\" target=\"_blank\"><strong>naisilla<\/strong><\/a>. Mit\u00e4 korkeampi asema, sit\u00e4 enemm\u00e4n koruja. Vanhoissa tauluissa parhaimpiinsa pukeutuneet arvohenkil\u00f6t ovat suorastaan kultakorujen ja jalokivien peitossa. Niit\u00e4 on hatuissa, hiuksissa ja vaatteissa. Renessanssin aikana korujen k\u00e4ytt\u00f6 oli suorastaan ylet\u00f6nt\u00e4.<\/p>\n<p>Eurooppalainen bravuurinumero on kuitenkin aina ollut lasi ja lasink\u00e4sittelytaito. 1400-luvun <strong><a title=\"Wikipedia\" href=\"http:\/\/en.wikipedia.org\/wiki\/Venetian_glass\" target=\"_blank\">Venetsia<\/a><\/strong> oli tunnettu lasistaan, kristalli keksittiin antiikin Roomassa ja nykyp\u00e4iv\u00e4n\u00e4 tsekkil\u00e4iset lasitehtaat edustavat alansa huippua maailmassa. Moneen taipuvana materiaalina lasista saattoi tehd\u00e4 helmi\u00e4, ja ne oli mahdollista v\u00e4rj\u00e4t\u00e4 halutulla v\u00e4rill\u00e4. Uudessa maailmassa lasihelmet olivat uusi ja ihmeellinen asia. Eurooppalaiset ostivat <strong><a title=\"The bead\" href=\"http:\/\/www.thebead.net\/index.php\/bead-blog-rss\/92-manhattan-sold-for-24-worth-of-beads\" target=\"_blank\">legendan<\/a><\/strong> mukaan lasihelmill\u00e4 Amerikan intiaaneilta rannikkosaaren, jolle annettiin nimeksi Manhattan. Maan arvo on sittemmin kohonnut sill\u00e4 paikalla. Valitettavasti hyv\u00e4 tarina taitaa olla vain tarinaa.<\/p>\n<p>Roomalainen lasiteollisuus oli alkuna Venetsian lasille, joka nousi kukoistukseensa renessanssin aikana halliten maailman helmimarkkinoita. Venetsian edustalla oleva Muranon saari on edelleen tuttu nimi <strong><a title=\"Muranon lasia\" href=\"http:\/\/www.muranoglassbeads.com\/\" target=\"_blank\">muranohelmist\u00e4<\/a><\/strong>. Tunnettuja italialaisia helmi\u00e4 ovat my\u00f6s <strong><a title=\"Googlen kuvahaku\" href=\"https:\/\/www.google.fi\/search?q=millefiori&amp;biw=1920&amp;bih=878&amp;tbm=isch&amp;tbo=u&amp;source=univ&amp;sa=X&amp;ei=3qAoVMiMLKWa7ga254HwAw&amp;ved=0CCsQsAQ\" target=\"_blank\">millefiori<\/a><\/strong> (tuhat kukkaa), mosaiikkihelmet, <strong><a title=\"Googlen kuvahaku\" href=\"https:\/\/www.google.fi\/search?q=millefiori&amp;biw=1920&amp;bih=878&amp;tbm=isch&amp;tbo=u&amp;source=univ&amp;sa=X&amp;ei=3qAoVMiMLKWa7ga254HwAw&amp;ved=0CCsQsAQ#tbm=isch&amp;q=chevron+beads&amp;imgdii=_\" target=\"_blank\">kuviohelmet<\/a><\/strong> (chevron) ja parasta lasinpuhallustaitoa edustavat <a title=\"Matkaston lamppuhelmet\" href=\"http:\/\/matkasto.net\/kauppa\/tulossa-uniikkikoruja-pokerryttavan-ihanista-lamppuhelmista\/\" target=\"_blank\"><strong>lamppuhelmet<\/strong><\/a>. Moni afrikkalaiseksi mielt\u00e4m\u00e4mme helmityyppi on oikeasti kotoisin Venetsiasta, sill\u00e4 niit\u00e4 vietiin Afrikkaan suuria m\u00e4\u00e4ri\u00e4. Etenkin chevron-kuviohelmist\u00e4 tuli suorastaan statussymboleita, ne olivat heimop\u00e4\u00e4llik\u00f6iden suosiossa. N\u00e4in ne sekoittuivat osaksi afrikkalaista korumaisemaa.<\/p>\n<p>On eurooppalainen koruhistoria muutakin kuin Venetsian lasia. Brittein saarilla 1800-luvulla Whitbyn pikkukaupunki kukoisti kuningatar Viktorian ansiosta. Sielt\u00e4 louhittiin mustaa <strong><a title=\"Wikipedia\" href=\"http:\/\/en.wikipedia.org\/wiki\/Jet_%28lignite%29\" target=\"_blank\">hiilikive\u00e4<\/a><\/strong>, josta kuningatar teki surukorun miehens\u00e4 Albertin muistoksi. Albertin lis\u00e4ksi oman muistokorun saivat useat kansallissankarit, mik\u00e4 aiheutti varsinaisen villityksen. Alamaiset totta kai halusivat parhaansa mukaan j\u00e4ljitell\u00e4 hovia. Whitbyst\u00e4 louhittiin hiilikive\u00e4 mink\u00e4 ehdittiin, mutta sek\u00e4\u00e4n ei riitt\u00e4nyt tyydytt\u00e4m\u00e4\u00e4n valtavaa kysynt\u00e4\u00e4. Ranskasta tuotiin heikompilaatuisia j\u00e4ljitelmi\u00e4, joita britit kutsuivat ranskalaiseksi lasiksi. Hiilikive\u00e4 osattiin kopioida my\u00f6s Brittein saarilla, esimerkiksi emalilla p\u00e4\u00e4llystetyt v\u00e4rj\u00e4tyt puuhelmet saatiin muistuttamaan kovasti hiilikive\u00e4.<\/p>\n<p>Helmet ovat olleet merkitt\u00e4v\u00e4ss\u00e4 roolissa my\u00f6s uskonnoissa. Eurooppa tunnettiin kristittyjen maanosana, yhteen aikaan Euroopan rajaksi katsottiin islamin ja kristillisyyden raja. Valtauskonto oli ja on edelleen katolilaisuus, mutta ennen uskonpuhdistusta se oli viel\u00e4kin merkitt\u00e4v\u00e4mm\u00e4ss\u00e4 roolissa. Helmi\u00e4 k\u00e4ytet\u00e4\u00e4n rukousnauhoissa. T\u00e4m\u00e4 on vaikuttanut siihen, ett\u00e4 englannin kieless\u00e4 sana bead tarkoitti aiemmin rukousta. Yksi helmi on rukous katolilaisen rukousnauhassa, niiden v\u00e4liin voi vet\u00e4\u00e4 yht\u00e4l\u00e4isyysmerkin. Ei ihme, ett\u00e4 sanakin on ollut sama.<\/p>\n<p>Suomalaiseen koruel\u00e4m\u00e4\u00e4n p\u00e4tev\u00e4t samat asiat kuin eurooppalaiseen, virtaukset saapuivat t\u00e4nne hieman my\u00f6hemmin ja vaatimattomampina, sill\u00e4 Suomessa ei ollut hallitsevaa luokkaa (lukuun ottamatta Juhana-herttuan hovia Turun linnassa) eik\u00e4 n\u00e4in ollen koruille kovin suuria markkinoita. Koruseppi\u00e4 oli jonkin verran, mutta hekin joutuivat tekem\u00e4\u00e4n hopeaesineit\u00e4 ja muita koriste-esineit\u00e4 kultasep\u00e4nty\u00f6n ohella.<\/p>\n<p>L\u00e4hteet:<\/p>\n<p>Verkkol\u00e4hteet esiintyv\u00e4t tekstiss\u00e4.<\/p>\n<p>Kirjalliset l\u00e4hteet:<\/p>\n<p>Janet Coles &amp; Robert Budwig: The complete book of beads<\/p>\n<p>J. Anderson Black: A history of jewels<\/p>\n<p>Raimo Fagerstr\u00f6m: Suomalaisia antiikkikoruja<\/p>\n","protected":false},"excerpt":{"rendered":"<p>Jokaisella maanosalla on korujen suhteen oma tyylins\u00e4 ja omat suosikkiaineksensa. Meill\u00e4 Euroopassa tyyli on melko hillitty, pastellit ja tummat s\u00e4vyt ovat olleet suosittuja. Koruja on k\u00e4ytetty l\u00e4hes yht\u00e4 kauan kuin ihmisi\u00e4 on ollut. Koru on  [&#8230;]<\/p>\n","protected":false},"author":1,"featured_media":411,"comment_status":"open","ping_status":"open","sticky":false,"template":"","format":"standard","meta":{"footnotes":""},"categories":[1,20],"tags":[68,36,69,70],"class_list":["post-410","post","type-post","status-publish","format-standard","has-post-thumbnail","hentry","category-kokeilut","category-tietolaari","tag-eurooppa","tag-korut","tag-lasihelmet","tag-murano"],"yoast_head":"<!-- This site is optimized with the Yoast SEO plugin v27.1.1 - https:\/\/yoast.com\/product\/yoast-seo-wordpress\/ -->\n<title>Korujen matkassa: Eurooppa - Ellikki.fi<\/title>\n<meta name=\"description\" content=\"Euroopalla on oma korutyylins\u00e4, joka kumpuaa historiasta ja heijastuu nykyp\u00e4iv\u00e4\u00e4n asti.\" \/>\n<meta name=\"robots\" content=\"index, follow, max-snippet:-1, max-image-preview:large, max-video-preview:-1\" \/>\n<link rel=\"canonical\" href=\"https:\/\/www.ellikki.fi\/korut\/kokeilut\/korujen-matkassa-eurooppa\/\" \/>\n<meta property=\"og:locale\" content=\"fi_FI\" \/>\n<meta property=\"og:type\" content=\"article\" \/>\n<meta property=\"og:title\" content=\"Korujen matkassa: Eurooppa - Ellikki.fi\" \/>\n<meta property=\"og:description\" content=\"Euroopalla on oma korutyylins\u00e4, joka kumpuaa historiasta ja heijastuu nykyp\u00e4iv\u00e4\u00e4n asti.\" \/>\n<meta property=\"og:url\" content=\"https:\/\/www.ellikki.fi\/korut\/kokeilut\/korujen-matkassa-eurooppa\/\" \/>\n<meta property=\"og:site_name\" content=\"Ellikki.fi\" \/>\n<meta property=\"article:publisher\" content=\"https:\/\/www.facebook.com\/ellikki\" \/>\n<meta property=\"article:published_time\" content=\"2014-09-29T00:40:30+00:00\" \/>\n<meta property=\"article:modified_time\" content=\"2016-11-02T23:49:09+00:00\" \/>\n<meta property=\"og:image\" content=\"https:\/\/www.ellikki.fi\/korut\/wp-content\/uploads\/2014\/09\/Eurooppa.jpg\" \/>\n\t<meta property=\"og:image:width\" content=\"755\" \/>\n\t<meta property=\"og:image:height\" content=\"596\" \/>\n\t<meta property=\"og:image:type\" content=\"image\/jpeg\" \/>\n<meta name=\"author\" content=\"Ellikki\" \/>\n<meta name=\"twitter:card\" content=\"summary_large_image\" \/>\n<meta name=\"twitter:creator\" content=\"@eltalvio\" \/>\n<meta name=\"twitter:site\" content=\"@eltalvio\" \/>\n<meta name=\"twitter:label1\" content=\"Kirjoittanut\" \/>\n\t<meta name=\"twitter:data1\" content=\"Ellikki\" \/>\n\t<meta name=\"twitter:label2\" content=\"Arvioitu lukuaika\" \/>\n\t<meta name=\"twitter:data2\" content=\"3 minuuttia\" \/>\n<script type=\"application\/ld+json\" class=\"yoast-schema-graph\">{\"@context\":\"https:\/\/schema.org\",\"@graph\":[{\"@type\":\"Article\",\"@id\":\"https:\/\/www.ellikki.fi\/korut\/kokeilut\/korujen-matkassa-eurooppa\/#article\",\"isPartOf\":{\"@id\":\"https:\/\/www.ellikki.fi\/korut\/kokeilut\/korujen-matkassa-eurooppa\/\"},\"author\":{\"name\":\"Ellikki\",\"@id\":\"https:\/\/www.ellikki.fi\/korut\/#\/schema\/person\/4100981f383f4e840417efe2a45a2e13\"},\"headline\":\"Korujen matkassa: Eurooppa\",\"datePublished\":\"2014-09-29T00:40:30+00:00\",\"dateModified\":\"2016-11-02T23:49:09+00:00\",\"mainEntityOfPage\":{\"@id\":\"https:\/\/www.ellikki.fi\/korut\/kokeilut\/korujen-matkassa-eurooppa\/\"},\"wordCount\":503,\"commentCount\":0,\"image\":{\"@id\":\"https:\/\/www.ellikki.fi\/korut\/kokeilut\/korujen-matkassa-eurooppa\/#primaryimage\"},\"thumbnailUrl\":\"https:\/\/www.ellikki.fi\/korut\/wp-content\/uploads\/2014\/09\/Eurooppa.jpg\",\"keywords\":[\"Eurooppa\",\"korut\",\"lasihelmet\",\"murano\"],\"articleSection\":[\"Kokeilut\",\"Tietolaari\"],\"inLanguage\":\"fi\",\"potentialAction\":[{\"@type\":\"CommentAction\",\"name\":\"Comment\",\"target\":[\"https:\/\/www.ellikki.fi\/korut\/kokeilut\/korujen-matkassa-eurooppa\/#respond\"]}]},{\"@type\":\"WebPage\",\"@id\":\"https:\/\/www.ellikki.fi\/korut\/kokeilut\/korujen-matkassa-eurooppa\/\",\"url\":\"https:\/\/www.ellikki.fi\/korut\/kokeilut\/korujen-matkassa-eurooppa\/\",\"name\":\"Korujen matkassa: Eurooppa - Ellikki.fi\",\"isPartOf\":{\"@id\":\"https:\/\/www.ellikki.fi\/korut\/#website\"},\"primaryImageOfPage\":{\"@id\":\"https:\/\/www.ellikki.fi\/korut\/kokeilut\/korujen-matkassa-eurooppa\/#primaryimage\"},\"image\":{\"@id\":\"https:\/\/www.ellikki.fi\/korut\/kokeilut\/korujen-matkassa-eurooppa\/#primaryimage\"},\"thumbnailUrl\":\"https:\/\/www.ellikki.fi\/korut\/wp-content\/uploads\/2014\/09\/Eurooppa.jpg\",\"datePublished\":\"2014-09-29T00:40:30+00:00\",\"dateModified\":\"2016-11-02T23:49:09+00:00\",\"author\":{\"@id\":\"https:\/\/www.ellikki.fi\/korut\/#\/schema\/person\/4100981f383f4e840417efe2a45a2e13\"},\"description\":\"Euroopalla on oma korutyylins\u00e4, joka kumpuaa historiasta ja heijastuu nykyp\u00e4iv\u00e4\u00e4n asti.\",\"breadcrumb\":{\"@id\":\"https:\/\/www.ellikki.fi\/korut\/kokeilut\/korujen-matkassa-eurooppa\/#breadcrumb\"},\"inLanguage\":\"fi\",\"potentialAction\":[{\"@type\":\"ReadAction\",\"target\":[\"https:\/\/www.ellikki.fi\/korut\/kokeilut\/korujen-matkassa-eurooppa\/\"]}]},{\"@type\":\"ImageObject\",\"inLanguage\":\"fi\",\"@id\":\"https:\/\/www.ellikki.fi\/korut\/kokeilut\/korujen-matkassa-eurooppa\/#primaryimage\",\"url\":\"https:\/\/www.ellikki.fi\/korut\/wp-content\/uploads\/2014\/09\/Eurooppa.jpg\",\"contentUrl\":\"https:\/\/www.ellikki.fi\/korut\/wp-content\/uploads\/2014\/09\/Eurooppa.jpg\",\"width\":755,\"height\":596,\"caption\":\"Eurooppa\"},{\"@type\":\"BreadcrumbList\",\"@id\":\"https:\/\/www.ellikki.fi\/korut\/kokeilut\/korujen-matkassa-eurooppa\/#breadcrumb\",\"itemListElement\":[{\"@type\":\"ListItem\",\"position\":1,\"name\":\"Ellikki.fi - Helmisuutari\",\"item\":\"https:\/\/www.ellikki.fi\/korut\/\"},{\"@type\":\"ListItem\",\"position\":2,\"name\":\"Korujen matkassa: Eurooppa\"}]},{\"@type\":\"WebSite\",\"@id\":\"https:\/\/www.ellikki.fi\/korut\/#website\",\"url\":\"https:\/\/www.ellikki.fi\/korut\/\",\"name\":\"Ellikki.fi\",\"description\":\"Helmisuutari\",\"potentialAction\":[{\"@type\":\"SearchAction\",\"target\":{\"@type\":\"EntryPoint\",\"urlTemplate\":\"https:\/\/www.ellikki.fi\/korut\/?s={search_term_string}\"},\"query-input\":{\"@type\":\"PropertyValueSpecification\",\"valueRequired\":true,\"valueName\":\"search_term_string\"}}],\"inLanguage\":\"fi\"},{\"@type\":\"Person\",\"@id\":\"https:\/\/www.ellikki.fi\/korut\/#\/schema\/person\/4100981f383f4e840417efe2a45a2e13\",\"name\":\"Ellikki\",\"image\":{\"@type\":\"ImageObject\",\"inLanguage\":\"fi\",\"@id\":\"https:\/\/www.ellikki.fi\/korut\/#\/schema\/person\/image\/\",\"url\":\"https:\/\/secure.gravatar.com\/avatar\/68459a81492a7fdb3d3e31353836619029f7a695895440f957f81143855d97ee?s=96&d=mm&r=g\",\"contentUrl\":\"https:\/\/secure.gravatar.com\/avatar\/68459a81492a7fdb3d3e31353836619029f7a695895440f957f81143855d97ee?s=96&d=mm&r=g\",\"caption\":\"Ellikki\"},\"description\":\"Loputtoman utelias hevostoimittaja, tarinanmets\u00e4st\u00e4j\u00e4 ja koruharrastaja, joka edelleen ihmettelee maailmaa ja koettaa aina silloin t\u00e4ll\u00f6in tehd\u00e4 jotain ensi kertaa el\u00e4m\u00e4ss\u00e4\u00e4n.\"}]}<\/script>\n<!-- \/ Yoast SEO plugin. -->","yoast_head_json":{"title":"Korujen matkassa: Eurooppa - Ellikki.fi","description":"Euroopalla on oma korutyylins\u00e4, joka kumpuaa historiasta ja heijastuu nykyp\u00e4iv\u00e4\u00e4n asti.","robots":{"index":"index","follow":"follow","max-snippet":"max-snippet:-1","max-image-preview":"max-image-preview:large","max-video-preview":"max-video-preview:-1"},"canonical":"https:\/\/www.ellikki.fi\/korut\/kokeilut\/korujen-matkassa-eurooppa\/","og_locale":"fi_FI","og_type":"article","og_title":"Korujen matkassa: Eurooppa - Ellikki.fi","og_description":"Euroopalla on oma korutyylins\u00e4, joka kumpuaa historiasta ja heijastuu nykyp\u00e4iv\u00e4\u00e4n asti.","og_url":"https:\/\/www.ellikki.fi\/korut\/kokeilut\/korujen-matkassa-eurooppa\/","og_site_name":"Ellikki.fi","article_publisher":"https:\/\/www.facebook.com\/ellikki","article_published_time":"2014-09-29T00:40:30+00:00","article_modified_time":"2016-11-02T23:49:09+00:00","og_image":[{"width":755,"height":596,"url":"https:\/\/www.ellikki.fi\/korut\/wp-content\/uploads\/2014\/09\/Eurooppa.jpg","type":"image\/jpeg"}],"author":"Ellikki","twitter_card":"summary_large_image","twitter_creator":"@eltalvio","twitter_site":"@eltalvio","twitter_misc":{"Kirjoittanut":"Ellikki","Arvioitu lukuaika":"3 minuuttia"},"schema":{"@context":"https:\/\/schema.org","@graph":[{"@type":"Article","@id":"https:\/\/www.ellikki.fi\/korut\/kokeilut\/korujen-matkassa-eurooppa\/#article","isPartOf":{"@id":"https:\/\/www.ellikki.fi\/korut\/kokeilut\/korujen-matkassa-eurooppa\/"},"author":{"name":"Ellikki","@id":"https:\/\/www.ellikki.fi\/korut\/#\/schema\/person\/4100981f383f4e840417efe2a45a2e13"},"headline":"Korujen matkassa: Eurooppa","datePublished":"2014-09-29T00:40:30+00:00","dateModified":"2016-11-02T23:49:09+00:00","mainEntityOfPage":{"@id":"https:\/\/www.ellikki.fi\/korut\/kokeilut\/korujen-matkassa-eurooppa\/"},"wordCount":503,"commentCount":0,"image":{"@id":"https:\/\/www.ellikki.fi\/korut\/kokeilut\/korujen-matkassa-eurooppa\/#primaryimage"},"thumbnailUrl":"https:\/\/www.ellikki.fi\/korut\/wp-content\/uploads\/2014\/09\/Eurooppa.jpg","keywords":["Eurooppa","korut","lasihelmet","murano"],"articleSection":["Kokeilut","Tietolaari"],"inLanguage":"fi","potentialAction":[{"@type":"CommentAction","name":"Comment","target":["https:\/\/www.ellikki.fi\/korut\/kokeilut\/korujen-matkassa-eurooppa\/#respond"]}]},{"@type":"WebPage","@id":"https:\/\/www.ellikki.fi\/korut\/kokeilut\/korujen-matkassa-eurooppa\/","url":"https:\/\/www.ellikki.fi\/korut\/kokeilut\/korujen-matkassa-eurooppa\/","name":"Korujen matkassa: Eurooppa - Ellikki.fi","isPartOf":{"@id":"https:\/\/www.ellikki.fi\/korut\/#website"},"primaryImageOfPage":{"@id":"https:\/\/www.ellikki.fi\/korut\/kokeilut\/korujen-matkassa-eurooppa\/#primaryimage"},"image":{"@id":"https:\/\/www.ellikki.fi\/korut\/kokeilut\/korujen-matkassa-eurooppa\/#primaryimage"},"thumbnailUrl":"https:\/\/www.ellikki.fi\/korut\/wp-content\/uploads\/2014\/09\/Eurooppa.jpg","datePublished":"2014-09-29T00:40:30+00:00","dateModified":"2016-11-02T23:49:09+00:00","author":{"@id":"https:\/\/www.ellikki.fi\/korut\/#\/schema\/person\/4100981f383f4e840417efe2a45a2e13"},"description":"Euroopalla on oma korutyylins\u00e4, joka kumpuaa historiasta ja heijastuu nykyp\u00e4iv\u00e4\u00e4n asti.","breadcrumb":{"@id":"https:\/\/www.ellikki.fi\/korut\/kokeilut\/korujen-matkassa-eurooppa\/#breadcrumb"},"inLanguage":"fi","potentialAction":[{"@type":"ReadAction","target":["https:\/\/www.ellikki.fi\/korut\/kokeilut\/korujen-matkassa-eurooppa\/"]}]},{"@type":"ImageObject","inLanguage":"fi","@id":"https:\/\/www.ellikki.fi\/korut\/kokeilut\/korujen-matkassa-eurooppa\/#primaryimage","url":"https:\/\/www.ellikki.fi\/korut\/wp-content\/uploads\/2014\/09\/Eurooppa.jpg","contentUrl":"https:\/\/www.ellikki.fi\/korut\/wp-content\/uploads\/2014\/09\/Eurooppa.jpg","width":755,"height":596,"caption":"Eurooppa"},{"@type":"BreadcrumbList","@id":"https:\/\/www.ellikki.fi\/korut\/kokeilut\/korujen-matkassa-eurooppa\/#breadcrumb","itemListElement":[{"@type":"ListItem","position":1,"name":"Ellikki.fi - Helmisuutari","item":"https:\/\/www.ellikki.fi\/korut\/"},{"@type":"ListItem","position":2,"name":"Korujen matkassa: Eurooppa"}]},{"@type":"WebSite","@id":"https:\/\/www.ellikki.fi\/korut\/#website","url":"https:\/\/www.ellikki.fi\/korut\/","name":"Ellikki.fi","description":"Helmisuutari","potentialAction":[{"@type":"SearchAction","target":{"@type":"EntryPoint","urlTemplate":"https:\/\/www.ellikki.fi\/korut\/?s={search_term_string}"},"query-input":{"@type":"PropertyValueSpecification","valueRequired":true,"valueName":"search_term_string"}}],"inLanguage":"fi"},{"@type":"Person","@id":"https:\/\/www.ellikki.fi\/korut\/#\/schema\/person\/4100981f383f4e840417efe2a45a2e13","name":"Ellikki","image":{"@type":"ImageObject","inLanguage":"fi","@id":"https:\/\/www.ellikki.fi\/korut\/#\/schema\/person\/image\/","url":"https:\/\/secure.gravatar.com\/avatar\/68459a81492a7fdb3d3e31353836619029f7a695895440f957f81143855d97ee?s=96&d=mm&r=g","contentUrl":"https:\/\/secure.gravatar.com\/avatar\/68459a81492a7fdb3d3e31353836619029f7a695895440f957f81143855d97ee?s=96&d=mm&r=g","caption":"Ellikki"},"description":"Loputtoman utelias hevostoimittaja, tarinanmets\u00e4st\u00e4j\u00e4 ja koruharrastaja, joka edelleen ihmettelee maailmaa ja koettaa aina silloin t\u00e4ll\u00f6in tehd\u00e4 jotain ensi kertaa el\u00e4m\u00e4ss\u00e4\u00e4n."}]}},"_links":{"self":[{"href":"https:\/\/www.ellikki.fi\/korut\/wp-json\/wp\/v2\/posts\/410","targetHints":{"allow":["GET"]}}],"collection":[{"href":"https:\/\/www.ellikki.fi\/korut\/wp-json\/wp\/v2\/posts"}],"about":[{"href":"https:\/\/www.ellikki.fi\/korut\/wp-json\/wp\/v2\/types\/post"}],"author":[{"embeddable":true,"href":"https:\/\/www.ellikki.fi\/korut\/wp-json\/wp\/v2\/users\/1"}],"replies":[{"embeddable":true,"href":"https:\/\/www.ellikki.fi\/korut\/wp-json\/wp\/v2\/comments?post=410"}],"version-history":[{"count":0,"href":"https:\/\/www.ellikki.fi\/korut\/wp-json\/wp\/v2\/posts\/410\/revisions"}],"wp:featuredmedia":[{"embeddable":true,"href":"https:\/\/www.ellikki.fi\/korut\/wp-json\/wp\/v2\/media\/411"}],"wp:attachment":[{"href":"https:\/\/www.ellikki.fi\/korut\/wp-json\/wp\/v2\/media?parent=410"}],"wp:term":[{"taxonomy":"category","embeddable":true,"href":"https:\/\/www.ellikki.fi\/korut\/wp-json\/wp\/v2\/categories?post=410"},{"taxonomy":"post_tag","embeddable":true,"href":"https:\/\/www.ellikki.fi\/korut\/wp-json\/wp\/v2\/tags?post=410"}],"curies":[{"name":"wp","href":"https:\/\/api.w.org\/{rel}","templated":true}]}}