{"id":495,"date":"2014-11-09T03:59:23","date_gmt":"2014-11-09T01:59:23","guid":{"rendered":"http:\/\/www.ellikki.fi\/korut\/?p=495"},"modified":"2016-11-03T01:49:08","modified_gmt":"2016-11-02T23:49:08","slug":"kadentaitajat-yllattivat-runsaudellaan","status":"publish","type":"post","link":"https:\/\/www.ellikki.fi\/korut\/puffiboksi\/kadentaitajat-yllattivat-runsaudellaan\/","title":{"rendered":"K\u00e4dentaitajat yll\u00e4ttiv\u00e4t runsaudellaan"},"content":{"rendered":"<p>Lauantaina k\u00e4vin k\u00e4dentaitomessuilla, ja oli ilahduttavaa, miten paljon k\u00e4dentaitoa yhteen halliin mahtuikaan. Pelk\u00e4sin pienemp\u00e4\u00e4 antia, sill\u00e4 edellisill\u00e4 k\u00e4ymill\u00e4ni k\u00e4dentaitomessuilla oli varsin v\u00e4h\u00e4inen n\u00e4ytteilleasettajakunta ja nekin v\u00e4h\u00e4t oli ajettu ep\u00e4suotuisaan paikkaan. Olin silloin pit\u00e4nyt korublogia puoli vuotta ja K\u00e4dentaidot-blogi valitsi minut kuukauden vierasbloggaajaksi. Sain siit\u00e4 hyv\u00e4st\u00e4 liput messuille, ja tarkoituksena oli silloin tehd\u00e4 siit\u00e4 kirjoitus, mutta ne olivat niin onnettomat, ett\u00e4 ei siit\u00e4 juttua syntynyt parhaalla tahdollakaan. Sen j\u00e4lkeen en ole k\u00e4ynyt pariin vuoteen n\u00e4ill\u00e4 messuilla, nyt bloggaajapassin innoittamana p\u00e4\u00e4tin l\u00e4hte\u00e4. Kun p\u00e4\u00e4see ilmaiseksi sis\u00e4\u00e4n, ei paljon h\u00e4vi\u00e4, mutta voi saada paljon. Ja t\u00e4ll\u00e4 kertaa koin todellakin saaneeni!<\/p>\n<div class=\"fusion-fullwidth fullwidth-box fusion-builder-row-1 hundred-percent-fullwidth non-hundred-percent-height-scrolling\" style=\"--awb-border-radius-top-left:0px;--awb-border-radius-top-right:0px;--awb-border-radius-bottom-right:0px;--awb-border-radius-bottom-left:0px;--awb-overflow:visible;--awb-flex-wrap:wrap;\" ><div class=\"fusion-builder-row fusion-row\"><div class=\"fusion-layout-column fusion_builder_column fusion-builder-column-0 fusion_builder_column_1_1 1_1 fusion-one-full fusion-column-first fusion-column-last fusion-column-no-min-height\" style=\"--awb-bg-size:cover;--awb-margin-bottom:0px;\"><div class=\"fusion-column-wrapper fusion-flex-column-wrapper-legacy\"><div id=\"attachment_498\" style=\"width: 1010px\" class=\"wp-caption aligncenter\"><a href=\"http:\/\/www.ellikki.fi\/korut\/wp-content\/uploads\/2014\/11\/Takomat\u00f6it\u00e4.jpg\"><img decoding=\"async\" aria-describedby=\"caption-attachment-498\" class=\"size-full wp-image-498\" src=\"http:\/\/www.ellikki.fi\/korut\/wp-content\/uploads\/2014\/11\/Takomat\u00f6it\u00e4.jpg\" alt=\"Takomat\u00f6it\u00e4\" width=\"1000\" height=\"667\" srcset=\"https:\/\/www.ellikki.fi\/korut\/wp-content\/uploads\/2014\/11\/Takomat\u00f6it\u00e4-200x133.jpg 200w, https:\/\/www.ellikki.fi\/korut\/wp-content\/uploads\/2014\/11\/Takomat\u00f6it\u00e4-300x200.jpg 300w, https:\/\/www.ellikki.fi\/korut\/wp-content\/uploads\/2014\/11\/Takomat\u00f6it\u00e4-400x267.jpg 400w, https:\/\/www.ellikki.fi\/korut\/wp-content\/uploads\/2014\/11\/Takomat\u00f6it\u00e4-600x400.jpg 600w, https:\/\/www.ellikki.fi\/korut\/wp-content\/uploads\/2014\/11\/Takomat\u00f6it\u00e4-768x512.jpg 768w, https:\/\/www.ellikki.fi\/korut\/wp-content\/uploads\/2014\/11\/Takomat\u00f6it\u00e4-800x534.jpg 800w, https:\/\/www.ellikki.fi\/korut\/wp-content\/uploads\/2014\/11\/Takomat\u00f6it\u00e4.jpg 1000w\" sizes=\"(max-width: 1000px) 100vw, 1000px\" \/><\/a><p id=\"caption-attachment-498\" class=\"wp-caption-text\">K\u00e4dentaito on k\u00e4dentaitoa, vaikka ahjossa paistaisi.<\/p><\/div>\n<div class=\"fusion-clearfix\"><\/div><\/div><\/div><div class=\"fusion-layout-column fusion_builder_column fusion-builder-column-1 fusion_builder_column_1_1 1_1 fusion-one-full fusion-column-first fusion-column-last fusion-column-no-min-height\" style=\"--awb-bg-size:cover;--awb-margin-bottom:0px;\"><div class=\"fusion-column-wrapper fusion-flex-column-wrapper-legacy\"><div id=\"attachment_499\" style=\"width: 1010px\" class=\"wp-caption aligncenter\"><a href=\"http:\/\/www.ellikki.fi\/korut\/wp-content\/uploads\/2014\/11\/Lasiriipuksia.jpg\"><img decoding=\"async\" aria-describedby=\"caption-attachment-499\" class=\"size-full wp-image-499\" src=\"http:\/\/www.ellikki.fi\/korut\/wp-content\/uploads\/2014\/11\/Lasiriipuksia.jpg\" alt=\"Lasiriipuksia\" width=\"1000\" height=\"667\" srcset=\"https:\/\/www.ellikki.fi\/korut\/wp-content\/uploads\/2014\/11\/Lasiriipuksia-200x133.jpg 200w, https:\/\/www.ellikki.fi\/korut\/wp-content\/uploads\/2014\/11\/Lasiriipuksia-300x200.jpg 300w, https:\/\/www.ellikki.fi\/korut\/wp-content\/uploads\/2014\/11\/Lasiriipuksia-400x267.jpg 400w, https:\/\/www.ellikki.fi\/korut\/wp-content\/uploads\/2014\/11\/Lasiriipuksia-600x400.jpg 600w, https:\/\/www.ellikki.fi\/korut\/wp-content\/uploads\/2014\/11\/Lasiriipuksia-768x512.jpg 768w, https:\/\/www.ellikki.fi\/korut\/wp-content\/uploads\/2014\/11\/Lasiriipuksia-800x534.jpg 800w, https:\/\/www.ellikki.fi\/korut\/wp-content\/uploads\/2014\/11\/Lasiriipuksia.jpg 1000w\" sizes=\"(max-width: 1000px) 100vw, 1000px\" \/><\/a><p id=\"caption-attachment-499\" class=\"wp-caption-text\">Lasinty\u00f6st\u00e4j\u00e4 sulattaa lasiin kiinni v\u00e4rej\u00e4 ja saa niist\u00e4 riipuksia.<\/p><\/div>\n<div class=\"fusion-clearfix\"><\/div><\/div><\/div><div class=\"fusion-layout-column fusion_builder_column fusion-builder-column-2 fusion_builder_column_1_1 1_1 fusion-one-full fusion-column-first fusion-column-last fusion-column-no-min-height\" style=\"--awb-bg-size:cover;--awb-margin-bottom:0px;\"><div class=\"fusion-column-wrapper fusion-flex-column-wrapper-legacy\"><div id=\"attachment_500\" style=\"width: 1010px\" class=\"wp-caption aligncenter\"><a href=\"http:\/\/www.ellikki.fi\/korut\/wp-content\/uploads\/2014\/11\/Hyv\u00e4n-mielen-koruja.jpg\"><img decoding=\"async\" aria-describedby=\"caption-attachment-500\" class=\"size-full wp-image-500\" src=\"http:\/\/www.ellikki.fi\/korut\/wp-content\/uploads\/2014\/11\/Hyv\u00e4n-mielen-koruja.jpg\" alt=\"Hyv\u00e4n mielen koruja\" width=\"1000\" height=\"667\" srcset=\"https:\/\/www.ellikki.fi\/korut\/wp-content\/uploads\/2014\/11\/Hyv\u00e4n-mielen-koruja-200x133.jpg 200w, https:\/\/www.ellikki.fi\/korut\/wp-content\/uploads\/2014\/11\/Hyv\u00e4n-mielen-koruja-300x200.jpg 300w, https:\/\/www.ellikki.fi\/korut\/wp-content\/uploads\/2014\/11\/Hyv\u00e4n-mielen-koruja-400x267.jpg 400w, https:\/\/www.ellikki.fi\/korut\/wp-content\/uploads\/2014\/11\/Hyv\u00e4n-mielen-koruja-600x400.jpg 600w, https:\/\/www.ellikki.fi\/korut\/wp-content\/uploads\/2014\/11\/Hyv\u00e4n-mielen-koruja-768x512.jpg 768w, https:\/\/www.ellikki.fi\/korut\/wp-content\/uploads\/2014\/11\/Hyv\u00e4n-mielen-koruja-800x534.jpg 800w, https:\/\/www.ellikki.fi\/korut\/wp-content\/uploads\/2014\/11\/Hyv\u00e4n-mielen-koruja.jpg 1000w\" sizes=\"(max-width: 1000px) 100vw, 1000px\" \/><\/a><p id=\"caption-attachment-500\" class=\"wp-caption-text\">K\u00e4dentaito ei katso ihonv\u00e4ri\u00e4. Afrikkalaisnaisten tekemist\u00e4 koruista saa v\u00e4riterapiaa ja hyv\u00e4n mielen.<\/p><\/div>\n<p>Messuilla oli n\u00e4ht\u00e4vill\u00e4 toinen toistaan hienompia k\u00e4dentaidon tuotteita. Oli tiffanyt\u00f6it\u00e4, koruja vaikka mist\u00e4 materiaalista kuten nahasta, puusta ja keramiikasta, takorautat\u00f6it\u00e4, marsipaaniel\u00e4imi\u00e4 ja pitsinnypl\u00e4yst\u00e4. K\u00e4dentaitomessujen yhteydess\u00e4 palkitaan aina k\u00e4dentaitaja, t\u00e4ll\u00e4 kertaa palkinnon vei Tarmo Thorstr\u00f6m, joka messuilla esitteli pitsist\u00e4 tehtyj\u00e4 korvakoruja ja heijastinta. Mies asuu Raumalla, kuinkas muuten, ja on harrastanut raumalaisten merimiesten aikoinaan aloittamaa nypl\u00e4yst\u00e4 yhdeks\u00e4n vuotta. Jos k\u00e4yt Raumalla, saatat tulla pitsi-Jopon yll\u00e4tt\u00e4m\u00e4ksi, ja kuski Thorstr\u00f6m yllytt\u00e4\u00e4 sinua nypl\u00e4\u00e4m\u00e4\u00e4n p\u00e4tk\u00e4n pitsinauhaa.<\/p>\n<div class=\"fusion-clearfix\"><\/div><\/div><\/div><div class=\"fusion-layout-column fusion_builder_column fusion-builder-column-3 fusion_builder_column_1_1 1_1 fusion-one-full fusion-column-first fusion-column-last fusion-column-no-min-height\" style=\"--awb-bg-size:cover;--awb-margin-bottom:0px;\"><div class=\"fusion-column-wrapper fusion-flex-column-wrapper-legacy\"><div id=\"attachment_501\" style=\"width: 1010px\" class=\"wp-caption aligncenter\"><a href=\"http:\/\/www.ellikki.fi\/korut\/wp-content\/uploads\/2014\/11\/Pitsiheijastin.jpg\"><img decoding=\"async\" aria-describedby=\"caption-attachment-501\" class=\"size-full wp-image-501\" src=\"http:\/\/www.ellikki.fi\/korut\/wp-content\/uploads\/2014\/11\/Pitsiheijastin.jpg\" alt=\"Pitsiheijastin\" width=\"1000\" height=\"667\" srcset=\"https:\/\/www.ellikki.fi\/korut\/wp-content\/uploads\/2014\/11\/Pitsiheijastin-200x133.jpg 200w, https:\/\/www.ellikki.fi\/korut\/wp-content\/uploads\/2014\/11\/Pitsiheijastin-300x200.jpg 300w, https:\/\/www.ellikki.fi\/korut\/wp-content\/uploads\/2014\/11\/Pitsiheijastin-400x267.jpg 400w, https:\/\/www.ellikki.fi\/korut\/wp-content\/uploads\/2014\/11\/Pitsiheijastin-600x400.jpg 600w, https:\/\/www.ellikki.fi\/korut\/wp-content\/uploads\/2014\/11\/Pitsiheijastin-768x512.jpg 768w, https:\/\/www.ellikki.fi\/korut\/wp-content\/uploads\/2014\/11\/Pitsiheijastin-800x534.jpg 800w, https:\/\/www.ellikki.fi\/korut\/wp-content\/uploads\/2014\/11\/Pitsiheijastin.jpg 1000w\" sizes=\"(max-width: 1000px) 100vw, 1000px\" \/><\/a><p id=\"caption-attachment-501\" class=\"wp-caption-text\">Pitsi\u00e4 heijastinlangasta. K\u00e4yt\u00e4nn\u00f6llist\u00e4!<\/p><\/div>\n<div class=\"fusion-clearfix\"><\/div><\/div><\/div><div class=\"fusion-layout-column fusion_builder_column fusion-builder-column-4 fusion_builder_column_1_1 1_1 fusion-one-full fusion-column-first fusion-column-last fusion-column-no-min-height\" style=\"--awb-bg-size:cover;--awb-margin-bottom:0px;\"><div class=\"fusion-column-wrapper fusion-flex-column-wrapper-legacy\"><div id=\"attachment_502\" style=\"width: 1010px\" class=\"wp-caption aligncenter\"><a href=\"http:\/\/www.ellikki.fi\/korut\/wp-content\/uploads\/2014\/11\/Pitsikorvikset.jpg\"><img decoding=\"async\" aria-describedby=\"caption-attachment-502\" class=\"size-full wp-image-502\" src=\"http:\/\/www.ellikki.fi\/korut\/wp-content\/uploads\/2014\/11\/Pitsikorvikset.jpg\" alt=\"Pitsikorvikset\" width=\"1000\" height=\"667\" srcset=\"https:\/\/www.ellikki.fi\/korut\/wp-content\/uploads\/2014\/11\/Pitsikorvikset-200x133.jpg 200w, https:\/\/www.ellikki.fi\/korut\/wp-content\/uploads\/2014\/11\/Pitsikorvikset-300x200.jpg 300w, https:\/\/www.ellikki.fi\/korut\/wp-content\/uploads\/2014\/11\/Pitsikorvikset-400x267.jpg 400w, https:\/\/www.ellikki.fi\/korut\/wp-content\/uploads\/2014\/11\/Pitsikorvikset-600x400.jpg 600w, https:\/\/www.ellikki.fi\/korut\/wp-content\/uploads\/2014\/11\/Pitsikorvikset-768x512.jpg 768w, https:\/\/www.ellikki.fi\/korut\/wp-content\/uploads\/2014\/11\/Pitsikorvikset-800x534.jpg 800w, https:\/\/www.ellikki.fi\/korut\/wp-content\/uploads\/2014\/11\/Pitsikorvikset.jpg 1000w\" sizes=\"(max-width: 1000px) 100vw, 1000px\" \/><\/a><p id=\"caption-attachment-502\" class=\"wp-caption-text\">Pitsi taipuu my\u00f6s kala-aiheisiksi korvakoruiksi.<\/p><\/div>\n<p>Bloggaajapassilaiset otettiin mukavan suopeasti vastaan ainakin koruosastolla. Katsellessani ymp\u00e4rille vaihdoin usein pari sanaa jollakin osastolla ja etenkin k\u00e4sity\u00f6osastoilla kysyttiin, mink\u00e4 lajin blogia pid\u00e4n. Kun toinen kuuli, ett\u00e4 kyseess\u00e4 on korublogi, vastaanotto oli ilahduttavan my\u00f6nteinen. Er\u00e4\u00e4ss\u00e4 paikassa esitettiin jopa ehdotus tulevasta yhteisty\u00f6st\u00e4.<\/p>\n<p>Teollisempia innovaatioita tuli vastaan muilla osastoilla.<\/p>\n<div class=\"fusion-clearfix\"><\/div><\/div><\/div><div class=\"fusion-layout-column fusion_builder_column fusion-builder-column-5 fusion_builder_column_1_1 1_1 fusion-one-full fusion-column-first fusion-column-last fusion-column-no-min-height\" style=\"--awb-bg-size:cover;--awb-margin-bottom:0px;\"><div class=\"fusion-column-wrapper fusion-flex-column-wrapper-legacy\"><div id=\"attachment_503\" style=\"width: 1010px\" class=\"wp-caption aligncenter\"><a href=\"http:\/\/www.ellikki.fi\/korut\/wp-content\/uploads\/2014\/11\/Puukenki\u00e4.jpg\"><img decoding=\"async\" aria-describedby=\"caption-attachment-503\" class=\"size-full wp-image-503\" src=\"http:\/\/www.ellikki.fi\/korut\/wp-content\/uploads\/2014\/11\/Puukenki\u00e4.jpg\" alt=\"Puukenki\u00e4\" width=\"1000\" height=\"667\" srcset=\"https:\/\/www.ellikki.fi\/korut\/wp-content\/uploads\/2014\/11\/Puukenki\u00e4-200x133.jpg 200w, https:\/\/www.ellikki.fi\/korut\/wp-content\/uploads\/2014\/11\/Puukenki\u00e4-300x200.jpg 300w, https:\/\/www.ellikki.fi\/korut\/wp-content\/uploads\/2014\/11\/Puukenki\u00e4-400x267.jpg 400w, https:\/\/www.ellikki.fi\/korut\/wp-content\/uploads\/2014\/11\/Puukenki\u00e4-600x400.jpg 600w, https:\/\/www.ellikki.fi\/korut\/wp-content\/uploads\/2014\/11\/Puukenki\u00e4-768x512.jpg 768w, https:\/\/www.ellikki.fi\/korut\/wp-content\/uploads\/2014\/11\/Puukenki\u00e4-800x534.jpg 800w, https:\/\/www.ellikki.fi\/korut\/wp-content\/uploads\/2014\/11\/Puukenki\u00e4.jpg 1000w\" sizes=\"(max-width: 1000px) 100vw, 1000px\" \/><\/a><p id=\"caption-attachment-503\" class=\"wp-caption-text\">Puukenk\u00e4kin osaa olla siro.<\/p><\/div>\n<p>&nbsp;<\/p>\n<div class=\"fusion-clearfix\"><\/div><\/div><\/div><div class=\"fusion-layout-column fusion_builder_column fusion-builder-column-6 fusion_builder_column_1_1 1_1 fusion-one-full fusion-column-first fusion-column-last fusion-column-no-min-height\" style=\"--awb-bg-size:cover;--awb-margin-bottom:0px;\"><div class=\"fusion-column-wrapper fusion-flex-column-wrapper-legacy\"><div id=\"attachment_504\" style=\"width: 677px\" class=\"wp-caption aligncenter\"><a href=\"http:\/\/www.ellikki.fi\/korut\/wp-content\/uploads\/2014\/11\/Iso-saapas.jpg\"><img decoding=\"async\" aria-describedby=\"caption-attachment-504\" class=\"size-full wp-image-504\" src=\"http:\/\/www.ellikki.fi\/korut\/wp-content\/uploads\/2014\/11\/Iso-saapas.jpg\" alt=\"Iso saapas\" width=\"667\" height=\"1000\" srcset=\"https:\/\/www.ellikki.fi\/korut\/wp-content\/uploads\/2014\/11\/Iso-saapas-200x300.jpg 200w, https:\/\/www.ellikki.fi\/korut\/wp-content\/uploads\/2014\/11\/Iso-saapas-400x600.jpg 400w, https:\/\/www.ellikki.fi\/korut\/wp-content\/uploads\/2014\/11\/Iso-saapas-600x900.jpg 600w, https:\/\/www.ellikki.fi\/korut\/wp-content\/uploads\/2014\/11\/Iso-saapas.jpg 667w\" sizes=\"(max-width: 667px) 100vw, 667px\" \/><\/a><p id=\"caption-attachment-504\" class=\"wp-caption-text\">Joskus puhutaan suurista saappaista, mutta t\u00e4m\u00e4n koko on ainakin 150. Jokunen lapsi k\u00e4vi mittaamassa, ylt\u00e4\u00e4k\u00f6 nen\u00e4 saappaan yl\u00e4puolelle.<\/p><\/div>\n<p>&nbsp;<\/p>\n<div class=\"fusion-clearfix\"><\/div><\/div><\/div><div class=\"fusion-layout-column fusion_builder_column fusion-builder-column-7 fusion_builder_column_1_1 1_1 fusion-one-full fusion-column-first fusion-column-last fusion-column-no-min-height\" style=\"--awb-bg-size:cover;--awb-margin-bottom:0px;\"><div class=\"fusion-column-wrapper fusion-flex-column-wrapper-legacy\"><div id=\"attachment_505\" style=\"width: 677px\" class=\"wp-caption aligncenter\"><a href=\"http:\/\/www.ellikki.fi\/korut\/wp-content\/uploads\/2014\/11\/Italian-herkkuja.jpg\"><img decoding=\"async\" aria-describedby=\"caption-attachment-505\" class=\"size-full wp-image-505\" src=\"http:\/\/www.ellikki.fi\/korut\/wp-content\/uploads\/2014\/11\/Italian-herkkuja.jpg\" alt=\"Italian herkkuja\" width=\"667\" height=\"1000\" srcset=\"https:\/\/www.ellikki.fi\/korut\/wp-content\/uploads\/2014\/11\/Italian-herkkuja-200x300.jpg 200w, https:\/\/www.ellikki.fi\/korut\/wp-content\/uploads\/2014\/11\/Italian-herkkuja-400x600.jpg 400w, https:\/\/www.ellikki.fi\/korut\/wp-content\/uploads\/2014\/11\/Italian-herkkuja-600x900.jpg 600w, https:\/\/www.ellikki.fi\/korut\/wp-content\/uploads\/2014\/11\/Italian-herkkuja.jpg 667w\" sizes=\"(max-width: 667px) 100vw, 667px\" \/><\/a><p id=\"caption-attachment-505\" class=\"wp-caption-text\">Ruokapuolella maistatettiin jos jonkinlaista herkkua.<\/p><\/div>\n<p>&nbsp;<\/p>\n<div class=\"fusion-clearfix\"><\/div><\/div><\/div><div class=\"fusion-layout-column fusion_builder_column fusion-builder-column-8 fusion_builder_column_1_1 1_1 fusion-one-full fusion-column-first fusion-column-last fusion-column-no-min-height\" style=\"--awb-bg-size:cover;--awb-margin-bottom:0px;\"><div class=\"fusion-column-wrapper fusion-flex-column-wrapper-legacy\"><div id=\"attachment_506\" style=\"width: 677px\" class=\"wp-caption aligncenter\"><a href=\"http:\/\/www.ellikki.fi\/korut\/wp-content\/uploads\/2014\/11\/Oliivit-riviss\u00e4.jpg\"><img decoding=\"async\" aria-describedby=\"caption-attachment-506\" class=\"size-full wp-image-506\" src=\"http:\/\/www.ellikki.fi\/korut\/wp-content\/uploads\/2014\/11\/Oliivit-riviss\u00e4.jpg\" alt=\"Oliivit riviss\u00e4\" width=\"667\" height=\"1000\" srcset=\"https:\/\/www.ellikki.fi\/korut\/wp-content\/uploads\/2014\/11\/Oliivit-riviss\u00e4-200x300.jpg 200w, https:\/\/www.ellikki.fi\/korut\/wp-content\/uploads\/2014\/11\/Oliivit-riviss\u00e4-400x600.jpg 400w, https:\/\/www.ellikki.fi\/korut\/wp-content\/uploads\/2014\/11\/Oliivit-riviss\u00e4-600x900.jpg 600w, https:\/\/www.ellikki.fi\/korut\/wp-content\/uploads\/2014\/11\/Oliivit-riviss\u00e4.jpg 667w\" sizes=\"(max-width: 667px) 100vw, 667px\" \/><\/a><p id=\"caption-attachment-506\" class=\"wp-caption-text\">Oliivimakuja riitti t\u00e4ll\u00e4 p\u00f6yd\u00e4ll\u00e4.<\/p><\/div>\n<p>&nbsp;<\/p>\n<div class=\"fusion-clearfix\"><\/div><\/div><\/div><div class=\"fusion-layout-column fusion_builder_column fusion-builder-column-9 fusion_builder_column_1_1 1_1 fusion-one-full fusion-column-first fusion-column-last fusion-column-no-min-height\" style=\"--awb-bg-size:cover;--awb-margin-bottom:0px;\"><div class=\"fusion-column-wrapper fusion-flex-column-wrapper-legacy\"><div id=\"attachment_507\" style=\"width: 1010px\" class=\"wp-caption aligncenter\"><a href=\"http:\/\/www.ellikki.fi\/korut\/wp-content\/uploads\/2014\/11\/Pulloja.jpg\"><img decoding=\"async\" aria-describedby=\"caption-attachment-507\" class=\"size-full wp-image-507\" src=\"http:\/\/www.ellikki.fi\/korut\/wp-content\/uploads\/2014\/11\/Pulloja.jpg\" alt=\"Pulloja\" width=\"1000\" height=\"667\" srcset=\"https:\/\/www.ellikki.fi\/korut\/wp-content\/uploads\/2014\/11\/Pulloja-200x133.jpg 200w, https:\/\/www.ellikki.fi\/korut\/wp-content\/uploads\/2014\/11\/Pulloja-300x200.jpg 300w, https:\/\/www.ellikki.fi\/korut\/wp-content\/uploads\/2014\/11\/Pulloja-400x267.jpg 400w, https:\/\/www.ellikki.fi\/korut\/wp-content\/uploads\/2014\/11\/Pulloja-600x400.jpg 600w, https:\/\/www.ellikki.fi\/korut\/wp-content\/uploads\/2014\/11\/Pulloja-768x512.jpg 768w, https:\/\/www.ellikki.fi\/korut\/wp-content\/uploads\/2014\/11\/Pulloja-800x534.jpg 800w, https:\/\/www.ellikki.fi\/korut\/wp-content\/uploads\/2014\/11\/Pulloja.jpg 1000w\" sizes=\"(max-width: 1000px) 100vw, 1000px\" \/><\/a><p id=\"caption-attachment-507\" class=\"wp-caption-text\">Herkut ja k\u00e4dentaidot voi yhdist\u00e4\u00e4. Pulloja pusseissa, joita arvelen k\u00e4sity\u00f6ksi.<\/p><\/div>\n<p>Niin, ja se Kymenlaakso oli mukana my\u00f6s. Maakunnalla oli suurin yksitt\u00e4inen osasto, moni alueen yritys oli koonnut voimansa yhteisosastoon, mutta rehellisesti sanoen heid\u00e4n osastonsa oli hieman tyls\u00e4 verrattuna ymp\u00e4rill\u00e4 n\u00e4kyv\u00e4\u00e4n v\u00e4ri-ilotteluun.<\/p>\n<p>Kertakaikkisen mukava p\u00e4iv\u00e4, oli tosiaan helmi\u00e4, hevosia ja vaikka mit\u00e4. Hevosblogin puolelta l\u00f6yd\u00e4t<a href=\"http:\/\/www.ellikki.fi\/hevoset\/puffiboksi\/elaimia-ja-elamaa-elma-messuilla\/\"><strong> jutun<\/strong><\/a> siit\u00e4, mit\u00e4 muuta messup\u00e4iv\u00e4 tarjosi.<\/p>\n<div class=\"fusion-clearfix\"><\/div><\/div><\/div><div class=\"fusion-layout-column fusion_builder_column fusion-builder-column-10 fusion_builder_column_1_1 1_1 fusion-one-full fusion-column-first fusion-column-last fusion-column-no-min-height\" style=\"--awb-bg-size:cover;--awb-margin-bottom:0px;\"><div class=\"fusion-column-wrapper fusion-flex-column-wrapper-legacy\"><div id=\"attachment_508\" style=\"width: 1010px\" class=\"wp-caption aligncenter\"><a href=\"http:\/\/www.ellikki.fi\/korut\/wp-content\/uploads\/2014\/11\/Lemmikkien-k\u00e4\u00e4tyj\u00e4.jpg\"><img decoding=\"async\" aria-describedby=\"caption-attachment-508\" class=\"size-full wp-image-508\" src=\"http:\/\/www.ellikki.fi\/korut\/wp-content\/uploads\/2014\/11\/Lemmikkien-k\u00e4\u00e4tyj\u00e4.jpg\" alt=\"Lemmikkien k\u00e4\u00e4tyj\u00e4\" width=\"1000\" height=\"696\" srcset=\"https:\/\/www.ellikki.fi\/korut\/wp-content\/uploads\/2014\/11\/Lemmikkien-k\u00e4\u00e4tyj\u00e4-200x139.jpg 200w, https:\/\/www.ellikki.fi\/korut\/wp-content\/uploads\/2014\/11\/Lemmikkien-k\u00e4\u00e4tyj\u00e4-300x209.jpg 300w, https:\/\/www.ellikki.fi\/korut\/wp-content\/uploads\/2014\/11\/Lemmikkien-k\u00e4\u00e4tyj\u00e4-400x278.jpg 400w, https:\/\/www.ellikki.fi\/korut\/wp-content\/uploads\/2014\/11\/Lemmikkien-k\u00e4\u00e4tyj\u00e4-600x418.jpg 600w, https:\/\/www.ellikki.fi\/korut\/wp-content\/uploads\/2014\/11\/Lemmikkien-k\u00e4\u00e4tyj\u00e4-768x535.jpg 768w, https:\/\/www.ellikki.fi\/korut\/wp-content\/uploads\/2014\/11\/Lemmikkien-k\u00e4\u00e4tyj\u00e4-800x557.jpg 800w, https:\/\/www.ellikki.fi\/korut\/wp-content\/uploads\/2014\/11\/Lemmikkien-k\u00e4\u00e4tyj\u00e4.jpg 1000w\" sizes=\"(max-width: 1000px) 100vw, 1000px\" \/><\/a><p id=\"caption-attachment-508\" class=\"wp-caption-text\">Kimalletta riitti my\u00f6s lemmikkiosastolla, kuten n\u00e4m\u00e4 ketjut osoittavat. Pit\u00e4\u00e4h\u00e4n lemmikill\u00e4 olla koruja jos omistajallakin on!<\/p><\/div>\n<div class=\"fusion-clearfix\"><\/div><\/div><\/div><div class=\"fusion-layout-column fusion_builder_column fusion-builder-column-11 fusion_builder_column_1_1 1_1 fusion-one-full fusion-column-first fusion-column-last fusion-column-no-min-height\" style=\"--awb-bg-size:cover;--awb-margin-bottom:0px;\"><div class=\"fusion-column-wrapper fusion-flex-column-wrapper-legacy\"><div id=\"attachment_509\" style=\"width: 1010px\" class=\"wp-caption aligncenter\"><a href=\"http:\/\/www.ellikki.fi\/korut\/wp-content\/uploads\/2014\/11\/Hurjasteleva-nalle.jpg\"><img decoding=\"async\" aria-describedby=\"caption-attachment-509\" class=\"size-full wp-image-509\" src=\"http:\/\/www.ellikki.fi\/korut\/wp-content\/uploads\/2014\/11\/Hurjasteleva-nalle.jpg\" alt=\"Hurjasteleva nalle\" width=\"1000\" height=\"667\" srcset=\"https:\/\/www.ellikki.fi\/korut\/wp-content\/uploads\/2014\/11\/Hurjasteleva-nalle-200x133.jpg 200w, https:\/\/www.ellikki.fi\/korut\/wp-content\/uploads\/2014\/11\/Hurjasteleva-nalle-300x200.jpg 300w, https:\/\/www.ellikki.fi\/korut\/wp-content\/uploads\/2014\/11\/Hurjasteleva-nalle-400x267.jpg 400w, https:\/\/www.ellikki.fi\/korut\/wp-content\/uploads\/2014\/11\/Hurjasteleva-nalle-600x400.jpg 600w, https:\/\/www.ellikki.fi\/korut\/wp-content\/uploads\/2014\/11\/Hurjasteleva-nalle-768x512.jpg 768w, https:\/\/www.ellikki.fi\/korut\/wp-content\/uploads\/2014\/11\/Hurjasteleva-nalle-800x534.jpg 800w, https:\/\/www.ellikki.fi\/korut\/wp-content\/uploads\/2014\/11\/Hurjasteleva-nalle.jpg 1000w\" sizes=\"(max-width: 1000px) 100vw, 1000px\" \/><\/a><p id=\"caption-attachment-509\" class=\"wp-caption-text\">T\u00e4m\u00e4 hurjasteleva p\u00f6rr\u00f6turkki oli l\u00f6yt\u00e4nyt ekourheiluauton, joka koostuu sellusta, puusta ja muovista. Ei ihan jalat yll\u00e4 polkimiin.<\/p><\/div><div class=\"fusion-clearfix\"><\/div><\/div><\/div><\/div><\/div>\n","protected":false},"excerpt":{"rendered":"<p>Lauantaina k\u00e4vin k\u00e4dentaitomessuilla, ja oli ilahduttavaa, miten paljon k\u00e4dentaitoa yhteen halliin mahtuikaan. Pelk\u00e4sin pienemp\u00e4\u00e4 antia, sill\u00e4 edellisill\u00e4 k\u00e4ymill\u00e4ni k\u00e4dentaitomessuilla oli varsin v\u00e4h\u00e4inen n\u00e4ytteilleasettajakunta ja nekin v\u00e4h\u00e4t oli ajettu ep\u00e4suotuisaan paikkaan. Olin silloin pit\u00e4nyt korublogia puoli  [&#8230;]<\/p>\n","protected":false},"author":1,"featured_media":497,"comment_status":"open","ping_status":"open","sticky":false,"template":"","format":"standard","meta":{"footnotes":""},"categories":[8],"tags":[94,96,95],"class_list":["post-495","post","type-post","status-publish","format-standard","has-post-thumbnail","hentry","category-puffiboksi","tag-kadentaitomessut","tag-meidan-viikonloppu-2014","tag-messukeskus"],"yoast_head":"<!-- This site is optimized with the Yoast SEO plugin v27.1.1 - https:\/\/yoast.com\/product\/yoast-seo-wordpress\/ -->\n<title>K\u00e4dentaitajat yll\u00e4ttiv\u00e4t runsaudellaan - Ellikki.fi<\/title>\n<meta name=\"description\" content=\"Messuilla kannatti ehdottomasti k\u00e4yd\u00e4. Marraskuinen lauantai voi olla t\u00e4ynn\u00e4 kimalletta.\" \/>\n<meta name=\"robots\" content=\"index, follow, max-snippet:-1, max-image-preview:large, max-video-preview:-1\" \/>\n<link rel=\"canonical\" href=\"https:\/\/www.ellikki.fi\/korut\/puffiboksi\/kadentaitajat-yllattivat-runsaudellaan\/\" \/>\n<meta property=\"og:locale\" content=\"fi_FI\" \/>\n<meta property=\"og:type\" content=\"article\" \/>\n<meta property=\"og:title\" content=\"K\u00e4dentaitajat yll\u00e4ttiv\u00e4t runsaudellaan - Ellikki.fi\" \/>\n<meta property=\"og:description\" content=\"Messuilla kannatti ehdottomasti k\u00e4yd\u00e4. Marraskuinen lauantai voi olla t\u00e4ynn\u00e4 kimalletta.\" \/>\n<meta property=\"og:url\" content=\"https:\/\/www.ellikki.fi\/korut\/puffiboksi\/kadentaitajat-yllattivat-runsaudellaan\/\" \/>\n<meta property=\"og:site_name\" content=\"Ellikki.fi\" \/>\n<meta property=\"article:publisher\" content=\"https:\/\/www.facebook.com\/ellikki\" \/>\n<meta property=\"article:published_time\" content=\"2014-11-09T01:59:23+00:00\" \/>\n<meta property=\"article:modified_time\" content=\"2016-11-02T23:49:08+00:00\" \/>\n<meta property=\"og:image\" content=\"https:\/\/www.ellikki.fi\/korut\/wp-content\/uploads\/2014\/11\/DSC0046_1643.jpg\" \/>\n\t<meta property=\"og:image:width\" content=\"667\" \/>\n\t<meta property=\"og:image:height\" content=\"1000\" \/>\n\t<meta property=\"og:image:type\" content=\"image\/jpeg\" \/>\n<meta name=\"author\" content=\"Ellikki\" \/>\n<meta name=\"twitter:card\" content=\"summary_large_image\" \/>\n<meta name=\"twitter:creator\" content=\"@eltalvio\" \/>\n<meta name=\"twitter:site\" content=\"@eltalvio\" \/>\n<meta name=\"twitter:label1\" content=\"Kirjoittanut\" \/>\n\t<meta name=\"twitter:data1\" content=\"Ellikki\" \/>\n\t<meta name=\"twitter:label2\" content=\"Arvioitu lukuaika\" \/>\n\t<meta name=\"twitter:data2\" content=\"6 minuuttia\" \/>\n<script type=\"application\/ld+json\" class=\"yoast-schema-graph\">{\"@context\":\"https:\/\/schema.org\",\"@graph\":[{\"@type\":\"Article\",\"@id\":\"https:\/\/www.ellikki.fi\/korut\/puffiboksi\/kadentaitajat-yllattivat-runsaudellaan\/#article\",\"isPartOf\":{\"@id\":\"https:\/\/www.ellikki.fi\/korut\/puffiboksi\/kadentaitajat-yllattivat-runsaudellaan\/\"},\"author\":{\"name\":\"Ellikki\",\"@id\":\"https:\/\/www.ellikki.fi\/korut\/#\/schema\/person\/4100981f383f4e840417efe2a45a2e13\"},\"headline\":\"K\u00e4dentaitajat yll\u00e4ttiv\u00e4t runsaudellaan\",\"datePublished\":\"2014-11-09T01:59:23+00:00\",\"dateModified\":\"2016-11-02T23:49:08+00:00\",\"mainEntityOfPage\":{\"@id\":\"https:\/\/www.ellikki.fi\/korut\/puffiboksi\/kadentaitajat-yllattivat-runsaudellaan\/\"},\"wordCount\":1219,\"commentCount\":2,\"image\":{\"@id\":\"https:\/\/www.ellikki.fi\/korut\/puffiboksi\/kadentaitajat-yllattivat-runsaudellaan\/#primaryimage\"},\"thumbnailUrl\":\"https:\/\/www.ellikki.fi\/korut\/wp-content\/uploads\/2014\/11\/DSC0046_1643.jpg\",\"keywords\":[\"k\u00e4dentaitomessut\",\"Meid\u00e4n viikonloppu 2014\",\"Messukeskus\"],\"articleSection\":[\"Puffiboksi\"],\"inLanguage\":\"fi\",\"potentialAction\":[{\"@type\":\"CommentAction\",\"name\":\"Comment\",\"target\":[\"https:\/\/www.ellikki.fi\/korut\/puffiboksi\/kadentaitajat-yllattivat-runsaudellaan\/#respond\"]}]},{\"@type\":\"WebPage\",\"@id\":\"https:\/\/www.ellikki.fi\/korut\/puffiboksi\/kadentaitajat-yllattivat-runsaudellaan\/\",\"url\":\"https:\/\/www.ellikki.fi\/korut\/puffiboksi\/kadentaitajat-yllattivat-runsaudellaan\/\",\"name\":\"K\u00e4dentaitajat yll\u00e4ttiv\u00e4t runsaudellaan - Ellikki.fi\",\"isPartOf\":{\"@id\":\"https:\/\/www.ellikki.fi\/korut\/#website\"},\"primaryImageOfPage\":{\"@id\":\"https:\/\/www.ellikki.fi\/korut\/puffiboksi\/kadentaitajat-yllattivat-runsaudellaan\/#primaryimage\"},\"image\":{\"@id\":\"https:\/\/www.ellikki.fi\/korut\/puffiboksi\/kadentaitajat-yllattivat-runsaudellaan\/#primaryimage\"},\"thumbnailUrl\":\"https:\/\/www.ellikki.fi\/korut\/wp-content\/uploads\/2014\/11\/DSC0046_1643.jpg\",\"datePublished\":\"2014-11-09T01:59:23+00:00\",\"dateModified\":\"2016-11-02T23:49:08+00:00\",\"author\":{\"@id\":\"https:\/\/www.ellikki.fi\/korut\/#\/schema\/person\/4100981f383f4e840417efe2a45a2e13\"},\"description\":\"Messuilla kannatti ehdottomasti k\u00e4yd\u00e4. Marraskuinen lauantai voi olla t\u00e4ynn\u00e4 kimalletta.\",\"breadcrumb\":{\"@id\":\"https:\/\/www.ellikki.fi\/korut\/puffiboksi\/kadentaitajat-yllattivat-runsaudellaan\/#breadcrumb\"},\"inLanguage\":\"fi\",\"potentialAction\":[{\"@type\":\"ReadAction\",\"target\":[\"https:\/\/www.ellikki.fi\/korut\/puffiboksi\/kadentaitajat-yllattivat-runsaudellaan\/\"]}]},{\"@type\":\"ImageObject\",\"inLanguage\":\"fi\",\"@id\":\"https:\/\/www.ellikki.fi\/korut\/puffiboksi\/kadentaitajat-yllattivat-runsaudellaan\/#primaryimage\",\"url\":\"https:\/\/www.ellikki.fi\/korut\/wp-content\/uploads\/2014\/11\/DSC0046_1643.jpg\",\"contentUrl\":\"https:\/\/www.ellikki.fi\/korut\/wp-content\/uploads\/2014\/11\/DSC0046_1643.jpg\",\"width\":667,\"height\":1000,\"caption\":\"Nahkakukkia\"},{\"@type\":\"BreadcrumbList\",\"@id\":\"https:\/\/www.ellikki.fi\/korut\/puffiboksi\/kadentaitajat-yllattivat-runsaudellaan\/#breadcrumb\",\"itemListElement\":[{\"@type\":\"ListItem\",\"position\":1,\"name\":\"Ellikki.fi - Helmisuutari\",\"item\":\"https:\/\/www.ellikki.fi\/korut\/\"},{\"@type\":\"ListItem\",\"position\":2,\"name\":\"K\u00e4dentaitajat yll\u00e4ttiv\u00e4t runsaudellaan\"}]},{\"@type\":\"WebSite\",\"@id\":\"https:\/\/www.ellikki.fi\/korut\/#website\",\"url\":\"https:\/\/www.ellikki.fi\/korut\/\",\"name\":\"Ellikki.fi\",\"description\":\"Helmisuutari\",\"potentialAction\":[{\"@type\":\"SearchAction\",\"target\":{\"@type\":\"EntryPoint\",\"urlTemplate\":\"https:\/\/www.ellikki.fi\/korut\/?s={search_term_string}\"},\"query-input\":{\"@type\":\"PropertyValueSpecification\",\"valueRequired\":true,\"valueName\":\"search_term_string\"}}],\"inLanguage\":\"fi\"},{\"@type\":\"Person\",\"@id\":\"https:\/\/www.ellikki.fi\/korut\/#\/schema\/person\/4100981f383f4e840417efe2a45a2e13\",\"name\":\"Ellikki\",\"image\":{\"@type\":\"ImageObject\",\"inLanguage\":\"fi\",\"@id\":\"https:\/\/www.ellikki.fi\/korut\/#\/schema\/person\/image\/\",\"url\":\"https:\/\/secure.gravatar.com\/avatar\/68459a81492a7fdb3d3e31353836619029f7a695895440f957f81143855d97ee?s=96&d=mm&r=g\",\"contentUrl\":\"https:\/\/secure.gravatar.com\/avatar\/68459a81492a7fdb3d3e31353836619029f7a695895440f957f81143855d97ee?s=96&d=mm&r=g\",\"caption\":\"Ellikki\"},\"description\":\"Loputtoman utelias hevostoimittaja, tarinanmets\u00e4st\u00e4j\u00e4 ja koruharrastaja, joka edelleen ihmettelee maailmaa ja koettaa aina silloin t\u00e4ll\u00f6in tehd\u00e4 jotain ensi kertaa el\u00e4m\u00e4ss\u00e4\u00e4n.\"}]}<\/script>\n<!-- \/ Yoast SEO plugin. -->","yoast_head_json":{"title":"K\u00e4dentaitajat yll\u00e4ttiv\u00e4t runsaudellaan - Ellikki.fi","description":"Messuilla kannatti ehdottomasti k\u00e4yd\u00e4. Marraskuinen lauantai voi olla t\u00e4ynn\u00e4 kimalletta.","robots":{"index":"index","follow":"follow","max-snippet":"max-snippet:-1","max-image-preview":"max-image-preview:large","max-video-preview":"max-video-preview:-1"},"canonical":"https:\/\/www.ellikki.fi\/korut\/puffiboksi\/kadentaitajat-yllattivat-runsaudellaan\/","og_locale":"fi_FI","og_type":"article","og_title":"K\u00e4dentaitajat yll\u00e4ttiv\u00e4t runsaudellaan - Ellikki.fi","og_description":"Messuilla kannatti ehdottomasti k\u00e4yd\u00e4. Marraskuinen lauantai voi olla t\u00e4ynn\u00e4 kimalletta.","og_url":"https:\/\/www.ellikki.fi\/korut\/puffiboksi\/kadentaitajat-yllattivat-runsaudellaan\/","og_site_name":"Ellikki.fi","article_publisher":"https:\/\/www.facebook.com\/ellikki","article_published_time":"2014-11-09T01:59:23+00:00","article_modified_time":"2016-11-02T23:49:08+00:00","og_image":[{"width":667,"height":1000,"url":"https:\/\/www.ellikki.fi\/korut\/wp-content\/uploads\/2014\/11\/DSC0046_1643.jpg","type":"image\/jpeg"}],"author":"Ellikki","twitter_card":"summary_large_image","twitter_creator":"@eltalvio","twitter_site":"@eltalvio","twitter_misc":{"Kirjoittanut":"Ellikki","Arvioitu lukuaika":"6 minuuttia"},"schema":{"@context":"https:\/\/schema.org","@graph":[{"@type":"Article","@id":"https:\/\/www.ellikki.fi\/korut\/puffiboksi\/kadentaitajat-yllattivat-runsaudellaan\/#article","isPartOf":{"@id":"https:\/\/www.ellikki.fi\/korut\/puffiboksi\/kadentaitajat-yllattivat-runsaudellaan\/"},"author":{"name":"Ellikki","@id":"https:\/\/www.ellikki.fi\/korut\/#\/schema\/person\/4100981f383f4e840417efe2a45a2e13"},"headline":"K\u00e4dentaitajat yll\u00e4ttiv\u00e4t runsaudellaan","datePublished":"2014-11-09T01:59:23+00:00","dateModified":"2016-11-02T23:49:08+00:00","mainEntityOfPage":{"@id":"https:\/\/www.ellikki.fi\/korut\/puffiboksi\/kadentaitajat-yllattivat-runsaudellaan\/"},"wordCount":1219,"commentCount":2,"image":{"@id":"https:\/\/www.ellikki.fi\/korut\/puffiboksi\/kadentaitajat-yllattivat-runsaudellaan\/#primaryimage"},"thumbnailUrl":"https:\/\/www.ellikki.fi\/korut\/wp-content\/uploads\/2014\/11\/DSC0046_1643.jpg","keywords":["k\u00e4dentaitomessut","Meid\u00e4n viikonloppu 2014","Messukeskus"],"articleSection":["Puffiboksi"],"inLanguage":"fi","potentialAction":[{"@type":"CommentAction","name":"Comment","target":["https:\/\/www.ellikki.fi\/korut\/puffiboksi\/kadentaitajat-yllattivat-runsaudellaan\/#respond"]}]},{"@type":"WebPage","@id":"https:\/\/www.ellikki.fi\/korut\/puffiboksi\/kadentaitajat-yllattivat-runsaudellaan\/","url":"https:\/\/www.ellikki.fi\/korut\/puffiboksi\/kadentaitajat-yllattivat-runsaudellaan\/","name":"K\u00e4dentaitajat yll\u00e4ttiv\u00e4t runsaudellaan - Ellikki.fi","isPartOf":{"@id":"https:\/\/www.ellikki.fi\/korut\/#website"},"primaryImageOfPage":{"@id":"https:\/\/www.ellikki.fi\/korut\/puffiboksi\/kadentaitajat-yllattivat-runsaudellaan\/#primaryimage"},"image":{"@id":"https:\/\/www.ellikki.fi\/korut\/puffiboksi\/kadentaitajat-yllattivat-runsaudellaan\/#primaryimage"},"thumbnailUrl":"https:\/\/www.ellikki.fi\/korut\/wp-content\/uploads\/2014\/11\/DSC0046_1643.jpg","datePublished":"2014-11-09T01:59:23+00:00","dateModified":"2016-11-02T23:49:08+00:00","author":{"@id":"https:\/\/www.ellikki.fi\/korut\/#\/schema\/person\/4100981f383f4e840417efe2a45a2e13"},"description":"Messuilla kannatti ehdottomasti k\u00e4yd\u00e4. Marraskuinen lauantai voi olla t\u00e4ynn\u00e4 kimalletta.","breadcrumb":{"@id":"https:\/\/www.ellikki.fi\/korut\/puffiboksi\/kadentaitajat-yllattivat-runsaudellaan\/#breadcrumb"},"inLanguage":"fi","potentialAction":[{"@type":"ReadAction","target":["https:\/\/www.ellikki.fi\/korut\/puffiboksi\/kadentaitajat-yllattivat-runsaudellaan\/"]}]},{"@type":"ImageObject","inLanguage":"fi","@id":"https:\/\/www.ellikki.fi\/korut\/puffiboksi\/kadentaitajat-yllattivat-runsaudellaan\/#primaryimage","url":"https:\/\/www.ellikki.fi\/korut\/wp-content\/uploads\/2014\/11\/DSC0046_1643.jpg","contentUrl":"https:\/\/www.ellikki.fi\/korut\/wp-content\/uploads\/2014\/11\/DSC0046_1643.jpg","width":667,"height":1000,"caption":"Nahkakukkia"},{"@type":"BreadcrumbList","@id":"https:\/\/www.ellikki.fi\/korut\/puffiboksi\/kadentaitajat-yllattivat-runsaudellaan\/#breadcrumb","itemListElement":[{"@type":"ListItem","position":1,"name":"Ellikki.fi - Helmisuutari","item":"https:\/\/www.ellikki.fi\/korut\/"},{"@type":"ListItem","position":2,"name":"K\u00e4dentaitajat yll\u00e4ttiv\u00e4t runsaudellaan"}]},{"@type":"WebSite","@id":"https:\/\/www.ellikki.fi\/korut\/#website","url":"https:\/\/www.ellikki.fi\/korut\/","name":"Ellikki.fi","description":"Helmisuutari","potentialAction":[{"@type":"SearchAction","target":{"@type":"EntryPoint","urlTemplate":"https:\/\/www.ellikki.fi\/korut\/?s={search_term_string}"},"query-input":{"@type":"PropertyValueSpecification","valueRequired":true,"valueName":"search_term_string"}}],"inLanguage":"fi"},{"@type":"Person","@id":"https:\/\/www.ellikki.fi\/korut\/#\/schema\/person\/4100981f383f4e840417efe2a45a2e13","name":"Ellikki","image":{"@type":"ImageObject","inLanguage":"fi","@id":"https:\/\/www.ellikki.fi\/korut\/#\/schema\/person\/image\/","url":"https:\/\/secure.gravatar.com\/avatar\/68459a81492a7fdb3d3e31353836619029f7a695895440f957f81143855d97ee?s=96&d=mm&r=g","contentUrl":"https:\/\/secure.gravatar.com\/avatar\/68459a81492a7fdb3d3e31353836619029f7a695895440f957f81143855d97ee?s=96&d=mm&r=g","caption":"Ellikki"},"description":"Loputtoman utelias hevostoimittaja, tarinanmets\u00e4st\u00e4j\u00e4 ja koruharrastaja, joka edelleen ihmettelee maailmaa ja koettaa aina silloin t\u00e4ll\u00f6in tehd\u00e4 jotain ensi kertaa el\u00e4m\u00e4ss\u00e4\u00e4n."}]}},"_links":{"self":[{"href":"https:\/\/www.ellikki.fi\/korut\/wp-json\/wp\/v2\/posts\/495","targetHints":{"allow":["GET"]}}],"collection":[{"href":"https:\/\/www.ellikki.fi\/korut\/wp-json\/wp\/v2\/posts"}],"about":[{"href":"https:\/\/www.ellikki.fi\/korut\/wp-json\/wp\/v2\/types\/post"}],"author":[{"embeddable":true,"href":"https:\/\/www.ellikki.fi\/korut\/wp-json\/wp\/v2\/users\/1"}],"replies":[{"embeddable":true,"href":"https:\/\/www.ellikki.fi\/korut\/wp-json\/wp\/v2\/comments?post=495"}],"version-history":[{"count":0,"href":"https:\/\/www.ellikki.fi\/korut\/wp-json\/wp\/v2\/posts\/495\/revisions"}],"wp:featuredmedia":[{"embeddable":true,"href":"https:\/\/www.ellikki.fi\/korut\/wp-json\/wp\/v2\/media\/497"}],"wp:attachment":[{"href":"https:\/\/www.ellikki.fi\/korut\/wp-json\/wp\/v2\/media?parent=495"}],"wp:term":[{"taxonomy":"category","embeddable":true,"href":"https:\/\/www.ellikki.fi\/korut\/wp-json\/wp\/v2\/categories?post=495"},{"taxonomy":"post_tag","embeddable":true,"href":"https:\/\/www.ellikki.fi\/korut\/wp-json\/wp\/v2\/tags?post=495"}],"curies":[{"name":"wp","href":"https:\/\/api.w.org\/{rel}","templated":true}]}}