{"id":546,"date":"2014-12-03T22:55:53","date_gmt":"2014-12-03T20:55:53","guid":{"rendered":"http:\/\/www.ellikki.fi\/korut\/?p=546"},"modified":"2016-11-03T01:49:08","modified_gmt":"2016-11-02T23:49:08","slug":"millainen-korunkayttaja-olet-seija-paasonen","status":"publish","type":"post","link":"https:\/\/www.ellikki.fi\/korut\/uutisia-askartelun-maailmasta\/millainen-korunkayttaja-olet-seija-paasonen\/","title":{"rendered":"Millainen korunk\u00e4ytt\u00e4j\u00e4 olet, Seija Paasonen?"},"content":{"rendered":"<p>Kyselin meteorologi Seija Paasoselta h\u00e4nen mielipiteit\u00e4\u00e4n tyylist\u00e4 ja koruista ty\u00f6ss\u00e4 ja vapaa-ajalla. Mik\u00e4 ja millainen henkil\u00f6 on Seija Paasonen?<\/p>\n<p>&#8211; Persoona&#8230; kuvittelen olevani aika monipuolinen, mutta toisaalta suoraviivainen ihminen. Miten sen nyt kukakin tulkitsee? Ty\u00f6kseni ved\u00e4n Yle Uutisten s\u00e4\u00e4toimitusta ja teen my\u00f6s ruututy\u00f6t\u00e4. Ty\u00f6kentt\u00e4 on laaja ja monitahoinen, eritt\u00e4in mielenkiintoinen, mutta ty\u00f6nt\u00e4yteinen. Vapaa-aikaa on v\u00e4h\u00e4n, ja se kuluu p\u00e4\u00e4osin kodin parissa. Puutarhahommat ovat syd\u00e4nt\u00e4 l\u00e4hell\u00e4, samoin kuvataiteet, kirjallisuus ja matkustaminen. Olen kasvanut el\u00e4inten keskell\u00e4 ja pid\u00e4n kovasti el\u00e4imist\u00e4. T\u00e4ll\u00e4 hetkell\u00e4 kotona ei valitettavasti ole el\u00e4imi\u00e4.<\/p>\n<p>&nbsp;<\/p>\n<p>Oma tyylisi<\/p>\n<p>&#8211; En kovinkaan paljoa ajattele tyyli\u00e4ni, ulkoasuani tai -n\u00e4k\u00f6\u00e4ni. Tyyli vaihtelee tilanteen mukaan, mutta tykk\u00e4\u00e4n pelkistetyist\u00e4, yksinkertaisista asioista. Pid\u00e4n v\u00e4reist\u00e4, mutta tarvittaessa mustakin menee aivan hyvin,.. aina siis tilanteen ja tapahtuman mukaan. Kimallusta karsastan. Koruja k\u00e4yt\u00e4n eritt\u00e4in v\u00e4h\u00e4n. Tunnearvokoruja on muutamia.<\/p>\n<p>&nbsp;<\/p>\n<p>Millainen koru on arvokas?<\/p>\n<p>&#8211; Korun ei tarvitse olla rahallisesti arvokas. Korulla voi olla paljon tunnearvoa ja siksi aarre. Toisaalta aidot asiat el\u00e4m\u00e4ss\u00e4 ovat etusijalla.<\/p>\n<p>&nbsp;<\/p>\n<p>Millaisia koruja k\u00e4yt\u00e4t?<\/p>\n<p>&#8211; T\u00f6iss\u00e4 ja kotona minulla on yleens\u00e4 samat perusjutut, yksinkertaiset sormukset vasemmassa nimett\u00f6m\u00e4ss\u00e4 ja pienet korvikset korvissa, juhlissa v\u00e4h\u00e4n enemm\u00e4n. Esim. kotona ulkohommissa korut, varsinkin sormukset tuntuvat olevan vain tiell\u00e4. Ruututy\u00f6ss\u00e4 kaulakorut saattavat antaa h\u00e4iri\u00f6it\u00e4 mikrofoniin ja siksi usein j\u00e4t\u00e4n kaulakorun pois.<\/p>\n<p>&#8211; Arvostan toki suuresti korujen suunnittelijoita ja tekij\u00f6it\u00e4, mutta itse en ole vain oppinut niit\u00e4 luontevasti k\u00e4ytt\u00e4m\u00e4\u00e4n.<\/p>\n<p>Artikkelin kuvamateriaali: Yle\/Anne H\u00e4m\u00e4l\u00e4inen<\/p>\n<p><img decoding=\"async\" class=\"aligncenter size-full wp-image-547\" src=\"http:\/\/www.ellikki.fi\/korut\/wp-content\/uploads\/2014\/12\/Seija-Paasonen.jpg\" alt=\"Seija Paasonen\" width=\"1000\" height=\"673\" srcset=\"https:\/\/www.ellikki.fi\/korut\/wp-content\/uploads\/2014\/12\/Seija-Paasonen-200x135.jpg 200w, https:\/\/www.ellikki.fi\/korut\/wp-content\/uploads\/2014\/12\/Seija-Paasonen-300x202.jpg 300w, https:\/\/www.ellikki.fi\/korut\/wp-content\/uploads\/2014\/12\/Seija-Paasonen-400x269.jpg 400w, https:\/\/www.ellikki.fi\/korut\/wp-content\/uploads\/2014\/12\/Seija-Paasonen-600x404.jpg 600w, https:\/\/www.ellikki.fi\/korut\/wp-content\/uploads\/2014\/12\/Seija-Paasonen-768x517.jpg 768w, https:\/\/www.ellikki.fi\/korut\/wp-content\/uploads\/2014\/12\/Seija-Paasonen-800x538.jpg 800w, https:\/\/www.ellikki.fi\/korut\/wp-content\/uploads\/2014\/12\/Seija-Paasonen.jpg 1000w\" sizes=\"(max-width: 1000px) 100vw, 1000px\" \/><\/p>\n","protected":false},"excerpt":{"rendered":"<p>Kyselin meteorologi Seija Paasoselta h\u00e4nen mielipiteit\u00e4\u00e4n tyylist\u00e4 ja koruista ty\u00f6ss\u00e4 ja vapaa-ajalla. Mik\u00e4 ja millainen henkil\u00f6 on Seija Paasonen? &#8211; Persoona&#8230; kuvittelen olevani aika monipuolinen, mutta toisaalta suoraviivainen ihminen. Miten sen nyt kukakin tulkitsee? Ty\u00f6kseni  [&#8230;]<\/p>\n","protected":false},"author":1,"featured_media":548,"comment_status":"open","ping_status":"open","sticky":false,"template":"","format":"standard","meta":{"footnotes":""},"categories":[7],"tags":[103,102],"class_list":["post-546","post","type-post","status-publish","format-standard","has-post-thumbnail","hentry","category-uutisia-askartelun-maailmasta","tag-korujen-kaytto","tag-seija-paasonen"],"yoast_head":"<!-- This site is optimized with the Yoast SEO plugin v27.1.1 - https:\/\/yoast.com\/product\/yoast-seo-wordpress\/ -->\n<title>Millainen korunk\u00e4ytt\u00e4j\u00e4 olet, Seija Paasonen? - Ellikki.fi<\/title>\n<meta name=\"description\" content=\"Tuttu s\u00e4\u00e4kasvo Seija Paasonen vastaili kysymyksiini korujen k\u00e4yt\u00f6st\u00e4.\" \/>\n<meta name=\"robots\" content=\"index, follow, max-snippet:-1, max-image-preview:large, max-video-preview:-1\" \/>\n<link rel=\"canonical\" href=\"https:\/\/www.ellikki.fi\/korut\/uutisia-askartelun-maailmasta\/millainen-korunkayttaja-olet-seija-paasonen\/\" \/>\n<meta property=\"og:locale\" content=\"fi_FI\" \/>\n<meta property=\"og:type\" content=\"article\" \/>\n<meta property=\"og:title\" content=\"Millainen korunk\u00e4ytt\u00e4j\u00e4 olet, Seija Paasonen? - Ellikki.fi\" \/>\n<meta property=\"og:description\" content=\"Tuttu s\u00e4\u00e4kasvo Seija Paasonen vastaili kysymyksiini korujen k\u00e4yt\u00f6st\u00e4.\" \/>\n<meta property=\"og:url\" content=\"https:\/\/www.ellikki.fi\/korut\/uutisia-askartelun-maailmasta\/millainen-korunkayttaja-olet-seija-paasonen\/\" \/>\n<meta property=\"og:site_name\" content=\"Ellikki.fi\" \/>\n<meta property=\"article:publisher\" content=\"https:\/\/www.facebook.com\/ellikki\" \/>\n<meta property=\"article:published_time\" content=\"2014-12-03T20:55:53+00:00\" \/>\n<meta property=\"article:modified_time\" content=\"2016-11-02T23:49:08+00:00\" \/>\n<meta property=\"og:image\" content=\"https:\/\/www.ellikki.fi\/korut\/wp-content\/uploads\/2014\/12\/Seija-Paasonen-s\u00e4\u00e4kartalla.jpg\" \/>\n\t<meta property=\"og:image:width\" content=\"1000\" \/>\n\t<meta property=\"og:image:height\" content=\"641\" \/>\n\t<meta property=\"og:image:type\" content=\"image\/jpeg\" \/>\n<meta name=\"author\" content=\"Ellikki\" \/>\n<meta name=\"twitter:card\" content=\"summary_large_image\" \/>\n<meta name=\"twitter:creator\" content=\"@eltalvio\" \/>\n<meta name=\"twitter:site\" content=\"@eltalvio\" \/>\n<meta name=\"twitter:label1\" content=\"Kirjoittanut\" \/>\n\t<meta name=\"twitter:data1\" content=\"Ellikki\" \/>\n\t<meta name=\"twitter:label2\" content=\"Arvioitu lukuaika\" \/>\n\t<meta name=\"twitter:data2\" content=\"1 minuutti\" \/>\n<script type=\"application\/ld+json\" class=\"yoast-schema-graph\">{\"@context\":\"https:\/\/schema.org\",\"@graph\":[{\"@type\":\"Article\",\"@id\":\"https:\/\/www.ellikki.fi\/korut\/uutisia-askartelun-maailmasta\/millainen-korunkayttaja-olet-seija-paasonen\/#article\",\"isPartOf\":{\"@id\":\"https:\/\/www.ellikki.fi\/korut\/uutisia-askartelun-maailmasta\/millainen-korunkayttaja-olet-seija-paasonen\/\"},\"author\":{\"name\":\"Ellikki\",\"@id\":\"https:\/\/www.ellikki.fi\/korut\/#\/schema\/person\/4100981f383f4e840417efe2a45a2e13\"},\"headline\":\"Millainen korunk\u00e4ytt\u00e4j\u00e4 olet, Seija Paasonen?\",\"datePublished\":\"2014-12-03T20:55:53+00:00\",\"dateModified\":\"2016-11-02T23:49:08+00:00\",\"mainEntityOfPage\":{\"@id\":\"https:\/\/www.ellikki.fi\/korut\/uutisia-askartelun-maailmasta\/millainen-korunkayttaja-olet-seija-paasonen\/\"},\"wordCount\":285,\"commentCount\":0,\"image\":{\"@id\":\"https:\/\/www.ellikki.fi\/korut\/uutisia-askartelun-maailmasta\/millainen-korunkayttaja-olet-seija-paasonen\/#primaryimage\"},\"thumbnailUrl\":\"https:\/\/www.ellikki.fi\/korut\/wp-content\/uploads\/2014\/12\/Seija-Paasonen-s\u00e4\u00e4kartalla.jpg\",\"keywords\":[\"korujen k\u00e4ytt\u00f6\",\"Seija Paasonen\"],\"articleSection\":[\"Uutisia askartelun maailmasta\"],\"inLanguage\":\"fi\",\"potentialAction\":[{\"@type\":\"CommentAction\",\"name\":\"Comment\",\"target\":[\"https:\/\/www.ellikki.fi\/korut\/uutisia-askartelun-maailmasta\/millainen-korunkayttaja-olet-seija-paasonen\/#respond\"]}]},{\"@type\":\"WebPage\",\"@id\":\"https:\/\/www.ellikki.fi\/korut\/uutisia-askartelun-maailmasta\/millainen-korunkayttaja-olet-seija-paasonen\/\",\"url\":\"https:\/\/www.ellikki.fi\/korut\/uutisia-askartelun-maailmasta\/millainen-korunkayttaja-olet-seija-paasonen\/\",\"name\":\"Millainen korunk\u00e4ytt\u00e4j\u00e4 olet, Seija Paasonen? - Ellikki.fi\",\"isPartOf\":{\"@id\":\"https:\/\/www.ellikki.fi\/korut\/#website\"},\"primaryImageOfPage\":{\"@id\":\"https:\/\/www.ellikki.fi\/korut\/uutisia-askartelun-maailmasta\/millainen-korunkayttaja-olet-seija-paasonen\/#primaryimage\"},\"image\":{\"@id\":\"https:\/\/www.ellikki.fi\/korut\/uutisia-askartelun-maailmasta\/millainen-korunkayttaja-olet-seija-paasonen\/#primaryimage\"},\"thumbnailUrl\":\"https:\/\/www.ellikki.fi\/korut\/wp-content\/uploads\/2014\/12\/Seija-Paasonen-s\u00e4\u00e4kartalla.jpg\",\"datePublished\":\"2014-12-03T20:55:53+00:00\",\"dateModified\":\"2016-11-02T23:49:08+00:00\",\"author\":{\"@id\":\"https:\/\/www.ellikki.fi\/korut\/#\/schema\/person\/4100981f383f4e840417efe2a45a2e13\"},\"description\":\"Tuttu s\u00e4\u00e4kasvo Seija Paasonen vastaili kysymyksiini korujen k\u00e4yt\u00f6st\u00e4.\",\"breadcrumb\":{\"@id\":\"https:\/\/www.ellikki.fi\/korut\/uutisia-askartelun-maailmasta\/millainen-korunkayttaja-olet-seija-paasonen\/#breadcrumb\"},\"inLanguage\":\"fi\",\"potentialAction\":[{\"@type\":\"ReadAction\",\"target\":[\"https:\/\/www.ellikki.fi\/korut\/uutisia-askartelun-maailmasta\/millainen-korunkayttaja-olet-seija-paasonen\/\"]}]},{\"@type\":\"ImageObject\",\"inLanguage\":\"fi\",\"@id\":\"https:\/\/www.ellikki.fi\/korut\/uutisia-askartelun-maailmasta\/millainen-korunkayttaja-olet-seija-paasonen\/#primaryimage\",\"url\":\"https:\/\/www.ellikki.fi\/korut\/wp-content\/uploads\/2014\/12\/Seija-Paasonen-s\u00e4\u00e4kartalla.jpg\",\"contentUrl\":\"https:\/\/www.ellikki.fi\/korut\/wp-content\/uploads\/2014\/12\/Seija-Paasonen-s\u00e4\u00e4kartalla.jpg\",\"width\":1000,\"height\":641},{\"@type\":\"BreadcrumbList\",\"@id\":\"https:\/\/www.ellikki.fi\/korut\/uutisia-askartelun-maailmasta\/millainen-korunkayttaja-olet-seija-paasonen\/#breadcrumb\",\"itemListElement\":[{\"@type\":\"ListItem\",\"position\":1,\"name\":\"Ellikki.fi - Helmisuutari\",\"item\":\"https:\/\/www.ellikki.fi\/korut\/\"},{\"@type\":\"ListItem\",\"position\":2,\"name\":\"Millainen korunk\u00e4ytt\u00e4j\u00e4 olet, Seija Paasonen?\"}]},{\"@type\":\"WebSite\",\"@id\":\"https:\/\/www.ellikki.fi\/korut\/#website\",\"url\":\"https:\/\/www.ellikki.fi\/korut\/\",\"name\":\"Ellikki.fi\",\"description\":\"Helmisuutari\",\"potentialAction\":[{\"@type\":\"SearchAction\",\"target\":{\"@type\":\"EntryPoint\",\"urlTemplate\":\"https:\/\/www.ellikki.fi\/korut\/?s={search_term_string}\"},\"query-input\":{\"@type\":\"PropertyValueSpecification\",\"valueRequired\":true,\"valueName\":\"search_term_string\"}}],\"inLanguage\":\"fi\"},{\"@type\":\"Person\",\"@id\":\"https:\/\/www.ellikki.fi\/korut\/#\/schema\/person\/4100981f383f4e840417efe2a45a2e13\",\"name\":\"Ellikki\",\"image\":{\"@type\":\"ImageObject\",\"inLanguage\":\"fi\",\"@id\":\"https:\/\/www.ellikki.fi\/korut\/#\/schema\/person\/image\/\",\"url\":\"https:\/\/secure.gravatar.com\/avatar\/68459a81492a7fdb3d3e31353836619029f7a695895440f957f81143855d97ee?s=96&d=mm&r=g\",\"contentUrl\":\"https:\/\/secure.gravatar.com\/avatar\/68459a81492a7fdb3d3e31353836619029f7a695895440f957f81143855d97ee?s=96&d=mm&r=g\",\"caption\":\"Ellikki\"},\"description\":\"Loputtoman utelias hevostoimittaja, tarinanmets\u00e4st\u00e4j\u00e4 ja koruharrastaja, joka edelleen ihmettelee maailmaa ja koettaa aina silloin t\u00e4ll\u00f6in tehd\u00e4 jotain ensi kertaa el\u00e4m\u00e4ss\u00e4\u00e4n.\"}]}<\/script>\n<!-- \/ Yoast SEO plugin. -->","yoast_head_json":{"title":"Millainen korunk\u00e4ytt\u00e4j\u00e4 olet, Seija Paasonen? - Ellikki.fi","description":"Tuttu s\u00e4\u00e4kasvo Seija Paasonen vastaili kysymyksiini korujen k\u00e4yt\u00f6st\u00e4.","robots":{"index":"index","follow":"follow","max-snippet":"max-snippet:-1","max-image-preview":"max-image-preview:large","max-video-preview":"max-video-preview:-1"},"canonical":"https:\/\/www.ellikki.fi\/korut\/uutisia-askartelun-maailmasta\/millainen-korunkayttaja-olet-seija-paasonen\/","og_locale":"fi_FI","og_type":"article","og_title":"Millainen korunk\u00e4ytt\u00e4j\u00e4 olet, Seija Paasonen? - Ellikki.fi","og_description":"Tuttu s\u00e4\u00e4kasvo Seija Paasonen vastaili kysymyksiini korujen k\u00e4yt\u00f6st\u00e4.","og_url":"https:\/\/www.ellikki.fi\/korut\/uutisia-askartelun-maailmasta\/millainen-korunkayttaja-olet-seija-paasonen\/","og_site_name":"Ellikki.fi","article_publisher":"https:\/\/www.facebook.com\/ellikki","article_published_time":"2014-12-03T20:55:53+00:00","article_modified_time":"2016-11-02T23:49:08+00:00","og_image":[{"width":1000,"height":641,"url":"https:\/\/www.ellikki.fi\/korut\/wp-content\/uploads\/2014\/12\/Seija-Paasonen-s\u00e4\u00e4kartalla.jpg","type":"image\/jpeg"}],"author":"Ellikki","twitter_card":"summary_large_image","twitter_creator":"@eltalvio","twitter_site":"@eltalvio","twitter_misc":{"Kirjoittanut":"Ellikki","Arvioitu lukuaika":"1 minuutti"},"schema":{"@context":"https:\/\/schema.org","@graph":[{"@type":"Article","@id":"https:\/\/www.ellikki.fi\/korut\/uutisia-askartelun-maailmasta\/millainen-korunkayttaja-olet-seija-paasonen\/#article","isPartOf":{"@id":"https:\/\/www.ellikki.fi\/korut\/uutisia-askartelun-maailmasta\/millainen-korunkayttaja-olet-seija-paasonen\/"},"author":{"name":"Ellikki","@id":"https:\/\/www.ellikki.fi\/korut\/#\/schema\/person\/4100981f383f4e840417efe2a45a2e13"},"headline":"Millainen korunk\u00e4ytt\u00e4j\u00e4 olet, Seija Paasonen?","datePublished":"2014-12-03T20:55:53+00:00","dateModified":"2016-11-02T23:49:08+00:00","mainEntityOfPage":{"@id":"https:\/\/www.ellikki.fi\/korut\/uutisia-askartelun-maailmasta\/millainen-korunkayttaja-olet-seija-paasonen\/"},"wordCount":285,"commentCount":0,"image":{"@id":"https:\/\/www.ellikki.fi\/korut\/uutisia-askartelun-maailmasta\/millainen-korunkayttaja-olet-seija-paasonen\/#primaryimage"},"thumbnailUrl":"https:\/\/www.ellikki.fi\/korut\/wp-content\/uploads\/2014\/12\/Seija-Paasonen-s\u00e4\u00e4kartalla.jpg","keywords":["korujen k\u00e4ytt\u00f6","Seija Paasonen"],"articleSection":["Uutisia askartelun maailmasta"],"inLanguage":"fi","potentialAction":[{"@type":"CommentAction","name":"Comment","target":["https:\/\/www.ellikki.fi\/korut\/uutisia-askartelun-maailmasta\/millainen-korunkayttaja-olet-seija-paasonen\/#respond"]}]},{"@type":"WebPage","@id":"https:\/\/www.ellikki.fi\/korut\/uutisia-askartelun-maailmasta\/millainen-korunkayttaja-olet-seija-paasonen\/","url":"https:\/\/www.ellikki.fi\/korut\/uutisia-askartelun-maailmasta\/millainen-korunkayttaja-olet-seija-paasonen\/","name":"Millainen korunk\u00e4ytt\u00e4j\u00e4 olet, Seija Paasonen? - Ellikki.fi","isPartOf":{"@id":"https:\/\/www.ellikki.fi\/korut\/#website"},"primaryImageOfPage":{"@id":"https:\/\/www.ellikki.fi\/korut\/uutisia-askartelun-maailmasta\/millainen-korunkayttaja-olet-seija-paasonen\/#primaryimage"},"image":{"@id":"https:\/\/www.ellikki.fi\/korut\/uutisia-askartelun-maailmasta\/millainen-korunkayttaja-olet-seija-paasonen\/#primaryimage"},"thumbnailUrl":"https:\/\/www.ellikki.fi\/korut\/wp-content\/uploads\/2014\/12\/Seija-Paasonen-s\u00e4\u00e4kartalla.jpg","datePublished":"2014-12-03T20:55:53+00:00","dateModified":"2016-11-02T23:49:08+00:00","author":{"@id":"https:\/\/www.ellikki.fi\/korut\/#\/schema\/person\/4100981f383f4e840417efe2a45a2e13"},"description":"Tuttu s\u00e4\u00e4kasvo Seija Paasonen vastaili kysymyksiini korujen k\u00e4yt\u00f6st\u00e4.","breadcrumb":{"@id":"https:\/\/www.ellikki.fi\/korut\/uutisia-askartelun-maailmasta\/millainen-korunkayttaja-olet-seija-paasonen\/#breadcrumb"},"inLanguage":"fi","potentialAction":[{"@type":"ReadAction","target":["https:\/\/www.ellikki.fi\/korut\/uutisia-askartelun-maailmasta\/millainen-korunkayttaja-olet-seija-paasonen\/"]}]},{"@type":"ImageObject","inLanguage":"fi","@id":"https:\/\/www.ellikki.fi\/korut\/uutisia-askartelun-maailmasta\/millainen-korunkayttaja-olet-seija-paasonen\/#primaryimage","url":"https:\/\/www.ellikki.fi\/korut\/wp-content\/uploads\/2014\/12\/Seija-Paasonen-s\u00e4\u00e4kartalla.jpg","contentUrl":"https:\/\/www.ellikki.fi\/korut\/wp-content\/uploads\/2014\/12\/Seija-Paasonen-s\u00e4\u00e4kartalla.jpg","width":1000,"height":641},{"@type":"BreadcrumbList","@id":"https:\/\/www.ellikki.fi\/korut\/uutisia-askartelun-maailmasta\/millainen-korunkayttaja-olet-seija-paasonen\/#breadcrumb","itemListElement":[{"@type":"ListItem","position":1,"name":"Ellikki.fi - Helmisuutari","item":"https:\/\/www.ellikki.fi\/korut\/"},{"@type":"ListItem","position":2,"name":"Millainen korunk\u00e4ytt\u00e4j\u00e4 olet, Seija Paasonen?"}]},{"@type":"WebSite","@id":"https:\/\/www.ellikki.fi\/korut\/#website","url":"https:\/\/www.ellikki.fi\/korut\/","name":"Ellikki.fi","description":"Helmisuutari","potentialAction":[{"@type":"SearchAction","target":{"@type":"EntryPoint","urlTemplate":"https:\/\/www.ellikki.fi\/korut\/?s={search_term_string}"},"query-input":{"@type":"PropertyValueSpecification","valueRequired":true,"valueName":"search_term_string"}}],"inLanguage":"fi"},{"@type":"Person","@id":"https:\/\/www.ellikki.fi\/korut\/#\/schema\/person\/4100981f383f4e840417efe2a45a2e13","name":"Ellikki","image":{"@type":"ImageObject","inLanguage":"fi","@id":"https:\/\/www.ellikki.fi\/korut\/#\/schema\/person\/image\/","url":"https:\/\/secure.gravatar.com\/avatar\/68459a81492a7fdb3d3e31353836619029f7a695895440f957f81143855d97ee?s=96&d=mm&r=g","contentUrl":"https:\/\/secure.gravatar.com\/avatar\/68459a81492a7fdb3d3e31353836619029f7a695895440f957f81143855d97ee?s=96&d=mm&r=g","caption":"Ellikki"},"description":"Loputtoman utelias hevostoimittaja, tarinanmets\u00e4st\u00e4j\u00e4 ja koruharrastaja, joka edelleen ihmettelee maailmaa ja koettaa aina silloin t\u00e4ll\u00f6in tehd\u00e4 jotain ensi kertaa el\u00e4m\u00e4ss\u00e4\u00e4n."}]}},"_links":{"self":[{"href":"https:\/\/www.ellikki.fi\/korut\/wp-json\/wp\/v2\/posts\/546","targetHints":{"allow":["GET"]}}],"collection":[{"href":"https:\/\/www.ellikki.fi\/korut\/wp-json\/wp\/v2\/posts"}],"about":[{"href":"https:\/\/www.ellikki.fi\/korut\/wp-json\/wp\/v2\/types\/post"}],"author":[{"embeddable":true,"href":"https:\/\/www.ellikki.fi\/korut\/wp-json\/wp\/v2\/users\/1"}],"replies":[{"embeddable":true,"href":"https:\/\/www.ellikki.fi\/korut\/wp-json\/wp\/v2\/comments?post=546"}],"version-history":[{"count":0,"href":"https:\/\/www.ellikki.fi\/korut\/wp-json\/wp\/v2\/posts\/546\/revisions"}],"wp:featuredmedia":[{"embeddable":true,"href":"https:\/\/www.ellikki.fi\/korut\/wp-json\/wp\/v2\/media\/548"}],"wp:attachment":[{"href":"https:\/\/www.ellikki.fi\/korut\/wp-json\/wp\/v2\/media?parent=546"}],"wp:term":[{"taxonomy":"category","embeddable":true,"href":"https:\/\/www.ellikki.fi\/korut\/wp-json\/wp\/v2\/categories?post=546"},{"taxonomy":"post_tag","embeddable":true,"href":"https:\/\/www.ellikki.fi\/korut\/wp-json\/wp\/v2\/tags?post=546"}],"curies":[{"name":"wp","href":"https:\/\/api.w.org\/{rel}","templated":true}]}}