{"id":575,"date":"2015-01-04T20:36:50","date_gmt":"2015-01-04T18:36:50","guid":{"rendered":"http:\/\/www.ellikki.fi\/korut\/?p=575"},"modified":"2016-11-03T01:49:08","modified_gmt":"2016-11-02T23:49:08","slug":"koruryhmat-somessa-innoitusta-ja-nikseja","status":"publish","type":"post","link":"https:\/\/www.ellikki.fi\/korut\/tietolaari\/koruryhmat-somessa-innoitusta-ja-nikseja\/","title":{"rendered":"Koruryhm\u00e4t somessa: innoitusta ja niksej\u00e4"},"content":{"rendered":"<p>Sain koko syksyn harjoitusta jouhista, kun tein niit\u00e4 talkoona ratsastusseuran myyj\u00e4isiin. Kun viimeiset jouhet olivat k\u00e4siss\u00e4, odotin jo innolla p\u00e4\u00e4sev\u00e4ni vaihtamaan aihetta. Suunnittelin perehtyv\u00e4ni viimein metallilangasta muotoilemiseen, mik\u00e4 on viime aikoina alkanut kiinnostaa ja teinkin ensimm\u00e4iset onnistuneet metallilankaiset korvakorut. Taiteilijasieluilla suunnitelmat tuppaavat joskus vaihtua lennossa, ja minun sytykkeeni oli l\u00f6yt\u00e4\u00e4 muutama kiehtova koruryhm\u00e4 Facebookista aivan hiljattain. Jos itsell\u00e4nne on kiinnostusta menn\u00e4 mukaan koruryhmiin hakemaan inspiraatiota, nime\u00e4n t\u00e4ss\u00e4 muutaman ryhm\u00e4n, joiden sis\u00e4lt\u00f6 on ollut minulle suureksi innoitukseksi.<\/p>\n<p>Suomessa korujen teko on muihin k\u00e4sit\u00f6ihin verrattuna marginaalista ja siemenhelmet viel\u00e4 marginaalisempia. Alla luetellut koruryhm\u00e4t ovat p\u00e4\u00e4asiassa amerikkalaisia, mutta se ei menoa haittaa yht\u00e4\u00e4n, p\u00e4invastoin, sill\u00e4 heid\u00e4n kanssaan ei tarvitse ainakaan ujostella. Avuliaat kotirouvat ja muut askartelijat auttavat mielell\u00e4\u00e4n. Pari viikkoa olen ehtinyt ryhmiss\u00e4 olla, ja ensimm\u00e4isen siemenhelmitekeleeni sain juuri valmiiksi. Esittelen ohjeet teillekin l\u00e4hiaikoina. Useimmissa ryhmiss\u00e4 myyminen ei ole sallittu, mutta blogitekstej\u00e4 voi linkitt\u00e4\u00e4, jos ne sopivat aiheeseen. Alla olevassa listassa ryhm\u00e4n nimi toimii linkkin\u00e4.<\/p>\n<p><a title=\"Bead weaving with a needle\" href=\"https:\/\/www.facebook.com\/groups\/BWWAN\/?fref=nf\" target=\"_blank\"><strong>Bead weaving with a needle<\/strong> <\/a><\/p>\n<p>Siemenhelmit\u00f6ihin erikoistunut ryhm\u00e4. Ihmiset ovat osanneet tehd\u00e4 mit\u00e4 hienoimpia juttuja siemenhelmist\u00e4, se innosti minutkin j\u00e4m\u00e4hdytt\u00e4m\u00e4\u00e4n hartiani siemenhelmien \u00e4\u00e4rell\u00e4. Myyminen ei ole sallittua. Ryhm\u00e4ss\u00e4 on noin 6500 j\u00e4sent\u00e4.<\/p>\n<p><a title=\"K\u00e4spaikka\" href=\"https:\/\/www.facebook.com\/groups\/kaspaikka\/?fref=ts\"><strong>K\u00e4spaikka \u2013 k\u00e4sity\u00f6 verkossa<\/strong><\/a><\/p>\n<p>Monelle tuttu suomalainen k\u00e4sity\u00f6tiedon jakoryhm\u00e4. K\u00e4spaikka ei varsinaisesti ole koruryhm\u00e4, vaan kaikki k\u00e4sill\u00e4tekij\u00e4t voivat esitell\u00e4 omia tuotoksiaan sivuilla. Joukossa on muutama muukin koruntekij\u00e4, vaikka enemmist\u00f6 kutookin sukkaa. Myynti ei ole sallittua. J\u00e4seni\u00e4 on vajaa 15 000.<\/p>\n<p><a title=\"Creative bead chat\" href=\"https:\/\/www.facebook.com\/groups\/CREATIVEBEADCHAT\/?fref=nf\" target=\"_blank\"><strong>Creative bead chat<\/strong> <\/a><\/p>\n<p>Vapaanpuoleinen ryhm\u00e4, kaikki korulajit ovat tervetulleita. Jonkin verran saa julkaista my\u00f6s myynti-ilmoituksia, kunhan pysyt\u00e4\u00e4n j\u00e4rkeviss\u00e4 rajoissa. Ryhm\u00e4n p\u00e4\u00e4ajatus on kuitenkin tietojen vaihto ja yleinen koruihin ja helmiin liittyv\u00e4 keskustelu. J\u00e4seni\u00e4 on noin 10 500.<\/p>\n<p><a title=\"Beading inspirations\" href=\"https:\/\/www.facebook.com\/groups\/593105720701786\/\" target=\"_blank\"><strong>Beading inspirations<\/strong><\/a> ja <a title=\"Bead freaks\" href=\"https:\/\/www.facebook.com\/groups\/2324289219\/\" target=\"_blank\"><strong>Bead freaks<\/strong><\/a> ovat kaksi melko samantapaista ryhm\u00e4\u00e4: Myynti ei ole sallittua, mutta oman k\u00e4denj\u00e4ljen esittely kyll\u00e4. Ensimm\u00e4isess\u00e4 on p\u00e4\u00e4lle 5500 j\u00e4sent\u00e4, toisessa l\u00e4hemm\u00e4s 7000.<\/p>\n<p><a title=\"Making jewelry\" href=\"https:\/\/www.facebook.com\/groups\/268675946551016\/?fref=ts\" target=\"_blank\"><strong>Making jewelry<\/strong><\/a> on ryhmist\u00e4 kaupallisin, ja se kielt\u00e4m\u00e4tt\u00e4 h\u00e4iritsee jonkin verran tavallista harrastajaa. Jos siis sinulla on myyt\u00e4v\u00e4\u00e4 ja haluat myyd\u00e4 ymp\u00e4ri maailmaa, t\u00e4m\u00e4 ryhm\u00e4 on sinulle. Ryhm\u00e4ss\u00e4 on p\u00e4\u00e4lle 7000 j\u00e4sent\u00e4.<\/p>\n<p>Sitten vaan helmien kimppuun ja hartiat jumiin!<\/p>\n","protected":false},"excerpt":{"rendered":"<p>Sain koko syksyn harjoitusta jouhista, kun tein niit\u00e4 talkoona ratsastusseuran myyj\u00e4isiin. Kun viimeiset jouhet olivat k\u00e4siss\u00e4, odotin jo innolla p\u00e4\u00e4sev\u00e4ni vaihtamaan aihetta. Suunnittelin perehtyv\u00e4ni viimein metallilangasta muotoilemiseen, mik\u00e4 on viime aikoina alkanut kiinnostaa ja teinkin  [&#8230;]<\/p>\n","protected":false},"author":1,"featured_media":578,"comment_status":"open","ping_status":"open","sticky":false,"template":"","format":"standard","meta":{"footnotes":""},"categories":[20],"tags":[112,111,115,114,113],"class_list":["post-575","post","type-post","status-publish","format-standard","has-post-thumbnail","hentry","category-tietolaari","tag-facebook","tag-koruryhma","tag-korutyot","tag-siemenhelmet","tag-some"],"yoast_head":"<!-- This site is optimized with the Yoast SEO plugin v27.1.1 - https:\/\/yoast.com\/product\/yoast-seo-wordpress\/ -->\n<title>Koruryhm\u00e4t somessa: innoitusta ja niksej\u00e4 - Ellikki.fi<\/title>\n<meta name=\"description\" content=\"Facebook on koruharrastajalle aarreaitta. Mit\u00e4 eri koruryhm\u00e4t tarjoavat?\" \/>\n<meta name=\"robots\" content=\"index, follow, max-snippet:-1, max-image-preview:large, max-video-preview:-1\" \/>\n<link rel=\"canonical\" href=\"https:\/\/www.ellikki.fi\/korut\/tietolaari\/koruryhmat-somessa-innoitusta-ja-nikseja\/\" \/>\n<meta property=\"og:locale\" content=\"fi_FI\" \/>\n<meta property=\"og:type\" content=\"article\" \/>\n<meta property=\"og:title\" content=\"Koruryhm\u00e4t somessa: innoitusta ja niksej\u00e4 - Ellikki.fi\" \/>\n<meta property=\"og:description\" content=\"Facebook on koruharrastajalle aarreaitta. Mit\u00e4 eri koruryhm\u00e4t tarjoavat?\" \/>\n<meta property=\"og:url\" content=\"https:\/\/www.ellikki.fi\/korut\/tietolaari\/koruryhmat-somessa-innoitusta-ja-nikseja\/\" \/>\n<meta property=\"og:site_name\" content=\"Ellikki.fi\" \/>\n<meta property=\"article:publisher\" content=\"https:\/\/www.facebook.com\/ellikki\" \/>\n<meta property=\"article:published_time\" content=\"2015-01-04T18:36:50+00:00\" \/>\n<meta property=\"article:modified_time\" content=\"2016-11-02T23:49:08+00:00\" \/>\n<meta property=\"og:image\" content=\"https:\/\/www.ellikki.fi\/korut\/wp-content\/uploads\/2015\/01\/Ty\u00f6-kesken.jpg\" \/>\n\t<meta property=\"og:image:width\" content=\"600\" \/>\n\t<meta property=\"og:image:height\" content=\"800\" \/>\n\t<meta property=\"og:image:type\" content=\"image\/jpeg\" \/>\n<meta name=\"author\" content=\"Ellikki\" \/>\n<meta name=\"twitter:card\" content=\"summary_large_image\" \/>\n<meta name=\"twitter:creator\" content=\"@eltalvio\" \/>\n<meta name=\"twitter:site\" content=\"@eltalvio\" \/>\n<meta name=\"twitter:label1\" content=\"Kirjoittanut\" \/>\n\t<meta name=\"twitter:data1\" content=\"Ellikki\" \/>\n\t<meta name=\"twitter:label2\" content=\"Arvioitu lukuaika\" \/>\n\t<meta name=\"twitter:data2\" content=\"2 minuuttia\" \/>\n<script type=\"application\/ld+json\" class=\"yoast-schema-graph\">{\"@context\":\"https:\/\/schema.org\",\"@graph\":[{\"@type\":\"Article\",\"@id\":\"https:\/\/www.ellikki.fi\/korut\/tietolaari\/koruryhmat-somessa-innoitusta-ja-nikseja\/#article\",\"isPartOf\":{\"@id\":\"https:\/\/www.ellikki.fi\/korut\/tietolaari\/koruryhmat-somessa-innoitusta-ja-nikseja\/\"},\"author\":{\"name\":\"Ellikki\",\"@id\":\"https:\/\/www.ellikki.fi\/korut\/#\/schema\/person\/4100981f383f4e840417efe2a45a2e13\"},\"headline\":\"Koruryhm\u00e4t somessa: innoitusta ja niksej\u00e4\",\"datePublished\":\"2015-01-04T18:36:50+00:00\",\"dateModified\":\"2016-11-02T23:49:08+00:00\",\"mainEntityOfPage\":{\"@id\":\"https:\/\/www.ellikki.fi\/korut\/tietolaari\/koruryhmat-somessa-innoitusta-ja-nikseja\/\"},\"wordCount\":385,\"commentCount\":0,\"image\":{\"@id\":\"https:\/\/www.ellikki.fi\/korut\/tietolaari\/koruryhmat-somessa-innoitusta-ja-nikseja\/#primaryimage\"},\"thumbnailUrl\":\"https:\/\/www.ellikki.fi\/korut\/wp-content\/uploads\/2015\/01\/Ty\u00f6-kesken.jpg\",\"keywords\":[\"Facebook\",\"koruryhm\u00e4\",\"koruty\u00f6t\",\"siemenhelmet\",\"some\"],\"articleSection\":[\"Tietolaari\"],\"inLanguage\":\"fi\",\"potentialAction\":[{\"@type\":\"CommentAction\",\"name\":\"Comment\",\"target\":[\"https:\/\/www.ellikki.fi\/korut\/tietolaari\/koruryhmat-somessa-innoitusta-ja-nikseja\/#respond\"]}]},{\"@type\":\"WebPage\",\"@id\":\"https:\/\/www.ellikki.fi\/korut\/tietolaari\/koruryhmat-somessa-innoitusta-ja-nikseja\/\",\"url\":\"https:\/\/www.ellikki.fi\/korut\/tietolaari\/koruryhmat-somessa-innoitusta-ja-nikseja\/\",\"name\":\"Koruryhm\u00e4t somessa: innoitusta ja niksej\u00e4 - Ellikki.fi\",\"isPartOf\":{\"@id\":\"https:\/\/www.ellikki.fi\/korut\/#website\"},\"primaryImageOfPage\":{\"@id\":\"https:\/\/www.ellikki.fi\/korut\/tietolaari\/koruryhmat-somessa-innoitusta-ja-nikseja\/#primaryimage\"},\"image\":{\"@id\":\"https:\/\/www.ellikki.fi\/korut\/tietolaari\/koruryhmat-somessa-innoitusta-ja-nikseja\/#primaryimage\"},\"thumbnailUrl\":\"https:\/\/www.ellikki.fi\/korut\/wp-content\/uploads\/2015\/01\/Ty\u00f6-kesken.jpg\",\"datePublished\":\"2015-01-04T18:36:50+00:00\",\"dateModified\":\"2016-11-02T23:49:08+00:00\",\"author\":{\"@id\":\"https:\/\/www.ellikki.fi\/korut\/#\/schema\/person\/4100981f383f4e840417efe2a45a2e13\"},\"description\":\"Facebook on koruharrastajalle aarreaitta. Mit\u00e4 eri koruryhm\u00e4t tarjoavat?\",\"breadcrumb\":{\"@id\":\"https:\/\/www.ellikki.fi\/korut\/tietolaari\/koruryhmat-somessa-innoitusta-ja-nikseja\/#breadcrumb\"},\"inLanguage\":\"fi\",\"potentialAction\":[{\"@type\":\"ReadAction\",\"target\":[\"https:\/\/www.ellikki.fi\/korut\/tietolaari\/koruryhmat-somessa-innoitusta-ja-nikseja\/\"]}]},{\"@type\":\"ImageObject\",\"inLanguage\":\"fi\",\"@id\":\"https:\/\/www.ellikki.fi\/korut\/tietolaari\/koruryhmat-somessa-innoitusta-ja-nikseja\/#primaryimage\",\"url\":\"https:\/\/www.ellikki.fi\/korut\/wp-content\/uploads\/2015\/01\/Ty\u00f6-kesken.jpg\",\"contentUrl\":\"https:\/\/www.ellikki.fi\/korut\/wp-content\/uploads\/2015\/01\/Ty\u00f6-kesken.jpg\",\"width\":600,\"height\":800,\"caption\":\"Ty\u00f6 kesken\"},{\"@type\":\"BreadcrumbList\",\"@id\":\"https:\/\/www.ellikki.fi\/korut\/tietolaari\/koruryhmat-somessa-innoitusta-ja-nikseja\/#breadcrumb\",\"itemListElement\":[{\"@type\":\"ListItem\",\"position\":1,\"name\":\"Ellikki.fi - Helmisuutari\",\"item\":\"https:\/\/www.ellikki.fi\/korut\/\"},{\"@type\":\"ListItem\",\"position\":2,\"name\":\"Koruryhm\u00e4t somessa: innoitusta ja niksej\u00e4\"}]},{\"@type\":\"WebSite\",\"@id\":\"https:\/\/www.ellikki.fi\/korut\/#website\",\"url\":\"https:\/\/www.ellikki.fi\/korut\/\",\"name\":\"Ellikki.fi\",\"description\":\"Helmisuutari\",\"potentialAction\":[{\"@type\":\"SearchAction\",\"target\":{\"@type\":\"EntryPoint\",\"urlTemplate\":\"https:\/\/www.ellikki.fi\/korut\/?s={search_term_string}\"},\"query-input\":{\"@type\":\"PropertyValueSpecification\",\"valueRequired\":true,\"valueName\":\"search_term_string\"}}],\"inLanguage\":\"fi\"},{\"@type\":\"Person\",\"@id\":\"https:\/\/www.ellikki.fi\/korut\/#\/schema\/person\/4100981f383f4e840417efe2a45a2e13\",\"name\":\"Ellikki\",\"image\":{\"@type\":\"ImageObject\",\"inLanguage\":\"fi\",\"@id\":\"https:\/\/www.ellikki.fi\/korut\/#\/schema\/person\/image\/\",\"url\":\"https:\/\/secure.gravatar.com\/avatar\/68459a81492a7fdb3d3e31353836619029f7a695895440f957f81143855d97ee?s=96&d=mm&r=g\",\"contentUrl\":\"https:\/\/secure.gravatar.com\/avatar\/68459a81492a7fdb3d3e31353836619029f7a695895440f957f81143855d97ee?s=96&d=mm&r=g\",\"caption\":\"Ellikki\"},\"description\":\"Loputtoman utelias hevostoimittaja, tarinanmets\u00e4st\u00e4j\u00e4 ja koruharrastaja, joka edelleen ihmettelee maailmaa ja koettaa aina silloin t\u00e4ll\u00f6in tehd\u00e4 jotain ensi kertaa el\u00e4m\u00e4ss\u00e4\u00e4n.\"}]}<\/script>\n<!-- \/ Yoast SEO plugin. -->","yoast_head_json":{"title":"Koruryhm\u00e4t somessa: innoitusta ja niksej\u00e4 - Ellikki.fi","description":"Facebook on koruharrastajalle aarreaitta. Mit\u00e4 eri koruryhm\u00e4t tarjoavat?","robots":{"index":"index","follow":"follow","max-snippet":"max-snippet:-1","max-image-preview":"max-image-preview:large","max-video-preview":"max-video-preview:-1"},"canonical":"https:\/\/www.ellikki.fi\/korut\/tietolaari\/koruryhmat-somessa-innoitusta-ja-nikseja\/","og_locale":"fi_FI","og_type":"article","og_title":"Koruryhm\u00e4t somessa: innoitusta ja niksej\u00e4 - Ellikki.fi","og_description":"Facebook on koruharrastajalle aarreaitta. Mit\u00e4 eri koruryhm\u00e4t tarjoavat?","og_url":"https:\/\/www.ellikki.fi\/korut\/tietolaari\/koruryhmat-somessa-innoitusta-ja-nikseja\/","og_site_name":"Ellikki.fi","article_publisher":"https:\/\/www.facebook.com\/ellikki","article_published_time":"2015-01-04T18:36:50+00:00","article_modified_time":"2016-11-02T23:49:08+00:00","og_image":[{"width":600,"height":800,"url":"https:\/\/www.ellikki.fi\/korut\/wp-content\/uploads\/2015\/01\/Ty\u00f6-kesken.jpg","type":"image\/jpeg"}],"author":"Ellikki","twitter_card":"summary_large_image","twitter_creator":"@eltalvio","twitter_site":"@eltalvio","twitter_misc":{"Kirjoittanut":"Ellikki","Arvioitu lukuaika":"2 minuuttia"},"schema":{"@context":"https:\/\/schema.org","@graph":[{"@type":"Article","@id":"https:\/\/www.ellikki.fi\/korut\/tietolaari\/koruryhmat-somessa-innoitusta-ja-nikseja\/#article","isPartOf":{"@id":"https:\/\/www.ellikki.fi\/korut\/tietolaari\/koruryhmat-somessa-innoitusta-ja-nikseja\/"},"author":{"name":"Ellikki","@id":"https:\/\/www.ellikki.fi\/korut\/#\/schema\/person\/4100981f383f4e840417efe2a45a2e13"},"headline":"Koruryhm\u00e4t somessa: innoitusta ja niksej\u00e4","datePublished":"2015-01-04T18:36:50+00:00","dateModified":"2016-11-02T23:49:08+00:00","mainEntityOfPage":{"@id":"https:\/\/www.ellikki.fi\/korut\/tietolaari\/koruryhmat-somessa-innoitusta-ja-nikseja\/"},"wordCount":385,"commentCount":0,"image":{"@id":"https:\/\/www.ellikki.fi\/korut\/tietolaari\/koruryhmat-somessa-innoitusta-ja-nikseja\/#primaryimage"},"thumbnailUrl":"https:\/\/www.ellikki.fi\/korut\/wp-content\/uploads\/2015\/01\/Ty\u00f6-kesken.jpg","keywords":["Facebook","koruryhm\u00e4","koruty\u00f6t","siemenhelmet","some"],"articleSection":["Tietolaari"],"inLanguage":"fi","potentialAction":[{"@type":"CommentAction","name":"Comment","target":["https:\/\/www.ellikki.fi\/korut\/tietolaari\/koruryhmat-somessa-innoitusta-ja-nikseja\/#respond"]}]},{"@type":"WebPage","@id":"https:\/\/www.ellikki.fi\/korut\/tietolaari\/koruryhmat-somessa-innoitusta-ja-nikseja\/","url":"https:\/\/www.ellikki.fi\/korut\/tietolaari\/koruryhmat-somessa-innoitusta-ja-nikseja\/","name":"Koruryhm\u00e4t somessa: innoitusta ja niksej\u00e4 - Ellikki.fi","isPartOf":{"@id":"https:\/\/www.ellikki.fi\/korut\/#website"},"primaryImageOfPage":{"@id":"https:\/\/www.ellikki.fi\/korut\/tietolaari\/koruryhmat-somessa-innoitusta-ja-nikseja\/#primaryimage"},"image":{"@id":"https:\/\/www.ellikki.fi\/korut\/tietolaari\/koruryhmat-somessa-innoitusta-ja-nikseja\/#primaryimage"},"thumbnailUrl":"https:\/\/www.ellikki.fi\/korut\/wp-content\/uploads\/2015\/01\/Ty\u00f6-kesken.jpg","datePublished":"2015-01-04T18:36:50+00:00","dateModified":"2016-11-02T23:49:08+00:00","author":{"@id":"https:\/\/www.ellikki.fi\/korut\/#\/schema\/person\/4100981f383f4e840417efe2a45a2e13"},"description":"Facebook on koruharrastajalle aarreaitta. Mit\u00e4 eri koruryhm\u00e4t tarjoavat?","breadcrumb":{"@id":"https:\/\/www.ellikki.fi\/korut\/tietolaari\/koruryhmat-somessa-innoitusta-ja-nikseja\/#breadcrumb"},"inLanguage":"fi","potentialAction":[{"@type":"ReadAction","target":["https:\/\/www.ellikki.fi\/korut\/tietolaari\/koruryhmat-somessa-innoitusta-ja-nikseja\/"]}]},{"@type":"ImageObject","inLanguage":"fi","@id":"https:\/\/www.ellikki.fi\/korut\/tietolaari\/koruryhmat-somessa-innoitusta-ja-nikseja\/#primaryimage","url":"https:\/\/www.ellikki.fi\/korut\/wp-content\/uploads\/2015\/01\/Ty\u00f6-kesken.jpg","contentUrl":"https:\/\/www.ellikki.fi\/korut\/wp-content\/uploads\/2015\/01\/Ty\u00f6-kesken.jpg","width":600,"height":800,"caption":"Ty\u00f6 kesken"},{"@type":"BreadcrumbList","@id":"https:\/\/www.ellikki.fi\/korut\/tietolaari\/koruryhmat-somessa-innoitusta-ja-nikseja\/#breadcrumb","itemListElement":[{"@type":"ListItem","position":1,"name":"Ellikki.fi - Helmisuutari","item":"https:\/\/www.ellikki.fi\/korut\/"},{"@type":"ListItem","position":2,"name":"Koruryhm\u00e4t somessa: innoitusta ja niksej\u00e4"}]},{"@type":"WebSite","@id":"https:\/\/www.ellikki.fi\/korut\/#website","url":"https:\/\/www.ellikki.fi\/korut\/","name":"Ellikki.fi","description":"Helmisuutari","potentialAction":[{"@type":"SearchAction","target":{"@type":"EntryPoint","urlTemplate":"https:\/\/www.ellikki.fi\/korut\/?s={search_term_string}"},"query-input":{"@type":"PropertyValueSpecification","valueRequired":true,"valueName":"search_term_string"}}],"inLanguage":"fi"},{"@type":"Person","@id":"https:\/\/www.ellikki.fi\/korut\/#\/schema\/person\/4100981f383f4e840417efe2a45a2e13","name":"Ellikki","image":{"@type":"ImageObject","inLanguage":"fi","@id":"https:\/\/www.ellikki.fi\/korut\/#\/schema\/person\/image\/","url":"https:\/\/secure.gravatar.com\/avatar\/68459a81492a7fdb3d3e31353836619029f7a695895440f957f81143855d97ee?s=96&d=mm&r=g","contentUrl":"https:\/\/secure.gravatar.com\/avatar\/68459a81492a7fdb3d3e31353836619029f7a695895440f957f81143855d97ee?s=96&d=mm&r=g","caption":"Ellikki"},"description":"Loputtoman utelias hevostoimittaja, tarinanmets\u00e4st\u00e4j\u00e4 ja koruharrastaja, joka edelleen ihmettelee maailmaa ja koettaa aina silloin t\u00e4ll\u00f6in tehd\u00e4 jotain ensi kertaa el\u00e4m\u00e4ss\u00e4\u00e4n."}]}},"_links":{"self":[{"href":"https:\/\/www.ellikki.fi\/korut\/wp-json\/wp\/v2\/posts\/575","targetHints":{"allow":["GET"]}}],"collection":[{"href":"https:\/\/www.ellikki.fi\/korut\/wp-json\/wp\/v2\/posts"}],"about":[{"href":"https:\/\/www.ellikki.fi\/korut\/wp-json\/wp\/v2\/types\/post"}],"author":[{"embeddable":true,"href":"https:\/\/www.ellikki.fi\/korut\/wp-json\/wp\/v2\/users\/1"}],"replies":[{"embeddable":true,"href":"https:\/\/www.ellikki.fi\/korut\/wp-json\/wp\/v2\/comments?post=575"}],"version-history":[{"count":0,"href":"https:\/\/www.ellikki.fi\/korut\/wp-json\/wp\/v2\/posts\/575\/revisions"}],"wp:featuredmedia":[{"embeddable":true,"href":"https:\/\/www.ellikki.fi\/korut\/wp-json\/wp\/v2\/media\/578"}],"wp:attachment":[{"href":"https:\/\/www.ellikki.fi\/korut\/wp-json\/wp\/v2\/media?parent=575"}],"wp:term":[{"taxonomy":"category","embeddable":true,"href":"https:\/\/www.ellikki.fi\/korut\/wp-json\/wp\/v2\/categories?post=575"},{"taxonomy":"post_tag","embeddable":true,"href":"https:\/\/www.ellikki.fi\/korut\/wp-json\/wp\/v2\/tags?post=575"}],"curies":[{"name":"wp","href":"https:\/\/api.w.org\/{rel}","templated":true}]}}