{"id":609,"date":"2015-01-11T17:41:28","date_gmt":"2015-01-11T15:41:28","guid":{"rendered":"http:\/\/www.ellikki.fi\/korut\/?p=609"},"modified":"2016-11-03T01:49:08","modified_gmt":"2016-11-02T23:49:08","slug":"korujen-matkassa-amerikat","status":"publish","type":"post","link":"https:\/\/www.ellikki.fi\/korut\/tietolaari\/korujen-matkassa-amerikat\/","title":{"rendered":"Korujen matkassa: Amerikat"},"content":{"rendered":"<p>Ennen kuin eurooppalaiset tulivat uudelle mantereelle, siell\u00e4 asui v\u00e4ke\u00e4, joilla oli v\u00e4rikk\u00e4\u00e4t juhla-asut ja runsaasti taidokkaita koruja. Kolumbus rantautui Karibianmeren saareen ja luuli l\u00f6yt\u00e4neens\u00e4 meritien Intiaan, joten h\u00e4n nimitti asukkaita intiaaneiksi (intialaisiksi). Retki johti er\u00e4isiin historian pahimmista h\u00e4vityksist\u00e4 kaikilla tasoilla: alkuper\u00e4isi\u00e4 asukkaita kuoli tuhansittain, heid\u00e4n maansa vallattiin ja heid\u00e4n omaisuutensa laivattiin Eurooppaan. Osa asukkaista selvisi hengiss\u00e4, ja heid\u00e4n j\u00e4lkel\u00e4isens\u00e4 nyky\u00e4\u00e4n osaavat onneksi arvostaa perint\u00f6\u00e4\u00e4n.<\/p>\n<p><a href=\"http:\/\/www.ellikki.fi\/korut\/wp-content\/uploads\/2015\/01\/Atsteekkitanssija.jpg\"><img decoding=\"async\" class=\"aligncenter size-full wp-image-611\" src=\"http:\/\/www.ellikki.fi\/korut\/wp-content\/uploads\/2015\/01\/Atsteekkitanssija.jpg\" alt=\"Atsteekkitanssija\" width=\"656\" height=\"672\" srcset=\"https:\/\/www.ellikki.fi\/korut\/wp-content\/uploads\/2015\/01\/Atsteekkitanssija-200x205.jpg 200w, https:\/\/www.ellikki.fi\/korut\/wp-content\/uploads\/2015\/01\/Atsteekkitanssija-293x300.jpg 293w, https:\/\/www.ellikki.fi\/korut\/wp-content\/uploads\/2015\/01\/Atsteekkitanssija-400x410.jpg 400w, https:\/\/www.ellikki.fi\/korut\/wp-content\/uploads\/2015\/01\/Atsteekkitanssija-600x615.jpg 600w, https:\/\/www.ellikki.fi\/korut\/wp-content\/uploads\/2015\/01\/Atsteekkitanssija.jpg 656w\" sizes=\"(max-width: 656px) 100vw, 656px\" \/><\/a><\/p>\n<p>Etel\u00e4-Amerikka<\/p>\n<p>Maanosan historia on kultaa, hopeaa ja v\u00e4rikk\u00e4it\u00e4 siemenhelmi\u00e4. Kultaa oli runsaasti atsteekeilla, inkoilla ja mayoilla, hopeaa taas maan uumenissa. Hopeaa l\u00f6ytyi niin paljon, ett\u00e4 hopean arvo romahti pysyv\u00e4sti ja <a title=\"Argentiinan historia, Wikipedia\" href=\"http:\/\/fi.wikipedia.org\/wiki\/Argentiinan_historia\" target=\"_blank\"><strong>Argentiina<\/strong><\/a> nimettiin hopean latinankielisen nimen argentum mukaan. Kultaakin oli niin runsaasti, ett\u00e4 espanjalaisten saapuminen on varmaan edelleen maailman suurin ry\u00f6st\u00f6retki.<\/p>\n<p>On sanottu, ett\u00e4 historiassa on ollut kaksi suurta kultasepp\u00e4kansaa: Perun inkat ja Meksikon atsteekit. Inkojen ja atsteekkien kulta-aarre oli kuin tarunomainen Eldorado, kullan maa. Kullasta oli tehty suurimmaksi osaksi taide-esineit\u00e4 ja jumalankuvia, mutta ne saivat menn\u00e4. Eurooppalaiset valloittajat arvostivat kullan paljon korkeammalle kuin taiteen, joka kullasta oli tehty. Meksikolaisten kullasta on j\u00e4ljell\u00e4 en\u00e4\u00e4 aikalaisten p\u00e4iv\u00e4kirjamerkint\u00f6j\u00e4. Alle sadassa vuodessa yli 30 tonnia kultaa ry\u00f6stettiin, laivattiin Espanjaan ja sulatettiin.<\/p>\n<p><a href=\"http:\/\/www.ellikki.fi\/korut\/wp-content\/uploads\/2015\/01\/Atsteekkimies.jpg\"><img decoding=\"async\" class=\"aligncenter size-full wp-image-612\" src=\"http:\/\/www.ellikki.fi\/korut\/wp-content\/uploads\/2015\/01\/Atsteekkimies.jpg\" alt=\"Atsteekkimies\" width=\"599\" height=\"800\" srcset=\"https:\/\/www.ellikki.fi\/korut\/wp-content\/uploads\/2015\/01\/Atsteekkimies-200x267.jpg 200w, https:\/\/www.ellikki.fi\/korut\/wp-content\/uploads\/2015\/01\/Atsteekkimies-225x300.jpg 225w, https:\/\/www.ellikki.fi\/korut\/wp-content\/uploads\/2015\/01\/Atsteekkimies-400x534.jpg 400w, https:\/\/www.ellikki.fi\/korut\/wp-content\/uploads\/2015\/01\/Atsteekkimies.jpg 599w\" sizes=\"(max-width: 599px) 100vw, 599px\" \/><\/a><\/p>\n<p>Perua ei ry\u00f6stetty yht\u00e4 tyhj\u00e4ksi kuin Meksikoa, sill\u00e4 osa kullasta oli haudattu vainajien mukana maan poveen. Inkat uskoivat, ett\u00e4 tuonelan lautturille piti maksaa kyytimaksu kultana, jotta vainaja p\u00e4\u00e4sisi perille tuonpuoleiseen. Espanjalaiset kammoksuivat hautausmaita, joten n\u00e4m\u00e4 kulta-aarteet saattoivat j\u00e4\u00e4d\u00e4 j\u00e4lkipolvien l\u00f6ydett\u00e4v\u00e4ksi.<\/p>\n<p>Kulta meni, mutta intiaanien j\u00e4lkel\u00e4isen kutovat edelleen v\u00e4rikk\u00e4it\u00e4 kankaita, tekev\u00e4t hienoja siemenhelmikoruja ja taguakoruja. Tagua on \u201dkasvikunnan norsunluuta\u201d, jota saadaan taguapalmusta. Sen suuret siemenet ovat vaaleita ja kovia, ajan kuluessa ne alkavat kellert\u00e4\u00e4, kuten norsunluukin. Taguansiemenet maalataan ja lakataan, jolloin niist\u00e4 saadaan hienoja koruja.<\/p>\n<div class=\"fusion-fullwidth fullwidth-box fusion-builder-row-1 hundred-percent-fullwidth non-hundred-percent-height-scrolling\" style=\"--awb-border-radius-top-left:0px;--awb-border-radius-top-right:0px;--awb-border-radius-bottom-right:0px;--awb-border-radius-bottom-left:0px;--awb-overflow:visible;--awb-flex-wrap:wrap;\" ><div class=\"fusion-builder-row fusion-row\"><div class=\"fusion-layout-column fusion_builder_column fusion-builder-column-0 fusion_builder_column_1_1 1_1 fusion-one-full fusion-column-first fusion-column-last fusion-column-no-min-height\" style=\"--awb-bg-size:cover;--awb-margin-bottom:0px;\"><div class=\"fusion-column-wrapper fusion-flex-column-wrapper-legacy\"><div id=\"attachment_613\" style=\"width: 1010px\" class=\"wp-caption aligncenter\"><a href=\"http:\/\/www.ellikki.fi\/korut\/wp-content\/uploads\/2015\/01\/Tagua.jpg\"><img decoding=\"async\" aria-describedby=\"caption-attachment-613\" class=\"wp-image-613 size-full\" src=\"http:\/\/www.ellikki.fi\/korut\/wp-content\/uploads\/2015\/01\/Tagua.jpg\" alt=\"Tagua\" width=\"1000\" height=\"812\" srcset=\"https:\/\/www.ellikki.fi\/korut\/wp-content\/uploads\/2015\/01\/Tagua-147x118.jpg 147w, https:\/\/www.ellikki.fi\/korut\/wp-content\/uploads\/2015\/01\/Tagua-200x162.jpg 200w, https:\/\/www.ellikki.fi\/korut\/wp-content\/uploads\/2015\/01\/Tagua-300x244.jpg 300w, https:\/\/www.ellikki.fi\/korut\/wp-content\/uploads\/2015\/01\/Tagua-400x325.jpg 400w, https:\/\/www.ellikki.fi\/korut\/wp-content\/uploads\/2015\/01\/Tagua-600x487.jpg 600w, https:\/\/www.ellikki.fi\/korut\/wp-content\/uploads\/2015\/01\/Tagua-768x624.jpg 768w, https:\/\/www.ellikki.fi\/korut\/wp-content\/uploads\/2015\/01\/Tagua-800x650.jpg 800w, https:\/\/www.ellikki.fi\/korut\/wp-content\/uploads\/2015\/01\/Tagua.jpg 1000w\" sizes=\"(max-width: 1000px) 100vw, 1000px\" \/><\/a><p id=\"caption-attachment-613\" class=\"wp-caption-text\">Taguakorvakorut. Kuva: Siru Lepp\u00e4nen de Arias<\/p><\/div>\n<p>Pohjois-Amerikka<\/p>\n<p>Lukuisat eri intiaaniheimot asuttivat Pohjois-Amerikkaa ennen eurooppalaisten tuloa. Kalliovuorten juurella, Yhdysvaltojen lounaisosassa louhitaan turkoosia, ja se n\u00e4kyy alueella asuvien navajojen <a title=\"Intiaanikoruja\" href=\"http:\/\/www.horsekeeping.com\/jewelry\/stones.htm\" target=\"_blank\"><strong>perinteisiss\u00e4 koruissa<\/strong><\/a>, joissa turkoosi on yhdistetty hopeaan (kuva artikkelin alussa). It\u00e4isten heimojen koruissa taas suosittu materiaali oli helmi\u00e4inen eli <a title=\"Wampum Wikipediassa (englanniksi)\" href=\"http:\/\/en.wikipedia.org\/wiki\/Wampum\" target=\"_blank\"><strong>wampum<\/strong><\/a>. Wampum tarkoittaa er\u00e4iss\u00e4 it\u00e4isiss\u00e4 intiaanikieliss\u00e4 \u201dvalkoista kuorihelme\u00e4\u201d. Ne tehtiin er\u00e4\u00e4n simpukkalajin kuoren sis\u00e4pinnasta.<\/p>\n<p>Kolumbus toi Euroopasta aikansa huippuvientituotetta, Venetsian lasista tehtyj\u00e4 lasihelmi\u00e4. My\u00f6hempin\u00e4 vuosisatoina helmi\u00e4 tuotiin Ven\u00e4j\u00e4lt\u00e4 ja Englannista. Amerikassa on kehitetty my\u00f6s jotain aivan omaa: 1950-luvulla tulivat muotiin muoviset<a title=\"Pop it\" href=\"http:\/\/www.sciencefirst.com\/images\/P\/638-0420-01.jpg\" target=\"_blank\"><strong> pop it \u2013helmet<\/strong><\/a>. Niit\u00e4 n\u00e4kee en\u00e4\u00e4 l\u00e4hinn\u00e4 lasten koruissa, mutta aikoinaan niit\u00e4 k\u00e4yttiv\u00e4t my\u00f6s <a title=\"Marilyn Monroe ja pop it\" href=\"http:\/\/theloveofvintage.files.wordpress.com\/2012\/07\/popit50s.jpg\" target=\"_blank\"><strong>filmit\u00e4hdet<\/strong><\/a>. Jokaisessa helmess\u00e4 on uloke ja reik\u00e4, niinp\u00e4 helmist\u00e4 saatettiin koota juuri niin pitk\u00e4 koru kuin haluttiin.<\/p>\n<p>Kuvat, julkaistu <a href=\"http:\/\/fi.wikipedia.org\/wiki\/Creative_Commons\" target=\"_blank\"><strong>Creative Commons<\/strong><\/a> -lisenssill\u00e4:<\/p>\n<p>Sormukset: <a href=\"https:\/\/www.flickr.com\/photos\/pamwood707\/5843613759\/in\/photolist-9Uo3Mn-7KdcRY-cxuqNw-dYy7M1-gANEbC-q6nCMv-59j2mo-59eNXD-aE6TVz-6pmRjY-88Uxxt-cCPqyC-5CpkbW-bAg5yW-4LSwgn-so2Z4-cMojk-ozVWZZ-723jq9-9Bje77-94CsL8-3eufZm-tj94t-8VTLWG-7fdD7t-a6CaTa-5Kzb1c-a6Ccmv-5Ck4zg-7gHChz-cqU8UQ-SsGaT-94Fx1S-tj8wC-cCPqQL-cq1qSy-SsGGV-cMjwq-ekh2wF-SsFGR-5CpmfQ-5CpjLN-5CpmFd-vg8BA-5CpmMf-5KDojC-jJ3TVh-iPHo7-5KDohC-5Kz91c\" target=\"_blank\"><strong>Woody Hibbard<\/strong><\/a><\/p>\n<p>Atsteekkitanssija: <strong><a href=\"https:\/\/www.flickr.com\/photos\/zen\/46301965\/in\/photolist-56iXK-nbQHog-htq3DU-gjVRkT-7gCExB-97qCuU-5Cdut6-4G755N-o4jN4t-AAzsH-Dkjbw-gjVjzB-2pDSS-busfj-sordV-5Ukwjr-pquAb2-oN9nAL-poTcoA-3wTYE-ozDJ5z-5MW8D-cgbG5E-5GYaGw-gcFjy-66zrQx-9LhADJ-cCysYS-65jmi5-7csA5y-arkU3Y-dtKx2u-2soDaR-2H4mhB-dvsK29-89c6ve-8tSCpk-dPQ3HY-qnXXi-oEGhYK-5cV7Eg-aanL3-85w526-gjVwaw-bgfuRD-5Dc6N5-4s5LV2-9LeNRr-7BrXSu-4jkjPw\" target=\"_blank\">zen Sutherland<\/a><\/strong><\/p>\n<p>Atsteekkimies: <a href=\"https:\/\/www.flickr.com\/photos\/jfholloway\/2336693464\/in\/photolist-4yuaym-8xcyn4-apxj3L-h62WXD-pyGgwJ-B9qkm-555dJo-nJ58G-7F5Jvq-jwfr3-jwfKZ-w5KUj-hg7LgR-2gxjzJ-3GJab-4dYgYz-9qLPoo-6DKYCC-HDE2D-bn5U7Z-bn5wLp-bn5UiZ-jwg8o-dNAct-jwg4U-8ENc8q-e2dnbk-MyfYy-4uaHud-gx8x5-u486M-hhL4eM-9fNB1N-bn5wPX-bn5Un8-bn5Ufn-hg8qnR-9cyzaW-hg9DZZ-hgeodP-9yny22-B9pVS-6Vr1cD-6MmojH-6gRdCM-hhL4er-hhL43e-hhL43K-nEbhb-tm1qY\" target=\"_blank\"><strong>catface3<\/strong><\/a><\/p>\n<p>Kirjalliset l\u00e4hteet:<\/p>\n<p>J. Anderson Black: A History of Jewels<br \/>\nJanet Coles &amp; Robert Budwig: The Complete Book of Beads<div class=\"fusion-clearfix\"><\/div><\/div><\/div><\/div><\/div>\n","protected":false},"excerpt":{"rendered":"<p>Ennen kuin eurooppalaiset tulivat uudelle mantereelle, siell\u00e4 asui v\u00e4ke\u00e4, joilla oli v\u00e4rikk\u00e4\u00e4t juhla-asut ja runsaasti taidokkaita koruja. Kolumbus rantautui Karibianmeren saareen ja luuli l\u00f6yt\u00e4neens\u00e4 meritien Intiaan, joten h\u00e4n nimitti asukkaita intiaaneiksi (intialaisiksi). Retki johti er\u00e4isiin  [&#8230;]<\/p>\n","protected":false},"author":1,"featured_media":610,"comment_status":"open","ping_status":"open","sticky":false,"template":"","format":"standard","meta":{"footnotes":""},"categories":[20],"tags":[123,126,125,124,122],"class_list":["post-609","post","type-post","status-publish","format-standard","has-post-thumbnail","hentry","category-tietolaari","tag-etela-amerikka","tag-intiaanikorut","tag-intiaanit","tag-koruhistoria","tag-pohjois-amerikka"],"yoast_head":"<!-- This site is optimized with the Yoast SEO plugin v27.1.1 - https:\/\/yoast.com\/product\/yoast-seo-wordpress\/ -->\n<title>Korujen matkassa: Amerikat - Ellikki.fi<\/title>\n<meta name=\"description\" content=\"Valloittajien saapuminen Amerikan mantereelle oli tuhoisaa my\u00f6s koruperinteille.\" \/>\n<meta name=\"robots\" content=\"index, follow, max-snippet:-1, max-image-preview:large, max-video-preview:-1\" \/>\n<link rel=\"canonical\" href=\"https:\/\/www.ellikki.fi\/korut\/tietolaari\/korujen-matkassa-amerikat\/\" \/>\n<meta property=\"og:locale\" content=\"fi_FI\" \/>\n<meta property=\"og:type\" content=\"article\" \/>\n<meta property=\"og:title\" content=\"Korujen matkassa: Amerikat - Ellikki.fi\" \/>\n<meta property=\"og:description\" content=\"Valloittajien saapuminen Amerikan mantereelle oli tuhoisaa my\u00f6s koruperinteille.\" \/>\n<meta property=\"og:url\" content=\"https:\/\/www.ellikki.fi\/korut\/tietolaari\/korujen-matkassa-amerikat\/\" \/>\n<meta property=\"og:site_name\" content=\"Ellikki.fi\" \/>\n<meta property=\"article:publisher\" content=\"https:\/\/www.facebook.com\/ellikki\" \/>\n<meta property=\"article:published_time\" content=\"2015-01-11T15:41:28+00:00\" \/>\n<meta property=\"article:modified_time\" content=\"2016-11-02T23:49:08+00:00\" \/>\n<meta property=\"og:image\" content=\"https:\/\/www.ellikki.fi\/korut\/wp-content\/uploads\/2015\/01\/Intiaanisormukset.jpg\" \/>\n\t<meta property=\"og:image:width\" content=\"1000\" \/>\n\t<meta property=\"og:image:height\" content=\"617\" \/>\n\t<meta property=\"og:image:type\" content=\"image\/jpeg\" \/>\n<meta name=\"author\" content=\"Ellikki\" \/>\n<meta name=\"twitter:card\" content=\"summary_large_image\" \/>\n<meta name=\"twitter:creator\" content=\"@eltalvio\" \/>\n<meta name=\"twitter:site\" content=\"@eltalvio\" \/>\n<meta name=\"twitter:label1\" content=\"Kirjoittanut\" \/>\n\t<meta name=\"twitter:data1\" content=\"Ellikki\" \/>\n\t<meta name=\"twitter:label2\" content=\"Arvioitu lukuaika\" \/>\n\t<meta name=\"twitter:data2\" content=\"3 minuuttia\" \/>\n<script type=\"application\/ld+json\" class=\"yoast-schema-graph\">{\"@context\":\"https:\/\/schema.org\",\"@graph\":[{\"@type\":\"Article\",\"@id\":\"https:\/\/www.ellikki.fi\/korut\/tietolaari\/korujen-matkassa-amerikat\/#article\",\"isPartOf\":{\"@id\":\"https:\/\/www.ellikki.fi\/korut\/tietolaari\/korujen-matkassa-amerikat\/\"},\"author\":{\"name\":\"Ellikki\",\"@id\":\"https:\/\/www.ellikki.fi\/korut\/#\/schema\/person\/4100981f383f4e840417efe2a45a2e13\"},\"headline\":\"Korujen matkassa: Amerikat\",\"datePublished\":\"2015-01-11T15:41:28+00:00\",\"dateModified\":\"2016-11-02T23:49:08+00:00\",\"mainEntityOfPage\":{\"@id\":\"https:\/\/www.ellikki.fi\/korut\/tietolaari\/korujen-matkassa-amerikat\/\"},\"wordCount\":556,\"commentCount\":0,\"image\":{\"@id\":\"https:\/\/www.ellikki.fi\/korut\/tietolaari\/korujen-matkassa-amerikat\/#primaryimage\"},\"thumbnailUrl\":\"https:\/\/www.ellikki.fi\/korut\/wp-content\/uploads\/2015\/01\/Intiaanisormukset.jpg\",\"keywords\":[\"Etel\u00e4-Amerikka\",\"intiaanikorut\",\"intiaanit\",\"koruhistoria\",\"Pohjois-Amerikka\"],\"articleSection\":[\"Tietolaari\"],\"inLanguage\":\"fi\",\"potentialAction\":[{\"@type\":\"CommentAction\",\"name\":\"Comment\",\"target\":[\"https:\/\/www.ellikki.fi\/korut\/tietolaari\/korujen-matkassa-amerikat\/#respond\"]}]},{\"@type\":\"WebPage\",\"@id\":\"https:\/\/www.ellikki.fi\/korut\/tietolaari\/korujen-matkassa-amerikat\/\",\"url\":\"https:\/\/www.ellikki.fi\/korut\/tietolaari\/korujen-matkassa-amerikat\/\",\"name\":\"Korujen matkassa: Amerikat - Ellikki.fi\",\"isPartOf\":{\"@id\":\"https:\/\/www.ellikki.fi\/korut\/#website\"},\"primaryImageOfPage\":{\"@id\":\"https:\/\/www.ellikki.fi\/korut\/tietolaari\/korujen-matkassa-amerikat\/#primaryimage\"},\"image\":{\"@id\":\"https:\/\/www.ellikki.fi\/korut\/tietolaari\/korujen-matkassa-amerikat\/#primaryimage\"},\"thumbnailUrl\":\"https:\/\/www.ellikki.fi\/korut\/wp-content\/uploads\/2015\/01\/Intiaanisormukset.jpg\",\"datePublished\":\"2015-01-11T15:41:28+00:00\",\"dateModified\":\"2016-11-02T23:49:08+00:00\",\"author\":{\"@id\":\"https:\/\/www.ellikki.fi\/korut\/#\/schema\/person\/4100981f383f4e840417efe2a45a2e13\"},\"description\":\"Valloittajien saapuminen Amerikan mantereelle oli tuhoisaa my\u00f6s koruperinteille.\",\"breadcrumb\":{\"@id\":\"https:\/\/www.ellikki.fi\/korut\/tietolaari\/korujen-matkassa-amerikat\/#breadcrumb\"},\"inLanguage\":\"fi\",\"potentialAction\":[{\"@type\":\"ReadAction\",\"target\":[\"https:\/\/www.ellikki.fi\/korut\/tietolaari\/korujen-matkassa-amerikat\/\"]}]},{\"@type\":\"ImageObject\",\"inLanguage\":\"fi\",\"@id\":\"https:\/\/www.ellikki.fi\/korut\/tietolaari\/korujen-matkassa-amerikat\/#primaryimage\",\"url\":\"https:\/\/www.ellikki.fi\/korut\/wp-content\/uploads\/2015\/01\/Intiaanisormukset.jpg\",\"contentUrl\":\"https:\/\/www.ellikki.fi\/korut\/wp-content\/uploads\/2015\/01\/Intiaanisormukset.jpg\",\"width\":1000,\"height\":617,\"caption\":\"Intiaanisormukset\"},{\"@type\":\"BreadcrumbList\",\"@id\":\"https:\/\/www.ellikki.fi\/korut\/tietolaari\/korujen-matkassa-amerikat\/#breadcrumb\",\"itemListElement\":[{\"@type\":\"ListItem\",\"position\":1,\"name\":\"Ellikki.fi - Helmisuutari\",\"item\":\"https:\/\/www.ellikki.fi\/korut\/\"},{\"@type\":\"ListItem\",\"position\":2,\"name\":\"Korujen matkassa: Amerikat\"}]},{\"@type\":\"WebSite\",\"@id\":\"https:\/\/www.ellikki.fi\/korut\/#website\",\"url\":\"https:\/\/www.ellikki.fi\/korut\/\",\"name\":\"Ellikki.fi\",\"description\":\"Helmisuutari\",\"potentialAction\":[{\"@type\":\"SearchAction\",\"target\":{\"@type\":\"EntryPoint\",\"urlTemplate\":\"https:\/\/www.ellikki.fi\/korut\/?s={search_term_string}\"},\"query-input\":{\"@type\":\"PropertyValueSpecification\",\"valueRequired\":true,\"valueName\":\"search_term_string\"}}],\"inLanguage\":\"fi\"},{\"@type\":\"Person\",\"@id\":\"https:\/\/www.ellikki.fi\/korut\/#\/schema\/person\/4100981f383f4e840417efe2a45a2e13\",\"name\":\"Ellikki\",\"image\":{\"@type\":\"ImageObject\",\"inLanguage\":\"fi\",\"@id\":\"https:\/\/www.ellikki.fi\/korut\/#\/schema\/person\/image\/\",\"url\":\"https:\/\/secure.gravatar.com\/avatar\/68459a81492a7fdb3d3e31353836619029f7a695895440f957f81143855d97ee?s=96&d=mm&r=g\",\"contentUrl\":\"https:\/\/secure.gravatar.com\/avatar\/68459a81492a7fdb3d3e31353836619029f7a695895440f957f81143855d97ee?s=96&d=mm&r=g\",\"caption\":\"Ellikki\"},\"description\":\"Loputtoman utelias hevostoimittaja, tarinanmets\u00e4st\u00e4j\u00e4 ja koruharrastaja, joka edelleen ihmettelee maailmaa ja koettaa aina silloin t\u00e4ll\u00f6in tehd\u00e4 jotain ensi kertaa el\u00e4m\u00e4ss\u00e4\u00e4n.\"}]}<\/script>\n<!-- \/ Yoast SEO plugin. -->","yoast_head_json":{"title":"Korujen matkassa: Amerikat - Ellikki.fi","description":"Valloittajien saapuminen Amerikan mantereelle oli tuhoisaa my\u00f6s koruperinteille.","robots":{"index":"index","follow":"follow","max-snippet":"max-snippet:-1","max-image-preview":"max-image-preview:large","max-video-preview":"max-video-preview:-1"},"canonical":"https:\/\/www.ellikki.fi\/korut\/tietolaari\/korujen-matkassa-amerikat\/","og_locale":"fi_FI","og_type":"article","og_title":"Korujen matkassa: Amerikat - Ellikki.fi","og_description":"Valloittajien saapuminen Amerikan mantereelle oli tuhoisaa my\u00f6s koruperinteille.","og_url":"https:\/\/www.ellikki.fi\/korut\/tietolaari\/korujen-matkassa-amerikat\/","og_site_name":"Ellikki.fi","article_publisher":"https:\/\/www.facebook.com\/ellikki","article_published_time":"2015-01-11T15:41:28+00:00","article_modified_time":"2016-11-02T23:49:08+00:00","og_image":[{"width":1000,"height":617,"url":"https:\/\/www.ellikki.fi\/korut\/wp-content\/uploads\/2015\/01\/Intiaanisormukset.jpg","type":"image\/jpeg"}],"author":"Ellikki","twitter_card":"summary_large_image","twitter_creator":"@eltalvio","twitter_site":"@eltalvio","twitter_misc":{"Kirjoittanut":"Ellikki","Arvioitu lukuaika":"3 minuuttia"},"schema":{"@context":"https:\/\/schema.org","@graph":[{"@type":"Article","@id":"https:\/\/www.ellikki.fi\/korut\/tietolaari\/korujen-matkassa-amerikat\/#article","isPartOf":{"@id":"https:\/\/www.ellikki.fi\/korut\/tietolaari\/korujen-matkassa-amerikat\/"},"author":{"name":"Ellikki","@id":"https:\/\/www.ellikki.fi\/korut\/#\/schema\/person\/4100981f383f4e840417efe2a45a2e13"},"headline":"Korujen matkassa: Amerikat","datePublished":"2015-01-11T15:41:28+00:00","dateModified":"2016-11-02T23:49:08+00:00","mainEntityOfPage":{"@id":"https:\/\/www.ellikki.fi\/korut\/tietolaari\/korujen-matkassa-amerikat\/"},"wordCount":556,"commentCount":0,"image":{"@id":"https:\/\/www.ellikki.fi\/korut\/tietolaari\/korujen-matkassa-amerikat\/#primaryimage"},"thumbnailUrl":"https:\/\/www.ellikki.fi\/korut\/wp-content\/uploads\/2015\/01\/Intiaanisormukset.jpg","keywords":["Etel\u00e4-Amerikka","intiaanikorut","intiaanit","koruhistoria","Pohjois-Amerikka"],"articleSection":["Tietolaari"],"inLanguage":"fi","potentialAction":[{"@type":"CommentAction","name":"Comment","target":["https:\/\/www.ellikki.fi\/korut\/tietolaari\/korujen-matkassa-amerikat\/#respond"]}]},{"@type":"WebPage","@id":"https:\/\/www.ellikki.fi\/korut\/tietolaari\/korujen-matkassa-amerikat\/","url":"https:\/\/www.ellikki.fi\/korut\/tietolaari\/korujen-matkassa-amerikat\/","name":"Korujen matkassa: Amerikat - Ellikki.fi","isPartOf":{"@id":"https:\/\/www.ellikki.fi\/korut\/#website"},"primaryImageOfPage":{"@id":"https:\/\/www.ellikki.fi\/korut\/tietolaari\/korujen-matkassa-amerikat\/#primaryimage"},"image":{"@id":"https:\/\/www.ellikki.fi\/korut\/tietolaari\/korujen-matkassa-amerikat\/#primaryimage"},"thumbnailUrl":"https:\/\/www.ellikki.fi\/korut\/wp-content\/uploads\/2015\/01\/Intiaanisormukset.jpg","datePublished":"2015-01-11T15:41:28+00:00","dateModified":"2016-11-02T23:49:08+00:00","author":{"@id":"https:\/\/www.ellikki.fi\/korut\/#\/schema\/person\/4100981f383f4e840417efe2a45a2e13"},"description":"Valloittajien saapuminen Amerikan mantereelle oli tuhoisaa my\u00f6s koruperinteille.","breadcrumb":{"@id":"https:\/\/www.ellikki.fi\/korut\/tietolaari\/korujen-matkassa-amerikat\/#breadcrumb"},"inLanguage":"fi","potentialAction":[{"@type":"ReadAction","target":["https:\/\/www.ellikki.fi\/korut\/tietolaari\/korujen-matkassa-amerikat\/"]}]},{"@type":"ImageObject","inLanguage":"fi","@id":"https:\/\/www.ellikki.fi\/korut\/tietolaari\/korujen-matkassa-amerikat\/#primaryimage","url":"https:\/\/www.ellikki.fi\/korut\/wp-content\/uploads\/2015\/01\/Intiaanisormukset.jpg","contentUrl":"https:\/\/www.ellikki.fi\/korut\/wp-content\/uploads\/2015\/01\/Intiaanisormukset.jpg","width":1000,"height":617,"caption":"Intiaanisormukset"},{"@type":"BreadcrumbList","@id":"https:\/\/www.ellikki.fi\/korut\/tietolaari\/korujen-matkassa-amerikat\/#breadcrumb","itemListElement":[{"@type":"ListItem","position":1,"name":"Ellikki.fi - Helmisuutari","item":"https:\/\/www.ellikki.fi\/korut\/"},{"@type":"ListItem","position":2,"name":"Korujen matkassa: Amerikat"}]},{"@type":"WebSite","@id":"https:\/\/www.ellikki.fi\/korut\/#website","url":"https:\/\/www.ellikki.fi\/korut\/","name":"Ellikki.fi","description":"Helmisuutari","potentialAction":[{"@type":"SearchAction","target":{"@type":"EntryPoint","urlTemplate":"https:\/\/www.ellikki.fi\/korut\/?s={search_term_string}"},"query-input":{"@type":"PropertyValueSpecification","valueRequired":true,"valueName":"search_term_string"}}],"inLanguage":"fi"},{"@type":"Person","@id":"https:\/\/www.ellikki.fi\/korut\/#\/schema\/person\/4100981f383f4e840417efe2a45a2e13","name":"Ellikki","image":{"@type":"ImageObject","inLanguage":"fi","@id":"https:\/\/www.ellikki.fi\/korut\/#\/schema\/person\/image\/","url":"https:\/\/secure.gravatar.com\/avatar\/68459a81492a7fdb3d3e31353836619029f7a695895440f957f81143855d97ee?s=96&d=mm&r=g","contentUrl":"https:\/\/secure.gravatar.com\/avatar\/68459a81492a7fdb3d3e31353836619029f7a695895440f957f81143855d97ee?s=96&d=mm&r=g","caption":"Ellikki"},"description":"Loputtoman utelias hevostoimittaja, tarinanmets\u00e4st\u00e4j\u00e4 ja koruharrastaja, joka edelleen ihmettelee maailmaa ja koettaa aina silloin t\u00e4ll\u00f6in tehd\u00e4 jotain ensi kertaa el\u00e4m\u00e4ss\u00e4\u00e4n."}]}},"_links":{"self":[{"href":"https:\/\/www.ellikki.fi\/korut\/wp-json\/wp\/v2\/posts\/609","targetHints":{"allow":["GET"]}}],"collection":[{"href":"https:\/\/www.ellikki.fi\/korut\/wp-json\/wp\/v2\/posts"}],"about":[{"href":"https:\/\/www.ellikki.fi\/korut\/wp-json\/wp\/v2\/types\/post"}],"author":[{"embeddable":true,"href":"https:\/\/www.ellikki.fi\/korut\/wp-json\/wp\/v2\/users\/1"}],"replies":[{"embeddable":true,"href":"https:\/\/www.ellikki.fi\/korut\/wp-json\/wp\/v2\/comments?post=609"}],"version-history":[{"count":0,"href":"https:\/\/www.ellikki.fi\/korut\/wp-json\/wp\/v2\/posts\/609\/revisions"}],"wp:featuredmedia":[{"embeddable":true,"href":"https:\/\/www.ellikki.fi\/korut\/wp-json\/wp\/v2\/media\/610"}],"wp:attachment":[{"href":"https:\/\/www.ellikki.fi\/korut\/wp-json\/wp\/v2\/media?parent=609"}],"wp:term":[{"taxonomy":"category","embeddable":true,"href":"https:\/\/www.ellikki.fi\/korut\/wp-json\/wp\/v2\/categories?post=609"},{"taxonomy":"post_tag","embeddable":true,"href":"https:\/\/www.ellikki.fi\/korut\/wp-json\/wp\/v2\/tags?post=609"}],"curies":[{"name":"wp","href":"https:\/\/api.w.org\/{rel}","templated":true}]}}