{"id":681,"date":"2015-03-31T21:27:35","date_gmt":"2015-03-31T18:27:35","guid":{"rendered":"http:\/\/www.ellikki.fi\/korut\/?p=681"},"modified":"2016-11-03T01:49:06","modified_gmt":"2016-11-02T23:49:06","slug":"kadentaitomessut-ovat-taalla-taas","status":"publish","type":"post","link":"https:\/\/www.ellikki.fi\/korut\/puffiboksi\/kadentaitomessut-ovat-taalla-taas\/","title":{"rendered":"K\u00e4dentaitomessut ovat t\u00e4\u00e4ll\u00e4 taas!"},"content":{"rendered":"<p>Aina silloin t\u00e4ll\u00f6in saan ylim\u00e4\u00e4r\u00e4isi\u00e4 lippuja erilaisille messuille, ja j\u00e4rjest\u00e4n niist\u00e4 arvontoja. T\u00e4ll\u00e4 kertaa lippukisa on hieman erilainen kuin t\u00e4h\u00e4n asti, arpajaisten sijaan nopeus on valttia: kolme nopeinta kommentoijaa saa kukin kaksi lippua messuille. Julkaisen kommentteja sit\u00e4 mukaa kuin niit\u00e4 tulee, joten n\u00e4et heti olitko kolmen nopeimman joukossa. N\u00e4in ollen nekin ihmiset, joista tuntuu ett\u00e4 he eiv\u00e4t koskaan voita arvonnoissa, voivat t\u00e4st\u00e4 voittaa liput messuille. N\u00e4m\u00e4 eiv\u00e4t varmasti ole viimeiset liput, joita jaan, joten jos et viel\u00e4 seuraa Ellikin blogia <a title=\"Ellikki Facebookissa\" href=\"www.facebook.com\/ellikki\" target=\"_blank\"><strong>Facebookissa<\/strong><\/a> tai <a title=\"Ellikki Twitteriss\u00e4\" href=\"https:\/\/twitter.com\/eltalvio\" target=\"_blank\"><strong>Twitteriss\u00e4<\/strong><\/a>, kannattaa korjata asia pikaisesti. Samalla lipulla p\u00e4\u00e4set kaikkiin Messukeskuksen tapahtumiin.<\/p>\n<h3>Mit\u00e4 on tarjolla?<\/h3>\n<p>K\u00e4dentaitomessut: Moderni design kohtaa perinteiset k\u00e4dentaidot. Messuilta askartelijat ja virkkaajat l\u00f6yt\u00e4v\u00e4t kaikkea uutta ja j\u00e4nn\u00e4\u00e4 sek\u00e4 tuttua ja turvallista. Kehr\u00e4\u00e4j\u00e4t esittelev\u00e4t pellavan ja koirankarvan kehruuta, v\u00e4rttin\u00e4\u00e4 ja rukkia. Monet n\u00e4ytteilleasettajat ovat j\u00e4rjest\u00e4neet omia pikkuty\u00f6pajoja, joissa voi ilmaiseksi tai materiaalimaksun hinnalla tehd\u00e4 itselleen kirjekuoria, paperia ja koruja, tai vaikka koristella kakkuja.<\/p>\n<p>Lapsimessut: Lapsiperheille ja odottajille tietoa ja tuotteita.<br \/>\nOutletExpo: Merkkituotteiden outlet-tapahtuma, josta saattaa hyv\u00e4ll\u00e4 tuurilla tehd\u00e4 l\u00f6yt\u00f6j\u00e4.<br \/>\nPetExpo: Lauantaina ja sunnuntaina (ei pe) on kaikkien lemmikki-ihmisten omat messut. Koirat, kissat ja kanit kilpailevat taidoissa ja kauneudessa.<br \/>\nModel Expo: Lennokit, rautatiet, nukkekodit ja muut pienoismallit ovat esittelyss\u00e4. Alan harrastajat ja ammattilaiset esittelev\u00e4t osaamistaan ja \u201dlelujaan\u201d.<br \/>\n<em>Miss\u00e4?<\/em> Helsingin messukeskuksessa<br \/>\n<em>Milloin?<\/em> 10.\u201312.4.2015, paitsi PetExpo on 11.\u201312.4.2015<\/p>\n","protected":false},"excerpt":{"rendered":"<p>Aina silloin t\u00e4ll\u00f6in saan ylim\u00e4\u00e4r\u00e4isi\u00e4 lippuja erilaisille messuille, ja j\u00e4rjest\u00e4n niist\u00e4 arvontoja. T\u00e4ll\u00e4 kertaa lippukisa on hieman erilainen kuin t\u00e4h\u00e4n asti, arpajaisten sijaan nopeus on valttia: kolme nopeinta kommentoijaa saa kukin kaksi lippua messuille. Julkaisen  [&#8230;]<\/p>\n","protected":false},"author":1,"featured_media":682,"comment_status":"open","ping_status":"open","sticky":false,"template":"","format":"standard","meta":{"footnotes":""},"categories":[8],"tags":[94,152,155,156,153,154,157,158],"class_list":["post-681","post","type-post","status-publish","format-standard","has-post-thumbnail","hentry","category-puffiboksi","tag-kadentaitomessut","tag-lapsimessut","tag-lemmikkimessut","tag-model-expo","tag-outletexpo","tag-petexpo","tag-pienoismallit","tag-voita-liput"],"yoast_head":"<!-- This site is optimized with the Yoast SEO plugin v27.1.1 - https:\/\/yoast.com\/product\/yoast-seo-wordpress\/ -->\n<title>K\u00e4dentaitomessut ovat t\u00e4\u00e4ll\u00e4 taas! - Ellikki.fi<\/title>\n<meta name=\"description\" content=\"K\u00e4dentaitomessut ovat k\u00e4sill\u00e4 tekij\u00e4n aarreaitta. Ellikki jakaa lippuja nopeimmille.\" \/>\n<meta name=\"robots\" content=\"index, follow, max-snippet:-1, max-image-preview:large, max-video-preview:-1\" \/>\n<link rel=\"canonical\" href=\"https:\/\/www.ellikki.fi\/korut\/puffiboksi\/kadentaitomessut-ovat-taalla-taas\/\" \/>\n<meta property=\"og:locale\" content=\"fi_FI\" \/>\n<meta property=\"og:type\" content=\"article\" \/>\n<meta property=\"og:title\" content=\"K\u00e4dentaitomessut ovat t\u00e4\u00e4ll\u00e4 taas! - Ellikki.fi\" \/>\n<meta property=\"og:description\" content=\"K\u00e4dentaitomessut ovat k\u00e4sill\u00e4 tekij\u00e4n aarreaitta. Ellikki jakaa lippuja nopeimmille.\" \/>\n<meta property=\"og:url\" content=\"https:\/\/www.ellikki.fi\/korut\/puffiboksi\/kadentaitomessut-ovat-taalla-taas\/\" \/>\n<meta property=\"og:site_name\" content=\"Ellikki.fi\" \/>\n<meta property=\"article:publisher\" content=\"https:\/\/www.facebook.com\/ellikki\" \/>\n<meta property=\"article:published_time\" content=\"2015-03-31T18:27:35+00:00\" \/>\n<meta property=\"article:modified_time\" content=\"2016-11-02T23:49:06+00:00\" \/>\n<meta property=\"og:image\" content=\"https:\/\/www.ellikki.fi\/korut\/wp-content\/uploads\/2015\/03\/Kadentaito_logo_vihrea_2013.jpg\" \/>\n\t<meta property=\"og:image:width\" content=\"622\" \/>\n\t<meta property=\"og:image:height\" content=\"343\" \/>\n\t<meta property=\"og:image:type\" content=\"image\/jpeg\" \/>\n<meta name=\"author\" content=\"Ellikki\" \/>\n<meta name=\"twitter:card\" content=\"summary_large_image\" \/>\n<meta name=\"twitter:creator\" content=\"@eltalvio\" \/>\n<meta name=\"twitter:site\" content=\"@eltalvio\" \/>\n<meta name=\"twitter:label1\" content=\"Kirjoittanut\" \/>\n\t<meta name=\"twitter:data1\" content=\"Ellikki\" \/>\n\t<meta name=\"twitter:label2\" content=\"Arvioitu lukuaika\" \/>\n\t<meta name=\"twitter:data2\" content=\"1 minuutti\" \/>\n<script type=\"application\/ld+json\" class=\"yoast-schema-graph\">{\"@context\":\"https:\/\/schema.org\",\"@graph\":[{\"@type\":\"Article\",\"@id\":\"https:\/\/www.ellikki.fi\/korut\/puffiboksi\/kadentaitomessut-ovat-taalla-taas\/#article\",\"isPartOf\":{\"@id\":\"https:\/\/www.ellikki.fi\/korut\/puffiboksi\/kadentaitomessut-ovat-taalla-taas\/\"},\"author\":{\"name\":\"Ellikki\",\"@id\":\"https:\/\/www.ellikki.fi\/korut\/#\/schema\/person\/4100981f383f4e840417efe2a45a2e13\"},\"headline\":\"K\u00e4dentaitomessut ovat t\u00e4\u00e4ll\u00e4 taas!\",\"datePublished\":\"2015-03-31T18:27:35+00:00\",\"dateModified\":\"2016-11-02T23:49:06+00:00\",\"mainEntityOfPage\":{\"@id\":\"https:\/\/www.ellikki.fi\/korut\/puffiboksi\/kadentaitomessut-ovat-taalla-taas\/\"},\"wordCount\":246,\"commentCount\":8,\"image\":{\"@id\":\"https:\/\/www.ellikki.fi\/korut\/puffiboksi\/kadentaitomessut-ovat-taalla-taas\/#primaryimage\"},\"thumbnailUrl\":\"https:\/\/www.ellikki.fi\/korut\/wp-content\/uploads\/2015\/03\/Kadentaito_logo_vihrea_2013.jpg\",\"keywords\":[\"k\u00e4dentaitomessut\",\"lapsimessut\",\"lemmikkimessut\",\"model expo\",\"outletexpo\",\"petexpo\",\"pienoismallit\",\"voita liput\"],\"articleSection\":[\"Puffiboksi\"],\"inLanguage\":\"fi\",\"potentialAction\":[{\"@type\":\"CommentAction\",\"name\":\"Comment\",\"target\":[\"https:\/\/www.ellikki.fi\/korut\/puffiboksi\/kadentaitomessut-ovat-taalla-taas\/#respond\"]}]},{\"@type\":\"WebPage\",\"@id\":\"https:\/\/www.ellikki.fi\/korut\/puffiboksi\/kadentaitomessut-ovat-taalla-taas\/\",\"url\":\"https:\/\/www.ellikki.fi\/korut\/puffiboksi\/kadentaitomessut-ovat-taalla-taas\/\",\"name\":\"K\u00e4dentaitomessut ovat t\u00e4\u00e4ll\u00e4 taas! - Ellikki.fi\",\"isPartOf\":{\"@id\":\"https:\/\/www.ellikki.fi\/korut\/#website\"},\"primaryImageOfPage\":{\"@id\":\"https:\/\/www.ellikki.fi\/korut\/puffiboksi\/kadentaitomessut-ovat-taalla-taas\/#primaryimage\"},\"image\":{\"@id\":\"https:\/\/www.ellikki.fi\/korut\/puffiboksi\/kadentaitomessut-ovat-taalla-taas\/#primaryimage\"},\"thumbnailUrl\":\"https:\/\/www.ellikki.fi\/korut\/wp-content\/uploads\/2015\/03\/Kadentaito_logo_vihrea_2013.jpg\",\"datePublished\":\"2015-03-31T18:27:35+00:00\",\"dateModified\":\"2016-11-02T23:49:06+00:00\",\"author\":{\"@id\":\"https:\/\/www.ellikki.fi\/korut\/#\/schema\/person\/4100981f383f4e840417efe2a45a2e13\"},\"description\":\"K\u00e4dentaitomessut ovat k\u00e4sill\u00e4 tekij\u00e4n aarreaitta. Ellikki jakaa lippuja nopeimmille.\",\"breadcrumb\":{\"@id\":\"https:\/\/www.ellikki.fi\/korut\/puffiboksi\/kadentaitomessut-ovat-taalla-taas\/#breadcrumb\"},\"inLanguage\":\"fi\",\"potentialAction\":[{\"@type\":\"ReadAction\",\"target\":[\"https:\/\/www.ellikki.fi\/korut\/puffiboksi\/kadentaitomessut-ovat-taalla-taas\/\"]}]},{\"@type\":\"ImageObject\",\"inLanguage\":\"fi\",\"@id\":\"https:\/\/www.ellikki.fi\/korut\/puffiboksi\/kadentaitomessut-ovat-taalla-taas\/#primaryimage\",\"url\":\"https:\/\/www.ellikki.fi\/korut\/wp-content\/uploads\/2015\/03\/Kadentaito_logo_vihrea_2013.jpg\",\"contentUrl\":\"https:\/\/www.ellikki.fi\/korut\/wp-content\/uploads\/2015\/03\/Kadentaito_logo_vihrea_2013.jpg\",\"width\":622,\"height\":343,\"caption\":\"Kadentaito_logo_vihrea_2013\"},{\"@type\":\"BreadcrumbList\",\"@id\":\"https:\/\/www.ellikki.fi\/korut\/puffiboksi\/kadentaitomessut-ovat-taalla-taas\/#breadcrumb\",\"itemListElement\":[{\"@type\":\"ListItem\",\"position\":1,\"name\":\"Ellikki.fi - Helmisuutari\",\"item\":\"https:\/\/www.ellikki.fi\/korut\/\"},{\"@type\":\"ListItem\",\"position\":2,\"name\":\"K\u00e4dentaitomessut ovat t\u00e4\u00e4ll\u00e4 taas!\"}]},{\"@type\":\"WebSite\",\"@id\":\"https:\/\/www.ellikki.fi\/korut\/#website\",\"url\":\"https:\/\/www.ellikki.fi\/korut\/\",\"name\":\"Ellikki.fi\",\"description\":\"Helmisuutari\",\"potentialAction\":[{\"@type\":\"SearchAction\",\"target\":{\"@type\":\"EntryPoint\",\"urlTemplate\":\"https:\/\/www.ellikki.fi\/korut\/?s={search_term_string}\"},\"query-input\":{\"@type\":\"PropertyValueSpecification\",\"valueRequired\":true,\"valueName\":\"search_term_string\"}}],\"inLanguage\":\"fi\"},{\"@type\":\"Person\",\"@id\":\"https:\/\/www.ellikki.fi\/korut\/#\/schema\/person\/4100981f383f4e840417efe2a45a2e13\",\"name\":\"Ellikki\",\"image\":{\"@type\":\"ImageObject\",\"inLanguage\":\"fi\",\"@id\":\"https:\/\/www.ellikki.fi\/korut\/#\/schema\/person\/image\/\",\"url\":\"https:\/\/secure.gravatar.com\/avatar\/68459a81492a7fdb3d3e31353836619029f7a695895440f957f81143855d97ee?s=96&d=mm&r=g\",\"contentUrl\":\"https:\/\/secure.gravatar.com\/avatar\/68459a81492a7fdb3d3e31353836619029f7a695895440f957f81143855d97ee?s=96&d=mm&r=g\",\"caption\":\"Ellikki\"},\"description\":\"Loputtoman utelias hevostoimittaja, tarinanmets\u00e4st\u00e4j\u00e4 ja koruharrastaja, joka edelleen ihmettelee maailmaa ja koettaa aina silloin t\u00e4ll\u00f6in tehd\u00e4 jotain ensi kertaa el\u00e4m\u00e4ss\u00e4\u00e4n.\"}]}<\/script>\n<!-- \/ Yoast SEO plugin. -->","yoast_head_json":{"title":"K\u00e4dentaitomessut ovat t\u00e4\u00e4ll\u00e4 taas! - Ellikki.fi","description":"K\u00e4dentaitomessut ovat k\u00e4sill\u00e4 tekij\u00e4n aarreaitta. Ellikki jakaa lippuja nopeimmille.","robots":{"index":"index","follow":"follow","max-snippet":"max-snippet:-1","max-image-preview":"max-image-preview:large","max-video-preview":"max-video-preview:-1"},"canonical":"https:\/\/www.ellikki.fi\/korut\/puffiboksi\/kadentaitomessut-ovat-taalla-taas\/","og_locale":"fi_FI","og_type":"article","og_title":"K\u00e4dentaitomessut ovat t\u00e4\u00e4ll\u00e4 taas! - Ellikki.fi","og_description":"K\u00e4dentaitomessut ovat k\u00e4sill\u00e4 tekij\u00e4n aarreaitta. Ellikki jakaa lippuja nopeimmille.","og_url":"https:\/\/www.ellikki.fi\/korut\/puffiboksi\/kadentaitomessut-ovat-taalla-taas\/","og_site_name":"Ellikki.fi","article_publisher":"https:\/\/www.facebook.com\/ellikki","article_published_time":"2015-03-31T18:27:35+00:00","article_modified_time":"2016-11-02T23:49:06+00:00","og_image":[{"width":622,"height":343,"url":"https:\/\/www.ellikki.fi\/korut\/wp-content\/uploads\/2015\/03\/Kadentaito_logo_vihrea_2013.jpg","type":"image\/jpeg"}],"author":"Ellikki","twitter_card":"summary_large_image","twitter_creator":"@eltalvio","twitter_site":"@eltalvio","twitter_misc":{"Kirjoittanut":"Ellikki","Arvioitu lukuaika":"1 minuutti"},"schema":{"@context":"https:\/\/schema.org","@graph":[{"@type":"Article","@id":"https:\/\/www.ellikki.fi\/korut\/puffiboksi\/kadentaitomessut-ovat-taalla-taas\/#article","isPartOf":{"@id":"https:\/\/www.ellikki.fi\/korut\/puffiboksi\/kadentaitomessut-ovat-taalla-taas\/"},"author":{"name":"Ellikki","@id":"https:\/\/www.ellikki.fi\/korut\/#\/schema\/person\/4100981f383f4e840417efe2a45a2e13"},"headline":"K\u00e4dentaitomessut ovat t\u00e4\u00e4ll\u00e4 taas!","datePublished":"2015-03-31T18:27:35+00:00","dateModified":"2016-11-02T23:49:06+00:00","mainEntityOfPage":{"@id":"https:\/\/www.ellikki.fi\/korut\/puffiboksi\/kadentaitomessut-ovat-taalla-taas\/"},"wordCount":246,"commentCount":8,"image":{"@id":"https:\/\/www.ellikki.fi\/korut\/puffiboksi\/kadentaitomessut-ovat-taalla-taas\/#primaryimage"},"thumbnailUrl":"https:\/\/www.ellikki.fi\/korut\/wp-content\/uploads\/2015\/03\/Kadentaito_logo_vihrea_2013.jpg","keywords":["k\u00e4dentaitomessut","lapsimessut","lemmikkimessut","model expo","outletexpo","petexpo","pienoismallit","voita liput"],"articleSection":["Puffiboksi"],"inLanguage":"fi","potentialAction":[{"@type":"CommentAction","name":"Comment","target":["https:\/\/www.ellikki.fi\/korut\/puffiboksi\/kadentaitomessut-ovat-taalla-taas\/#respond"]}]},{"@type":"WebPage","@id":"https:\/\/www.ellikki.fi\/korut\/puffiboksi\/kadentaitomessut-ovat-taalla-taas\/","url":"https:\/\/www.ellikki.fi\/korut\/puffiboksi\/kadentaitomessut-ovat-taalla-taas\/","name":"K\u00e4dentaitomessut ovat t\u00e4\u00e4ll\u00e4 taas! - Ellikki.fi","isPartOf":{"@id":"https:\/\/www.ellikki.fi\/korut\/#website"},"primaryImageOfPage":{"@id":"https:\/\/www.ellikki.fi\/korut\/puffiboksi\/kadentaitomessut-ovat-taalla-taas\/#primaryimage"},"image":{"@id":"https:\/\/www.ellikki.fi\/korut\/puffiboksi\/kadentaitomessut-ovat-taalla-taas\/#primaryimage"},"thumbnailUrl":"https:\/\/www.ellikki.fi\/korut\/wp-content\/uploads\/2015\/03\/Kadentaito_logo_vihrea_2013.jpg","datePublished":"2015-03-31T18:27:35+00:00","dateModified":"2016-11-02T23:49:06+00:00","author":{"@id":"https:\/\/www.ellikki.fi\/korut\/#\/schema\/person\/4100981f383f4e840417efe2a45a2e13"},"description":"K\u00e4dentaitomessut ovat k\u00e4sill\u00e4 tekij\u00e4n aarreaitta. Ellikki jakaa lippuja nopeimmille.","breadcrumb":{"@id":"https:\/\/www.ellikki.fi\/korut\/puffiboksi\/kadentaitomessut-ovat-taalla-taas\/#breadcrumb"},"inLanguage":"fi","potentialAction":[{"@type":"ReadAction","target":["https:\/\/www.ellikki.fi\/korut\/puffiboksi\/kadentaitomessut-ovat-taalla-taas\/"]}]},{"@type":"ImageObject","inLanguage":"fi","@id":"https:\/\/www.ellikki.fi\/korut\/puffiboksi\/kadentaitomessut-ovat-taalla-taas\/#primaryimage","url":"https:\/\/www.ellikki.fi\/korut\/wp-content\/uploads\/2015\/03\/Kadentaito_logo_vihrea_2013.jpg","contentUrl":"https:\/\/www.ellikki.fi\/korut\/wp-content\/uploads\/2015\/03\/Kadentaito_logo_vihrea_2013.jpg","width":622,"height":343,"caption":"Kadentaito_logo_vihrea_2013"},{"@type":"BreadcrumbList","@id":"https:\/\/www.ellikki.fi\/korut\/puffiboksi\/kadentaitomessut-ovat-taalla-taas\/#breadcrumb","itemListElement":[{"@type":"ListItem","position":1,"name":"Ellikki.fi - Helmisuutari","item":"https:\/\/www.ellikki.fi\/korut\/"},{"@type":"ListItem","position":2,"name":"K\u00e4dentaitomessut ovat t\u00e4\u00e4ll\u00e4 taas!"}]},{"@type":"WebSite","@id":"https:\/\/www.ellikki.fi\/korut\/#website","url":"https:\/\/www.ellikki.fi\/korut\/","name":"Ellikki.fi","description":"Helmisuutari","potentialAction":[{"@type":"SearchAction","target":{"@type":"EntryPoint","urlTemplate":"https:\/\/www.ellikki.fi\/korut\/?s={search_term_string}"},"query-input":{"@type":"PropertyValueSpecification","valueRequired":true,"valueName":"search_term_string"}}],"inLanguage":"fi"},{"@type":"Person","@id":"https:\/\/www.ellikki.fi\/korut\/#\/schema\/person\/4100981f383f4e840417efe2a45a2e13","name":"Ellikki","image":{"@type":"ImageObject","inLanguage":"fi","@id":"https:\/\/www.ellikki.fi\/korut\/#\/schema\/person\/image\/","url":"https:\/\/secure.gravatar.com\/avatar\/68459a81492a7fdb3d3e31353836619029f7a695895440f957f81143855d97ee?s=96&d=mm&r=g","contentUrl":"https:\/\/secure.gravatar.com\/avatar\/68459a81492a7fdb3d3e31353836619029f7a695895440f957f81143855d97ee?s=96&d=mm&r=g","caption":"Ellikki"},"description":"Loputtoman utelias hevostoimittaja, tarinanmets\u00e4st\u00e4j\u00e4 ja koruharrastaja, joka edelleen ihmettelee maailmaa ja koettaa aina silloin t\u00e4ll\u00f6in tehd\u00e4 jotain ensi kertaa el\u00e4m\u00e4ss\u00e4\u00e4n."}]}},"_links":{"self":[{"href":"https:\/\/www.ellikki.fi\/korut\/wp-json\/wp\/v2\/posts\/681","targetHints":{"allow":["GET"]}}],"collection":[{"href":"https:\/\/www.ellikki.fi\/korut\/wp-json\/wp\/v2\/posts"}],"about":[{"href":"https:\/\/www.ellikki.fi\/korut\/wp-json\/wp\/v2\/types\/post"}],"author":[{"embeddable":true,"href":"https:\/\/www.ellikki.fi\/korut\/wp-json\/wp\/v2\/users\/1"}],"replies":[{"embeddable":true,"href":"https:\/\/www.ellikki.fi\/korut\/wp-json\/wp\/v2\/comments?post=681"}],"version-history":[{"count":0,"href":"https:\/\/www.ellikki.fi\/korut\/wp-json\/wp\/v2\/posts\/681\/revisions"}],"wp:featuredmedia":[{"embeddable":true,"href":"https:\/\/www.ellikki.fi\/korut\/wp-json\/wp\/v2\/media\/682"}],"wp:attachment":[{"href":"https:\/\/www.ellikki.fi\/korut\/wp-json\/wp\/v2\/media?parent=681"}],"wp:term":[{"taxonomy":"category","embeddable":true,"href":"https:\/\/www.ellikki.fi\/korut\/wp-json\/wp\/v2\/categories?post=681"},{"taxonomy":"post_tag","embeddable":true,"href":"https:\/\/www.ellikki.fi\/korut\/wp-json\/wp\/v2\/tags?post=681"}],"curies":[{"name":"wp","href":"https:\/\/api.w.org\/{rel}","templated":true}]}}