{"id":689,"date":"2015-04-11T19:57:09","date_gmt":"2015-04-11T16:57:09","guid":{"rendered":"http:\/\/www.ellikki.fi\/korut\/?p=689"},"modified":"2016-11-03T01:49:06","modified_gmt":"2016-11-02T23:49:06","slug":"iisisti-otetut-kadentaitomessut","status":"publish","type":"post","link":"https:\/\/www.ellikki.fi\/korut\/puffiboksi\/iisisti-otetut-kadentaitomessut\/","title":{"rendered":"Iisisti otetut k\u00e4dentaitomessut"},"content":{"rendered":"<p>Kev\u00e4\u00e4n k\u00e4dentaitomessut ovat aina hieman vaatimattomammat verrattuna marraskuiseen <a title=\"Marraskuun messut\" href=\"http:\/\/www.ellikki.fi\/korut\/puffiboksi\/kadentaitajat-yllattivat-runsaudellaan\/\"><strong>pursuavaan v\u00e4rileikkiin<\/strong><\/a>, ja niin oli asia t\u00e4ll\u00e4kin kertaa. Villamyssyt ja muut k\u00e4sity\u00f6t nyt vain istuvat paremmin pime\u00e4\u00e4n vuodenaikaan. N\u00e4ytteilleasettajia oli selv\u00e4sti v\u00e4hemm\u00e4n. N\u00e4ytteilleasettajien pienemm\u00e4ll\u00e4 m\u00e4\u00e4r\u00e4ll\u00e4 oli oma hyv\u00e4 puolensa: nyt osastoihin ehti tutustua paremmin. Pys\u00e4hdyin jokaisen messuosaston luona katsomaan, monessa paikassa ehdin jutellakin k\u00e4dentaitajan kanssa. Kiireet\u00f6n tunnelma oli omalla tavallaan oikein mukava kokemus, eik\u00e4 sen j\u00e4lkeen ollut aivan uuvuksissa. Mielest\u00e4ni nyt oli osittain eri tarjonta kuin marraskuussa. Syksyll\u00e4 kokeilin hattua, jonka ostamatta j\u00e4tt\u00e4minen j\u00e4i kaivelemaan, mutta hatuntekij\u00e4\u00e4 ei ollut paikalla. Houkuttelevia korutarviketarjouksia oli melko v\u00e4h\u00e4n, joten t\u00e4ll\u00e4 kertaa toin enemm\u00e4n leluja kotiin kissalle kuin itselle. T\u00e4rkeysj\u00e4rjestys se olla pit\u00e4\u00e4.<\/p>\n<p>Ensimm\u00e4iseksi silmiin osui lusikkataitaja. Olen juuri aloittanut el\u00e4m\u00e4ni ensimm\u00e4isen korukurssin ja viime tiistaina opettelin k\u00e4ytt\u00e4m\u00e4\u00e4n kultasep\u00e4n sahaa, samanlaista kuin Markku Koskela kuvassa k\u00e4ytt\u00e4\u00e4. Valitettavasti hento saha ei erotu kuvasta kovin hyvin, mutta t\u00e4st\u00e4 <a title=\"Googlen kuvahaku\" href=\"https:\/\/www.google.fi\/search?q=metallisaha&amp;biw=1920&amp;bih=905&amp;source=lnms&amp;tbm=isch&amp;sa=X&amp;ei=zEcpVcWfO-n4yQO8tYHgDQ&amp;sqi=2&amp;ved=0CAYQ_AUoAQ#tbm=isch&amp;q=jeweler%27s+saw\" target=\"_blank\"><strong>linkist\u00e4<\/strong><\/a> n\u00e4et, milt\u00e4 se n\u00e4ytt\u00e4\u00e4. Voi olla, ett\u00e4 h\u00e4n on ollut paikalla aiemminkin enk\u00e4 ole aiemmin kiinnitt\u00e4nyt mit\u00e4\u00e4n huomiota lusikkamieheen, mutta nyt sen ollessa itselle ajankohtainen t\u00e4m\u00e4kin lusikanty\u00f6st\u00e4minen vaikutti paljon kiinnostavammalta. &#8221;Sahaa t\u00e4ytyy k\u00e4sitell\u00e4 hell\u00e4ll\u00e4 k\u00e4dell\u00e4, yht\u00e4\u00e4n ei saa pakottaa eik\u00e4 voimaa pid\u00e4 k\u00e4ytt\u00e4\u00e4, muuten sahanter\u00e4 katkeaa. Kyll\u00e4 niit\u00e4 silti edelleen katkeaa. Vaikeinta on saada riitt\u00e4v\u00e4n ohuita kuvioita. Paksummat kukanvarret eiv\u00e4t ole kauniita&#8221;, h\u00e4n kertoi. Sahanterist\u00e4 puhuessa ajattelin, ett\u00e4 n\u00e4kisip\u00e4 mestari vain, mink\u00e4 kasan katkenneita sahanteri\u00e4 j\u00e4t\u00e4n itse j\u00e4lkeeni harjoitusten p\u00e4\u00e4tteeksi. Tosin h\u00e4n on tainnut tehd\u00e4 muutaman sahausta enemm\u00e4n kuin min\u00e4.<\/p>\n<p><a href=\"http:\/\/www.ellikki.fi\/korut\/wp-content\/uploads\/2015\/04\/DSC0004_1960.jpg\"><img decoding=\"async\" class=\"aligncenter size-full wp-image-690\" src=\"http:\/\/www.ellikki.fi\/korut\/wp-content\/uploads\/2015\/04\/DSC0004_1960.jpg\" alt=\"Lusikan sahausta\" width=\"800\" height=\"534\" srcset=\"https:\/\/www.ellikki.fi\/korut\/wp-content\/uploads\/2015\/04\/DSC0004_1960-200x134.jpg 200w, https:\/\/www.ellikki.fi\/korut\/wp-content\/uploads\/2015\/04\/DSC0004_1960-300x200.jpg 300w, https:\/\/www.ellikki.fi\/korut\/wp-content\/uploads\/2015\/04\/DSC0004_1960-400x267.jpg 400w, https:\/\/www.ellikki.fi\/korut\/wp-content\/uploads\/2015\/04\/DSC0004_1960-600x401.jpg 600w, https:\/\/www.ellikki.fi\/korut\/wp-content\/uploads\/2015\/04\/DSC0004_1960-768x513.jpg 768w, https:\/\/www.ellikki.fi\/korut\/wp-content\/uploads\/2015\/04\/DSC0004_1960.jpg 800w\" sizes=\"(max-width: 800px) 100vw, 800px\" \/><\/a><\/p>\n<div class=\"fusion-fullwidth fullwidth-box fusion-builder-row-1 hundred-percent-fullwidth non-hundred-percent-height-scrolling\" style=\"--awb-border-radius-top-left:0px;--awb-border-radius-top-right:0px;--awb-border-radius-bottom-right:0px;--awb-border-radius-bottom-left:0px;--awb-overflow:visible;--awb-flex-wrap:wrap;\" ><div class=\"fusion-builder-row fusion-row\"><div class=\"fusion-layout-column fusion_builder_column fusion-builder-column-0 fusion_builder_column_1_1 1_1 fusion-one-full fusion-column-first fusion-column-last fusion-column-no-min-height\" style=\"--awb-bg-size:cover;--awb-margin-bottom:0px;\"><div class=\"fusion-column-wrapper fusion-flex-column-wrapper-legacy\"><div id=\"attachment_691\" style=\"width: 531px\" class=\"wp-caption aligncenter\"><a href=\"http:\/\/www.ellikki.fi\/korut\/wp-content\/uploads\/2015\/04\/Valmis-lusikka.jpg\"><img decoding=\"async\" aria-describedby=\"caption-attachment-691\" class=\"wp-image-691 size-full\" src=\"http:\/\/www.ellikki.fi\/korut\/wp-content\/uploads\/2015\/04\/Valmis-lusikka.jpg\" alt=\"Valmis lusikka\" width=\"521\" height=\"800\" srcset=\"https:\/\/www.ellikki.fi\/korut\/wp-content\/uploads\/2015\/04\/Valmis-lusikka-195x300.jpg 195w, https:\/\/www.ellikki.fi\/korut\/wp-content\/uploads\/2015\/04\/Valmis-lusikka-200x307.jpg 200w, https:\/\/www.ellikki.fi\/korut\/wp-content\/uploads\/2015\/04\/Valmis-lusikka-400x614.jpg 400w, https:\/\/www.ellikki.fi\/korut\/wp-content\/uploads\/2015\/04\/Valmis-lusikka.jpg 521w\" sizes=\"(max-width: 521px) 100vw, 521px\" \/><\/a><p id=\"caption-attachment-691\" class=\"wp-caption-text\">Sahattu lusikkariipus n\u00e4ytt\u00e4\u00e4 t\u00e4lt\u00e4. Kaikki kaiverrus on tehty k\u00e4sin sahaamalla.<\/p><\/div>\n<div class=\"fusion-clearfix\"><\/div><\/div><\/div><div class=\"fusion-layout-column fusion_builder_column fusion-builder-column-1 fusion_builder_column_1_1 1_1 fusion-one-full fusion-column-first fusion-column-last fusion-column-no-min-height\" style=\"--awb-bg-size:cover;--awb-margin-bottom:0px;\"><div class=\"fusion-column-wrapper fusion-flex-column-wrapper-legacy\"><div id=\"attachment_693\" style=\"width: 810px\" class=\"wp-caption aligncenter\"><a href=\"http:\/\/www.ellikki.fi\/korut\/wp-content\/uploads\/2015\/04\/Lusikkakoruja.jpg\"><img decoding=\"async\" aria-describedby=\"caption-attachment-693\" class=\"wp-image-693 size-full\" src=\"http:\/\/www.ellikki.fi\/korut\/wp-content\/uploads\/2015\/04\/Lusikkakoruja.jpg\" alt=\"Lusikkakoruja\" width=\"800\" height=\"534\" srcset=\"https:\/\/www.ellikki.fi\/korut\/wp-content\/uploads\/2015\/04\/Lusikkakoruja-200x134.jpg 200w, https:\/\/www.ellikki.fi\/korut\/wp-content\/uploads\/2015\/04\/Lusikkakoruja-300x200.jpg 300w, https:\/\/www.ellikki.fi\/korut\/wp-content\/uploads\/2015\/04\/Lusikkakoruja-400x267.jpg 400w, https:\/\/www.ellikki.fi\/korut\/wp-content\/uploads\/2015\/04\/Lusikkakoruja-600x401.jpg 600w, https:\/\/www.ellikki.fi\/korut\/wp-content\/uploads\/2015\/04\/Lusikkakoruja-768x513.jpg 768w, https:\/\/www.ellikki.fi\/korut\/wp-content\/uploads\/2015\/04\/Lusikkakoruja.jpg 800w\" sizes=\"(max-width: 800px) 100vw, 800px\" \/><\/a><p id=\"caption-attachment-693\" class=\"wp-caption-text\">Lusikat muuntuvat kivasti koruiksi.<\/p><\/div>\n<p>&nbsp;<\/p>\n<p>K\u00e4dentaitomessujen perusaines on villa, sill\u00e4 mit\u00e4 olisikaan k\u00e4sity\u00f6t ilman villaa! Sit\u00e4 oli monessa muodossa ja monesta el\u00e4imest\u00e4. Koirankarvasta, ja kuulemma my\u00f6s pitk\u00e4karvaisesta kissankarvasta, voi tehd\u00e4 villalankaa ihan samalla tavalla kuin lampaanvillastakin. Koirankarvasta tehdyt villatuotteet tuoksuivat viel\u00e4 koiralta. Villaa saadaan harjaamalla koiraa, joten koirankarvalangan tuottaminen ei vahingoita koiria. Karva on ker\u00e4tty ihan tavallisista kotikoirista, ainoa vaatimus on kunnon turkki, jollainen on esimerkiksi paimenkoirilla ja lapinkoiralla.<\/p>\n<p><a href=\"http:\/\/www.ellikki.fi\/korut\/wp-content\/uploads\/2015\/04\/Koirankarval\u00e4mmikett\u00e4.jpg\"><img decoding=\"async\" class=\"aligncenter size-full wp-image-694\" src=\"http:\/\/www.ellikki.fi\/korut\/wp-content\/uploads\/2015\/04\/Koirankarval\u00e4mmikett\u00e4.jpg\" alt=\"Koirankarval\u00e4mmikett\u00e4\" width=\"800\" height=\"534\" srcset=\"https:\/\/www.ellikki.fi\/korut\/wp-content\/uploads\/2015\/04\/Koirankarval\u00e4mmikett\u00e4-200x134.jpg 200w, https:\/\/www.ellikki.fi\/korut\/wp-content\/uploads\/2015\/04\/Koirankarval\u00e4mmikett\u00e4-300x200.jpg 300w, https:\/\/www.ellikki.fi\/korut\/wp-content\/uploads\/2015\/04\/Koirankarval\u00e4mmikett\u00e4-400x267.jpg 400w, https:\/\/www.ellikki.fi\/korut\/wp-content\/uploads\/2015\/04\/Koirankarval\u00e4mmikett\u00e4-600x401.jpg 600w, https:\/\/www.ellikki.fi\/korut\/wp-content\/uploads\/2015\/04\/Koirankarval\u00e4mmikett\u00e4-768x513.jpg 768w, https:\/\/www.ellikki.fi\/korut\/wp-content\/uploads\/2015\/04\/Koirankarval\u00e4mmikett\u00e4.jpg 800w\" sizes=\"(max-width: 800px) 100vw, 800px\" \/><\/a><\/p>\n<div class=\"fusion-clearfix\"><\/div><\/div><\/div><div class=\"fusion-layout-column fusion_builder_column fusion-builder-column-2 fusion_builder_column_1_1 1_1 fusion-one-full fusion-column-first fusion-column-last fusion-column-no-min-height\" style=\"--awb-bg-size:cover;--awb-margin-bottom:0px;\"><div class=\"fusion-column-wrapper fusion-flex-column-wrapper-legacy\"><div id=\"attachment_696\" style=\"width: 810px\" class=\"wp-caption aligncenter\"><a href=\"http:\/\/www.ellikki.fi\/korut\/wp-content\/uploads\/2015\/04\/Kehruuta.jpg\"><img decoding=\"async\" aria-describedby=\"caption-attachment-696\" class=\"wp-image-696 size-full\" src=\"http:\/\/www.ellikki.fi\/korut\/wp-content\/uploads\/2015\/04\/Kehruuta.jpg\" alt=\"Kehruuta\" width=\"800\" height=\"609\" srcset=\"https:\/\/www.ellikki.fi\/korut\/wp-content\/uploads\/2015\/04\/Kehruuta-180x138.jpg 180w, https:\/\/www.ellikki.fi\/korut\/wp-content\/uploads\/2015\/04\/Kehruuta-200x152.jpg 200w, https:\/\/www.ellikki.fi\/korut\/wp-content\/uploads\/2015\/04\/Kehruuta-300x228.jpg 300w, https:\/\/www.ellikki.fi\/korut\/wp-content\/uploads\/2015\/04\/Kehruuta-400x305.jpg 400w, https:\/\/www.ellikki.fi\/korut\/wp-content\/uploads\/2015\/04\/Kehruuta-600x457.jpg 600w, https:\/\/www.ellikki.fi\/korut\/wp-content\/uploads\/2015\/04\/Kehruuta-768x585.jpg 768w, https:\/\/www.ellikki.fi\/korut\/wp-content\/uploads\/2015\/04\/Kehruuta.jpg 800w\" sizes=\"(max-width: 800px) 100vw, 800px\" \/><\/a><p id=\"caption-attachment-696\" class=\"wp-caption-text\">Oli kiehtovaa katsella, kun villasta kehr\u00e4ttiin lankaa. Kehr\u00e4\u00e4j\u00e4n vieress\u00e4 olevassa paperikassissa on lampaanvillatuppoja. Kun rukki surrasi ja kehr\u00e4\u00e4j\u00e4 piti tuppoa k\u00e4dess\u00e4\u00e4n, syntyi vaikutelma ett\u00e4 rukki imi valmiin n\u00e4k\u00f6ist\u00e4 villalankaa jostain villatupon uumenista rukkiin.<\/p><\/div>\n<div class=\"fusion-clearfix\"><\/div><\/div><\/div><div class=\"fusion-layout-column fusion_builder_column fusion-builder-column-3 fusion_builder_column_1_1 1_1 fusion-one-full fusion-column-first fusion-column-last fusion-column-no-min-height\" style=\"--awb-bg-size:cover;--awb-margin-bottom:0px;\"><div class=\"fusion-column-wrapper fusion-flex-column-wrapper-legacy\"><div id=\"attachment_699\" style=\"width: 810px\" class=\"wp-caption aligncenter\"><a href=\"http:\/\/www.ellikki.fi\/korut\/wp-content\/uploads\/2015\/04\/Paperikuvioita.jpg\"><img decoding=\"async\" aria-describedby=\"caption-attachment-699\" class=\"wp-image-699 size-full\" src=\"http:\/\/www.ellikki.fi\/korut\/wp-content\/uploads\/2015\/04\/Paperikuvioita.jpg\" alt=\"Paperikuvioita\" width=\"800\" height=\"565\" srcset=\"https:\/\/www.ellikki.fi\/korut\/wp-content\/uploads\/2015\/04\/Paperikuvioita-200x141.jpg 200w, https:\/\/www.ellikki.fi\/korut\/wp-content\/uploads\/2015\/04\/Paperikuvioita-300x212.jpg 300w, https:\/\/www.ellikki.fi\/korut\/wp-content\/uploads\/2015\/04\/Paperikuvioita-400x283.jpg 400w, https:\/\/www.ellikki.fi\/korut\/wp-content\/uploads\/2015\/04\/Paperikuvioita-600x424.jpg 600w, https:\/\/www.ellikki.fi\/korut\/wp-content\/uploads\/2015\/04\/Paperikuvioita-768x542.jpg 768w, https:\/\/www.ellikki.fi\/korut\/wp-content\/uploads\/2015\/04\/Paperikuvioita.jpg 800w\" sizes=\"(max-width: 800px) 100vw, 800px\" \/><\/a><p id=\"caption-attachment-699\" class=\"wp-caption-text\">Keltainen paperiryhm\u00e4 sopi vuodenaikaan hyvin, sill\u00e4 moottoritien vartta t\u00e4plittiv\u00e4t leskenlehdet l\u00e4hes koko matkan.<\/p><\/div>\n<div class=\"fusion-clearfix\"><\/div><\/div><\/div><div class=\"fusion-layout-column fusion_builder_column fusion-builder-column-4 fusion_builder_column_1_1 1_1 fusion-one-full fusion-column-first fusion-column-last fusion-column-no-min-height\" style=\"--awb-bg-size:cover;--awb-margin-bottom:0px;\"><div class=\"fusion-column-wrapper fusion-flex-column-wrapper-legacy\"><div id=\"attachment_700\" style=\"width: 810px\" class=\"wp-caption aligncenter\"><a href=\"http:\/\/www.ellikki.fi\/korut\/wp-content\/uploads\/2015\/04\/Virkattua-k\u00f6ytt\u00e4.jpg\"><img decoding=\"async\" aria-describedby=\"caption-attachment-700\" class=\"wp-image-700 size-full\" src=\"http:\/\/www.ellikki.fi\/korut\/wp-content\/uploads\/2015\/04\/Virkattua-k\u00f6ytt\u00e4.jpg\" alt=\"Virkattua k\u00f6ytt\u00e4\" width=\"800\" height=\"540\" srcset=\"https:\/\/www.ellikki.fi\/korut\/wp-content\/uploads\/2015\/04\/Virkattua-k\u00f6ytt\u00e4-200x135.jpg 200w, https:\/\/www.ellikki.fi\/korut\/wp-content\/uploads\/2015\/04\/Virkattua-k\u00f6ytt\u00e4-300x203.jpg 300w, https:\/\/www.ellikki.fi\/korut\/wp-content\/uploads\/2015\/04\/Virkattua-k\u00f6ytt\u00e4-400x270.jpg 400w, https:\/\/www.ellikki.fi\/korut\/wp-content\/uploads\/2015\/04\/Virkattua-k\u00f6ytt\u00e4-600x405.jpg 600w, https:\/\/www.ellikki.fi\/korut\/wp-content\/uploads\/2015\/04\/Virkattua-k\u00f6ytt\u00e4-768x518.jpg 768w, https:\/\/www.ellikki.fi\/korut\/wp-content\/uploads\/2015\/04\/Virkattua-k\u00f6ytt\u00e4.jpg 800w\" sizes=\"(max-width: 800px) 100vw, 800px\" \/><\/a><p id=\"caption-attachment-700\" class=\"wp-caption-text\">Virkattua ranteenpaksuista k\u00f6ytt\u00e4. T\u00e4ll\u00e4 voisi kiinnitt\u00e4\u00e4 jo veneen!<\/p><\/div>\n<p><a href=\"http:\/\/www.ellikki.fi\/korut\/wp-content\/uploads\/2015\/04\/Askarteluhetki.jpg\"><img decoding=\"async\" class=\"aligncenter size-full wp-image-707\" src=\"http:\/\/www.ellikki.fi\/korut\/wp-content\/uploads\/2015\/04\/Askarteluhetki.jpg\" alt=\"Askarteluhetki\" width=\"534\" height=\"801\" srcset=\"https:\/\/www.ellikki.fi\/korut\/wp-content\/uploads\/2015\/04\/Askarteluhetki-200x300.jpg 200w, https:\/\/www.ellikki.fi\/korut\/wp-content\/uploads\/2015\/04\/Askarteluhetki-400x600.jpg 400w, https:\/\/www.ellikki.fi\/korut\/wp-content\/uploads\/2015\/04\/Askarteluhetki.jpg 534w\" sizes=\"(max-width: 534px) 100vw, 534px\" \/><\/a><\/p>\n<p>Pienoismalliosastolla miehet ovat ikuisia pikkupoikia, joten kameramies halusi k\u00e4yd\u00e4 siell\u00e4. Ja siell\u00e4 oli n\u00e4ytill\u00e4 joka pojan unelma: valtavan pitk\u00e4 pienoisrautatie, jonka varrella maisemat vaihtelivat maalta kaupunkiin ja metsien siimekseen. Koko pienoismaisema oli tehty uskomattomalla tarkkuudella!<\/p>\n<p><a href=\"http:\/\/www.ellikki.fi\/korut\/wp-content\/uploads\/2015\/04\/Junarata.jpg\"><img decoding=\"async\" class=\"aligncenter size-full wp-image-697\" src=\"http:\/\/www.ellikki.fi\/korut\/wp-content\/uploads\/2015\/04\/Junarata.jpg\" alt=\"Junarata\" width=\"800\" height=\"534\" srcset=\"https:\/\/www.ellikki.fi\/korut\/wp-content\/uploads\/2015\/04\/Junarata-200x134.jpg 200w, https:\/\/www.ellikki.fi\/korut\/wp-content\/uploads\/2015\/04\/Junarata-300x200.jpg 300w, https:\/\/www.ellikki.fi\/korut\/wp-content\/uploads\/2015\/04\/Junarata-400x267.jpg 400w, https:\/\/www.ellikki.fi\/korut\/wp-content\/uploads\/2015\/04\/Junarata-600x401.jpg 600w, https:\/\/www.ellikki.fi\/korut\/wp-content\/uploads\/2015\/04\/Junarata-768x513.jpg 768w, https:\/\/www.ellikki.fi\/korut\/wp-content\/uploads\/2015\/04\/Junarata.jpg 800w\" sizes=\"(max-width: 800px) 100vw, 800px\" \/><\/a><\/p>\n<p><a href=\"http:\/\/www.ellikki.fi\/korut\/wp-content\/uploads\/2015\/04\/Punainen-tupa-ja-juna.jpg\"><img decoding=\"async\" class=\"aligncenter size-full wp-image-698\" src=\"http:\/\/www.ellikki.fi\/korut\/wp-content\/uploads\/2015\/04\/Punainen-tupa-ja-juna.jpg\" alt=\"Punainen tupa ja juna\" width=\"800\" height=\"533\" srcset=\"https:\/\/www.ellikki.fi\/korut\/wp-content\/uploads\/2015\/04\/Punainen-tupa-ja-juna-200x133.jpg 200w, https:\/\/www.ellikki.fi\/korut\/wp-content\/uploads\/2015\/04\/Punainen-tupa-ja-juna-300x200.jpg 300w, https:\/\/www.ellikki.fi\/korut\/wp-content\/uploads\/2015\/04\/Punainen-tupa-ja-juna-400x267.jpg 400w, https:\/\/www.ellikki.fi\/korut\/wp-content\/uploads\/2015\/04\/Punainen-tupa-ja-juna-600x400.jpg 600w, https:\/\/www.ellikki.fi\/korut\/wp-content\/uploads\/2015\/04\/Punainen-tupa-ja-juna-768x512.jpg 768w, https:\/\/www.ellikki.fi\/korut\/wp-content\/uploads\/2015\/04\/Punainen-tupa-ja-juna.jpg 800w\" sizes=\"(max-width: 800px) 100vw, 800px\" \/><\/a><div class=\"fusion-clearfix\"><\/div><\/div><\/div><\/div><\/div>\n","protected":false},"excerpt":{"rendered":"<p>Kev\u00e4\u00e4n k\u00e4dentaitomessut ovat aina hieman vaatimattomammat verrattuna marraskuiseen pursuavaan v\u00e4rileikkiin, ja niin oli asia t\u00e4ll\u00e4kin kertaa. Villamyssyt ja muut k\u00e4sity\u00f6t nyt vain istuvat paremmin pime\u00e4\u00e4n vuodenaikaan. N\u00e4ytteilleasettajia oli selv\u00e4sti v\u00e4hemm\u00e4n. N\u00e4ytteilleasettajien pienemm\u00e4ll\u00e4 m\u00e4\u00e4r\u00e4ll\u00e4 oli oma  [&#8230;]<\/p>\n","protected":false},"author":1,"featured_media":695,"comment_status":"open","ping_status":"open","sticky":false,"template":"","format":"standard","meta":{"footnotes":""},"categories":[8],"tags":[],"class_list":["post-689","post","type-post","status-publish","format-standard","has-post-thumbnail","hentry","category-puffiboksi"],"yoast_head":"<!-- This site is optimized with the Yoast SEO plugin v27.1.1 - https:\/\/yoast.com\/product\/yoast-seo-wordpress\/ -->\n<title>Iisisti otetut k\u00e4dentaitomessut - Ellikki.fi<\/title>\n<meta name=\"description\" content=\"Kev\u00e4\u00e4n 2015 k\u00e4dentaitomessut olivat pienet ja kiireett\u00f6m\u00e4t. Herkkuja l\u00f6ytyi silti.\" \/>\n<meta name=\"robots\" content=\"index, follow, max-snippet:-1, max-image-preview:large, max-video-preview:-1\" \/>\n<link rel=\"canonical\" href=\"https:\/\/www.ellikki.fi\/korut\/puffiboksi\/iisisti-otetut-kadentaitomessut\/\" \/>\n<meta property=\"og:locale\" content=\"fi_FI\" \/>\n<meta property=\"og:type\" content=\"article\" \/>\n<meta property=\"og:title\" content=\"Iisisti otetut k\u00e4dentaitomessut - Ellikki.fi\" \/>\n<meta property=\"og:description\" content=\"Kev\u00e4\u00e4n 2015 k\u00e4dentaitomessut olivat pienet ja kiireett\u00f6m\u00e4t. Herkkuja l\u00f6ytyi silti.\" \/>\n<meta property=\"og:url\" content=\"https:\/\/www.ellikki.fi\/korut\/puffiboksi\/iisisti-otetut-kadentaitomessut\/\" \/>\n<meta property=\"og:site_name\" content=\"Ellikki.fi\" \/>\n<meta property=\"article:publisher\" content=\"https:\/\/www.facebook.com\/ellikki\" \/>\n<meta property=\"article:published_time\" content=\"2015-04-11T16:57:09+00:00\" \/>\n<meta property=\"article:modified_time\" content=\"2016-11-02T23:49:06+00:00\" \/>\n<meta property=\"og:image\" content=\"https:\/\/www.ellikki.fi\/korut\/wp-content\/uploads\/2015\/04\/Huopael\u00e4imet.jpg\" \/>\n\t<meta property=\"og:image:width\" content=\"800\" \/>\n\t<meta property=\"og:image:height\" content=\"534\" \/>\n\t<meta property=\"og:image:type\" content=\"image\/jpeg\" \/>\n<meta name=\"author\" content=\"Ellikki\" \/>\n<meta name=\"twitter:card\" content=\"summary_large_image\" \/>\n<meta name=\"twitter:creator\" content=\"@eltalvio\" \/>\n<meta name=\"twitter:site\" content=\"@eltalvio\" \/>\n<meta name=\"twitter:label1\" content=\"Kirjoittanut\" \/>\n\t<meta name=\"twitter:data1\" content=\"Ellikki\" \/>\n\t<meta name=\"twitter:label2\" content=\"Arvioitu lukuaika\" \/>\n\t<meta name=\"twitter:data2\" content=\"4 minuuttia\" \/>\n<script type=\"application\/ld+json\" class=\"yoast-schema-graph\">{\"@context\":\"https:\/\/schema.org\",\"@graph\":[{\"@type\":\"Article\",\"@id\":\"https:\/\/www.ellikki.fi\/korut\/puffiboksi\/iisisti-otetut-kadentaitomessut\/#article\",\"isPartOf\":{\"@id\":\"https:\/\/www.ellikki.fi\/korut\/puffiboksi\/iisisti-otetut-kadentaitomessut\/\"},\"author\":{\"name\":\"Ellikki\",\"@id\":\"https:\/\/www.ellikki.fi\/korut\/#\/schema\/person\/4100981f383f4e840417efe2a45a2e13\"},\"headline\":\"Iisisti otetut k\u00e4dentaitomessut\",\"datePublished\":\"2015-04-11T16:57:09+00:00\",\"dateModified\":\"2016-11-02T23:49:06+00:00\",\"mainEntityOfPage\":{\"@id\":\"https:\/\/www.ellikki.fi\/korut\/puffiboksi\/iisisti-otetut-kadentaitomessut\/\"},\"wordCount\":811,\"commentCount\":2,\"image\":{\"@id\":\"https:\/\/www.ellikki.fi\/korut\/puffiboksi\/iisisti-otetut-kadentaitomessut\/#primaryimage\"},\"thumbnailUrl\":\"https:\/\/www.ellikki.fi\/korut\/wp-content\/uploads\/2015\/04\/Huopael\u00e4imet.jpg\",\"articleSection\":[\"Puffiboksi\"],\"inLanguage\":\"fi\",\"potentialAction\":[{\"@type\":\"CommentAction\",\"name\":\"Comment\",\"target\":[\"https:\/\/www.ellikki.fi\/korut\/puffiboksi\/iisisti-otetut-kadentaitomessut\/#respond\"]}]},{\"@type\":\"WebPage\",\"@id\":\"https:\/\/www.ellikki.fi\/korut\/puffiboksi\/iisisti-otetut-kadentaitomessut\/\",\"url\":\"https:\/\/www.ellikki.fi\/korut\/puffiboksi\/iisisti-otetut-kadentaitomessut\/\",\"name\":\"Iisisti otetut k\u00e4dentaitomessut - Ellikki.fi\",\"isPartOf\":{\"@id\":\"https:\/\/www.ellikki.fi\/korut\/#website\"},\"primaryImageOfPage\":{\"@id\":\"https:\/\/www.ellikki.fi\/korut\/puffiboksi\/iisisti-otetut-kadentaitomessut\/#primaryimage\"},\"image\":{\"@id\":\"https:\/\/www.ellikki.fi\/korut\/puffiboksi\/iisisti-otetut-kadentaitomessut\/#primaryimage\"},\"thumbnailUrl\":\"https:\/\/www.ellikki.fi\/korut\/wp-content\/uploads\/2015\/04\/Huopael\u00e4imet.jpg\",\"datePublished\":\"2015-04-11T16:57:09+00:00\",\"dateModified\":\"2016-11-02T23:49:06+00:00\",\"author\":{\"@id\":\"https:\/\/www.ellikki.fi\/korut\/#\/schema\/person\/4100981f383f4e840417efe2a45a2e13\"},\"description\":\"Kev\u00e4\u00e4n 2015 k\u00e4dentaitomessut olivat pienet ja kiireett\u00f6m\u00e4t. Herkkuja l\u00f6ytyi silti.\",\"breadcrumb\":{\"@id\":\"https:\/\/www.ellikki.fi\/korut\/puffiboksi\/iisisti-otetut-kadentaitomessut\/#breadcrumb\"},\"inLanguage\":\"fi\",\"potentialAction\":[{\"@type\":\"ReadAction\",\"target\":[\"https:\/\/www.ellikki.fi\/korut\/puffiboksi\/iisisti-otetut-kadentaitomessut\/\"]}]},{\"@type\":\"ImageObject\",\"inLanguage\":\"fi\",\"@id\":\"https:\/\/www.ellikki.fi\/korut\/puffiboksi\/iisisti-otetut-kadentaitomessut\/#primaryimage\",\"url\":\"https:\/\/www.ellikki.fi\/korut\/wp-content\/uploads\/2015\/04\/Huopael\u00e4imet.jpg\",\"contentUrl\":\"https:\/\/www.ellikki.fi\/korut\/wp-content\/uploads\/2015\/04\/Huopael\u00e4imet.jpg\",\"width\":800,\"height\":534,\"caption\":\"Huopael\u00e4imet\"},{\"@type\":\"BreadcrumbList\",\"@id\":\"https:\/\/www.ellikki.fi\/korut\/puffiboksi\/iisisti-otetut-kadentaitomessut\/#breadcrumb\",\"itemListElement\":[{\"@type\":\"ListItem\",\"position\":1,\"name\":\"Ellikki.fi - Helmisuutari\",\"item\":\"https:\/\/www.ellikki.fi\/korut\/\"},{\"@type\":\"ListItem\",\"position\":2,\"name\":\"Iisisti otetut k\u00e4dentaitomessut\"}]},{\"@type\":\"WebSite\",\"@id\":\"https:\/\/www.ellikki.fi\/korut\/#website\",\"url\":\"https:\/\/www.ellikki.fi\/korut\/\",\"name\":\"Ellikki.fi\",\"description\":\"Helmisuutari\",\"potentialAction\":[{\"@type\":\"SearchAction\",\"target\":{\"@type\":\"EntryPoint\",\"urlTemplate\":\"https:\/\/www.ellikki.fi\/korut\/?s={search_term_string}\"},\"query-input\":{\"@type\":\"PropertyValueSpecification\",\"valueRequired\":true,\"valueName\":\"search_term_string\"}}],\"inLanguage\":\"fi\"},{\"@type\":\"Person\",\"@id\":\"https:\/\/www.ellikki.fi\/korut\/#\/schema\/person\/4100981f383f4e840417efe2a45a2e13\",\"name\":\"Ellikki\",\"image\":{\"@type\":\"ImageObject\",\"inLanguage\":\"fi\",\"@id\":\"https:\/\/www.ellikki.fi\/korut\/#\/schema\/person\/image\/\",\"url\":\"https:\/\/secure.gravatar.com\/avatar\/68459a81492a7fdb3d3e31353836619029f7a695895440f957f81143855d97ee?s=96&d=mm&r=g\",\"contentUrl\":\"https:\/\/secure.gravatar.com\/avatar\/68459a81492a7fdb3d3e31353836619029f7a695895440f957f81143855d97ee?s=96&d=mm&r=g\",\"caption\":\"Ellikki\"},\"description\":\"Loputtoman utelias hevostoimittaja, tarinanmets\u00e4st\u00e4j\u00e4 ja koruharrastaja, joka edelleen ihmettelee maailmaa ja koettaa aina silloin t\u00e4ll\u00f6in tehd\u00e4 jotain ensi kertaa el\u00e4m\u00e4ss\u00e4\u00e4n.\"}]}<\/script>\n<!-- \/ Yoast SEO plugin. -->","yoast_head_json":{"title":"Iisisti otetut k\u00e4dentaitomessut - Ellikki.fi","description":"Kev\u00e4\u00e4n 2015 k\u00e4dentaitomessut olivat pienet ja kiireett\u00f6m\u00e4t. Herkkuja l\u00f6ytyi silti.","robots":{"index":"index","follow":"follow","max-snippet":"max-snippet:-1","max-image-preview":"max-image-preview:large","max-video-preview":"max-video-preview:-1"},"canonical":"https:\/\/www.ellikki.fi\/korut\/puffiboksi\/iisisti-otetut-kadentaitomessut\/","og_locale":"fi_FI","og_type":"article","og_title":"Iisisti otetut k\u00e4dentaitomessut - Ellikki.fi","og_description":"Kev\u00e4\u00e4n 2015 k\u00e4dentaitomessut olivat pienet ja kiireett\u00f6m\u00e4t. Herkkuja l\u00f6ytyi silti.","og_url":"https:\/\/www.ellikki.fi\/korut\/puffiboksi\/iisisti-otetut-kadentaitomessut\/","og_site_name":"Ellikki.fi","article_publisher":"https:\/\/www.facebook.com\/ellikki","article_published_time":"2015-04-11T16:57:09+00:00","article_modified_time":"2016-11-02T23:49:06+00:00","og_image":[{"width":800,"height":534,"url":"https:\/\/www.ellikki.fi\/korut\/wp-content\/uploads\/2015\/04\/Huopael\u00e4imet.jpg","type":"image\/jpeg"}],"author":"Ellikki","twitter_card":"summary_large_image","twitter_creator":"@eltalvio","twitter_site":"@eltalvio","twitter_misc":{"Kirjoittanut":"Ellikki","Arvioitu lukuaika":"4 minuuttia"},"schema":{"@context":"https:\/\/schema.org","@graph":[{"@type":"Article","@id":"https:\/\/www.ellikki.fi\/korut\/puffiboksi\/iisisti-otetut-kadentaitomessut\/#article","isPartOf":{"@id":"https:\/\/www.ellikki.fi\/korut\/puffiboksi\/iisisti-otetut-kadentaitomessut\/"},"author":{"name":"Ellikki","@id":"https:\/\/www.ellikki.fi\/korut\/#\/schema\/person\/4100981f383f4e840417efe2a45a2e13"},"headline":"Iisisti otetut k\u00e4dentaitomessut","datePublished":"2015-04-11T16:57:09+00:00","dateModified":"2016-11-02T23:49:06+00:00","mainEntityOfPage":{"@id":"https:\/\/www.ellikki.fi\/korut\/puffiboksi\/iisisti-otetut-kadentaitomessut\/"},"wordCount":811,"commentCount":2,"image":{"@id":"https:\/\/www.ellikki.fi\/korut\/puffiboksi\/iisisti-otetut-kadentaitomessut\/#primaryimage"},"thumbnailUrl":"https:\/\/www.ellikki.fi\/korut\/wp-content\/uploads\/2015\/04\/Huopael\u00e4imet.jpg","articleSection":["Puffiboksi"],"inLanguage":"fi","potentialAction":[{"@type":"CommentAction","name":"Comment","target":["https:\/\/www.ellikki.fi\/korut\/puffiboksi\/iisisti-otetut-kadentaitomessut\/#respond"]}]},{"@type":"WebPage","@id":"https:\/\/www.ellikki.fi\/korut\/puffiboksi\/iisisti-otetut-kadentaitomessut\/","url":"https:\/\/www.ellikki.fi\/korut\/puffiboksi\/iisisti-otetut-kadentaitomessut\/","name":"Iisisti otetut k\u00e4dentaitomessut - Ellikki.fi","isPartOf":{"@id":"https:\/\/www.ellikki.fi\/korut\/#website"},"primaryImageOfPage":{"@id":"https:\/\/www.ellikki.fi\/korut\/puffiboksi\/iisisti-otetut-kadentaitomessut\/#primaryimage"},"image":{"@id":"https:\/\/www.ellikki.fi\/korut\/puffiboksi\/iisisti-otetut-kadentaitomessut\/#primaryimage"},"thumbnailUrl":"https:\/\/www.ellikki.fi\/korut\/wp-content\/uploads\/2015\/04\/Huopael\u00e4imet.jpg","datePublished":"2015-04-11T16:57:09+00:00","dateModified":"2016-11-02T23:49:06+00:00","author":{"@id":"https:\/\/www.ellikki.fi\/korut\/#\/schema\/person\/4100981f383f4e840417efe2a45a2e13"},"description":"Kev\u00e4\u00e4n 2015 k\u00e4dentaitomessut olivat pienet ja kiireett\u00f6m\u00e4t. Herkkuja l\u00f6ytyi silti.","breadcrumb":{"@id":"https:\/\/www.ellikki.fi\/korut\/puffiboksi\/iisisti-otetut-kadentaitomessut\/#breadcrumb"},"inLanguage":"fi","potentialAction":[{"@type":"ReadAction","target":["https:\/\/www.ellikki.fi\/korut\/puffiboksi\/iisisti-otetut-kadentaitomessut\/"]}]},{"@type":"ImageObject","inLanguage":"fi","@id":"https:\/\/www.ellikki.fi\/korut\/puffiboksi\/iisisti-otetut-kadentaitomessut\/#primaryimage","url":"https:\/\/www.ellikki.fi\/korut\/wp-content\/uploads\/2015\/04\/Huopael\u00e4imet.jpg","contentUrl":"https:\/\/www.ellikki.fi\/korut\/wp-content\/uploads\/2015\/04\/Huopael\u00e4imet.jpg","width":800,"height":534,"caption":"Huopael\u00e4imet"},{"@type":"BreadcrumbList","@id":"https:\/\/www.ellikki.fi\/korut\/puffiboksi\/iisisti-otetut-kadentaitomessut\/#breadcrumb","itemListElement":[{"@type":"ListItem","position":1,"name":"Ellikki.fi - Helmisuutari","item":"https:\/\/www.ellikki.fi\/korut\/"},{"@type":"ListItem","position":2,"name":"Iisisti otetut k\u00e4dentaitomessut"}]},{"@type":"WebSite","@id":"https:\/\/www.ellikki.fi\/korut\/#website","url":"https:\/\/www.ellikki.fi\/korut\/","name":"Ellikki.fi","description":"Helmisuutari","potentialAction":[{"@type":"SearchAction","target":{"@type":"EntryPoint","urlTemplate":"https:\/\/www.ellikki.fi\/korut\/?s={search_term_string}"},"query-input":{"@type":"PropertyValueSpecification","valueRequired":true,"valueName":"search_term_string"}}],"inLanguage":"fi"},{"@type":"Person","@id":"https:\/\/www.ellikki.fi\/korut\/#\/schema\/person\/4100981f383f4e840417efe2a45a2e13","name":"Ellikki","image":{"@type":"ImageObject","inLanguage":"fi","@id":"https:\/\/www.ellikki.fi\/korut\/#\/schema\/person\/image\/","url":"https:\/\/secure.gravatar.com\/avatar\/68459a81492a7fdb3d3e31353836619029f7a695895440f957f81143855d97ee?s=96&d=mm&r=g","contentUrl":"https:\/\/secure.gravatar.com\/avatar\/68459a81492a7fdb3d3e31353836619029f7a695895440f957f81143855d97ee?s=96&d=mm&r=g","caption":"Ellikki"},"description":"Loputtoman utelias hevostoimittaja, tarinanmets\u00e4st\u00e4j\u00e4 ja koruharrastaja, joka edelleen ihmettelee maailmaa ja koettaa aina silloin t\u00e4ll\u00f6in tehd\u00e4 jotain ensi kertaa el\u00e4m\u00e4ss\u00e4\u00e4n."}]}},"_links":{"self":[{"href":"https:\/\/www.ellikki.fi\/korut\/wp-json\/wp\/v2\/posts\/689","targetHints":{"allow":["GET"]}}],"collection":[{"href":"https:\/\/www.ellikki.fi\/korut\/wp-json\/wp\/v2\/posts"}],"about":[{"href":"https:\/\/www.ellikki.fi\/korut\/wp-json\/wp\/v2\/types\/post"}],"author":[{"embeddable":true,"href":"https:\/\/www.ellikki.fi\/korut\/wp-json\/wp\/v2\/users\/1"}],"replies":[{"embeddable":true,"href":"https:\/\/www.ellikki.fi\/korut\/wp-json\/wp\/v2\/comments?post=689"}],"version-history":[{"count":0,"href":"https:\/\/www.ellikki.fi\/korut\/wp-json\/wp\/v2\/posts\/689\/revisions"}],"wp:featuredmedia":[{"embeddable":true,"href":"https:\/\/www.ellikki.fi\/korut\/wp-json\/wp\/v2\/media\/695"}],"wp:attachment":[{"href":"https:\/\/www.ellikki.fi\/korut\/wp-json\/wp\/v2\/media?parent=689"}],"wp:term":[{"taxonomy":"category","embeddable":true,"href":"https:\/\/www.ellikki.fi\/korut\/wp-json\/wp\/v2\/categories?post=689"},{"taxonomy":"post_tag","embeddable":true,"href":"https:\/\/www.ellikki.fi\/korut\/wp-json\/wp\/v2\/tags?post=689"}],"curies":[{"name":"wp","href":"https:\/\/api.w.org\/{rel}","templated":true}]}}