{"id":782,"date":"2015-06-14T14:57:08","date_gmt":"2015-06-14T11:57:08","guid":{"rendered":"http:\/\/www.ellikki.fi\/korut\/?p=782"},"modified":"2016-11-03T01:49:06","modified_gmt":"2016-11-02T23:49:06","slug":"eraan-korun-tarina","status":"publish","type":"post","link":"https:\/\/www.ellikki.fi\/korut\/kokeilut\/eraan-korun-tarina\/","title":{"rendered":"Er\u00e4\u00e4n korun tarina"},"content":{"rendered":"<p>Parhaat ideat ovat usein puoliksi vahinkoja. Kerran kuussa pyrin kertomaan blogissani yhden uuden korun teko-ohjeet. Aina ei ole aivan selv\u00e4\u00e4, mist\u00e4 ideat pulpahtavat. Usein ne tulevat silloin, kun on hetki joutilasta aikaa: ajan tuttua maantiet\u00e4 hiljaisen liikenteen aikaan ja annan ajatusten vaellella tai olen ulkona lenkill\u00e4 tuulettamassa p\u00e4\u00e4koppaani. Toisinaan saan ajatuksen juuri ennen nukkumaanmenoa, kun huomaan valinneeni sen verran tyls\u00e4n kirjan, ettei se onnistu pit\u00e4m\u00e4\u00e4n mielenkiintoani tarinassa. Eik\u00e4 ole harvinaista sek\u00e4\u00e4n, ett\u00e4 n\u00e4en jonkin mielenkiintoisen koruohjeen lehdess\u00e4 tai netiss\u00e4, mutta huomaan heti per\u00e4\u00e4n pohtivani, miten siit\u00e4 voisi tehd\u00e4 mielest\u00e4ni viel\u00e4 kauniimman.<\/p>\n<p>T\u00e4m\u00e4nkertaiselle korulle l\u00f6ytyy kerrankin ihan syntytarina. Katsoin Youtubesta Potomac Beadsin <a href=\"https:\/\/www.youtube.com\/watch?v=nvUCgW5vGi8\" target=\"_blank\"><strong>opetusvideon<\/strong><\/a>. Videossa opetettiin tekniikka, jossa ketju saatiin mutkittelemaan helmien v\u00e4list\u00e4 niin, ett\u00e4 syntyi kaunis k\u00f6ynn\u00f6sm\u00e4inen kuvio. Kuvan vasemmassa yl\u00e4kulmassa on p\u00e4tk\u00e4 onnistunutta k\u00f6ynn\u00f6st\u00e4. Sain tehty\u00e4 suurin piirtein mallin mukaisen kappaleen, mutta huomasin, ett\u00e4 kaulassa se ei k\u00e4ytt\u00e4ytynytk\u00e4\u00e4n aivan toivotulla tavalla. Vanha tuttu painovoima teki omat tepposensa, tai ehk\u00e4 korua olisi pit\u00e4nyt kirist\u00e4\u00e4 tekovaiheessa huolellisemmin. Katselin kohtaa, joka ei k\u00e4ytt\u00e4ytynyt niin kuin piti, ja tuumin: \u201dMit\u00e4 jos koko korun tekisi tarkoituksella sill\u00e4 tavalla, joka alkuper\u00e4isess\u00e4 korussa oli \u2019vika\u2019?\u201d. T\u00e4m\u00e4n vuoden aikana olen saanut piiskattuani itse\u00e4ni opettelemaan pari uutta tekniikkaa, etenkin supermonik\u00e4ytt\u00f6isen oikean silmukan (right angle weave), jota hy\u00f6dynsin vapaasti soveltaen uudessa kokeilussani. Lopputulos on ihan kiva, se n\u00e4kyy ylimm\u00e4ss\u00e4 kuvassa.<\/p>\n<p><a href=\"http:\/\/www.ellikki.fi\/korut\/wp-content\/uploads\/2015\/06\/T\u00e4st\u00e4-se-ajatus-l\u00e4hti.jpg\"><img decoding=\"async\" class=\"aligncenter size-full wp-image-784\" src=\"http:\/\/www.ellikki.fi\/korut\/wp-content\/uploads\/2015\/06\/T\u00e4st\u00e4-se-ajatus-l\u00e4hti.jpg\" alt=\"T\u00e4st\u00e4 se ajatus l\u00e4hti\" width=\"800\" height=\"533\" srcset=\"https:\/\/www.ellikki.fi\/korut\/wp-content\/uploads\/2015\/06\/T\u00e4st\u00e4-se-ajatus-l\u00e4hti-200x133.jpg 200w, https:\/\/www.ellikki.fi\/korut\/wp-content\/uploads\/2015\/06\/T\u00e4st\u00e4-se-ajatus-l\u00e4hti-300x200.jpg 300w, https:\/\/www.ellikki.fi\/korut\/wp-content\/uploads\/2015\/06\/T\u00e4st\u00e4-se-ajatus-l\u00e4hti-400x267.jpg 400w, https:\/\/www.ellikki.fi\/korut\/wp-content\/uploads\/2015\/06\/T\u00e4st\u00e4-se-ajatus-l\u00e4hti-600x400.jpg 600w, https:\/\/www.ellikki.fi\/korut\/wp-content\/uploads\/2015\/06\/T\u00e4st\u00e4-se-ajatus-l\u00e4hti-768x512.jpg 768w, https:\/\/www.ellikki.fi\/korut\/wp-content\/uploads\/2015\/06\/T\u00e4st\u00e4-se-ajatus-l\u00e4hti.jpg 800w\" sizes=\"(max-width: 800px) 100vw, 800px\" \/><\/a><\/p>\n<p><a href=\"http:\/\/www.ellikki.fi\/korut\/wp-content\/uploads\/2015\/06\/Maistiainen.jpg\"><img decoding=\"async\" class=\"aligncenter size-full wp-image-785\" src=\"http:\/\/www.ellikki.fi\/korut\/wp-content\/uploads\/2015\/06\/Maistiainen.jpg\" alt=\"Maistiainen\" width=\"800\" height=\"582\" srcset=\"https:\/\/www.ellikki.fi\/korut\/wp-content\/uploads\/2015\/06\/Maistiainen-200x146.jpg 200w, https:\/\/www.ellikki.fi\/korut\/wp-content\/uploads\/2015\/06\/Maistiainen-220x161.jpg 220w, https:\/\/www.ellikki.fi\/korut\/wp-content\/uploads\/2015\/06\/Maistiainen-300x218.jpg 300w, https:\/\/www.ellikki.fi\/korut\/wp-content\/uploads\/2015\/06\/Maistiainen-400x291.jpg 400w, https:\/\/www.ellikki.fi\/korut\/wp-content\/uploads\/2015\/06\/Maistiainen-600x437.jpg 600w, https:\/\/www.ellikki.fi\/korut\/wp-content\/uploads\/2015\/06\/Maistiainen-768x559.jpg 768w, https:\/\/www.ellikki.fi\/korut\/wp-content\/uploads\/2015\/06\/Maistiainen.jpg 800w\" sizes=\"(max-width: 800px) 100vw, 800px\" \/><\/a><\/p>\n<p>Tulevassa korubloggauksessa kerron ohjeet t\u00e4h\u00e4n. T\u00e4st\u00e4 se ajatus l\u00e4hti.<\/p>\n<p>Edit: Ohjeet l\u00f6ytyv\u00e4t t\u00e4m\u00e4n <a href=\"http:\/\/www.ellikki.fi\/korut\/kokeilut\/ladyn-vaaleanpunainen-pitsiunelma\/\"><strong>linkin<\/strong><\/a> takaa.<\/p>\n","protected":false},"excerpt":{"rendered":"<p>Parhaat ideat ovat usein puoliksi vahinkoja. Kerran kuussa pyrin kertomaan blogissani yhden uuden korun teko-ohjeet. Aina ei ole aivan selv\u00e4\u00e4, mist\u00e4 ideat pulpahtavat. Usein ne tulevat silloin, kun on hetki joutilasta aikaa: ajan tuttua maantiet\u00e4  [&#8230;]<\/p>\n","protected":false},"author":1,"featured_media":783,"comment_status":"open","ping_status":"open","sticky":false,"template":"","format":"standard","meta":{"footnotes":""},"categories":[1],"tags":[137,172,148,173,171,170],"class_list":["post-782","post","type-post","status-publish","format-standard","has-post-thumbnail","hentry","category-kokeilut","tag-kaulakoru","tag-potomac-beads","tag-right-angle-weave","tag-single-helix","tag-syntytarina","tag-tarina"],"yoast_head":"<!-- This site is optimized with the Yoast SEO plugin v27.1.1 - https:\/\/yoast.com\/product\/yoast-seo-wordpress\/ -->\n<title>Er\u00e4\u00e4n korun tarina - Ellikki.fi<\/title>\n<meta name=\"description\" content=\"Koruilla on joskus selke\u00e4 tarina, joskus ajatus vain tulee jostain. T\u00e4ss\u00e4 er\u00e4\u00e4n korun tarina.\" \/>\n<meta name=\"robots\" content=\"index, follow, max-snippet:-1, max-image-preview:large, max-video-preview:-1\" \/>\n<link rel=\"canonical\" href=\"https:\/\/www.ellikki.fi\/korut\/kokeilut\/eraan-korun-tarina\/\" \/>\n<meta property=\"og:locale\" content=\"fi_FI\" \/>\n<meta property=\"og:type\" content=\"article\" \/>\n<meta property=\"og:title\" content=\"Er\u00e4\u00e4n korun tarina - Ellikki.fi\" \/>\n<meta property=\"og:description\" content=\"Koruilla on joskus selke\u00e4 tarina, joskus ajatus vain tulee jostain. T\u00e4ss\u00e4 er\u00e4\u00e4n korun tarina.\" \/>\n<meta property=\"og:url\" content=\"https:\/\/www.ellikki.fi\/korut\/kokeilut\/eraan-korun-tarina\/\" \/>\n<meta property=\"og:site_name\" content=\"Ellikki.fi\" \/>\n<meta property=\"article:publisher\" content=\"https:\/\/www.facebook.com\/ellikki\" \/>\n<meta property=\"article:published_time\" content=\"2015-06-14T11:57:08+00:00\" \/>\n<meta property=\"article:modified_time\" content=\"2016-11-02T23:49:06+00:00\" \/>\n<meta property=\"og:image\" content=\"https:\/\/www.ellikki.fi\/korut\/wp-content\/uploads\/2015\/06\/Melkein-valmis.jpg\" \/>\n\t<meta property=\"og:image:width\" content=\"800\" \/>\n\t<meta property=\"og:image:height\" content=\"580\" \/>\n\t<meta property=\"og:image:type\" content=\"image\/jpeg\" \/>\n<meta name=\"author\" content=\"Ellikki\" \/>\n<meta name=\"twitter:card\" content=\"summary_large_image\" \/>\n<meta name=\"twitter:creator\" content=\"@eltalvio\" \/>\n<meta name=\"twitter:site\" content=\"@eltalvio\" \/>\n<meta name=\"twitter:label1\" content=\"Kirjoittanut\" \/>\n\t<meta name=\"twitter:data1\" content=\"Ellikki\" \/>\n\t<meta name=\"twitter:label2\" content=\"Arvioitu lukuaika\" \/>\n\t<meta name=\"twitter:data2\" content=\"1 minuutti\" \/>\n<script type=\"application\/ld+json\" class=\"yoast-schema-graph\">{\"@context\":\"https:\/\/schema.org\",\"@graph\":[{\"@type\":\"Article\",\"@id\":\"https:\/\/www.ellikki.fi\/korut\/kokeilut\/eraan-korun-tarina\/#article\",\"isPartOf\":{\"@id\":\"https:\/\/www.ellikki.fi\/korut\/kokeilut\/eraan-korun-tarina\/\"},\"author\":{\"name\":\"Ellikki\",\"@id\":\"https:\/\/www.ellikki.fi\/korut\/#\/schema\/person\/4100981f383f4e840417efe2a45a2e13\"},\"headline\":\"Er\u00e4\u00e4n korun tarina\",\"datePublished\":\"2015-06-14T11:57:08+00:00\",\"dateModified\":\"2016-11-02T23:49:06+00:00\",\"mainEntityOfPage\":{\"@id\":\"https:\/\/www.ellikki.fi\/korut\/kokeilut\/eraan-korun-tarina\/\"},\"wordCount\":271,\"commentCount\":0,\"image\":{\"@id\":\"https:\/\/www.ellikki.fi\/korut\/kokeilut\/eraan-korun-tarina\/#primaryimage\"},\"thumbnailUrl\":\"https:\/\/www.ellikki.fi\/korut\/wp-content\/uploads\/2015\/06\/Melkein-valmis.jpg\",\"keywords\":[\"kaulakoru\",\"Potomac beads\",\"right angle weave\",\"single helix\",\"syntytarina\",\"tarina\"],\"articleSection\":[\"Kokeilut\"],\"inLanguage\":\"fi\",\"potentialAction\":[{\"@type\":\"CommentAction\",\"name\":\"Comment\",\"target\":[\"https:\/\/www.ellikki.fi\/korut\/kokeilut\/eraan-korun-tarina\/#respond\"]}]},{\"@type\":\"WebPage\",\"@id\":\"https:\/\/www.ellikki.fi\/korut\/kokeilut\/eraan-korun-tarina\/\",\"url\":\"https:\/\/www.ellikki.fi\/korut\/kokeilut\/eraan-korun-tarina\/\",\"name\":\"Er\u00e4\u00e4n korun tarina - Ellikki.fi\",\"isPartOf\":{\"@id\":\"https:\/\/www.ellikki.fi\/korut\/#website\"},\"primaryImageOfPage\":{\"@id\":\"https:\/\/www.ellikki.fi\/korut\/kokeilut\/eraan-korun-tarina\/#primaryimage\"},\"image\":{\"@id\":\"https:\/\/www.ellikki.fi\/korut\/kokeilut\/eraan-korun-tarina\/#primaryimage\"},\"thumbnailUrl\":\"https:\/\/www.ellikki.fi\/korut\/wp-content\/uploads\/2015\/06\/Melkein-valmis.jpg\",\"datePublished\":\"2015-06-14T11:57:08+00:00\",\"dateModified\":\"2016-11-02T23:49:06+00:00\",\"author\":{\"@id\":\"https:\/\/www.ellikki.fi\/korut\/#\/schema\/person\/4100981f383f4e840417efe2a45a2e13\"},\"description\":\"Koruilla on joskus selke\u00e4 tarina, joskus ajatus vain tulee jostain. T\u00e4ss\u00e4 er\u00e4\u00e4n korun tarina.\",\"breadcrumb\":{\"@id\":\"https:\/\/www.ellikki.fi\/korut\/kokeilut\/eraan-korun-tarina\/#breadcrumb\"},\"inLanguage\":\"fi\",\"potentialAction\":[{\"@type\":\"ReadAction\",\"target\":[\"https:\/\/www.ellikki.fi\/korut\/kokeilut\/eraan-korun-tarina\/\"]}]},{\"@type\":\"ImageObject\",\"inLanguage\":\"fi\",\"@id\":\"https:\/\/www.ellikki.fi\/korut\/kokeilut\/eraan-korun-tarina\/#primaryimage\",\"url\":\"https:\/\/www.ellikki.fi\/korut\/wp-content\/uploads\/2015\/06\/Melkein-valmis.jpg\",\"contentUrl\":\"https:\/\/www.ellikki.fi\/korut\/wp-content\/uploads\/2015\/06\/Melkein-valmis.jpg\",\"width\":800,\"height\":580,\"caption\":\"Melkein valmis\"},{\"@type\":\"BreadcrumbList\",\"@id\":\"https:\/\/www.ellikki.fi\/korut\/kokeilut\/eraan-korun-tarina\/#breadcrumb\",\"itemListElement\":[{\"@type\":\"ListItem\",\"position\":1,\"name\":\"Ellikki.fi - Helmisuutari\",\"item\":\"https:\/\/www.ellikki.fi\/korut\/\"},{\"@type\":\"ListItem\",\"position\":2,\"name\":\"Er\u00e4\u00e4n korun tarina\"}]},{\"@type\":\"WebSite\",\"@id\":\"https:\/\/www.ellikki.fi\/korut\/#website\",\"url\":\"https:\/\/www.ellikki.fi\/korut\/\",\"name\":\"Ellikki.fi\",\"description\":\"Helmisuutari\",\"potentialAction\":[{\"@type\":\"SearchAction\",\"target\":{\"@type\":\"EntryPoint\",\"urlTemplate\":\"https:\/\/www.ellikki.fi\/korut\/?s={search_term_string}\"},\"query-input\":{\"@type\":\"PropertyValueSpecification\",\"valueRequired\":true,\"valueName\":\"search_term_string\"}}],\"inLanguage\":\"fi\"},{\"@type\":\"Person\",\"@id\":\"https:\/\/www.ellikki.fi\/korut\/#\/schema\/person\/4100981f383f4e840417efe2a45a2e13\",\"name\":\"Ellikki\",\"image\":{\"@type\":\"ImageObject\",\"inLanguage\":\"fi\",\"@id\":\"https:\/\/www.ellikki.fi\/korut\/#\/schema\/person\/image\/\",\"url\":\"https:\/\/secure.gravatar.com\/avatar\/68459a81492a7fdb3d3e31353836619029f7a695895440f957f81143855d97ee?s=96&d=mm&r=g\",\"contentUrl\":\"https:\/\/secure.gravatar.com\/avatar\/68459a81492a7fdb3d3e31353836619029f7a695895440f957f81143855d97ee?s=96&d=mm&r=g\",\"caption\":\"Ellikki\"},\"description\":\"Loputtoman utelias hevostoimittaja, tarinanmets\u00e4st\u00e4j\u00e4 ja koruharrastaja, joka edelleen ihmettelee maailmaa ja koettaa aina silloin t\u00e4ll\u00f6in tehd\u00e4 jotain ensi kertaa el\u00e4m\u00e4ss\u00e4\u00e4n.\"}]}<\/script>\n<!-- \/ Yoast SEO plugin. -->","yoast_head_json":{"title":"Er\u00e4\u00e4n korun tarina - Ellikki.fi","description":"Koruilla on joskus selke\u00e4 tarina, joskus ajatus vain tulee jostain. T\u00e4ss\u00e4 er\u00e4\u00e4n korun tarina.","robots":{"index":"index","follow":"follow","max-snippet":"max-snippet:-1","max-image-preview":"max-image-preview:large","max-video-preview":"max-video-preview:-1"},"canonical":"https:\/\/www.ellikki.fi\/korut\/kokeilut\/eraan-korun-tarina\/","og_locale":"fi_FI","og_type":"article","og_title":"Er\u00e4\u00e4n korun tarina - Ellikki.fi","og_description":"Koruilla on joskus selke\u00e4 tarina, joskus ajatus vain tulee jostain. T\u00e4ss\u00e4 er\u00e4\u00e4n korun tarina.","og_url":"https:\/\/www.ellikki.fi\/korut\/kokeilut\/eraan-korun-tarina\/","og_site_name":"Ellikki.fi","article_publisher":"https:\/\/www.facebook.com\/ellikki","article_published_time":"2015-06-14T11:57:08+00:00","article_modified_time":"2016-11-02T23:49:06+00:00","og_image":[{"width":800,"height":580,"url":"https:\/\/www.ellikki.fi\/korut\/wp-content\/uploads\/2015\/06\/Melkein-valmis.jpg","type":"image\/jpeg"}],"author":"Ellikki","twitter_card":"summary_large_image","twitter_creator":"@eltalvio","twitter_site":"@eltalvio","twitter_misc":{"Kirjoittanut":"Ellikki","Arvioitu lukuaika":"1 minuutti"},"schema":{"@context":"https:\/\/schema.org","@graph":[{"@type":"Article","@id":"https:\/\/www.ellikki.fi\/korut\/kokeilut\/eraan-korun-tarina\/#article","isPartOf":{"@id":"https:\/\/www.ellikki.fi\/korut\/kokeilut\/eraan-korun-tarina\/"},"author":{"name":"Ellikki","@id":"https:\/\/www.ellikki.fi\/korut\/#\/schema\/person\/4100981f383f4e840417efe2a45a2e13"},"headline":"Er\u00e4\u00e4n korun tarina","datePublished":"2015-06-14T11:57:08+00:00","dateModified":"2016-11-02T23:49:06+00:00","mainEntityOfPage":{"@id":"https:\/\/www.ellikki.fi\/korut\/kokeilut\/eraan-korun-tarina\/"},"wordCount":271,"commentCount":0,"image":{"@id":"https:\/\/www.ellikki.fi\/korut\/kokeilut\/eraan-korun-tarina\/#primaryimage"},"thumbnailUrl":"https:\/\/www.ellikki.fi\/korut\/wp-content\/uploads\/2015\/06\/Melkein-valmis.jpg","keywords":["kaulakoru","Potomac beads","right angle weave","single helix","syntytarina","tarina"],"articleSection":["Kokeilut"],"inLanguage":"fi","potentialAction":[{"@type":"CommentAction","name":"Comment","target":["https:\/\/www.ellikki.fi\/korut\/kokeilut\/eraan-korun-tarina\/#respond"]}]},{"@type":"WebPage","@id":"https:\/\/www.ellikki.fi\/korut\/kokeilut\/eraan-korun-tarina\/","url":"https:\/\/www.ellikki.fi\/korut\/kokeilut\/eraan-korun-tarina\/","name":"Er\u00e4\u00e4n korun tarina - Ellikki.fi","isPartOf":{"@id":"https:\/\/www.ellikki.fi\/korut\/#website"},"primaryImageOfPage":{"@id":"https:\/\/www.ellikki.fi\/korut\/kokeilut\/eraan-korun-tarina\/#primaryimage"},"image":{"@id":"https:\/\/www.ellikki.fi\/korut\/kokeilut\/eraan-korun-tarina\/#primaryimage"},"thumbnailUrl":"https:\/\/www.ellikki.fi\/korut\/wp-content\/uploads\/2015\/06\/Melkein-valmis.jpg","datePublished":"2015-06-14T11:57:08+00:00","dateModified":"2016-11-02T23:49:06+00:00","author":{"@id":"https:\/\/www.ellikki.fi\/korut\/#\/schema\/person\/4100981f383f4e840417efe2a45a2e13"},"description":"Koruilla on joskus selke\u00e4 tarina, joskus ajatus vain tulee jostain. T\u00e4ss\u00e4 er\u00e4\u00e4n korun tarina.","breadcrumb":{"@id":"https:\/\/www.ellikki.fi\/korut\/kokeilut\/eraan-korun-tarina\/#breadcrumb"},"inLanguage":"fi","potentialAction":[{"@type":"ReadAction","target":["https:\/\/www.ellikki.fi\/korut\/kokeilut\/eraan-korun-tarina\/"]}]},{"@type":"ImageObject","inLanguage":"fi","@id":"https:\/\/www.ellikki.fi\/korut\/kokeilut\/eraan-korun-tarina\/#primaryimage","url":"https:\/\/www.ellikki.fi\/korut\/wp-content\/uploads\/2015\/06\/Melkein-valmis.jpg","contentUrl":"https:\/\/www.ellikki.fi\/korut\/wp-content\/uploads\/2015\/06\/Melkein-valmis.jpg","width":800,"height":580,"caption":"Melkein valmis"},{"@type":"BreadcrumbList","@id":"https:\/\/www.ellikki.fi\/korut\/kokeilut\/eraan-korun-tarina\/#breadcrumb","itemListElement":[{"@type":"ListItem","position":1,"name":"Ellikki.fi - Helmisuutari","item":"https:\/\/www.ellikki.fi\/korut\/"},{"@type":"ListItem","position":2,"name":"Er\u00e4\u00e4n korun tarina"}]},{"@type":"WebSite","@id":"https:\/\/www.ellikki.fi\/korut\/#website","url":"https:\/\/www.ellikki.fi\/korut\/","name":"Ellikki.fi","description":"Helmisuutari","potentialAction":[{"@type":"SearchAction","target":{"@type":"EntryPoint","urlTemplate":"https:\/\/www.ellikki.fi\/korut\/?s={search_term_string}"},"query-input":{"@type":"PropertyValueSpecification","valueRequired":true,"valueName":"search_term_string"}}],"inLanguage":"fi"},{"@type":"Person","@id":"https:\/\/www.ellikki.fi\/korut\/#\/schema\/person\/4100981f383f4e840417efe2a45a2e13","name":"Ellikki","image":{"@type":"ImageObject","inLanguage":"fi","@id":"https:\/\/www.ellikki.fi\/korut\/#\/schema\/person\/image\/","url":"https:\/\/secure.gravatar.com\/avatar\/68459a81492a7fdb3d3e31353836619029f7a695895440f957f81143855d97ee?s=96&d=mm&r=g","contentUrl":"https:\/\/secure.gravatar.com\/avatar\/68459a81492a7fdb3d3e31353836619029f7a695895440f957f81143855d97ee?s=96&d=mm&r=g","caption":"Ellikki"},"description":"Loputtoman utelias hevostoimittaja, tarinanmets\u00e4st\u00e4j\u00e4 ja koruharrastaja, joka edelleen ihmettelee maailmaa ja koettaa aina silloin t\u00e4ll\u00f6in tehd\u00e4 jotain ensi kertaa el\u00e4m\u00e4ss\u00e4\u00e4n."}]}},"_links":{"self":[{"href":"https:\/\/www.ellikki.fi\/korut\/wp-json\/wp\/v2\/posts\/782","targetHints":{"allow":["GET"]}}],"collection":[{"href":"https:\/\/www.ellikki.fi\/korut\/wp-json\/wp\/v2\/posts"}],"about":[{"href":"https:\/\/www.ellikki.fi\/korut\/wp-json\/wp\/v2\/types\/post"}],"author":[{"embeddable":true,"href":"https:\/\/www.ellikki.fi\/korut\/wp-json\/wp\/v2\/users\/1"}],"replies":[{"embeddable":true,"href":"https:\/\/www.ellikki.fi\/korut\/wp-json\/wp\/v2\/comments?post=782"}],"version-history":[{"count":0,"href":"https:\/\/www.ellikki.fi\/korut\/wp-json\/wp\/v2\/posts\/782\/revisions"}],"wp:featuredmedia":[{"embeddable":true,"href":"https:\/\/www.ellikki.fi\/korut\/wp-json\/wp\/v2\/media\/783"}],"wp:attachment":[{"href":"https:\/\/www.ellikki.fi\/korut\/wp-json\/wp\/v2\/media?parent=782"}],"wp:term":[{"taxonomy":"category","embeddable":true,"href":"https:\/\/www.ellikki.fi\/korut\/wp-json\/wp\/v2\/categories?post=782"},{"taxonomy":"post_tag","embeddable":true,"href":"https:\/\/www.ellikki.fi\/korut\/wp-json\/wp\/v2\/tags?post=782"}],"curies":[{"name":"wp","href":"https:\/\/api.w.org\/{rel}","templated":true}]}}