{"id":800,"date":"2015-06-17T21:23:55","date_gmt":"2015-06-17T18:23:55","guid":{"rendered":"http:\/\/www.ellikki.fi\/korut\/?p=800"},"modified":"2016-11-03T01:49:06","modified_gmt":"2016-11-02T23:49:06","slug":"ladyn-vaaleanpunainen-pitsiunelma","status":"publish","type":"post","link":"https:\/\/www.ellikki.fi\/korut\/kokeilut\/ladyn-vaaleanpunainen-pitsiunelma\/","title":{"rendered":"Ladyn vaaleanpunainen pitsiunelma"},"content":{"rendered":"<p>Tuorein suunnittelemani koru on tytt\u00f6m\u00e4isen vaaleanpunainen pitsiunelma, mutta perinteisen klassisena parhaimmillaan aikuisen ladyn kaulassa. Kerroin <a href=\"http:\/\/www.ellikki.fi\/korut\/kokeilut\/eraan-korun-tarina\/\"><strong>edellisess\u00e4 jutussa<\/strong><\/a>, mist\u00e4 sain idean t\u00e4h\u00e4n koruun.<\/p>\n<p>Tarvikkeet:<br \/>\nHelmilankaa ja neula<br \/>\nHopeanv\u00e4risi\u00e4 siemenhelmi\u00e4 kokoa 11\/o<br \/>\n8 mm helmi\u00e4 (ohjeissa \u201diso helmi\u201d)<br \/>\nSalpalukko<br \/>\nKaksi \u201dhevosenkenk\u00e4\u00e4\u201d<br \/>\nSakset<\/p>\n<div class=\"fusion-fullwidth fullwidth-box fusion-builder-row-1 hundred-percent-fullwidth non-hundred-percent-height-scrolling\" style=\"--awb-border-radius-top-left:0px;--awb-border-radius-top-right:0px;--awb-border-radius-bottom-right:0px;--awb-border-radius-bottom-left:0px;--awb-overflow:visible;--awb-flex-wrap:wrap;\" ><div class=\"fusion-builder-row fusion-row\"><div class=\"fusion-layout-column fusion_builder_column fusion-builder-column-0 fusion_builder_column_1_1 1_1 fusion-one-full fusion-column-first fusion-column-last fusion-column-no-min-height\" style=\"--awb-bg-size:cover;--awb-margin-bottom:0px;\"><div class=\"fusion-column-wrapper fusion-flex-column-wrapper-legacy\"><div id=\"attachment_829\" style=\"width: 810px\" class=\"wp-caption aligncenter\"><a href=\"http:\/\/www.ellikki.fi\/korut\/wp-content\/uploads\/2015\/06\/1.-Tarvikkeet.jpg\"><img decoding=\"async\" aria-describedby=\"caption-attachment-829\" class=\"wp-image-829 size-full\" src=\"http:\/\/www.ellikki.fi\/korut\/wp-content\/uploads\/2015\/06\/1.-Tarvikkeet.jpg\" alt=\"1. Tarvikkeet\" width=\"800\" height=\"626\" srcset=\"https:\/\/www.ellikki.fi\/korut\/wp-content\/uploads\/2015\/06\/1.-Tarvikkeet-200x157.jpg 200w, https:\/\/www.ellikki.fi\/korut\/wp-content\/uploads\/2015\/06\/1.-Tarvikkeet-300x235.jpg 300w, https:\/\/www.ellikki.fi\/korut\/wp-content\/uploads\/2015\/06\/1.-Tarvikkeet-400x313.jpg 400w, https:\/\/www.ellikki.fi\/korut\/wp-content\/uploads\/2015\/06\/1.-Tarvikkeet-600x470.jpg 600w, https:\/\/www.ellikki.fi\/korut\/wp-content\/uploads\/2015\/06\/1.-Tarvikkeet-768x601.jpg 768w, https:\/\/www.ellikki.fi\/korut\/wp-content\/uploads\/2015\/06\/1.-Tarvikkeet.jpg 800w\" sizes=\"(max-width: 800px) 100vw, 800px\" \/><\/a><p id=\"caption-attachment-829\" class=\"wp-caption-text\">Kuva 1. Tarvikkeet<\/p><\/div>\n<p>Lankaan pujotetaan 8 siemenhelme\u00e4 ja niiden per\u00e4\u00e4n iso helmi. Ensimm\u00e4isen ison helmen kohdalla lanka pujotetaan toisen kerran ymp\u00e4ri siemenhelmist\u00e4 ja isosta helmest\u00e4. N\u00e4in saadaan siemenhelmet kietoutumaan ison helmen ymp\u00e4rille. Kaksinkertainen kierros takaa tukevan aloituksen, ja sen j\u00e4lkeen lanka menee viel\u00e4 kolmannen kerran l\u00e4pi siemenhelmist\u00e4, mutta t\u00e4ll\u00e4 kertaa ei en\u00e4\u00e4 ison helmen l\u00e4pi, vaan siirryt\u00e4\u00e4n toiseen vaiheeseen.<\/p>\n<div class=\"fusion-clearfix\"><\/div><\/div><\/div><div class=\"fusion-layout-column fusion_builder_column fusion-builder-column-1 fusion_builder_column_1_1 1_1 fusion-one-full fusion-column-first fusion-column-last fusion-column-no-min-height\" style=\"--awb-bg-size:cover;--awb-margin-bottom:0px;\"><div class=\"fusion-column-wrapper fusion-flex-column-wrapper-legacy\"><div id=\"attachment_801\" style=\"width: 810px\" class=\"wp-caption aligncenter\"><a href=\"http:\/\/www.ellikki.fi\/korut\/wp-content\/uploads\/2015\/06\/8-pient\u00e4-ja-1-iso.jpg\"><img decoding=\"async\" aria-describedby=\"caption-attachment-801\" class=\"wp-image-801 size-full\" src=\"http:\/\/www.ellikki.fi\/korut\/wp-content\/uploads\/2015\/06\/8-pient\u00e4-ja-1-iso.jpg\" alt=\"8 pient\u00e4 ja 1 iso\" width=\"800\" height=\"567\" srcset=\"https:\/\/www.ellikki.fi\/korut\/wp-content\/uploads\/2015\/06\/8-pient\u00e4-ja-1-iso-200x142.jpg 200w, https:\/\/www.ellikki.fi\/korut\/wp-content\/uploads\/2015\/06\/8-pient\u00e4-ja-1-iso-300x214.jpg 300w, https:\/\/www.ellikki.fi\/korut\/wp-content\/uploads\/2015\/06\/8-pient\u00e4-ja-1-iso-400x284.jpg 400w, https:\/\/www.ellikki.fi\/korut\/wp-content\/uploads\/2015\/06\/8-pient\u00e4-ja-1-iso-600x425.jpg 600w, https:\/\/www.ellikki.fi\/korut\/wp-content\/uploads\/2015\/06\/8-pient\u00e4-ja-1-iso-768x544.jpg 768w, https:\/\/www.ellikki.fi\/korut\/wp-content\/uploads\/2015\/06\/8-pient\u00e4-ja-1-iso.jpg 800w\" sizes=\"(max-width: 800px) 100vw, 800px\" \/><\/a><p id=\"caption-attachment-801\" class=\"wp-caption-text\">Kuva 2: Aloitus<\/p><\/div>\n<div class=\"fusion-clearfix\"><\/div><\/div><\/div><div class=\"fusion-layout-column fusion_builder_column fusion-builder-column-2 fusion_builder_column_1_1 1_1 fusion-one-full fusion-column-first fusion-column-last fusion-column-no-min-height\" style=\"--awb-bg-size:cover;--awb-margin-bottom:0px;\"><div class=\"fusion-column-wrapper fusion-flex-column-wrapper-legacy\"><div id=\"attachment_802\" style=\"width: 810px\" class=\"wp-caption aligncenter\"><a href=\"http:\/\/www.ellikki.fi\/korut\/wp-content\/uploads\/2015\/06\/2.-Pujotus-pienist\u00e4-l\u00e4pi.jpg\"><img decoding=\"async\" aria-describedby=\"caption-attachment-802\" class=\"wp-image-802 size-full\" src=\"http:\/\/www.ellikki.fi\/korut\/wp-content\/uploads\/2015\/06\/2.-Pujotus-pienist\u00e4-l\u00e4pi.jpg\" alt=\"2. Pujotus pienist\u00e4 l\u00e4pi\" width=\"800\" height=\"569\" srcset=\"https:\/\/www.ellikki.fi\/korut\/wp-content\/uploads\/2015\/06\/2.-Pujotus-pienist\u00e4-l\u00e4pi-200x142.jpg 200w, https:\/\/www.ellikki.fi\/korut\/wp-content\/uploads\/2015\/06\/2.-Pujotus-pienist\u00e4-l\u00e4pi-300x214.jpg 300w, https:\/\/www.ellikki.fi\/korut\/wp-content\/uploads\/2015\/06\/2.-Pujotus-pienist\u00e4-l\u00e4pi-400x285.jpg 400w, https:\/\/www.ellikki.fi\/korut\/wp-content\/uploads\/2015\/06\/2.-Pujotus-pienist\u00e4-l\u00e4pi-600x427.jpg 600w, https:\/\/www.ellikki.fi\/korut\/wp-content\/uploads\/2015\/06\/2.-Pujotus-pienist\u00e4-l\u00e4pi-768x546.jpg 768w, https:\/\/www.ellikki.fi\/korut\/wp-content\/uploads\/2015\/06\/2.-Pujotus-pienist\u00e4-l\u00e4pi.jpg 800w\" sizes=\"(max-width: 800px) 100vw, 800px\" \/><\/a><p id=\"caption-attachment-802\" class=\"wp-caption-text\">Kuva 3: Lanka l\u00e4pi ensin kaikista helmist\u00e4, sitten vain siemenhelmist\u00e4.<\/p><\/div>\n<div class=\"fusion-clearfix\"><\/div><\/div><\/div><div class=\"fusion-layout-column fusion_builder_column fusion-builder-column-3 fusion_builder_column_1_1 1_1 fusion-one-full fusion-column-first fusion-column-last fusion-column-no-min-height\" style=\"--awb-bg-size:cover;--awb-margin-bottom:0px;\"><div class=\"fusion-column-wrapper fusion-flex-column-wrapper-legacy\"><div id=\"attachment_806\" style=\"width: 809px\" class=\"wp-caption aligncenter\"><a href=\"http:\/\/www.ellikki.fi\/korut\/wp-content\/uploads\/2015\/06\/1.2..jpg\"><img decoding=\"async\" aria-describedby=\"caption-attachment-806\" class=\"wp-image-806 size-full\" src=\"http:\/\/www.ellikki.fi\/korut\/wp-content\/uploads\/2015\/06\/1.2..jpg\" alt=\"1.2.\" width=\"799\" height=\"595\" srcset=\"https:\/\/www.ellikki.fi\/korut\/wp-content\/uploads\/2015\/06\/1.2.-200x149.jpg 200w, https:\/\/www.ellikki.fi\/korut\/wp-content\/uploads\/2015\/06\/1.2.-300x223.jpg 300w, https:\/\/www.ellikki.fi\/korut\/wp-content\/uploads\/2015\/06\/1.2.-400x298.jpg 400w, https:\/\/www.ellikki.fi\/korut\/wp-content\/uploads\/2015\/06\/1.2.-600x447.jpg 600w, https:\/\/www.ellikki.fi\/korut\/wp-content\/uploads\/2015\/06\/1.2.-768x572.jpg 768w, https:\/\/www.ellikki.fi\/korut\/wp-content\/uploads\/2015\/06\/1.2..jpg 799w\" sizes=\"(max-width: 799px) 100vw, 799px\" \/><\/a><p id=\"caption-attachment-806\" class=\"wp-caption-text\">Kuva 4: Yksi setti on valmis.<\/p><\/div>\n<p>Seuraava vaihe on pujottaa lankaan yksi siemenhelmi ja tehd\u00e4 silmukka takaisinp\u00e4in kahdeksannen siemenhelmen l\u00e4pi. N\u00e4in siemenhelmi\u00e4 on 9 kpl jokaisen ison helmen ymp\u00e4rill\u00e4. T\u00e4m\u00e4 tehd\u00e4\u00e4n siksi, ett\u00e4 siemenhelmet pysyisiv\u00e4t kaikki samalla puolella isompia helmi\u00e4.<\/p>\n<div class=\"fusion-clearfix\"><\/div><\/div><\/div><div class=\"fusion-layout-column fusion_builder_column fusion-builder-column-4 fusion_builder_column_1_1 1_1 fusion-one-full fusion-column-first fusion-column-last fusion-column-no-min-height\" style=\"--awb-bg-size:cover;--awb-margin-bottom:0px;\"><div class=\"fusion-column-wrapper fusion-flex-column-wrapper-legacy\"><div id=\"attachment_803\" style=\"width: 810px\" class=\"wp-caption aligncenter\"><a href=\"http:\/\/www.ellikki.fi\/korut\/wp-content\/uploads\/2015\/06\/3.-Yhdeks\u00e4s-siemenhelmi.jpg\"><img decoding=\"async\" aria-describedby=\"caption-attachment-803\" class=\"wp-image-803 size-full\" src=\"http:\/\/www.ellikki.fi\/korut\/wp-content\/uploads\/2015\/06\/3.-Yhdeks\u00e4s-siemenhelmi.jpg\" alt=\"3. Yhdeks\u00e4s siemenhelmi\" width=\"800\" height=\"577\" srcset=\"https:\/\/www.ellikki.fi\/korut\/wp-content\/uploads\/2015\/06\/3.-Yhdeks\u00e4s-siemenhelmi-200x144.jpg 200w, https:\/\/www.ellikki.fi\/korut\/wp-content\/uploads\/2015\/06\/3.-Yhdeks\u00e4s-siemenhelmi-300x216.jpg 300w, https:\/\/www.ellikki.fi\/korut\/wp-content\/uploads\/2015\/06\/3.-Yhdeks\u00e4s-siemenhelmi-400x289.jpg 400w, https:\/\/www.ellikki.fi\/korut\/wp-content\/uploads\/2015\/06\/3.-Yhdeks\u00e4s-siemenhelmi-600x433.jpg 600w, https:\/\/www.ellikki.fi\/korut\/wp-content\/uploads\/2015\/06\/3.-Yhdeks\u00e4s-siemenhelmi-768x554.jpg 768w, https:\/\/www.ellikki.fi\/korut\/wp-content\/uploads\/2015\/06\/3.-Yhdeks\u00e4s-siemenhelmi.jpg 800w\" sizes=\"(max-width: 800px) 100vw, 800px\" \/><\/a><p id=\"caption-attachment-803\" class=\"wp-caption-text\">Kuva 5: Silmukka ja siemenhelmi tulee jokaisen satsin v\u00e4liin.<\/p><\/div>\n<p>&nbsp;<\/p>\n<p>Toinen samanlainen yhdistelm\u00e4 tehd\u00e4\u00e4n aivan samalla tavalla kuin ensimm\u00e4inen eli lis\u00e4t\u00e4\u00e4n 8 siemenhelme\u00e4 ja yksi iso. Ensin lanka menee kaikkien helmien l\u00e4pi, toisella kierroksella lis\u00e4t\u00e4\u00e4n taas silmukkahelmi. Toinen setti poikkeaa ensimm\u00e4isest\u00e4 niin, ett\u00e4 t\u00e4st\u00e4 alkaen lanka menee vain kerran vaaleanpunaisen ison helmen l\u00e4pi.<\/p>\n<div class=\"fusion-clearfix\"><\/div><\/div><\/div><div class=\"fusion-layout-column fusion_builder_column fusion-builder-column-5 fusion_builder_column_1_1 1_1 fusion-one-full fusion-column-first fusion-column-last fusion-column-no-min-height\" style=\"--awb-bg-size:cover;--awb-margin-bottom:0px;\"><div class=\"fusion-column-wrapper fusion-flex-column-wrapper-legacy\"><div id=\"attachment_821\" style=\"width: 810px\" class=\"wp-caption aligncenter\"><a href=\"http:\/\/www.ellikki.fi\/korut\/wp-content\/uploads\/2015\/06\/7.-Ensimm\u00e4iset-kaksi.jpg\"><img decoding=\"async\" aria-describedby=\"caption-attachment-821\" class=\"wp-image-821 size-full\" src=\"http:\/\/www.ellikki.fi\/korut\/wp-content\/uploads\/2015\/06\/7.-Ensimm\u00e4iset-kaksi.jpg\" alt=\"7. Ensimm\u00e4iset kaksi\" width=\"800\" height=\"601\" srcset=\"https:\/\/www.ellikki.fi\/korut\/wp-content\/uploads\/2015\/06\/7.-Ensimm\u00e4iset-kaksi-200x150.jpg 200w, https:\/\/www.ellikki.fi\/korut\/wp-content\/uploads\/2015\/06\/7.-Ensimm\u00e4iset-kaksi-300x225.jpg 300w, https:\/\/www.ellikki.fi\/korut\/wp-content\/uploads\/2015\/06\/7.-Ensimm\u00e4iset-kaksi-400x301.jpg 400w, https:\/\/www.ellikki.fi\/korut\/wp-content\/uploads\/2015\/06\/7.-Ensimm\u00e4iset-kaksi-600x451.jpg 600w, https:\/\/www.ellikki.fi\/korut\/wp-content\/uploads\/2015\/06\/7.-Ensimm\u00e4iset-kaksi-768x577.jpg 768w, https:\/\/www.ellikki.fi\/korut\/wp-content\/uploads\/2015\/06\/7.-Ensimm\u00e4iset-kaksi.jpg 800w\" sizes=\"(max-width: 800px) 100vw, 800px\" \/><\/a><p id=\"caption-attachment-821\" class=\"wp-caption-text\">Kuva 7: Toinen kierros tehty, silmukkahelmi puuttuu viel\u00e4.<\/p><\/div>\n<p>Kun lanka alkaa olla lopuillaan ja on aika ottaa uusi langanp\u00e4tk\u00e4 k\u00e4ytt\u00f6\u00f6n, uuden langan voi pujottaa p\u00e4\u00e4st\u00e4 alkaen ja lis\u00e4t\u00e4 samalla yksi siemenhelmi vakauttamaan korua, ettei se kiemurtelisi. Siemenhelmi\u00e4 on jokaisen ison helmen ymp\u00e4rill\u00e4 8 samansuuntaista ja yksi poikittainen eli 9. Nouki n\u00e4ist\u00e4 yhdeks\u00e4st\u00e4 keskimm\u00e4iset viisi aina langalle, lis\u00e4\u00e4 uusi helmi ja nouki taas viisi.<\/p>\n<div class=\"fusion-clearfix\"><\/div><\/div><\/div><div class=\"fusion-layout-column fusion_builder_column fusion-builder-column-6 fusion_builder_column_1_1 1_1 fusion-one-full fusion-column-first fusion-column-last fusion-column-no-min-height\" style=\"--awb-bg-size:cover;--awb-margin-bottom:0px;\"><div class=\"fusion-column-wrapper fusion-flex-column-wrapper-legacy\"><div id=\"attachment_825\" style=\"width: 810px\" class=\"wp-caption aligncenter\"><a href=\"http:\/\/www.ellikki.fi\/korut\/wp-content\/uploads\/2015\/06\/5.-Vakautushelmi-keskell\u00e4.jpg\"><img decoding=\"async\" aria-describedby=\"caption-attachment-825\" class=\"wp-image-825 size-full\" src=\"http:\/\/www.ellikki.fi\/korut\/wp-content\/uploads\/2015\/06\/5.-Vakautushelmi-keskell\u00e4.jpg\" alt=\"5. Vakautushelmi keskell\u00e4\" width=\"800\" height=\"586\" srcset=\"https:\/\/www.ellikki.fi\/korut\/wp-content\/uploads\/2015\/06\/5.-Vakautushelmi-keskell\u00e4-200x147.jpg 200w, https:\/\/www.ellikki.fi\/korut\/wp-content\/uploads\/2015\/06\/5.-Vakautushelmi-keskell\u00e4-220x161.jpg 220w, https:\/\/www.ellikki.fi\/korut\/wp-content\/uploads\/2015\/06\/5.-Vakautushelmi-keskell\u00e4-300x220.jpg 300w, https:\/\/www.ellikki.fi\/korut\/wp-content\/uploads\/2015\/06\/5.-Vakautushelmi-keskell\u00e4-400x293.jpg 400w, https:\/\/www.ellikki.fi\/korut\/wp-content\/uploads\/2015\/06\/5.-Vakautushelmi-keskell\u00e4-600x440.jpg 600w, https:\/\/www.ellikki.fi\/korut\/wp-content\/uploads\/2015\/06\/5.-Vakautushelmi-keskell\u00e4-768x563.jpg 768w, https:\/\/www.ellikki.fi\/korut\/wp-content\/uploads\/2015\/06\/5.-Vakautushelmi-keskell\u00e4.jpg 800w\" sizes=\"(max-width: 800px) 100vw, 800px\" \/><\/a><p id=\"caption-attachment-825\" class=\"wp-caption-text\">Kuva 8: Vakautushelmi keskell\u00e4.<\/p><\/div>\n<div class=\"fusion-clearfix\"><\/div><\/div><\/div><div class=\"fusion-layout-column fusion_builder_column fusion-builder-column-7 fusion_builder_column_1_1 1_1 fusion-one-full fusion-column-first fusion-column-last fusion-column-no-min-height\" style=\"--awb-bg-size:cover;--awb-margin-bottom:0px;\"><div class=\"fusion-column-wrapper fusion-flex-column-wrapper-legacy\"><div id=\"attachment_826\" style=\"width: 810px\" class=\"wp-caption aligncenter\"><a href=\"http:\/\/www.ellikki.fi\/korut\/wp-content\/uploads\/2015\/06\/6.-Vakautushelmi-paikallaan.jpg\"><img decoding=\"async\" aria-describedby=\"caption-attachment-826\" class=\"wp-image-826 size-full\" src=\"http:\/\/www.ellikki.fi\/korut\/wp-content\/uploads\/2015\/06\/6.-Vakautushelmi-paikallaan.jpg\" alt=\"6. Vakautushelmi paikallaan\" width=\"800\" height=\"617\" srcset=\"https:\/\/www.ellikki.fi\/korut\/wp-content\/uploads\/2015\/06\/6.-Vakautushelmi-paikallaan-180x138.jpg 180w, https:\/\/www.ellikki.fi\/korut\/wp-content\/uploads\/2015\/06\/6.-Vakautushelmi-paikallaan-200x154.jpg 200w, https:\/\/www.ellikki.fi\/korut\/wp-content\/uploads\/2015\/06\/6.-Vakautushelmi-paikallaan-300x231.jpg 300w, https:\/\/www.ellikki.fi\/korut\/wp-content\/uploads\/2015\/06\/6.-Vakautushelmi-paikallaan-400x309.jpg 400w, https:\/\/www.ellikki.fi\/korut\/wp-content\/uploads\/2015\/06\/6.-Vakautushelmi-paikallaan-600x463.jpg 600w, https:\/\/www.ellikki.fi\/korut\/wp-content\/uploads\/2015\/06\/6.-Vakautushelmi-paikallaan-768x592.jpg 768w, https:\/\/www.ellikki.fi\/korut\/wp-content\/uploads\/2015\/06\/6.-Vakautushelmi-paikallaan.jpg 800w\" sizes=\"(max-width: 800px) 100vw, 800px\" \/><\/a><p id=\"caption-attachment-826\" class=\"wp-caption-text\">Kuva 9: Vakautushelmi paikoillaan.<\/p><\/div>\n<p>Kun p\u00e4\u00e4set kohtaan, jossa lankaa tarvitsee jatkaa tee n\u00e4in:<\/p>\n<p>P\u00e4\u00e4ttele vanha lanka: Sy\u00f6t\u00e4 vanha lanka kahdeksannen siemenhelmen j\u00e4lkeen ison helmen sis\u00e4\u00e4n ja mene kolme isoa helme\u00e4 taaksep\u00e4in. Solmi lanka tuplasolmuin ja katkaise lanka. Kuvassa 10 n\u00e4kyy, ett\u00e4 lanka on viety vaaleanpunaisten helmien riviin kolme helme\u00e4 taaksep\u00e4in ja p\u00e4\u00e4telty sinne.<\/p>\n<p>Jatka uudella langalla: Uusi lanka tulee ulos kahdeksannesta siemenhelmest\u00e4 ja aloittaa uuden kierroksen. Kun on saavutettu haluttu pituus, vie viel\u00e4 kerran lanka koko siemenhelmirivin l\u00e4pi ja laita vakauttava siemenhelmi niihin kohtiin, mist\u00e4 se viel\u00e4 puuttuu.<\/p>\n<div class=\"fusion-clearfix\"><\/div><\/div><\/div><div class=\"fusion-layout-column fusion_builder_column fusion-builder-column-8 fusion_builder_column_1_1 1_1 fusion-one-full fusion-column-first fusion-column-last fusion-column-no-min-height\" style=\"--awb-bg-size:cover;--awb-margin-bottom:0px;\"><div class=\"fusion-column-wrapper fusion-flex-column-wrapper-legacy\"><div id=\"attachment_809\" style=\"width: 810px\" class=\"wp-caption aligncenter\"><a href=\"http:\/\/www.ellikki.fi\/korut\/wp-content\/uploads\/2015\/06\/7.1.-Jatkuu.jpg\"><img decoding=\"async\" aria-describedby=\"caption-attachment-809\" class=\"wp-image-809 size-full\" src=\"http:\/\/www.ellikki.fi\/korut\/wp-content\/uploads\/2015\/06\/7.1.-Jatkuu.jpg\" alt=\"7.1. Jatkuu\" width=\"800\" height=\"576\" srcset=\"https:\/\/www.ellikki.fi\/korut\/wp-content\/uploads\/2015\/06\/7.1.-Jatkuu-200x144.jpg 200w, https:\/\/www.ellikki.fi\/korut\/wp-content\/uploads\/2015\/06\/7.1.-Jatkuu-300x216.jpg 300w, https:\/\/www.ellikki.fi\/korut\/wp-content\/uploads\/2015\/06\/7.1.-Jatkuu-400x288.jpg 400w, https:\/\/www.ellikki.fi\/korut\/wp-content\/uploads\/2015\/06\/7.1.-Jatkuu-600x432.jpg 600w, https:\/\/www.ellikki.fi\/korut\/wp-content\/uploads\/2015\/06\/7.1.-Jatkuu-768x553.jpg 768w, https:\/\/www.ellikki.fi\/korut\/wp-content\/uploads\/2015\/06\/7.1.-Jatkuu.jpg 800w\" sizes=\"(max-width: 800px) 100vw, 800px\" \/><\/a><p id=\"caption-attachment-809\" class=\"wp-caption-text\">Kuva 10: Vanha lanka on p\u00e4\u00e4telty kuvan vasempaan reunaan. Uusi lanka aloittaa uuden kierroksen.<\/p><\/div>\n<p>Sitten korumme alkaa olla riitt\u00e4v\u00e4n pitk\u00e4 ja valmis p\u00e4\u00e4telt\u00e4v\u00e4ksi. Kummassakin p\u00e4\u00e4ss\u00e4 on useampi langanp\u00e4tk\u00e4 johtuen siit\u00e4, ett\u00e4 olen vienyt uuden langan aina alusta tarvittavaan kohtaan asti. P\u00e4\u00e4ttelyyn tarvitset kaksi hevosenkenk\u00e4\u00e4 ja salpalukon.<\/p>\n<div class=\"fusion-clearfix\"><\/div><\/div><\/div><div class=\"fusion-layout-column fusion_builder_column fusion-builder-column-9 fusion_builder_column_1_1 1_1 fusion-one-full fusion-column-first fusion-column-last fusion-column-no-min-height\" style=\"--awb-bg-size:cover;--awb-margin-bottom:0px;\"><div class=\"fusion-column-wrapper fusion-flex-column-wrapper-legacy\"><div id=\"attachment_783\" style=\"width: 810px\" class=\"wp-caption aligncenter\"><a href=\"http:\/\/www.ellikki.fi\/korut\/wp-content\/uploads\/2015\/06\/Melkein-valmis.jpg\"><img decoding=\"async\" aria-describedby=\"caption-attachment-783\" class=\"wp-image-783 size-full\" src=\"http:\/\/www.ellikki.fi\/korut\/wp-content\/uploads\/2015\/06\/Melkein-valmis.jpg\" alt=\"Melkein valmis\" width=\"800\" height=\"580\" srcset=\"https:\/\/www.ellikki.fi\/korut\/wp-content\/uploads\/2015\/06\/Melkein-valmis-200x145.jpg 200w, https:\/\/www.ellikki.fi\/korut\/wp-content\/uploads\/2015\/06\/Melkein-valmis-220x161.jpg 220w, https:\/\/www.ellikki.fi\/korut\/wp-content\/uploads\/2015\/06\/Melkein-valmis-300x218.jpg 300w, https:\/\/www.ellikki.fi\/korut\/wp-content\/uploads\/2015\/06\/Melkein-valmis-400x290.jpg 400w, https:\/\/www.ellikki.fi\/korut\/wp-content\/uploads\/2015\/06\/Melkein-valmis-600x435.jpg 600w, https:\/\/www.ellikki.fi\/korut\/wp-content\/uploads\/2015\/06\/Melkein-valmis-768x557.jpg 768w, https:\/\/www.ellikki.fi\/korut\/wp-content\/uploads\/2015\/06\/Melkein-valmis.jpg 800w\" sizes=\"(max-width: 800px) 100vw, 800px\" \/><\/a><p id=\"caption-attachment-783\" class=\"wp-caption-text\">Kuva 11.<\/p><\/div>\n<div class=\"fusion-clearfix\"><\/div><\/div><\/div><div class=\"fusion-layout-column fusion_builder_column fusion-builder-column-10 fusion_builder_column_1_1 1_1 fusion-one-full fusion-column-first fusion-column-last fusion-column-no-min-height\" style=\"--awb-bg-size:cover;--awb-margin-bottom:0px;\"><div class=\"fusion-column-wrapper fusion-flex-column-wrapper-legacy\"><div id=\"attachment_810\" style=\"width: 810px\" class=\"wp-caption aligncenter\"><a href=\"http:\/\/www.ellikki.fi\/korut\/wp-content\/uploads\/2015\/06\/8.-P\u00e4\u00e4ttelyv\u00e4lineet.jpg\"><img decoding=\"async\" aria-describedby=\"caption-attachment-810\" class=\"wp-image-810 size-full\" src=\"http:\/\/www.ellikki.fi\/korut\/wp-content\/uploads\/2015\/06\/8.-P\u00e4\u00e4ttelyv\u00e4lineet.jpg\" alt=\"8. P\u00e4\u00e4ttelyv\u00e4lineet\" width=\"800\" height=\"529\" srcset=\"https:\/\/www.ellikki.fi\/korut\/wp-content\/uploads\/2015\/06\/8.-P\u00e4\u00e4ttelyv\u00e4lineet-200x132.jpg 200w, https:\/\/www.ellikki.fi\/korut\/wp-content\/uploads\/2015\/06\/8.-P\u00e4\u00e4ttelyv\u00e4lineet-300x198.jpg 300w, https:\/\/www.ellikki.fi\/korut\/wp-content\/uploads\/2015\/06\/8.-P\u00e4\u00e4ttelyv\u00e4lineet-400x265.jpg 400w, https:\/\/www.ellikki.fi\/korut\/wp-content\/uploads\/2015\/06\/8.-P\u00e4\u00e4ttelyv\u00e4lineet-600x397.jpg 600w, https:\/\/www.ellikki.fi\/korut\/wp-content\/uploads\/2015\/06\/8.-P\u00e4\u00e4ttelyv\u00e4lineet-768x508.jpg 768w, https:\/\/www.ellikki.fi\/korut\/wp-content\/uploads\/2015\/06\/8.-P\u00e4\u00e4ttelyv\u00e4lineet.jpg 800w\" sizes=\"(max-width: 800px) 100vw, 800px\" \/><\/a><p id=\"caption-attachment-810\" class=\"wp-caption-text\">Kuva 12: P\u00e4\u00e4ttelyyn tarvittavat v\u00e4lineet.<\/p><\/div>\n<p>Lanka kulkee kahdesti hevosenkeng\u00e4n l\u00e4pi. T\u00e4m\u00e4 kohta on minusta vaikein, sill\u00e4 silattu lanka on niin liukasta, ett\u00e4 hevosenkenk\u00e4 meinaa aina karata, vaikka koetan laittaa sen mahdollisimman l\u00e4helle korun p\u00e4\u00e4t\u00e4. Sekin on keljua, jos toisessa p\u00e4\u00e4ss\u00e4 p\u00e4\u00e4ttely onnistuu ja toisessa p\u00e4\u00e4ss\u00e4 lukko roikkuu langanp\u00e4tk\u00e4n p\u00e4\u00e4ss\u00e4 erill\u00e4\u00e4n korusta.<\/p>\n<div class=\"fusion-clearfix\"><\/div><\/div><\/div><div class=\"fusion-layout-column fusion_builder_column fusion-builder-column-11 fusion_builder_column_1_1 1_1 fusion-one-full fusion-column-first fusion-column-last fusion-column-no-min-height\" style=\"--awb-bg-size:cover;--awb-margin-bottom:0px;\"><div class=\"fusion-column-wrapper fusion-flex-column-wrapper-legacy\"><div id=\"attachment_811\" style=\"width: 810px\" class=\"wp-caption aligncenter\"><a href=\"http:\/\/www.ellikki.fi\/korut\/wp-content\/uploads\/2015\/06\/9.-Eka-kierros.jpg\"><img decoding=\"async\" aria-describedby=\"caption-attachment-811\" class=\"wp-image-811 size-full\" src=\"http:\/\/www.ellikki.fi\/korut\/wp-content\/uploads\/2015\/06\/9.-Eka-kierros.jpg\" alt=\"9. Eka kierros\" width=\"800\" height=\"563\" srcset=\"https:\/\/www.ellikki.fi\/korut\/wp-content\/uploads\/2015\/06\/9.-Eka-kierros-200x141.jpg 200w, https:\/\/www.ellikki.fi\/korut\/wp-content\/uploads\/2015\/06\/9.-Eka-kierros-300x211.jpg 300w, https:\/\/www.ellikki.fi\/korut\/wp-content\/uploads\/2015\/06\/9.-Eka-kierros-400x282.jpg 400w, https:\/\/www.ellikki.fi\/korut\/wp-content\/uploads\/2015\/06\/9.-Eka-kierros-600x422.jpg 600w, https:\/\/www.ellikki.fi\/korut\/wp-content\/uploads\/2015\/06\/9.-Eka-kierros-768x540.jpg 768w, https:\/\/www.ellikki.fi\/korut\/wp-content\/uploads\/2015\/06\/9.-Eka-kierros.jpg 800w\" sizes=\"(max-width: 800px) 100vw, 800px\" \/><\/a><p id=\"caption-attachment-811\" class=\"wp-caption-text\">Kuva 13.<\/p><\/div>\n<div class=\"fusion-clearfix\"><\/div><\/div><\/div><div class=\"fusion-layout-column fusion_builder_column fusion-builder-column-12 fusion_builder_column_1_1 1_1 fusion-one-full fusion-column-first fusion-column-last fusion-column-no-min-height\" style=\"--awb-bg-size:cover;--awb-margin-bottom:0px;\"><div class=\"fusion-column-wrapper fusion-flex-column-wrapper-legacy\"><div id=\"attachment_812\" style=\"width: 810px\" class=\"wp-caption aligncenter\"><a href=\"http:\/\/www.ellikki.fi\/korut\/wp-content\/uploads\/2015\/06\/9.1.-Toka-kierros.jpg\"><img decoding=\"async\" aria-describedby=\"caption-attachment-812\" class=\"wp-image-812 size-full\" src=\"http:\/\/www.ellikki.fi\/korut\/wp-content\/uploads\/2015\/06\/9.1.-Toka-kierros.jpg\" alt=\"9.1. Toka kierros\" width=\"800\" height=\"570\" srcset=\"https:\/\/www.ellikki.fi\/korut\/wp-content\/uploads\/2015\/06\/9.1.-Toka-kierros-200x143.jpg 200w, https:\/\/www.ellikki.fi\/korut\/wp-content\/uploads\/2015\/06\/9.1.-Toka-kierros-300x214.jpg 300w, https:\/\/www.ellikki.fi\/korut\/wp-content\/uploads\/2015\/06\/9.1.-Toka-kierros-400x285.jpg 400w, https:\/\/www.ellikki.fi\/korut\/wp-content\/uploads\/2015\/06\/9.1.-Toka-kierros-600x428.jpg 600w, https:\/\/www.ellikki.fi\/korut\/wp-content\/uploads\/2015\/06\/9.1.-Toka-kierros-768x547.jpg 768w, https:\/\/www.ellikki.fi\/korut\/wp-content\/uploads\/2015\/06\/9.1.-Toka-kierros.jpg 800w\" sizes=\"(max-width: 800px) 100vw, 800px\" \/><\/a><p id=\"caption-attachment-812\" class=\"wp-caption-text\">Kuva 14.<\/p><\/div>\n<p>T\u00e4m\u00e4n j\u00e4lkeen p\u00e4\u00e4ttelen muut langat samalla lailla kuin edell\u00e4. Sitten sama tehd\u00e4\u00e4n toiseen p\u00e4\u00e4h\u00e4n korua.<div class=\"fusion-clearfix\"><\/div><\/div><\/div><\/div><\/div>\n","protected":false},"excerpt":{"rendered":"<p>Tuorein suunnittelemani koru on tytt\u00f6m\u00e4isen vaaleanpunainen pitsiunelma, mutta perinteisen klassisena parhaimmillaan aikuisen ladyn kaulassa. Kerroin edellisess\u00e4 jutussa, mist\u00e4 sain idean t\u00e4h\u00e4n koruun. Tarvikkeet: Helmilankaa ja neula Hopeanv\u00e4risi\u00e4 siemenhelmi\u00e4 kokoa 11\/o 8 mm helmi\u00e4 (ohjeissa \u201diso  [&#8230;]<\/p>\n","protected":false},"author":1,"featured_media":799,"comment_status":"open","ping_status":"open","sticky":false,"template":"","format":"standard","meta":{"footnotes":""},"categories":[1],"tags":[137,177,176,114],"class_list":["post-800","post","type-post","status-publish","format-standard","has-post-thumbnail","hentry","category-kokeilut","tag-kaulakoru","tag-klassinen","tag-pitsiunelma","tag-siemenhelmet"],"yoast_head":"<!-- This site is optimized with the Yoast SEO plugin v27.1.1 - https:\/\/yoast.com\/product\/yoast-seo-wordpress\/ -->\n<title>Ladyn vaaleanpunainen pitsiunelma - Ellikki.fi<\/title>\n<meta name=\"description\" content=\"T\u00e4m\u00e4 koru on tytt\u00f6m\u00e4isen vaaleanpunainen pitsiunelma, mutta perinteisen klassisena parhaimmillaan aikuisen ladyn kaulassa.\" \/>\n<meta name=\"robots\" content=\"index, follow, max-snippet:-1, max-image-preview:large, max-video-preview:-1\" \/>\n<link rel=\"canonical\" href=\"https:\/\/www.ellikki.fi\/korut\/kokeilut\/ladyn-vaaleanpunainen-pitsiunelma\/\" \/>\n<meta property=\"og:locale\" content=\"fi_FI\" \/>\n<meta property=\"og:type\" content=\"article\" \/>\n<meta property=\"og:title\" content=\"Ladyn vaaleanpunainen pitsiunelma - Ellikki.fi\" \/>\n<meta property=\"og:description\" content=\"T\u00e4m\u00e4 koru on tytt\u00f6m\u00e4isen vaaleanpunainen pitsiunelma, mutta perinteisen klassisena parhaimmillaan aikuisen ladyn kaulassa.\" \/>\n<meta property=\"og:url\" content=\"https:\/\/www.ellikki.fi\/korut\/kokeilut\/ladyn-vaaleanpunainen-pitsiunelma\/\" \/>\n<meta property=\"og:site_name\" content=\"Ellikki.fi\" \/>\n<meta property=\"article:publisher\" content=\"https:\/\/www.facebook.com\/ellikki\" \/>\n<meta property=\"article:published_time\" content=\"2015-06-17T18:23:55+00:00\" \/>\n<meta property=\"article:modified_time\" content=\"2016-11-02T23:49:06+00:00\" \/>\n<meta property=\"og:image\" content=\"https:\/\/www.ellikki.fi\/korut\/wp-content\/uploads\/2015\/06\/Pitsiunelma.jpg\" \/>\n\t<meta property=\"og:image:width\" content=\"1000\" \/>\n\t<meta property=\"og:image:height\" content=\"636\" \/>\n\t<meta property=\"og:image:type\" content=\"image\/jpeg\" \/>\n<meta name=\"author\" content=\"Ellikki\" \/>\n<meta name=\"twitter:card\" content=\"summary_large_image\" \/>\n<meta name=\"twitter:creator\" content=\"@eltalvio\" \/>\n<meta name=\"twitter:site\" content=\"@eltalvio\" \/>\n<meta name=\"twitter:label1\" content=\"Kirjoittanut\" \/>\n\t<meta name=\"twitter:data1\" content=\"Ellikki\" \/>\n\t<meta name=\"twitter:label2\" content=\"Arvioitu lukuaika\" \/>\n\t<meta name=\"twitter:data2\" content=\"7 minuuttia\" \/>\n<script type=\"application\/ld+json\" class=\"yoast-schema-graph\">{\"@context\":\"https:\/\/schema.org\",\"@graph\":[{\"@type\":\"Article\",\"@id\":\"https:\/\/www.ellikki.fi\/korut\/kokeilut\/ladyn-vaaleanpunainen-pitsiunelma\/#article\",\"isPartOf\":{\"@id\":\"https:\/\/www.ellikki.fi\/korut\/kokeilut\/ladyn-vaaleanpunainen-pitsiunelma\/\"},\"author\":{\"name\":\"Ellikki\",\"@id\":\"https:\/\/www.ellikki.fi\/korut\/#\/schema\/person\/4100981f383f4e840417efe2a45a2e13\"},\"headline\":\"Ladyn vaaleanpunainen pitsiunelma\",\"datePublished\":\"2015-06-17T18:23:55+00:00\",\"dateModified\":\"2016-11-02T23:49:06+00:00\",\"mainEntityOfPage\":{\"@id\":\"https:\/\/www.ellikki.fi\/korut\/kokeilut\/ladyn-vaaleanpunainen-pitsiunelma\/\"},\"wordCount\":1342,\"commentCount\":2,\"image\":{\"@id\":\"https:\/\/www.ellikki.fi\/korut\/kokeilut\/ladyn-vaaleanpunainen-pitsiunelma\/#primaryimage\"},\"thumbnailUrl\":\"https:\/\/www.ellikki.fi\/korut\/wp-content\/uploads\/2015\/06\/Pitsiunelma.jpg\",\"keywords\":[\"kaulakoru\",\"klassinen\",\"pitsiunelma\",\"siemenhelmet\"],\"articleSection\":[\"Kokeilut\"],\"inLanguage\":\"fi\",\"potentialAction\":[{\"@type\":\"CommentAction\",\"name\":\"Comment\",\"target\":[\"https:\/\/www.ellikki.fi\/korut\/kokeilut\/ladyn-vaaleanpunainen-pitsiunelma\/#respond\"]}]},{\"@type\":\"WebPage\",\"@id\":\"https:\/\/www.ellikki.fi\/korut\/kokeilut\/ladyn-vaaleanpunainen-pitsiunelma\/\",\"url\":\"https:\/\/www.ellikki.fi\/korut\/kokeilut\/ladyn-vaaleanpunainen-pitsiunelma\/\",\"name\":\"Ladyn vaaleanpunainen pitsiunelma - Ellikki.fi\",\"isPartOf\":{\"@id\":\"https:\/\/www.ellikki.fi\/korut\/#website\"},\"primaryImageOfPage\":{\"@id\":\"https:\/\/www.ellikki.fi\/korut\/kokeilut\/ladyn-vaaleanpunainen-pitsiunelma\/#primaryimage\"},\"image\":{\"@id\":\"https:\/\/www.ellikki.fi\/korut\/kokeilut\/ladyn-vaaleanpunainen-pitsiunelma\/#primaryimage\"},\"thumbnailUrl\":\"https:\/\/www.ellikki.fi\/korut\/wp-content\/uploads\/2015\/06\/Pitsiunelma.jpg\",\"datePublished\":\"2015-06-17T18:23:55+00:00\",\"dateModified\":\"2016-11-02T23:49:06+00:00\",\"author\":{\"@id\":\"https:\/\/www.ellikki.fi\/korut\/#\/schema\/person\/4100981f383f4e840417efe2a45a2e13\"},\"description\":\"T\u00e4m\u00e4 koru on tytt\u00f6m\u00e4isen vaaleanpunainen pitsiunelma, mutta perinteisen klassisena parhaimmillaan aikuisen ladyn kaulassa.\",\"breadcrumb\":{\"@id\":\"https:\/\/www.ellikki.fi\/korut\/kokeilut\/ladyn-vaaleanpunainen-pitsiunelma\/#breadcrumb\"},\"inLanguage\":\"fi\",\"potentialAction\":[{\"@type\":\"ReadAction\",\"target\":[\"https:\/\/www.ellikki.fi\/korut\/kokeilut\/ladyn-vaaleanpunainen-pitsiunelma\/\"]}]},{\"@type\":\"ImageObject\",\"inLanguage\":\"fi\",\"@id\":\"https:\/\/www.ellikki.fi\/korut\/kokeilut\/ladyn-vaaleanpunainen-pitsiunelma\/#primaryimage\",\"url\":\"https:\/\/www.ellikki.fi\/korut\/wp-content\/uploads\/2015\/06\/Pitsiunelma.jpg\",\"contentUrl\":\"https:\/\/www.ellikki.fi\/korut\/wp-content\/uploads\/2015\/06\/Pitsiunelma.jpg\",\"width\":1000,\"height\":636,\"caption\":\"Pitsiunelma\"},{\"@type\":\"BreadcrumbList\",\"@id\":\"https:\/\/www.ellikki.fi\/korut\/kokeilut\/ladyn-vaaleanpunainen-pitsiunelma\/#breadcrumb\",\"itemListElement\":[{\"@type\":\"ListItem\",\"position\":1,\"name\":\"Ellikki.fi - Helmisuutari\",\"item\":\"https:\/\/www.ellikki.fi\/korut\/\"},{\"@type\":\"ListItem\",\"position\":2,\"name\":\"Ladyn vaaleanpunainen pitsiunelma\"}]},{\"@type\":\"WebSite\",\"@id\":\"https:\/\/www.ellikki.fi\/korut\/#website\",\"url\":\"https:\/\/www.ellikki.fi\/korut\/\",\"name\":\"Ellikki.fi\",\"description\":\"Helmisuutari\",\"potentialAction\":[{\"@type\":\"SearchAction\",\"target\":{\"@type\":\"EntryPoint\",\"urlTemplate\":\"https:\/\/www.ellikki.fi\/korut\/?s={search_term_string}\"},\"query-input\":{\"@type\":\"PropertyValueSpecification\",\"valueRequired\":true,\"valueName\":\"search_term_string\"}}],\"inLanguage\":\"fi\"},{\"@type\":\"Person\",\"@id\":\"https:\/\/www.ellikki.fi\/korut\/#\/schema\/person\/4100981f383f4e840417efe2a45a2e13\",\"name\":\"Ellikki\",\"image\":{\"@type\":\"ImageObject\",\"inLanguage\":\"fi\",\"@id\":\"https:\/\/www.ellikki.fi\/korut\/#\/schema\/person\/image\/\",\"url\":\"https:\/\/secure.gravatar.com\/avatar\/68459a81492a7fdb3d3e31353836619029f7a695895440f957f81143855d97ee?s=96&d=mm&r=g\",\"contentUrl\":\"https:\/\/secure.gravatar.com\/avatar\/68459a81492a7fdb3d3e31353836619029f7a695895440f957f81143855d97ee?s=96&d=mm&r=g\",\"caption\":\"Ellikki\"},\"description\":\"Loputtoman utelias hevostoimittaja, tarinanmets\u00e4st\u00e4j\u00e4 ja koruharrastaja, joka edelleen ihmettelee maailmaa ja koettaa aina silloin t\u00e4ll\u00f6in tehd\u00e4 jotain ensi kertaa el\u00e4m\u00e4ss\u00e4\u00e4n.\"}]}<\/script>\n<!-- \/ Yoast SEO plugin. -->","yoast_head_json":{"title":"Ladyn vaaleanpunainen pitsiunelma - Ellikki.fi","description":"T\u00e4m\u00e4 koru on tytt\u00f6m\u00e4isen vaaleanpunainen pitsiunelma, mutta perinteisen klassisena parhaimmillaan aikuisen ladyn kaulassa.","robots":{"index":"index","follow":"follow","max-snippet":"max-snippet:-1","max-image-preview":"max-image-preview:large","max-video-preview":"max-video-preview:-1"},"canonical":"https:\/\/www.ellikki.fi\/korut\/kokeilut\/ladyn-vaaleanpunainen-pitsiunelma\/","og_locale":"fi_FI","og_type":"article","og_title":"Ladyn vaaleanpunainen pitsiunelma - Ellikki.fi","og_description":"T\u00e4m\u00e4 koru on tytt\u00f6m\u00e4isen vaaleanpunainen pitsiunelma, mutta perinteisen klassisena parhaimmillaan aikuisen ladyn kaulassa.","og_url":"https:\/\/www.ellikki.fi\/korut\/kokeilut\/ladyn-vaaleanpunainen-pitsiunelma\/","og_site_name":"Ellikki.fi","article_publisher":"https:\/\/www.facebook.com\/ellikki","article_published_time":"2015-06-17T18:23:55+00:00","article_modified_time":"2016-11-02T23:49:06+00:00","og_image":[{"width":1000,"height":636,"url":"https:\/\/www.ellikki.fi\/korut\/wp-content\/uploads\/2015\/06\/Pitsiunelma.jpg","type":"image\/jpeg"}],"author":"Ellikki","twitter_card":"summary_large_image","twitter_creator":"@eltalvio","twitter_site":"@eltalvio","twitter_misc":{"Kirjoittanut":"Ellikki","Arvioitu lukuaika":"7 minuuttia"},"schema":{"@context":"https:\/\/schema.org","@graph":[{"@type":"Article","@id":"https:\/\/www.ellikki.fi\/korut\/kokeilut\/ladyn-vaaleanpunainen-pitsiunelma\/#article","isPartOf":{"@id":"https:\/\/www.ellikki.fi\/korut\/kokeilut\/ladyn-vaaleanpunainen-pitsiunelma\/"},"author":{"name":"Ellikki","@id":"https:\/\/www.ellikki.fi\/korut\/#\/schema\/person\/4100981f383f4e840417efe2a45a2e13"},"headline":"Ladyn vaaleanpunainen pitsiunelma","datePublished":"2015-06-17T18:23:55+00:00","dateModified":"2016-11-02T23:49:06+00:00","mainEntityOfPage":{"@id":"https:\/\/www.ellikki.fi\/korut\/kokeilut\/ladyn-vaaleanpunainen-pitsiunelma\/"},"wordCount":1342,"commentCount":2,"image":{"@id":"https:\/\/www.ellikki.fi\/korut\/kokeilut\/ladyn-vaaleanpunainen-pitsiunelma\/#primaryimage"},"thumbnailUrl":"https:\/\/www.ellikki.fi\/korut\/wp-content\/uploads\/2015\/06\/Pitsiunelma.jpg","keywords":["kaulakoru","klassinen","pitsiunelma","siemenhelmet"],"articleSection":["Kokeilut"],"inLanguage":"fi","potentialAction":[{"@type":"CommentAction","name":"Comment","target":["https:\/\/www.ellikki.fi\/korut\/kokeilut\/ladyn-vaaleanpunainen-pitsiunelma\/#respond"]}]},{"@type":"WebPage","@id":"https:\/\/www.ellikki.fi\/korut\/kokeilut\/ladyn-vaaleanpunainen-pitsiunelma\/","url":"https:\/\/www.ellikki.fi\/korut\/kokeilut\/ladyn-vaaleanpunainen-pitsiunelma\/","name":"Ladyn vaaleanpunainen pitsiunelma - Ellikki.fi","isPartOf":{"@id":"https:\/\/www.ellikki.fi\/korut\/#website"},"primaryImageOfPage":{"@id":"https:\/\/www.ellikki.fi\/korut\/kokeilut\/ladyn-vaaleanpunainen-pitsiunelma\/#primaryimage"},"image":{"@id":"https:\/\/www.ellikki.fi\/korut\/kokeilut\/ladyn-vaaleanpunainen-pitsiunelma\/#primaryimage"},"thumbnailUrl":"https:\/\/www.ellikki.fi\/korut\/wp-content\/uploads\/2015\/06\/Pitsiunelma.jpg","datePublished":"2015-06-17T18:23:55+00:00","dateModified":"2016-11-02T23:49:06+00:00","author":{"@id":"https:\/\/www.ellikki.fi\/korut\/#\/schema\/person\/4100981f383f4e840417efe2a45a2e13"},"description":"T\u00e4m\u00e4 koru on tytt\u00f6m\u00e4isen vaaleanpunainen pitsiunelma, mutta perinteisen klassisena parhaimmillaan aikuisen ladyn kaulassa.","breadcrumb":{"@id":"https:\/\/www.ellikki.fi\/korut\/kokeilut\/ladyn-vaaleanpunainen-pitsiunelma\/#breadcrumb"},"inLanguage":"fi","potentialAction":[{"@type":"ReadAction","target":["https:\/\/www.ellikki.fi\/korut\/kokeilut\/ladyn-vaaleanpunainen-pitsiunelma\/"]}]},{"@type":"ImageObject","inLanguage":"fi","@id":"https:\/\/www.ellikki.fi\/korut\/kokeilut\/ladyn-vaaleanpunainen-pitsiunelma\/#primaryimage","url":"https:\/\/www.ellikki.fi\/korut\/wp-content\/uploads\/2015\/06\/Pitsiunelma.jpg","contentUrl":"https:\/\/www.ellikki.fi\/korut\/wp-content\/uploads\/2015\/06\/Pitsiunelma.jpg","width":1000,"height":636,"caption":"Pitsiunelma"},{"@type":"BreadcrumbList","@id":"https:\/\/www.ellikki.fi\/korut\/kokeilut\/ladyn-vaaleanpunainen-pitsiunelma\/#breadcrumb","itemListElement":[{"@type":"ListItem","position":1,"name":"Ellikki.fi - Helmisuutari","item":"https:\/\/www.ellikki.fi\/korut\/"},{"@type":"ListItem","position":2,"name":"Ladyn vaaleanpunainen pitsiunelma"}]},{"@type":"WebSite","@id":"https:\/\/www.ellikki.fi\/korut\/#website","url":"https:\/\/www.ellikki.fi\/korut\/","name":"Ellikki.fi","description":"Helmisuutari","potentialAction":[{"@type":"SearchAction","target":{"@type":"EntryPoint","urlTemplate":"https:\/\/www.ellikki.fi\/korut\/?s={search_term_string}"},"query-input":{"@type":"PropertyValueSpecification","valueRequired":true,"valueName":"search_term_string"}}],"inLanguage":"fi"},{"@type":"Person","@id":"https:\/\/www.ellikki.fi\/korut\/#\/schema\/person\/4100981f383f4e840417efe2a45a2e13","name":"Ellikki","image":{"@type":"ImageObject","inLanguage":"fi","@id":"https:\/\/www.ellikki.fi\/korut\/#\/schema\/person\/image\/","url":"https:\/\/secure.gravatar.com\/avatar\/68459a81492a7fdb3d3e31353836619029f7a695895440f957f81143855d97ee?s=96&d=mm&r=g","contentUrl":"https:\/\/secure.gravatar.com\/avatar\/68459a81492a7fdb3d3e31353836619029f7a695895440f957f81143855d97ee?s=96&d=mm&r=g","caption":"Ellikki"},"description":"Loputtoman utelias hevostoimittaja, tarinanmets\u00e4st\u00e4j\u00e4 ja koruharrastaja, joka edelleen ihmettelee maailmaa ja koettaa aina silloin t\u00e4ll\u00f6in tehd\u00e4 jotain ensi kertaa el\u00e4m\u00e4ss\u00e4\u00e4n."}]}},"_links":{"self":[{"href":"https:\/\/www.ellikki.fi\/korut\/wp-json\/wp\/v2\/posts\/800","targetHints":{"allow":["GET"]}}],"collection":[{"href":"https:\/\/www.ellikki.fi\/korut\/wp-json\/wp\/v2\/posts"}],"about":[{"href":"https:\/\/www.ellikki.fi\/korut\/wp-json\/wp\/v2\/types\/post"}],"author":[{"embeddable":true,"href":"https:\/\/www.ellikki.fi\/korut\/wp-json\/wp\/v2\/users\/1"}],"replies":[{"embeddable":true,"href":"https:\/\/www.ellikki.fi\/korut\/wp-json\/wp\/v2\/comments?post=800"}],"version-history":[{"count":0,"href":"https:\/\/www.ellikki.fi\/korut\/wp-json\/wp\/v2\/posts\/800\/revisions"}],"wp:featuredmedia":[{"embeddable":true,"href":"https:\/\/www.ellikki.fi\/korut\/wp-json\/wp\/v2\/media\/799"}],"wp:attachment":[{"href":"https:\/\/www.ellikki.fi\/korut\/wp-json\/wp\/v2\/media?parent=800"}],"wp:term":[{"taxonomy":"category","embeddable":true,"href":"https:\/\/www.ellikki.fi\/korut\/wp-json\/wp\/v2\/categories?post=800"},{"taxonomy":"post_tag","embeddable":true,"href":"https:\/\/www.ellikki.fi\/korut\/wp-json\/wp\/v2\/tags?post=800"}],"curies":[{"name":"wp","href":"https:\/\/api.w.org\/{rel}","templated":true}]}}