{"id":912,"date":"2015-07-14T20:33:40","date_gmt":"2015-07-14T17:33:40","guid":{"rendered":"http:\/\/www.ellikki.fi\/korut\/?p=912"},"modified":"2016-11-03T01:49:05","modified_gmt":"2016-11-02T23:49:05","slug":"kalevalaiset-korut-sailyttavat-historiaa","status":"publish","type":"post","link":"https:\/\/www.ellikki.fi\/korut\/uutisia-askartelun-maailmasta\/kalevalaiset-korut-sailyttavat-historiaa\/","title":{"rendered":"Kalevalaiset korut s\u00e4ilytt\u00e4v\u00e4t historiaa"},"content":{"rendered":"<p>Kalevalaiset korut ja naiset kuuluvat yhteen. Virolahden kotiseutumuseossa on esill\u00e4 historiallisten Kalevala-korujen n\u00e4yttely, kun Kaakon Kalevalaisten kulttuuriyhdistys toi vitriineihin j\u00e4sentens\u00e4 rakkaimmat korut. Kalevala-korujen perinteisempien mallien esikuvina ovat muinaissuomalaiset korut. Kulttuuriyhdistys Kaakon Kalevalaisten teht\u00e4v\u00e4n\u00e4 on vaalia perinteit\u00e4, ett\u00e4 ne s\u00e4ilyisiv\u00e4t edelleen. Korut ovat n\u00e4ht\u00e4vill\u00e4 kamarimusiikkiviikon ajan, viimeinen tilaisuus n\u00e4hd\u00e4 ne on 18.7.<\/p>\n<p><a href=\"http:\/\/www.ellikki.fi\/korut\/wp-content\/uploads\/2015\/07\/Kalevala-Koru-museossa.jpg\"><img decoding=\"async\" class=\"aligncenter size-full wp-image-918\" src=\"http:\/\/www.ellikki.fi\/korut\/wp-content\/uploads\/2015\/07\/Kalevala-Koru-museossa.jpg\" alt=\"Kalevala Koru museossa\" width=\"800\" height=\"533\" srcset=\"https:\/\/www.ellikki.fi\/korut\/wp-content\/uploads\/2015\/07\/Kalevala-Koru-museossa-200x133.jpg 200w, https:\/\/www.ellikki.fi\/korut\/wp-content\/uploads\/2015\/07\/Kalevala-Koru-museossa-300x200.jpg 300w, https:\/\/www.ellikki.fi\/korut\/wp-content\/uploads\/2015\/07\/Kalevala-Koru-museossa-400x267.jpg 400w, https:\/\/www.ellikki.fi\/korut\/wp-content\/uploads\/2015\/07\/Kalevala-Koru-museossa-600x400.jpg 600w, https:\/\/www.ellikki.fi\/korut\/wp-content\/uploads\/2015\/07\/Kalevala-Koru-museossa-768x512.jpg 768w, https:\/\/www.ellikki.fi\/korut\/wp-content\/uploads\/2015\/07\/Kalevala-Koru-museossa.jpg 800w\" sizes=\"(max-width: 800px) 100vw, 800px\" \/><\/a><\/p>\n<div class=\"fusion-fullwidth fullwidth-box fusion-builder-row-1 hundred-percent-fullwidth non-hundred-percent-height-scrolling\" style=\"--awb-border-radius-top-left:0px;--awb-border-radius-top-right:0px;--awb-border-radius-bottom-right:0px;--awb-border-radius-bottom-left:0px;--awb-overflow:visible;--awb-flex-wrap:wrap;\" ><div class=\"fusion-builder-row fusion-row\"><div class=\"fusion-layout-column fusion_builder_column fusion-builder-column-0 fusion_builder_column_1_1 1_1 fusion-one-full fusion-column-first fusion-column-last fusion-column-no-min-height\" style=\"--awb-bg-size:cover;--awb-margin-bottom:0px;\"><div class=\"fusion-column-wrapper fusion-flex-column-wrapper-legacy\"><div id=\"attachment_919\" style=\"width: 810px\" class=\"wp-caption aligncenter\"><a href=\"http:\/\/www.ellikki.fi\/korut\/wp-content\/uploads\/2015\/07\/Kalevala-Runoratsu.jpg\"><img decoding=\"async\" aria-describedby=\"caption-attachment-919\" class=\"size-full wp-image-919\" src=\"http:\/\/www.ellikki.fi\/korut\/wp-content\/uploads\/2015\/07\/Kalevala-Runoratsu.jpg\" alt=\"Kalevala, Runoratsu\" width=\"800\" height=\"608\" srcset=\"https:\/\/www.ellikki.fi\/korut\/wp-content\/uploads\/2015\/07\/Kalevala-Runoratsu-180x138.jpg 180w, https:\/\/www.ellikki.fi\/korut\/wp-content\/uploads\/2015\/07\/Kalevala-Runoratsu-200x152.jpg 200w, https:\/\/www.ellikki.fi\/korut\/wp-content\/uploads\/2015\/07\/Kalevala-Runoratsu-300x228.jpg 300w, https:\/\/www.ellikki.fi\/korut\/wp-content\/uploads\/2015\/07\/Kalevala-Runoratsu-400x304.jpg 400w, https:\/\/www.ellikki.fi\/korut\/wp-content\/uploads\/2015\/07\/Kalevala-Runoratsu-600x456.jpg 600w, https:\/\/www.ellikki.fi\/korut\/wp-content\/uploads\/2015\/07\/Kalevala-Runoratsu-768x584.jpg 768w, https:\/\/www.ellikki.fi\/korut\/wp-content\/uploads\/2015\/07\/Kalevala-Runoratsu.jpg 800w\" sizes=\"(max-width: 800px) 100vw, 800px\" \/><\/a><p id=\"caption-attachment-919\" class=\"wp-caption-text\">Runoratsu.<\/p><\/div>\n<p>&nbsp;<\/p>\n<p>Koruista moni on suunnittelija Germund Paaerin k\u00e4sialaa, ja suunnittelijan pojanpoika Pekka Paaer on ollut mukana pystytt\u00e4m\u00e4ss\u00e4 n\u00e4yttely\u00e4. Kalevala Koru perustettiin, kun vuonna 1937 kirjailija Elsa Heporaudan johdolla ryhm\u00e4 naisia halusi pystytt\u00e4\u00e4 patsaan suomalaisen naisen kunniaksi. Naiset valitsivat 40 mallia Kansallismuseon koruista ja teettiv\u00e4t niist\u00e4 kopioita saadakseen patsasrahat kasaan. Koruista tuli heti suosittuja. Naiset perustivat Kalevalaisten Naisten Liiton, joka omistaa edelleen Kalevala Korun. Sodan puhjettua rahat k\u00e4ytettiin h\u00e4d\u00e4nalaisten auttamiseen patsaan sijaan. Patsaskin saatiin my\u00f6hemmin. Germund Paaer oli Kalevala Korun ensimm\u00e4inen korusuunnittelija. Kaakon Kalevalaiset on Kalevalaisten Naisten liiton j\u00e4senyhdistys, joten Kalevala Korun korut ovat heille l\u00e4heisi\u00e4.<\/p>\n<p>Korun\u00e4yttelyss\u00e4 ei ollut valitettavasti kymenlaaksolaiseen historiaan pohjautuvia koruja, mutta Karjalan koruja Imatralta Uhtualle oli n\u00e4ytill\u00e4. Koruista l\u00f6ytyi hannunvaakunalla koristellut korvakorut, tuttu kuvio esimerkiksi n\u00e4ht\u00e4vyyksien symbolina ja vanhasta 5 pennin kolikosta. N\u00e4yttely\u00e4 esittelem\u00e4\u00e4n saapuneet Ritva-Liisa Ripatti ja Helena Ahopelto kertoivat omat korusuosikkinsa. Tarinoista k\u00e4vi ilmi hyvin se, ett\u00e4 koru voi olla hyvin henkil\u00f6kohtainen esine. Ripatin t\u00e4rkein koru on H\u00e4meen k\u00e4\u00e4ty, sill\u00e4 h\u00e4n on kotoisin H\u00e4meest\u00e4. Kun oli tiedossa, ett\u00e4 h\u00e4n muuttaisi Kaakonkulmalle maatalon em\u00e4nn\u00e4ksi, yst\u00e4v\u00e4t antoivat h\u00e4nelle lahjaksi h\u00e4m\u00e4l\u00e4isem\u00e4nn\u00e4n k\u00e4\u00e4dyn, jotta h\u00e4n ei unohtaisi juuriaan. Ahopellolle taas t\u00e4rkein koru on Illusion-risti, joka muistuttaa h\u00e4nt\u00e4 poismenneest\u00e4 l\u00e4heisest\u00e4.<\/p>\n<div class=\"fusion-clearfix\"><\/div><\/div><\/div><div class=\"fusion-layout-column fusion_builder_column fusion-builder-column-1 fusion_builder_column_1_1 1_1 fusion-one-full fusion-column-first fusion-column-last fusion-column-no-min-height\" style=\"--awb-bg-size:cover;--awb-margin-bottom:0px;\"><div class=\"fusion-column-wrapper fusion-flex-column-wrapper-legacy\"><div id=\"attachment_914\" style=\"width: 810px\" class=\"wp-caption aligncenter\"><a href=\"http:\/\/www.ellikki.fi\/korut\/wp-content\/uploads\/2015\/07\/Ripatti-Ahopelto.jpg\"><img decoding=\"async\" aria-describedby=\"caption-attachment-914\" class=\"wp-image-914 size-full\" src=\"http:\/\/www.ellikki.fi\/korut\/wp-content\/uploads\/2015\/07\/Ripatti-Ahopelto.jpg\" alt=\"Ripatti, Ahopelto\" width=\"800\" height=\"526\" srcset=\"https:\/\/www.ellikki.fi\/korut\/wp-content\/uploads\/2015\/07\/Ripatti-Ahopelto-200x132.jpg 200w, https:\/\/www.ellikki.fi\/korut\/wp-content\/uploads\/2015\/07\/Ripatti-Ahopelto-300x197.jpg 300w, https:\/\/www.ellikki.fi\/korut\/wp-content\/uploads\/2015\/07\/Ripatti-Ahopelto-400x263.jpg 400w, https:\/\/www.ellikki.fi\/korut\/wp-content\/uploads\/2015\/07\/Ripatti-Ahopelto-600x395.jpg 600w, https:\/\/www.ellikki.fi\/korut\/wp-content\/uploads\/2015\/07\/Ripatti-Ahopelto-768x505.jpg 768w, https:\/\/www.ellikki.fi\/korut\/wp-content\/uploads\/2015\/07\/Ripatti-Ahopelto.jpg 800w\" sizes=\"(max-width: 800px) 100vw, 800px\" \/><\/a><p id=\"caption-attachment-914\" class=\"wp-caption-text\">Ritva-Liisa Ripatti ja Helena Ahopelto, iloiset ja virke\u00e4t puuhanaiset, joilta eiv\u00e4t perinnetarinat lopu kesken.<\/p><\/div>\n<p>&nbsp;<\/p>\n<div class=\"fusion-clearfix\"><\/div><\/div><\/div><div class=\"fusion-layout-column fusion_builder_column fusion-builder-column-2 fusion_builder_column_1_1 1_1 fusion-one-full fusion-column-first fusion-column-last fusion-column-no-min-height\" style=\"--awb-bg-size:cover;--awb-margin-bottom:0px;\"><div class=\"fusion-column-wrapper fusion-flex-column-wrapper-legacy\"><div id=\"attachment_915\" style=\"width: 543px\" class=\"wp-caption aligncenter\"><a href=\"http:\/\/www.ellikki.fi\/korut\/wp-content\/uploads\/2015\/07\/H\u00e4m\u00e4l\u00e4isen-em\u00e4nn\u00e4n-k\u00e4\u00e4ty.jpg\"><img decoding=\"async\" aria-describedby=\"caption-attachment-915\" class=\"size-full wp-image-915\" src=\"http:\/\/www.ellikki.fi\/korut\/wp-content\/uploads\/2015\/07\/H\u00e4m\u00e4l\u00e4isen-em\u00e4nn\u00e4n-k\u00e4\u00e4ty.jpg\" alt=\"H\u00e4m\u00e4l\u00e4isen em\u00e4nn\u00e4n k\u00e4\u00e4ty\" width=\"533\" height=\"800\" srcset=\"https:\/\/www.ellikki.fi\/korut\/wp-content\/uploads\/2015\/07\/H\u00e4m\u00e4l\u00e4isen-em\u00e4nn\u00e4n-k\u00e4\u00e4ty-200x300.jpg 200w, https:\/\/www.ellikki.fi\/korut\/wp-content\/uploads\/2015\/07\/H\u00e4m\u00e4l\u00e4isen-em\u00e4nn\u00e4n-k\u00e4\u00e4ty-400x600.jpg 400w, https:\/\/www.ellikki.fi\/korut\/wp-content\/uploads\/2015\/07\/H\u00e4m\u00e4l\u00e4isen-em\u00e4nn\u00e4n-k\u00e4\u00e4ty.jpg 533w\" sizes=\"(max-width: 533px) 100vw, 533px\" \/><\/a><p id=\"caption-attachment-915\" class=\"wp-caption-text\">H\u00e4m\u00e4l\u00e4isen em\u00e4nn\u00e4n k\u00e4\u00e4ty.<\/p><\/div>\n<div class=\"fusion-clearfix\"><\/div><\/div><\/div><div class=\"fusion-layout-column fusion_builder_column fusion-builder-column-3 fusion_builder_column_1_1 1_1 fusion-one-full fusion-column-first fusion-column-last fusion-column-no-min-height\" style=\"--awb-bg-size:cover;--awb-margin-bottom:0px;\"><div class=\"fusion-column-wrapper fusion-flex-column-wrapper-legacy\"><div id=\"attachment_916\" style=\"width: 627px\" class=\"wp-caption aligncenter\"><a href=\"http:\/\/www.ellikki.fi\/korut\/wp-content\/uploads\/2015\/07\/Illusion-risti.jpg\"><img decoding=\"async\" aria-describedby=\"caption-attachment-916\" class=\"wp-image-916 size-full\" src=\"http:\/\/www.ellikki.fi\/korut\/wp-content\/uploads\/2015\/07\/Illusion-risti.jpg\" alt=\"Illusion-risti\" width=\"617\" height=\"800\" srcset=\"https:\/\/www.ellikki.fi\/korut\/wp-content\/uploads\/2015\/07\/Illusion-risti-200x259.jpg 200w, https:\/\/www.ellikki.fi\/korut\/wp-content\/uploads\/2015\/07\/Illusion-risti-231x300.jpg 231w, https:\/\/www.ellikki.fi\/korut\/wp-content\/uploads\/2015\/07\/Illusion-risti-400x519.jpg 400w, https:\/\/www.ellikki.fi\/korut\/wp-content\/uploads\/2015\/07\/Illusion-risti-600x778.jpg 600w, https:\/\/www.ellikki.fi\/korut\/wp-content\/uploads\/2015\/07\/Illusion-risti.jpg 617w\" sizes=\"(max-width: 617px) 100vw, 617px\" \/><\/a><p id=\"caption-attachment-916\" class=\"wp-caption-text\">Illusion-risti.<\/p><\/div>\n<div class=\"fusion-clearfix\"><\/div><\/div><\/div><div class=\"fusion-layout-column fusion_builder_column fusion-builder-column-4 fusion_builder_column_1_1 1_1 fusion-one-full fusion-column-first fusion-column-last fusion-column-no-min-height\" style=\"--awb-bg-size:cover;--awb-margin-bottom:0px;\"><div class=\"fusion-column-wrapper fusion-flex-column-wrapper-legacy\"><div id=\"attachment_920\" style=\"width: 810px\" class=\"wp-caption aligncenter\"><a href=\"http:\/\/www.ellikki.fi\/korut\/wp-content\/uploads\/2015\/07\/Hannunvaakuna.jpg\"><img decoding=\"async\" aria-describedby=\"caption-attachment-920\" class=\"size-full wp-image-920\" src=\"http:\/\/www.ellikki.fi\/korut\/wp-content\/uploads\/2015\/07\/Hannunvaakuna.jpg\" alt=\"Hannunvaakuna\" width=\"800\" height=\"533\" srcset=\"https:\/\/www.ellikki.fi\/korut\/wp-content\/uploads\/2015\/07\/Hannunvaakuna-200x133.jpg 200w, https:\/\/www.ellikki.fi\/korut\/wp-content\/uploads\/2015\/07\/Hannunvaakuna-300x200.jpg 300w, https:\/\/www.ellikki.fi\/korut\/wp-content\/uploads\/2015\/07\/Hannunvaakuna-400x267.jpg 400w, https:\/\/www.ellikki.fi\/korut\/wp-content\/uploads\/2015\/07\/Hannunvaakuna-600x400.jpg 600w, https:\/\/www.ellikki.fi\/korut\/wp-content\/uploads\/2015\/07\/Hannunvaakuna-768x512.jpg 768w, https:\/\/www.ellikki.fi\/korut\/wp-content\/uploads\/2015\/07\/Hannunvaakuna.jpg 800w\" sizes=\"(max-width: 800px) 100vw, 800px\" \/><\/a><p id=\"caption-attachment-920\" class=\"wp-caption-text\">Hannunvaakuna.<\/p><\/div>\n<div class=\"fusion-clearfix\"><\/div><\/div><\/div><div class=\"fusion-layout-column fusion_builder_column fusion-builder-column-5 fusion_builder_column_1_1 1_1 fusion-one-full fusion-column-first fusion-column-last fusion-column-no-min-height\" style=\"--awb-bg-size:cover;--awb-margin-bottom:0px;\"><div class=\"fusion-column-wrapper fusion-flex-column-wrapper-legacy\"><div id=\"attachment_921\" style=\"width: 629px\" class=\"wp-caption aligncenter\"><a href=\"http:\/\/www.ellikki.fi\/korut\/wp-content\/uploads\/2015\/07\/Rintaneula-Nokian-hevosenkenk\u00e4.jpg\"><img decoding=\"async\" aria-describedby=\"caption-attachment-921\" class=\"size-full wp-image-921\" src=\"http:\/\/www.ellikki.fi\/korut\/wp-content\/uploads\/2015\/07\/Rintaneula-Nokian-hevosenkenk\u00e4.jpg\" alt=\"Rintaneula, Nokian hevosenkenk\u00e4\" width=\"619\" height=\"800\" srcset=\"https:\/\/www.ellikki.fi\/korut\/wp-content\/uploads\/2015\/07\/Rintaneula-Nokian-hevosenkenk\u00e4-200x258.jpg 200w, https:\/\/www.ellikki.fi\/korut\/wp-content\/uploads\/2015\/07\/Rintaneula-Nokian-hevosenkenk\u00e4-232x300.jpg 232w, https:\/\/www.ellikki.fi\/korut\/wp-content\/uploads\/2015\/07\/Rintaneula-Nokian-hevosenkenk\u00e4-400x517.jpg 400w, https:\/\/www.ellikki.fi\/korut\/wp-content\/uploads\/2015\/07\/Rintaneula-Nokian-hevosenkenk\u00e4-600x775.jpg 600w, https:\/\/www.ellikki.fi\/korut\/wp-content\/uploads\/2015\/07\/Rintaneula-Nokian-hevosenkenk\u00e4.jpg 619w\" sizes=\"(max-width: 619px) 100vw, 619px\" \/><\/a><p id=\"caption-attachment-921\" class=\"wp-caption-text\">Alemman korun mallina on toiminut Nokian Tyrkk\u00f6l\u00e4st\u00e4 1000-luvulta oleva rintaneula.<\/p><\/div>\n<p>Korujen lis\u00e4ksi sain my\u00f6s annoksen paikallishistoriaa, ja kotiseutumuseossa sit\u00e4 oli hyv\u00e4 esitell\u00e4 kun vanhoja karttoja ja muuta aiheeseen kuuluvaa oli sopivasti esill\u00e4. Kaakon Kaksikko tarkoittaa Miehikk\u00e4l\u00e4n ja Virolahden kuntia. Ne olivat alkujaan samaa pit\u00e4j\u00e4\u00e4, mutta miehikk\u00e4l\u00e4l\u00e4isten kirkkomatka oli varsin pitk\u00e4, ja niin Miehikk\u00e4l\u00e4\u00e4n pystytettiin oma kirkko. Maallinen hallinto seurasi per\u00e4ss\u00e4 ja kunta jakautui kahteen osaan. L\u00e4heinen yhteys on silti s\u00e4ilynyt, nyky\u00e4\u00e4n se n\u00e4kyy palvelujen yhteisess\u00e4 taakanjaossa. Kaakon Kalevalaiset kuuluivat aiemmin Kotkan-Haminan-yhdistykseen, mutta pit\u00e4j\u00e4kaksikon edustajien pitk\u00e4 matka Kotkaan johti lopulta oman yhdistyksen perustamiseen. Yhdistyksen toimintaan kuuluu kaikenlainen kulttuuriperint\u00f6\u00f6n liittyv\u00e4, he esimerkiksi pukeutuvat &#8221;tuuletusp\u00e4iv\u00e4n\u00e4&#8221; kansallispukuun ja tekev\u00e4t kulttuuriaiheisia retki\u00e4.<\/p>\n<p>Yhdistyksell\u00e4 on samaan aikaan Rajasalissa my\u00f6s ryijyn\u00e4yttely. Virolahdella on muutenkin vilkas viikko, sill\u00e4 hapanvelli\u00e4 myyd\u00e4\u00e4n viel\u00e4 t\u00e4m\u00e4n viikon ja kamarimusiikkiviikolla j\u00e4rjestet\u00e4\u00e4n lukuisia konsertteja, sek\u00e4 ilmaisia ett\u00e4 maksullisia.<\/p>\n<p>Mit\u00e4: Korun\u00e4yttely, esill\u00e4 p\u00e4\u00e4asiassa Germund Paaerin suunnittelemia historiallisiin koruihin perustuvia koruja.<br \/>\nMiss\u00e4: Virolahden kotiseutumuseossa Pyterlahdessa, Museotie 133, l\u00e4hell\u00e4 Virojoen taajamaa.<br \/>\nMilloin: 10.-18.7.2015<br \/>\nMit\u00e4 maksaa: P\u00e4\u00e4symaksu on vapaaehtoinen.<\/p>\n<div class=\"fusion-clearfix\"><\/div><\/div><\/div><div class=\"fusion-layout-column fusion_builder_column fusion-builder-column-6 fusion_builder_column_1_1 1_1 fusion-one-full fusion-column-first fusion-column-last fusion-column-no-min-height\" style=\"--awb-bg-size:cover;--awb-margin-bottom:0px;\"><div class=\"fusion-column-wrapper fusion-flex-column-wrapper-legacy\"><div id=\"attachment_922\" style=\"width: 630px\" class=\"wp-caption aligncenter\"><a href=\"http:\/\/www.ellikki.fi\/korut\/wp-content\/uploads\/2015\/07\/R\u00e4is\u00e4l\u00e4.jpg\"><img decoding=\"async\" aria-describedby=\"caption-attachment-922\" class=\"wp-image-922 size-full\" src=\"http:\/\/www.ellikki.fi\/korut\/wp-content\/uploads\/2015\/07\/R\u00e4is\u00e4l\u00e4.jpg\" alt=\"R\u00e4is\u00e4l\u00e4\" width=\"620\" height=\"800\" srcset=\"https:\/\/www.ellikki.fi\/korut\/wp-content\/uploads\/2015\/07\/R\u00e4is\u00e4l\u00e4-200x258.jpg 200w, https:\/\/www.ellikki.fi\/korut\/wp-content\/uploads\/2015\/07\/R\u00e4is\u00e4l\u00e4-233x300.jpg 233w, https:\/\/www.ellikki.fi\/korut\/wp-content\/uploads\/2015\/07\/R\u00e4is\u00e4l\u00e4-400x516.jpg 400w, https:\/\/www.ellikki.fi\/korut\/wp-content\/uploads\/2015\/07\/R\u00e4is\u00e4l\u00e4-600x774.jpg 600w, https:\/\/www.ellikki.fi\/korut\/wp-content\/uploads\/2015\/07\/R\u00e4is\u00e4l\u00e4.jpg 620w\" sizes=\"(max-width: 620px) 100vw, 620px\" \/><\/a><p id=\"caption-attachment-922\" class=\"wp-caption-text\">R\u00e4is\u00e4l\u00e4n koru Karjalasta.<\/p><\/div>\n<p>&nbsp;<\/p>\n<div class=\"fusion-clearfix\"><\/div><\/div><\/div><div class=\"fusion-layout-column fusion_builder_column fusion-builder-column-7 fusion_builder_column_1_1 1_1 fusion-one-full fusion-column-first fusion-column-last fusion-column-no-min-height\" style=\"--awb-bg-size:cover;--awb-margin-bottom:0px;\"><div class=\"fusion-column-wrapper fusion-flex-column-wrapper-legacy\"><div id=\"attachment_923\" style=\"width: 810px\" class=\"wp-caption aligncenter\"><a href=\"http:\/\/www.ellikki.fi\/korut\/wp-content\/uploads\/2015\/07\/Suotniemen-solki-Maarian-Saram\u00e4en-viikinkikoru.jpg\"><img decoding=\"async\" aria-describedby=\"caption-attachment-923\" class=\"wp-image-923 size-full\" src=\"http:\/\/www.ellikki.fi\/korut\/wp-content\/uploads\/2015\/07\/Suotniemen-solki-Maarian-Saram\u00e4en-viikinkikoru.jpg\" alt=\"Suotniemen solki, Maarian Saram\u00e4en viikinkikoru\" width=\"800\" height=\"597\" srcset=\"https:\/\/www.ellikki.fi\/korut\/wp-content\/uploads\/2015\/07\/Suotniemen-solki-Maarian-Saram\u00e4en-viikinkikoru-200x149.jpg 200w, https:\/\/www.ellikki.fi\/korut\/wp-content\/uploads\/2015\/07\/Suotniemen-solki-Maarian-Saram\u00e4en-viikinkikoru-300x224.jpg 300w, https:\/\/www.ellikki.fi\/korut\/wp-content\/uploads\/2015\/07\/Suotniemen-solki-Maarian-Saram\u00e4en-viikinkikoru-400x299.jpg 400w, https:\/\/www.ellikki.fi\/korut\/wp-content\/uploads\/2015\/07\/Suotniemen-solki-Maarian-Saram\u00e4en-viikinkikoru-600x448.jpg 600w, https:\/\/www.ellikki.fi\/korut\/wp-content\/uploads\/2015\/07\/Suotniemen-solki-Maarian-Saram\u00e4en-viikinkikoru-768x573.jpg 768w, https:\/\/www.ellikki.fi\/korut\/wp-content\/uploads\/2015\/07\/Suotniemen-solki-Maarian-Saram\u00e4en-viikinkikoru.jpg 800w\" sizes=\"(max-width: 800px) 100vw, 800px\" \/><\/a><p id=\"caption-attachment-923\" class=\"wp-caption-text\">Vasemmalla oleva solki on tehty Suotniemelt\u00e4 l\u00f6ytyneen korun mukaan, oikeanpuoleinen Maarian Saram\u00e4est\u00e4 varhaiselta viikinkiajalta olevan korun mukaan.<\/p><\/div>\n<p>Lis\u00e4tietoa:<\/p>\n<p><strong><a href=\"http:\/\/www.puumila.com\/germund-paaerin-historiaa.html\" target=\"_blank\">Germund Paaer<\/a><\/strong><\/p>\n<p><strong><a href=\"http:\/\/www.kalevalaistennaistenliitto.fi\/etusivu.html\" target=\"_blank\">Kalevalaisten Naisten Liitto<\/a><\/strong><div class=\"fusion-clearfix\"><\/div><\/div><\/div><\/div><\/div>\n","protected":false},"excerpt":{"rendered":"<p>Kalevalaiset korut ja naiset kuuluvat yhteen. Virolahden kotiseutumuseossa on esill\u00e4 historiallisten Kalevala-korujen n\u00e4yttely, kun Kaakon Kalevalaisten kulttuuriyhdistys toi vitriineihin j\u00e4sentens\u00e4 rakkaimmat korut. Kalevala-korujen perinteisempien mallien esikuvina ovat muinaissuomalaiset korut. Kulttuuriyhdistys Kaakon Kalevalaisten teht\u00e4v\u00e4n\u00e4 on vaalia  [&#8230;]<\/p>\n","protected":false},"author":1,"featured_media":913,"comment_status":"open","ping_status":"open","sticky":false,"template":"","format":"standard","meta":{"footnotes":""},"categories":[7],"tags":[183,182,186,185,184],"class_list":["post-912","post","type-post","status-publish","format-standard","has-post-thumbnail","hentry","category-uutisia-askartelun-maailmasta","tag-historiakorut","tag-kalevala-koru","tag-kalevalaiset-korut","tag-virolahden-kotiseutumuseo","tag-virolahti"],"yoast_head":"<!-- This site is optimized with the Yoast SEO plugin v27.1.1 - https:\/\/yoast.com\/product\/yoast-seo-wordpress\/ -->\n<title>Kalevalaiset korut s\u00e4ilytt\u00e4v\u00e4t historiaa - Ellikki.fi<\/title>\n<meta name=\"description\" content=\"Kalevalaiset naiset ovat tuoneet kalevalaiset korut Virolahden kotiseutumuseoon.\" \/>\n<meta name=\"robots\" content=\"index, follow, max-snippet:-1, max-image-preview:large, max-video-preview:-1\" \/>\n<link rel=\"canonical\" href=\"https:\/\/www.ellikki.fi\/korut\/uutisia-askartelun-maailmasta\/kalevalaiset-korut-sailyttavat-historiaa\/\" \/>\n<meta property=\"og:locale\" content=\"fi_FI\" \/>\n<meta property=\"og:type\" content=\"article\" \/>\n<meta property=\"og:title\" content=\"Kalevalaiset korut s\u00e4ilytt\u00e4v\u00e4t historiaa - Ellikki.fi\" \/>\n<meta property=\"og:description\" content=\"Kalevalaiset naiset ovat tuoneet kalevalaiset korut Virolahden kotiseutumuseoon.\" \/>\n<meta property=\"og:url\" content=\"https:\/\/www.ellikki.fi\/korut\/uutisia-askartelun-maailmasta\/kalevalaiset-korut-sailyttavat-historiaa\/\" \/>\n<meta property=\"og:site_name\" content=\"Ellikki.fi\" \/>\n<meta property=\"article:publisher\" content=\"https:\/\/www.facebook.com\/ellikki\" \/>\n<meta property=\"article:published_time\" content=\"2015-07-14T17:33:40+00:00\" \/>\n<meta property=\"article:modified_time\" content=\"2016-11-02T23:49:05+00:00\" \/>\n<meta property=\"og:image\" content=\"https:\/\/www.ellikki.fi\/korut\/wp-content\/uploads\/2015\/07\/Kalevala-sormukset.jpg\" \/>\n\t<meta property=\"og:image:width\" content=\"800\" \/>\n\t<meta property=\"og:image:height\" content=\"533\" \/>\n\t<meta property=\"og:image:type\" content=\"image\/jpeg\" \/>\n<meta name=\"author\" content=\"Ellikki\" \/>\n<meta name=\"twitter:card\" content=\"summary_large_image\" \/>\n<meta name=\"twitter:creator\" content=\"@eltalvio\" \/>\n<meta name=\"twitter:site\" content=\"@eltalvio\" \/>\n<meta name=\"twitter:label1\" content=\"Kirjoittanut\" \/>\n\t<meta name=\"twitter:data1\" content=\"Ellikki\" \/>\n\t<meta name=\"twitter:label2\" content=\"Arvioitu lukuaika\" \/>\n\t<meta name=\"twitter:data2\" content=\"5 minuuttia\" \/>\n<script type=\"application\/ld+json\" class=\"yoast-schema-graph\">{\"@context\":\"https:\/\/schema.org\",\"@graph\":[{\"@type\":\"Article\",\"@id\":\"https:\/\/www.ellikki.fi\/korut\/uutisia-askartelun-maailmasta\/kalevalaiset-korut-sailyttavat-historiaa\/#article\",\"isPartOf\":{\"@id\":\"https:\/\/www.ellikki.fi\/korut\/uutisia-askartelun-maailmasta\/kalevalaiset-korut-sailyttavat-historiaa\/\"},\"author\":{\"name\":\"Ellikki\",\"@id\":\"https:\/\/www.ellikki.fi\/korut\/#\/schema\/person\/4100981f383f4e840417efe2a45a2e13\"},\"headline\":\"Kalevalaiset korut s\u00e4ilytt\u00e4v\u00e4t historiaa\",\"datePublished\":\"2015-07-14T17:33:40+00:00\",\"dateModified\":\"2016-11-02T23:49:05+00:00\",\"mainEntityOfPage\":{\"@id\":\"https:\/\/www.ellikki.fi\/korut\/uutisia-askartelun-maailmasta\/kalevalaiset-korut-sailyttavat-historiaa\/\"},\"wordCount\":1048,\"commentCount\":0,\"image\":{\"@id\":\"https:\/\/www.ellikki.fi\/korut\/uutisia-askartelun-maailmasta\/kalevalaiset-korut-sailyttavat-historiaa\/#primaryimage\"},\"thumbnailUrl\":\"https:\/\/www.ellikki.fi\/korut\/wp-content\/uploads\/2015\/07\/Kalevala-sormukset.jpg\",\"keywords\":[\"historiakorut\",\"Kalevala Koru\",\"kalevalaiset korut\",\"Virolahden kotiseutumuseo\",\"Virolahti\"],\"articleSection\":[\"Uutisia askartelun maailmasta\"],\"inLanguage\":\"fi\",\"potentialAction\":[{\"@type\":\"CommentAction\",\"name\":\"Comment\",\"target\":[\"https:\/\/www.ellikki.fi\/korut\/uutisia-askartelun-maailmasta\/kalevalaiset-korut-sailyttavat-historiaa\/#respond\"]}]},{\"@type\":\"WebPage\",\"@id\":\"https:\/\/www.ellikki.fi\/korut\/uutisia-askartelun-maailmasta\/kalevalaiset-korut-sailyttavat-historiaa\/\",\"url\":\"https:\/\/www.ellikki.fi\/korut\/uutisia-askartelun-maailmasta\/kalevalaiset-korut-sailyttavat-historiaa\/\",\"name\":\"Kalevalaiset korut s\u00e4ilytt\u00e4v\u00e4t historiaa - Ellikki.fi\",\"isPartOf\":{\"@id\":\"https:\/\/www.ellikki.fi\/korut\/#website\"},\"primaryImageOfPage\":{\"@id\":\"https:\/\/www.ellikki.fi\/korut\/uutisia-askartelun-maailmasta\/kalevalaiset-korut-sailyttavat-historiaa\/#primaryimage\"},\"image\":{\"@id\":\"https:\/\/www.ellikki.fi\/korut\/uutisia-askartelun-maailmasta\/kalevalaiset-korut-sailyttavat-historiaa\/#primaryimage\"},\"thumbnailUrl\":\"https:\/\/www.ellikki.fi\/korut\/wp-content\/uploads\/2015\/07\/Kalevala-sormukset.jpg\",\"datePublished\":\"2015-07-14T17:33:40+00:00\",\"dateModified\":\"2016-11-02T23:49:05+00:00\",\"author\":{\"@id\":\"https:\/\/www.ellikki.fi\/korut\/#\/schema\/person\/4100981f383f4e840417efe2a45a2e13\"},\"description\":\"Kalevalaiset naiset ovat tuoneet kalevalaiset korut Virolahden kotiseutumuseoon.\",\"breadcrumb\":{\"@id\":\"https:\/\/www.ellikki.fi\/korut\/uutisia-askartelun-maailmasta\/kalevalaiset-korut-sailyttavat-historiaa\/#breadcrumb\"},\"inLanguage\":\"fi\",\"potentialAction\":[{\"@type\":\"ReadAction\",\"target\":[\"https:\/\/www.ellikki.fi\/korut\/uutisia-askartelun-maailmasta\/kalevalaiset-korut-sailyttavat-historiaa\/\"]}]},{\"@type\":\"ImageObject\",\"inLanguage\":\"fi\",\"@id\":\"https:\/\/www.ellikki.fi\/korut\/uutisia-askartelun-maailmasta\/kalevalaiset-korut-sailyttavat-historiaa\/#primaryimage\",\"url\":\"https:\/\/www.ellikki.fi\/korut\/wp-content\/uploads\/2015\/07\/Kalevala-sormukset.jpg\",\"contentUrl\":\"https:\/\/www.ellikki.fi\/korut\/wp-content\/uploads\/2015\/07\/Kalevala-sormukset.jpg\",\"width\":800,\"height\":533,\"caption\":\"Kalevala-sormukset\"},{\"@type\":\"BreadcrumbList\",\"@id\":\"https:\/\/www.ellikki.fi\/korut\/uutisia-askartelun-maailmasta\/kalevalaiset-korut-sailyttavat-historiaa\/#breadcrumb\",\"itemListElement\":[{\"@type\":\"ListItem\",\"position\":1,\"name\":\"Ellikki.fi - Helmisuutari\",\"item\":\"https:\/\/www.ellikki.fi\/korut\/\"},{\"@type\":\"ListItem\",\"position\":2,\"name\":\"Kalevalaiset korut s\u00e4ilytt\u00e4v\u00e4t historiaa\"}]},{\"@type\":\"WebSite\",\"@id\":\"https:\/\/www.ellikki.fi\/korut\/#website\",\"url\":\"https:\/\/www.ellikki.fi\/korut\/\",\"name\":\"Ellikki.fi\",\"description\":\"Helmisuutari\",\"potentialAction\":[{\"@type\":\"SearchAction\",\"target\":{\"@type\":\"EntryPoint\",\"urlTemplate\":\"https:\/\/www.ellikki.fi\/korut\/?s={search_term_string}\"},\"query-input\":{\"@type\":\"PropertyValueSpecification\",\"valueRequired\":true,\"valueName\":\"search_term_string\"}}],\"inLanguage\":\"fi\"},{\"@type\":\"Person\",\"@id\":\"https:\/\/www.ellikki.fi\/korut\/#\/schema\/person\/4100981f383f4e840417efe2a45a2e13\",\"name\":\"Ellikki\",\"image\":{\"@type\":\"ImageObject\",\"inLanguage\":\"fi\",\"@id\":\"https:\/\/www.ellikki.fi\/korut\/#\/schema\/person\/image\/\",\"url\":\"https:\/\/secure.gravatar.com\/avatar\/68459a81492a7fdb3d3e31353836619029f7a695895440f957f81143855d97ee?s=96&d=mm&r=g\",\"contentUrl\":\"https:\/\/secure.gravatar.com\/avatar\/68459a81492a7fdb3d3e31353836619029f7a695895440f957f81143855d97ee?s=96&d=mm&r=g\",\"caption\":\"Ellikki\"},\"description\":\"Loputtoman utelias hevostoimittaja, tarinanmets\u00e4st\u00e4j\u00e4 ja koruharrastaja, joka edelleen ihmettelee maailmaa ja koettaa aina silloin t\u00e4ll\u00f6in tehd\u00e4 jotain ensi kertaa el\u00e4m\u00e4ss\u00e4\u00e4n.\"}]}<\/script>\n<!-- \/ Yoast SEO plugin. -->","yoast_head_json":{"title":"Kalevalaiset korut s\u00e4ilytt\u00e4v\u00e4t historiaa - Ellikki.fi","description":"Kalevalaiset naiset ovat tuoneet kalevalaiset korut Virolahden kotiseutumuseoon.","robots":{"index":"index","follow":"follow","max-snippet":"max-snippet:-1","max-image-preview":"max-image-preview:large","max-video-preview":"max-video-preview:-1"},"canonical":"https:\/\/www.ellikki.fi\/korut\/uutisia-askartelun-maailmasta\/kalevalaiset-korut-sailyttavat-historiaa\/","og_locale":"fi_FI","og_type":"article","og_title":"Kalevalaiset korut s\u00e4ilytt\u00e4v\u00e4t historiaa - Ellikki.fi","og_description":"Kalevalaiset naiset ovat tuoneet kalevalaiset korut Virolahden kotiseutumuseoon.","og_url":"https:\/\/www.ellikki.fi\/korut\/uutisia-askartelun-maailmasta\/kalevalaiset-korut-sailyttavat-historiaa\/","og_site_name":"Ellikki.fi","article_publisher":"https:\/\/www.facebook.com\/ellikki","article_published_time":"2015-07-14T17:33:40+00:00","article_modified_time":"2016-11-02T23:49:05+00:00","og_image":[{"width":800,"height":533,"url":"https:\/\/www.ellikki.fi\/korut\/wp-content\/uploads\/2015\/07\/Kalevala-sormukset.jpg","type":"image\/jpeg"}],"author":"Ellikki","twitter_card":"summary_large_image","twitter_creator":"@eltalvio","twitter_site":"@eltalvio","twitter_misc":{"Kirjoittanut":"Ellikki","Arvioitu lukuaika":"5 minuuttia"},"schema":{"@context":"https:\/\/schema.org","@graph":[{"@type":"Article","@id":"https:\/\/www.ellikki.fi\/korut\/uutisia-askartelun-maailmasta\/kalevalaiset-korut-sailyttavat-historiaa\/#article","isPartOf":{"@id":"https:\/\/www.ellikki.fi\/korut\/uutisia-askartelun-maailmasta\/kalevalaiset-korut-sailyttavat-historiaa\/"},"author":{"name":"Ellikki","@id":"https:\/\/www.ellikki.fi\/korut\/#\/schema\/person\/4100981f383f4e840417efe2a45a2e13"},"headline":"Kalevalaiset korut s\u00e4ilytt\u00e4v\u00e4t historiaa","datePublished":"2015-07-14T17:33:40+00:00","dateModified":"2016-11-02T23:49:05+00:00","mainEntityOfPage":{"@id":"https:\/\/www.ellikki.fi\/korut\/uutisia-askartelun-maailmasta\/kalevalaiset-korut-sailyttavat-historiaa\/"},"wordCount":1048,"commentCount":0,"image":{"@id":"https:\/\/www.ellikki.fi\/korut\/uutisia-askartelun-maailmasta\/kalevalaiset-korut-sailyttavat-historiaa\/#primaryimage"},"thumbnailUrl":"https:\/\/www.ellikki.fi\/korut\/wp-content\/uploads\/2015\/07\/Kalevala-sormukset.jpg","keywords":["historiakorut","Kalevala Koru","kalevalaiset korut","Virolahden kotiseutumuseo","Virolahti"],"articleSection":["Uutisia askartelun maailmasta"],"inLanguage":"fi","potentialAction":[{"@type":"CommentAction","name":"Comment","target":["https:\/\/www.ellikki.fi\/korut\/uutisia-askartelun-maailmasta\/kalevalaiset-korut-sailyttavat-historiaa\/#respond"]}]},{"@type":"WebPage","@id":"https:\/\/www.ellikki.fi\/korut\/uutisia-askartelun-maailmasta\/kalevalaiset-korut-sailyttavat-historiaa\/","url":"https:\/\/www.ellikki.fi\/korut\/uutisia-askartelun-maailmasta\/kalevalaiset-korut-sailyttavat-historiaa\/","name":"Kalevalaiset korut s\u00e4ilytt\u00e4v\u00e4t historiaa - Ellikki.fi","isPartOf":{"@id":"https:\/\/www.ellikki.fi\/korut\/#website"},"primaryImageOfPage":{"@id":"https:\/\/www.ellikki.fi\/korut\/uutisia-askartelun-maailmasta\/kalevalaiset-korut-sailyttavat-historiaa\/#primaryimage"},"image":{"@id":"https:\/\/www.ellikki.fi\/korut\/uutisia-askartelun-maailmasta\/kalevalaiset-korut-sailyttavat-historiaa\/#primaryimage"},"thumbnailUrl":"https:\/\/www.ellikki.fi\/korut\/wp-content\/uploads\/2015\/07\/Kalevala-sormukset.jpg","datePublished":"2015-07-14T17:33:40+00:00","dateModified":"2016-11-02T23:49:05+00:00","author":{"@id":"https:\/\/www.ellikki.fi\/korut\/#\/schema\/person\/4100981f383f4e840417efe2a45a2e13"},"description":"Kalevalaiset naiset ovat tuoneet kalevalaiset korut Virolahden kotiseutumuseoon.","breadcrumb":{"@id":"https:\/\/www.ellikki.fi\/korut\/uutisia-askartelun-maailmasta\/kalevalaiset-korut-sailyttavat-historiaa\/#breadcrumb"},"inLanguage":"fi","potentialAction":[{"@type":"ReadAction","target":["https:\/\/www.ellikki.fi\/korut\/uutisia-askartelun-maailmasta\/kalevalaiset-korut-sailyttavat-historiaa\/"]}]},{"@type":"ImageObject","inLanguage":"fi","@id":"https:\/\/www.ellikki.fi\/korut\/uutisia-askartelun-maailmasta\/kalevalaiset-korut-sailyttavat-historiaa\/#primaryimage","url":"https:\/\/www.ellikki.fi\/korut\/wp-content\/uploads\/2015\/07\/Kalevala-sormukset.jpg","contentUrl":"https:\/\/www.ellikki.fi\/korut\/wp-content\/uploads\/2015\/07\/Kalevala-sormukset.jpg","width":800,"height":533,"caption":"Kalevala-sormukset"},{"@type":"BreadcrumbList","@id":"https:\/\/www.ellikki.fi\/korut\/uutisia-askartelun-maailmasta\/kalevalaiset-korut-sailyttavat-historiaa\/#breadcrumb","itemListElement":[{"@type":"ListItem","position":1,"name":"Ellikki.fi - Helmisuutari","item":"https:\/\/www.ellikki.fi\/korut\/"},{"@type":"ListItem","position":2,"name":"Kalevalaiset korut s\u00e4ilytt\u00e4v\u00e4t historiaa"}]},{"@type":"WebSite","@id":"https:\/\/www.ellikki.fi\/korut\/#website","url":"https:\/\/www.ellikki.fi\/korut\/","name":"Ellikki.fi","description":"Helmisuutari","potentialAction":[{"@type":"SearchAction","target":{"@type":"EntryPoint","urlTemplate":"https:\/\/www.ellikki.fi\/korut\/?s={search_term_string}"},"query-input":{"@type":"PropertyValueSpecification","valueRequired":true,"valueName":"search_term_string"}}],"inLanguage":"fi"},{"@type":"Person","@id":"https:\/\/www.ellikki.fi\/korut\/#\/schema\/person\/4100981f383f4e840417efe2a45a2e13","name":"Ellikki","image":{"@type":"ImageObject","inLanguage":"fi","@id":"https:\/\/www.ellikki.fi\/korut\/#\/schema\/person\/image\/","url":"https:\/\/secure.gravatar.com\/avatar\/68459a81492a7fdb3d3e31353836619029f7a695895440f957f81143855d97ee?s=96&d=mm&r=g","contentUrl":"https:\/\/secure.gravatar.com\/avatar\/68459a81492a7fdb3d3e31353836619029f7a695895440f957f81143855d97ee?s=96&d=mm&r=g","caption":"Ellikki"},"description":"Loputtoman utelias hevostoimittaja, tarinanmets\u00e4st\u00e4j\u00e4 ja koruharrastaja, joka edelleen ihmettelee maailmaa ja koettaa aina silloin t\u00e4ll\u00f6in tehd\u00e4 jotain ensi kertaa el\u00e4m\u00e4ss\u00e4\u00e4n."}]}},"_links":{"self":[{"href":"https:\/\/www.ellikki.fi\/korut\/wp-json\/wp\/v2\/posts\/912","targetHints":{"allow":["GET"]}}],"collection":[{"href":"https:\/\/www.ellikki.fi\/korut\/wp-json\/wp\/v2\/posts"}],"about":[{"href":"https:\/\/www.ellikki.fi\/korut\/wp-json\/wp\/v2\/types\/post"}],"author":[{"embeddable":true,"href":"https:\/\/www.ellikki.fi\/korut\/wp-json\/wp\/v2\/users\/1"}],"replies":[{"embeddable":true,"href":"https:\/\/www.ellikki.fi\/korut\/wp-json\/wp\/v2\/comments?post=912"}],"version-history":[{"count":0,"href":"https:\/\/www.ellikki.fi\/korut\/wp-json\/wp\/v2\/posts\/912\/revisions"}],"wp:featuredmedia":[{"embeddable":true,"href":"https:\/\/www.ellikki.fi\/korut\/wp-json\/wp\/v2\/media\/913"}],"wp:attachment":[{"href":"https:\/\/www.ellikki.fi\/korut\/wp-json\/wp\/v2\/media?parent=912"}],"wp:term":[{"taxonomy":"category","embeddable":true,"href":"https:\/\/www.ellikki.fi\/korut\/wp-json\/wp\/v2\/categories?post=912"},{"taxonomy":"post_tag","embeddable":true,"href":"https:\/\/www.ellikki.fi\/korut\/wp-json\/wp\/v2\/tags?post=912"}],"curies":[{"name":"wp","href":"https:\/\/api.w.org\/{rel}","templated":true}]}}